{"id":87966,"date":"2017-03-23T09:35:02","date_gmt":"2017-03-23T08:35:02","guid":{"rendered":"http:\/\/kapitalis.com\/tunisie\/?p=87966"},"modified":"2017-03-23T09:42:03","modified_gmt":"2017-03-23T08:42:03","slug":"tunis-damas-des-parlementaires-tunisiens-a-la-manoeuvre","status":"publish","type":"post","link":"https:\/\/kapitalis.com\/tunisie\/2017\/03\/23\/tunis-damas-des-parlementaires-tunisiens-a-la-manoeuvre\/","title":{"rendered":"Tunis &#8211; Damas : Des parlementaires tunisiens \u00e0 la man\u0153uvre"},"content":{"rendered":"<p><img loading=\"lazy\" decoding=\"async\" class=\"alignnone size-full wp-image-87967 aligncenter\" src=\"http:\/\/kapitalis.com\/tunisie\/wp-content\/uploads\/2017\/03\/Deputes-tunisiens-chez-Bachar.jpg\" alt=\"\" width=\"626\" height=\"380\" \/><\/p>\n<p><em><strong>La visite d\u2019une d\u00e9l\u00e9gation parlementaire tunisienne en Syrie fait d\u00e9bat en Tunisie. Soutenue par un grand nombre de citoyens, elle fait grincer les dents de certains politiques.<\/strong> <\/em><\/p>\n<p>Par <strong>Abderrazek Krimi<\/strong><\/p>\n<p><!--more--><\/p>\n<p>Sur une initiative personnelle et sans concertation pr\u00e9alable avec le bureau de l\u2019Assembl\u00e9e des repr\u00e9sentants du peuple (ARP), un groupe de sept d\u00e9put\u00e9s tunisiens, qui comprend Abdelaziz Kotti, Khemaies Ksila et Issam Matoussi de Nidaa Tounes, Mongi Rahoui et Mbarka Brahmi du Front populaire, Sahbi Ben Fredj du bloc Al-Horra et Noureddine Mrabti de l\u2019Union patriotique libre (UPL), a effectu\u00e9, depuis dimanche 19 mars 2017, une visite en Syrie durant laquelle elle a eu une s\u00e9rie de rencontres notamment avec le vice-ministre syrien des affaires \u00e9trang\u00e8res Faysal Mokdad, la pr\u00e9sidente du Conseil du peuple (parlement) Hadiya Khalaf Abbas et le secr\u00e9taire g\u00e9n\u00e9ral adjoint du parti Baath syrien, Helal Helal.<\/p>\n<p><strong>La responsabilit\u00e9 de Marzouki et de la tro\u00efka<\/strong><\/p>\n<p>Cette visite s\u2019est achev\u00e9e, hier, mercredi 22 mars 2017, par une rencontre avec le pr\u00e9sident Bachar Al-Assad, qui a port\u00e9 sur la reprise des relations diplomatiques entre la Tunisie et la Syrie et la coop\u00e9ration entre les deux pays sur le dossier du terrorisme, notamment sur les jihadistes tunisiens d\u00e9tenus en Syrie.<\/p>\n<p>D\u2019apr\u00e8s les premiers \u00e9chos venus de Syrie, le pr\u00e9sident Al-Assad a exprim\u00e9 son attachement \u00e0 un retour rapide des relations diplomatiques tuniso-syriennes, \u00e9tant donn\u00e9 les relations de fraternit\u00e9 et d\u2019amiti\u00e9 qui ont toujours li\u00e9 les deux peuples, indiquant dans ce contexte qu\u2019il ne fera pas porter au peuple tunisien la responsabilit\u00e9 des erreurs commises par l\u2019ex-pr\u00e9sident provisoire Moncef Marzouki et le gouvernement de la tro\u00efka, la coalition gouvernementale conduite par le parti islamiste Ennahdha, responsables de la rupture de ces relations en 2012 et de l\u2019envoi de jeunes tunisiens pour renflouer les rangs des jihadistes en Syrie.<\/p>\n<p>Cette visite, on l\u2019imagine, n\u2019a pas manqu\u00e9 de susciter une controverse en Tunisie. D\u2019abord, le ministre des Affaire \u00e9trang\u00e8res Khemaies Jhinaoui, a affirm\u00e9, lundi, aux m\u00e9dias que le groupe parlementaire n\u2019a pas coordonn\u00e9 sa visite avec son d\u00e9partement, laissant entendre qu\u2019il s\u2019agit d\u2019une initiative qui n\u2019engage que les d\u00e9put\u00e9s et n\u2019exprime pas la position officielle de l\u2019Etat tunisien.<\/p>\n<p><strong>Blanchir le r\u00e9gime d\u2019Al-Assad<\/strong><\/p>\n<p>De son c\u00f4t\u00e9, Othman Belhadj Amor, l\u2019ancien secr\u00e9taire g\u00e9n\u00e9ral du parti Baath tunisien, a d\u00e9nonc\u00e9 cette visite qui, selon lui, vise \u00e0 <em>\u00abblanchir le r\u00e9gime d\u2019Al-Assad des crimes qu\u2019il a commis contre son peuple\u00bb.<\/em><\/p>\n<p>Comme on devait aussi s\u2019y attendre, des dirigeants du parti Ennahdha ont critiqu\u00e9 cette visite qui, selon Zoubeir Chehoudi, le membre du conseil de la choura, \u00ab<em>n\u2019honore pas ces d\u00e9put\u00e9s puisqu\u2019elle vise \u00e0 l\u00e9gitimer un pr\u00e9sident qui a tu\u00e9 son peuple<\/em>\u00bb.<\/p>\n<p>L\u2019ancien ministre des Droits de l\u2019homme, Samir Dilou, a insist\u00e9, quant \u00e0 lui, sur le caract\u00e8re personnel de cette visite qui, selon lui, <em>\u00abn\u2019engage d\u2019aucune mani\u00e8re l\u2019Etat tunisien\u00bb<\/em>.<\/p>\n<p>Cependant, cette visite a \u00e9t\u00e9 salu\u00e9e par d\u2019autres parties qui y ont vue l\u2019\u00e9bauche d\u2019une diplomatie parlementaire active, consid\u00e9rant que le r\u00f4le du\u00a0d\u00e9put\u00e9 n\u2019est pas uniquement l\u00e9gislatif et que ce dernier doit aussi influencer les choix de la politique \u00e9trang\u00e8re et inciter le pouvoir ex\u00e9cutif \u00e0 agir dans un sens ou un autre dans certains dossiers.<\/p>\n<p>Ces parties ont estim\u00e9 aussi que cette initiative parlementaire exprime la position d\u2019une grande partie du peuple tunisien, qui a condamn\u00e9 la d\u00e9cision de suspendre les relations diplomatiques avec la Syrie, prise de mani\u00e8re impulsive et irr\u00e9fl\u00e9chie par M. Marzouki, en 2012. En d\u2019autres termes, en tant que repr\u00e9sentants du peuple, les d\u00e9put\u00e9s sont dans l\u2019exercice de leurs pr\u00e9rogatives puisqu\u2019ils se sont rendus en Syrie pour repr\u00e9senter le peuple tunisien et non son gouvernement.<\/p>\n<p>Cependant, et ind\u00e9pendamment de cette divergence de vues, il devient de plus en plus \u00e9vident que le d\u00e9gel des relations diplomatique tuniso-syriennes est actuellement n\u00e9cessaire, ne fut-ce que pour identifier les r\u00e9seaux terroristes et les mettre hors d\u2019\u00e9tat de nuire.<\/p>\n","protected":false},"excerpt":{"rendered":"<p>La visite d\u2019une d\u00e9l\u00e9gation parlementaire tunisienne en Syrie fait d\u00e9bat en Tunisie. Soutenue par un grand nombre de citoyens, elle fait grincer les dents de certains politiques. Par Abderrazek Krimi<\/p>\n","protected":false},"author":8,"featured_media":87967,"comment_status":"open","ping_status":"open","sticky":false,"template":"","format":"standard","meta":{"footnotes":""},"categories":[992,997,2433],"tags":[],"class_list":["post-87966","post","type-post","status-publish","format-standard","has-post-thumbnail","hentry","category-a-la-une","category-politique","category-tunisie"],"yoast_head":"<!-- This site is optimized with the Yoast SEO plugin v26.6 - https:\/\/yoast.com\/wordpress\/plugins\/seo\/ -->\n<title>Tunis - Damas : Des parlementaires tunisiens \u00e0 la man\u0153uvre - Kapitalis<\/title>\n<meta name=\"robots\" content=\"index, follow, max-snippet:-1, max-image-preview:large, max-video-preview:-1\" \/>\n<link rel=\"canonical\" href=\"https:\/\/kapitalis.com\/tunisie\/2017\/03\/23\/tunis-damas-des-parlementaires-tunisiens-a-la-manoeuvre\/\" \/>\n<meta property=\"og:locale\" content=\"fr_FR\" \/>\n<meta property=\"og:type\" content=\"article\" \/>\n<meta property=\"og:title\" content=\"Tunis - Damas : Des parlementaires tunisiens \u00e0 la man\u0153uvre - Kapitalis\" \/>\n<meta property=\"og:description\" content=\"La visite d\u2019une d\u00e9l\u00e9gation parlementaire tunisienne en Syrie fait d\u00e9bat en Tunisie. Soutenue par un grand nombre de citoyens, elle fait grincer les dents de certains politiques. Par Abderrazek Krimi\" \/>\n<meta property=\"og:url\" content=\"https:\/\/kapitalis.com\/tunisie\/2017\/03\/23\/tunis-damas-des-parlementaires-tunisiens-a-la-manoeuvre\/\" \/>\n<meta property=\"og:site_name\" content=\"Kapitalis\" \/>\n<meta property=\"article:publisher\" content=\"https:\/\/www.facebook.com\/KapitalisInfo\/\" \/>\n<meta property=\"article:published_time\" content=\"2017-03-23T08:35:02+00:00\" \/>\n<meta property=\"article:modified_time\" content=\"2017-03-23T08:42:03+00:00\" \/>\n<meta property=\"og:image\" content=\"https:\/\/kapitalis.com\/tunisie\/wp-content\/uploads\/2022\/05\/kapitalis-logo-fb.png\" \/>\n\t<meta property=\"og:image:width\" content=\"1200\" \/>\n\t<meta property=\"og:image:height\" content=\"630\" \/>\n\t<meta property=\"og:image:type\" content=\"image\/png\" \/>\n<meta name=\"author\" content=\"webmaster kapitalis\" \/>\n<meta name=\"twitter:card\" content=\"summary_large_image\" \/>\n<meta name=\"twitter:creator\" content=\"@KapitalisInfo\" \/>\n<meta name=\"twitter:site\" content=\"@KapitalisInfo\" \/>\n<meta name=\"twitter:label1\" content=\"\u00c9crit par\" \/>\n\t<meta name=\"twitter:data1\" content=\"webmaster kapitalis\" \/>\n\t<meta name=\"twitter:label2\" content=\"Dur\u00e9e de lecture estim\u00e9e\" \/>\n\t<meta name=\"twitter:data2\" content=\"4 minutes\" \/>\n<script type=\"application\/ld+json\" class=\"yoast-schema-graph\">{\"@context\":\"https:\/\/schema.org\",\"@graph\":[{\"@type\":\"Article\",\"@id\":\"https:\/\/kapitalis.com\/tunisie\/2017\/03\/23\/tunis-damas-des-parlementaires-tunisiens-a-la-manoeuvre\/#article\",\"isPartOf\":{\"@id\":\"https:\/\/kapitalis.com\/tunisie\/2017\/03\/23\/tunis-damas-des-parlementaires-tunisiens-a-la-manoeuvre\/\"},\"author\":{\"name\":\"webmaster kapitalis\",\"@id\":\"https:\/\/kapitalis.com\/tunisie\/#\/schema\/person\/d71f33a9ca44f7bad4698210b480c8e9\"},\"headline\":\"Tunis &#8211; Damas : Des parlementaires tunisiens \u00e0 la man\u0153uvre\",\"datePublished\":\"2017-03-23T08:35:02+00:00\",\"dateModified\":\"2017-03-23T08:42:03+00:00\",\"mainEntityOfPage\":{\"@id\":\"https:\/\/kapitalis.com\/tunisie\/2017\/03\/23\/tunis-damas-des-parlementaires-tunisiens-a-la-manoeuvre\/\"},\"wordCount\":731,\"commentCount\":12,\"publisher\":{\"@id\":\"https:\/\/kapitalis.com\/tunisie\/#organization\"},\"image\":{\"@id\":\"https:\/\/kapitalis.com\/tunisie\/2017\/03\/23\/tunis-damas-des-parlementaires-tunisiens-a-la-manoeuvre\/#primaryimage\"},\"thumbnailUrl\":\"\",\"articleSection\":[\"A LA UNE\",\"POLITIQUE\",\"Tunisie\"],\"inLanguage\":\"fr-FR\",\"potentialAction\":[{\"@type\":\"CommentAction\",\"name\":\"Comment\",\"target\":[\"https:\/\/kapitalis.com\/tunisie\/2017\/03\/23\/tunis-damas-des-parlementaires-tunisiens-a-la-manoeuvre\/#respond\"]}]},{\"@type\":\"WebPage\",\"@id\":\"https:\/\/kapitalis.com\/tunisie\/2017\/03\/23\/tunis-damas-des-parlementaires-tunisiens-a-la-manoeuvre\/\",\"url\":\"https:\/\/kapitalis.com\/tunisie\/2017\/03\/23\/tunis-damas-des-parlementaires-tunisiens-a-la-manoeuvre\/\",\"name\":\"Tunis - Damas : Des parlementaires tunisiens \u00e0 la man\u0153uvre - Kapitalis\",\"isPartOf\":{\"@id\":\"https:\/\/kapitalis.com\/tunisie\/#website\"},\"primaryImageOfPage\":{\"@id\":\"https:\/\/kapitalis.com\/tunisie\/2017\/03\/23\/tunis-damas-des-parlementaires-tunisiens-a-la-manoeuvre\/#primaryimage\"},\"image\":{\"@id\":\"https:\/\/kapitalis.com\/tunisie\/2017\/03\/23\/tunis-damas-des-parlementaires-tunisiens-a-la-manoeuvre\/#primaryimage\"},\"thumbnailUrl\":\"\",\"datePublished\":\"2017-03-23T08:35:02+00:00\",\"dateModified\":\"2017-03-23T08:42:03+00:00\",\"breadcrumb\":{\"@id\":\"https:\/\/kapitalis.com\/tunisie\/2017\/03\/23\/tunis-damas-des-parlementaires-tunisiens-a-la-manoeuvre\/#breadcrumb\"},\"inLanguage\":\"fr-FR\",\"potentialAction\":[{\"@type\":\"ReadAction\",\"target\":[\"https:\/\/kapitalis.com\/tunisie\/2017\/03\/23\/tunis-damas-des-parlementaires-tunisiens-a-la-manoeuvre\/\"]}]},{\"@type\":\"ImageObject\",\"inLanguage\":\"fr-FR\",\"@id\":\"https:\/\/kapitalis.com\/tunisie\/2017\/03\/23\/tunis-damas-des-parlementaires-tunisiens-a-la-manoeuvre\/#primaryimage\",\"url\":\"\",\"contentUrl\":\"\"},{\"@type\":\"BreadcrumbList\",\"@id\":\"https:\/\/kapitalis.com\/tunisie\/2017\/03\/23\/tunis-damas-des-parlementaires-tunisiens-a-la-manoeuvre\/#breadcrumb\",\"itemListElement\":[{\"@type\":\"ListItem\",\"position\":1,\"name\":\"Accueil\",\"item\":\"https:\/\/kapitalis.com\/tunisie\/\"},{\"@type\":\"ListItem\",\"position\":2,\"name\":\"Tunis &#8211; Damas : Des parlementaires tunisiens \u00e0 la man\u0153uvre\"}]},{\"@type\":\"WebSite\",\"@id\":\"https:\/\/kapitalis.com\/tunisie\/#website\",\"url\":\"https:\/\/kapitalis.com\/tunisie\/\",\"name\":\"Kapitalis\",\"description\":\"L&#039;actualit\u00e9 en Tunisie et dans le monde\",\"publisher\":{\"@id\":\"https:\/\/kapitalis.com\/tunisie\/#organization\"},\"potentialAction\":[{\"@type\":\"SearchAction\",\"target\":{\"@type\":\"EntryPoint\",\"urlTemplate\":\"https:\/\/kapitalis.com\/tunisie\/?s={search_term_string}\"},\"query-input\":{\"@type\":\"PropertyValueSpecification\",\"valueRequired\":true,\"valueName\":\"search_term_string\"}}],\"inLanguage\":\"fr-FR\"},{\"@type\":\"Organization\",\"@id\":\"https:\/\/kapitalis.com\/tunisie\/#organization\",\"name\":\"Kapitalis\",\"url\":\"https:\/\/kapitalis.com\/tunisie\/\",\"logo\":{\"@type\":\"ImageObject\",\"inLanguage\":\"fr-FR\",\"@id\":\"https:\/\/kapitalis.com\/tunisie\/#\/schema\/logo\/image\/\",\"url\":\"https:\/\/kapitalis.com\/tunisie\/wp-content\/uploads\/2022\/05\/Kapitalis-big-size.png\",\"contentUrl\":\"https:\/\/kapitalis.com\/tunisie\/wp-content\/uploads\/2022\/05\/Kapitalis-big-size.png\",\"width\":5000,\"height\":1500,\"caption\":\"Kapitalis\"},\"image\":{\"@id\":\"https:\/\/kapitalis.com\/tunisie\/#\/schema\/logo\/image\/\"},\"sameAs\":[\"https:\/\/www.facebook.com\/KapitalisInfo\/\",\"https:\/\/x.com\/KapitalisInfo\",\"https:\/\/www.youtube.com\/channel\/UC-yDYrHyfFBWWZaOw3FPg9Q\"]},{\"@type\":\"Person\",\"@id\":\"https:\/\/kapitalis.com\/tunisie\/#\/schema\/person\/d71f33a9ca44f7bad4698210b480c8e9\",\"name\":\"webmaster kapitalis\",\"url\":\"https:\/\/kapitalis.com\/tunisie\/author\/webmaster-kapitalis\/\"}]}<\/script>\n<!-- \/ Yoast SEO plugin. -->","yoast_head_json":{"title":"Tunis - Damas : Des parlementaires tunisiens \u00e0 la man\u0153uvre - Kapitalis","robots":{"index":"index","follow":"follow","max-snippet":"max-snippet:-1","max-image-preview":"max-image-preview:large","max-video-preview":"max-video-preview:-1"},"canonical":"https:\/\/kapitalis.com\/tunisie\/2017\/03\/23\/tunis-damas-des-parlementaires-tunisiens-a-la-manoeuvre\/","og_locale":"fr_FR","og_type":"article","og_title":"Tunis - Damas : Des parlementaires tunisiens \u00e0 la man\u0153uvre - Kapitalis","og_description":"La visite d\u2019une d\u00e9l\u00e9gation parlementaire tunisienne en Syrie fait d\u00e9bat en Tunisie. Soutenue par un grand nombre de citoyens, elle fait grincer les dents de certains politiques. Par Abderrazek Krimi","og_url":"https:\/\/kapitalis.com\/tunisie\/2017\/03\/23\/tunis-damas-des-parlementaires-tunisiens-a-la-manoeuvre\/","og_site_name":"Kapitalis","article_publisher":"https:\/\/www.facebook.com\/KapitalisInfo\/","article_published_time":"2017-03-23T08:35:02+00:00","article_modified_time":"2017-03-23T08:42:03+00:00","og_image":[{"width":1200,"height":630,"url":"https:\/\/kapitalis.com\/tunisie\/wp-content\/uploads\/2022\/05\/kapitalis-logo-fb.png","type":"image\/png"}],"author":"webmaster kapitalis","twitter_card":"summary_large_image","twitter_creator":"@KapitalisInfo","twitter_site":"@KapitalisInfo","twitter_misc":{"\u00c9crit par":"webmaster kapitalis","Dur\u00e9e de lecture estim\u00e9e":"4 minutes"},"schema":{"@context":"https:\/\/schema.org","@graph":[{"@type":"Article","@id":"https:\/\/kapitalis.com\/tunisie\/2017\/03\/23\/tunis-damas-des-parlementaires-tunisiens-a-la-manoeuvre\/#article","isPartOf":{"@id":"https:\/\/kapitalis.com\/tunisie\/2017\/03\/23\/tunis-damas-des-parlementaires-tunisiens-a-la-manoeuvre\/"},"author":{"name":"webmaster kapitalis","@id":"https:\/\/kapitalis.com\/tunisie\/#\/schema\/person\/d71f33a9ca44f7bad4698210b480c8e9"},"headline":"Tunis &#8211; Damas : Des parlementaires tunisiens \u00e0 la man\u0153uvre","datePublished":"2017-03-23T08:35:02+00:00","dateModified":"2017-03-23T08:42:03+00:00","mainEntityOfPage":{"@id":"https:\/\/kapitalis.com\/tunisie\/2017\/03\/23\/tunis-damas-des-parlementaires-tunisiens-a-la-manoeuvre\/"},"wordCount":731,"commentCount":12,"publisher":{"@id":"https:\/\/kapitalis.com\/tunisie\/#organization"},"image":{"@id":"https:\/\/kapitalis.com\/tunisie\/2017\/03\/23\/tunis-damas-des-parlementaires-tunisiens-a-la-manoeuvre\/#primaryimage"},"thumbnailUrl":"","articleSection":["A LA UNE","POLITIQUE","Tunisie"],"inLanguage":"fr-FR","potentialAction":[{"@type":"CommentAction","name":"Comment","target":["https:\/\/kapitalis.com\/tunisie\/2017\/03\/23\/tunis-damas-des-parlementaires-tunisiens-a-la-manoeuvre\/#respond"]}]},{"@type":"WebPage","@id":"https:\/\/kapitalis.com\/tunisie\/2017\/03\/23\/tunis-damas-des-parlementaires-tunisiens-a-la-manoeuvre\/","url":"https:\/\/kapitalis.com\/tunisie\/2017\/03\/23\/tunis-damas-des-parlementaires-tunisiens-a-la-manoeuvre\/","name":"Tunis - Damas : Des parlementaires tunisiens \u00e0 la man\u0153uvre - Kapitalis","isPartOf":{"@id":"https:\/\/kapitalis.com\/tunisie\/#website"},"primaryImageOfPage":{"@id":"https:\/\/kapitalis.com\/tunisie\/2017\/03\/23\/tunis-damas-des-parlementaires-tunisiens-a-la-manoeuvre\/#primaryimage"},"image":{"@id":"https:\/\/kapitalis.com\/tunisie\/2017\/03\/23\/tunis-damas-des-parlementaires-tunisiens-a-la-manoeuvre\/#primaryimage"},"thumbnailUrl":"","datePublished":"2017-03-23T08:35:02+00:00","dateModified":"2017-03-23T08:42:03+00:00","breadcrumb":{"@id":"https:\/\/kapitalis.com\/tunisie\/2017\/03\/23\/tunis-damas-des-parlementaires-tunisiens-a-la-manoeuvre\/#breadcrumb"},"inLanguage":"fr-FR","potentialAction":[{"@type":"ReadAction","target":["https:\/\/kapitalis.com\/tunisie\/2017\/03\/23\/tunis-damas-des-parlementaires-tunisiens-a-la-manoeuvre\/"]}]},{"@type":"ImageObject","inLanguage":"fr-FR","@id":"https:\/\/kapitalis.com\/tunisie\/2017\/03\/23\/tunis-damas-des-parlementaires-tunisiens-a-la-manoeuvre\/#primaryimage","url":"","contentUrl":""},{"@type":"BreadcrumbList","@id":"https:\/\/kapitalis.com\/tunisie\/2017\/03\/23\/tunis-damas-des-parlementaires-tunisiens-a-la-manoeuvre\/#breadcrumb","itemListElement":[{"@type":"ListItem","position":1,"name":"Accueil","item":"https:\/\/kapitalis.com\/tunisie\/"},{"@type":"ListItem","position":2,"name":"Tunis &#8211; Damas : Des parlementaires tunisiens \u00e0 la man\u0153uvre"}]},{"@type":"WebSite","@id":"https:\/\/kapitalis.com\/tunisie\/#website","url":"https:\/\/kapitalis.com\/tunisie\/","name":"Kapitalis","description":"L&#039;actualit\u00e9 en Tunisie et dans le monde","publisher":{"@id":"https:\/\/kapitalis.com\/tunisie\/#organization"},"potentialAction":[{"@type":"SearchAction","target":{"@type":"EntryPoint","urlTemplate":"https:\/\/kapitalis.com\/tunisie\/?s={search_term_string}"},"query-input":{"@type":"PropertyValueSpecification","valueRequired":true,"valueName":"search_term_string"}}],"inLanguage":"fr-FR"},{"@type":"Organization","@id":"https:\/\/kapitalis.com\/tunisie\/#organization","name":"Kapitalis","url":"https:\/\/kapitalis.com\/tunisie\/","logo":{"@type":"ImageObject","inLanguage":"fr-FR","@id":"https:\/\/kapitalis.com\/tunisie\/#\/schema\/logo\/image\/","url":"https:\/\/kapitalis.com\/tunisie\/wp-content\/uploads\/2022\/05\/Kapitalis-big-size.png","contentUrl":"https:\/\/kapitalis.com\/tunisie\/wp-content\/uploads\/2022\/05\/Kapitalis-big-size.png","width":5000,"height":1500,"caption":"Kapitalis"},"image":{"@id":"https:\/\/kapitalis.com\/tunisie\/#\/schema\/logo\/image\/"},"sameAs":["https:\/\/www.facebook.com\/KapitalisInfo\/","https:\/\/x.com\/KapitalisInfo","https:\/\/www.youtube.com\/channel\/UC-yDYrHyfFBWWZaOw3FPg9Q"]},{"@type":"Person","@id":"https:\/\/kapitalis.com\/tunisie\/#\/schema\/person\/d71f33a9ca44f7bad4698210b480c8e9","name":"webmaster kapitalis","url":"https:\/\/kapitalis.com\/tunisie\/author\/webmaster-kapitalis\/"}]}},"_links":{"self":[{"href":"https:\/\/kapitalis.com\/tunisie\/wp-json\/wp\/v2\/posts\/87966","targetHints":{"allow":["GET"]}}],"collection":[{"href":"https:\/\/kapitalis.com\/tunisie\/wp-json\/wp\/v2\/posts"}],"about":[{"href":"https:\/\/kapitalis.com\/tunisie\/wp-json\/wp\/v2\/types\/post"}],"author":[{"embeddable":true,"href":"https:\/\/kapitalis.com\/tunisie\/wp-json\/wp\/v2\/users\/8"}],"replies":[{"embeddable":true,"href":"https:\/\/kapitalis.com\/tunisie\/wp-json\/wp\/v2\/comments?post=87966"}],"version-history":[{"count":0,"href":"https:\/\/kapitalis.com\/tunisie\/wp-json\/wp\/v2\/posts\/87966\/revisions"}],"wp:featuredmedia":[{"embeddable":true,"href":"https:\/\/kapitalis.com\/tunisie\/wp-json\/wp\/v2\/media\/87967"}],"wp:attachment":[{"href":"https:\/\/kapitalis.com\/tunisie\/wp-json\/wp\/v2\/media?parent=87966"}],"wp:term":[{"taxonomy":"category","embeddable":true,"href":"https:\/\/kapitalis.com\/tunisie\/wp-json\/wp\/v2\/categories?post=87966"},{"taxonomy":"post_tag","embeddable":true,"href":"https:\/\/kapitalis.com\/tunisie\/wp-json\/wp\/v2\/tags?post=87966"}],"curies":[{"name":"wp","href":"https:\/\/api.w.org\/{rel}","templated":true}]}}