{"id":88003,"date":"2017-03-23T11:56:38","date_gmt":"2017-03-23T10:56:38","guid":{"rendered":"http:\/\/kapitalis.com\/tunisie\/?p=88003"},"modified":"2017-03-23T11:56:38","modified_gmt":"2017-03-23T10:56:38","slug":"sidi-bou-said-abrite-le-festival-des-arts-de-la-mediterranee","status":"publish","type":"post","link":"https:\/\/kapitalis.com\/tunisie\/2017\/03\/23\/sidi-bou-said-abrite-le-festival-des-arts-de-la-mediterranee\/","title":{"rendered":"Sidi Bou Said abrite le Festival des arts de la M\u00e9diterran\u00e9e"},"content":{"rendered":"<p style=\"text-align: center;\"><img loading=\"lazy\" decoding=\"async\" class=\"alignnone size-full wp-image-88004\" src=\"http:\/\/kapitalis.com\/tunisie\/wp-content\/uploads\/2017\/03\/Art-Mediterranee-Sidi-Bou-Said.jpg\" alt=\"\" width=\"626\" height=\"380\" \/><\/p>\n<p style=\"text-align: left;\"><em><strong>La premi\u00e8re \u00e9dition du Festival des Arts de la M\u00e9diterran\u00e9e (FAM), organis\u00e9 par l\u2019association Mouwatana &amp; Tawasol, se tiendra \u00e0 Sidi Bou Sa\u00efd, du 30 mars au 2 avril 2017.<\/strong> <\/em><\/p>\n<p style=\"text-align: left;\"><!--more--><\/p>\n<p style=\"text-align: left;\">Cet \u00e9v\u00e9nement artistique r\u00e9unira 30 artistes plasticiens, 12 auteurs de livres et contes et 15 artisans cr\u00e9ateurs qui montreront leurs travaux dans divers endroits de la colline de Sidi Bou Sa\u00efd.<\/p>\n<p style=\"text-align: left;\">Les visiteurs auront l\u2019occasion de se laisser emporter par la beaut\u00e9 de ce village \u00e0 l\u2019architecture arabe et andalouse et d\u2019admirer les cr\u00e9ations des artistes invit\u00e9s.<\/p>\n<p style=\"text-align: left;\">Au programme, \u00e9galement, des conf\u00e9rences et des tables-rondes qui seront centr\u00e9es sur plusieurs th\u00e9matiques dont celles-ci: Sidi Bou Sa\u00efd plateforme culturelle \u00e0 l\u2019horizon 2020; Art et spiritualit\u00e9; Les artistes et Sidi Bou Sa\u00efd; Le voyage de Paul Klee en Tunisie : l\u2019artistique \u00e0 l\u2019\u00e9coute des signes.<\/p>\n<p style=\"text-align: right;\"><strong>Emna B. A. <\/strong><\/p>\n","protected":false},"excerpt":{"rendered":"<p>La premi\u00e8re \u00e9dition du Festival des Arts de la M\u00e9diterran\u00e9e (FAM), organis\u00e9 par l\u2019association Mouwatana &amp; Tawasol, se tiendra \u00e0 Sidi Bou Sa\u00efd, du 30 mars au 2 avril 2017.<\/p>\n","protected":false},"author":8,"featured_media":88004,"comment_status":"open","ping_status":"open","sticky":false,"template":"","format":"standard","meta":{"footnotes":""},"categories":[994,2433],"tags":[29279,827],"class_list":["post-88003","post","type-post","status-publish","format-standard","has-post-thumbnail","hentry","category-culture","category-tunisie","tag-festival-des-arts-de-la-mediterranee","tag-sidi-bou-said"],"yoast_head":"<!-- This site is optimized with the Yoast SEO plugin v26.6 - https:\/\/yoast.com\/wordpress\/plugins\/seo\/ -->\n<title>Sidi Bou Said abrite le Festival des arts de la M\u00e9diterran\u00e9e - Kapitalis<\/title>\n<meta name=\"robots\" content=\"index, follow, max-snippet:-1, max-image-preview:large, max-video-preview:-1\" \/>\n<link rel=\"canonical\" href=\"https:\/\/kapitalis.com\/tunisie\/2017\/03\/23\/sidi-bou-said-abrite-le-festival-des-arts-de-la-mediterranee\/\" \/>\n<meta property=\"og:locale\" content=\"fr_FR\" \/>\n<meta property=\"og:type\" content=\"article\" \/>\n<meta property=\"og:title\" content=\"Sidi Bou Said abrite le Festival des arts de la M\u00e9diterran\u00e9e - Kapitalis\" \/>\n<meta property=\"og:description\" content=\"La premi\u00e8re \u00e9dition du Festival des Arts de la M\u00e9diterran\u00e9e (FAM), organis\u00e9 par l\u2019association Mouwatana &amp; Tawasol, se tiendra \u00e0 Sidi Bou Sa\u00efd, du 30 mars au 2 avril 2017.\" \/>\n<meta property=\"og:url\" content=\"https:\/\/kapitalis.com\/tunisie\/2017\/03\/23\/sidi-bou-said-abrite-le-festival-des-arts-de-la-mediterranee\/\" \/>\n<meta property=\"og:site_name\" content=\"Kapitalis\" \/>\n<meta property=\"article:publisher\" content=\"https:\/\/www.facebook.com\/KapitalisInfo\/\" \/>\n<meta property=\"article:published_time\" content=\"2017-03-23T10:56:38+00:00\" \/>\n<meta property=\"og:image\" content=\"https:\/\/kapitalis.com\/tunisie\/wp-content\/uploads\/2022\/05\/kapitalis-logo-fb.png\" \/>\n\t<meta property=\"og:image:width\" content=\"1200\" \/>\n\t<meta property=\"og:image:height\" content=\"630\" \/>\n\t<meta property=\"og:image:type\" content=\"image\/png\" \/>\n<meta name=\"author\" content=\"webmaster kapitalis\" \/>\n<meta name=\"twitter:card\" content=\"summary_large_image\" \/>\n<meta name=\"twitter:creator\" content=\"@KapitalisInfo\" \/>\n<meta name=\"twitter:site\" content=\"@KapitalisInfo\" \/>\n<meta name=\"twitter:label1\" content=\"\u00c9crit par\" \/>\n\t<meta name=\"twitter:data1\" content=\"webmaster kapitalis\" \/>\n\t<meta name=\"twitter:label2\" content=\"Dur\u00e9e de lecture estim\u00e9e\" \/>\n\t<meta name=\"twitter:data2\" content=\"1 minute\" \/>\n<script type=\"application\/ld+json\" class=\"yoast-schema-graph\">{\"@context\":\"https:\/\/schema.org\",\"@graph\":[{\"@type\":\"Article\",\"@id\":\"https:\/\/kapitalis.com\/tunisie\/2017\/03\/23\/sidi-bou-said-abrite-le-festival-des-arts-de-la-mediterranee\/#article\",\"isPartOf\":{\"@id\":\"https:\/\/kapitalis.com\/tunisie\/2017\/03\/23\/sidi-bou-said-abrite-le-festival-des-arts-de-la-mediterranee\/\"},\"author\":{\"name\":\"webmaster kapitalis\",\"@id\":\"https:\/\/kapitalis.com\/tunisie\/#\/schema\/person\/d71f33a9ca44f7bad4698210b480c8e9\"},\"headline\":\"Sidi Bou Said abrite le Festival des arts de la M\u00e9diterran\u00e9e\",\"datePublished\":\"2017-03-23T10:56:38+00:00\",\"mainEntityOfPage\":{\"@id\":\"https:\/\/kapitalis.com\/tunisie\/2017\/03\/23\/sidi-bou-said-abrite-le-festival-des-arts-de-la-mediterranee\/\"},\"wordCount\":159,\"commentCount\":0,\"publisher\":{\"@id\":\"https:\/\/kapitalis.com\/tunisie\/#organization\"},\"image\":{\"@id\":\"https:\/\/kapitalis.com\/tunisie\/2017\/03\/23\/sidi-bou-said-abrite-le-festival-des-arts-de-la-mediterranee\/#primaryimage\"},\"thumbnailUrl\":\"\",\"keywords\":[\"Festival des Arts de la M\u00e9diterran\u00e9e\",\"Sidi Bou Sa\u00efd\"],\"articleSection\":[\"CULTURE\",\"Tunisie\"],\"inLanguage\":\"fr-FR\",\"potentialAction\":[{\"@type\":\"CommentAction\",\"name\":\"Comment\",\"target\":[\"https:\/\/kapitalis.com\/tunisie\/2017\/03\/23\/sidi-bou-said-abrite-le-festival-des-arts-de-la-mediterranee\/#respond\"]}]},{\"@type\":\"WebPage\",\"@id\":\"https:\/\/kapitalis.com\/tunisie\/2017\/03\/23\/sidi-bou-said-abrite-le-festival-des-arts-de-la-mediterranee\/\",\"url\":\"https:\/\/kapitalis.com\/tunisie\/2017\/03\/23\/sidi-bou-said-abrite-le-festival-des-arts-de-la-mediterranee\/\",\"name\":\"Sidi Bou Said abrite le Festival des arts de la M\u00e9diterran\u00e9e - Kapitalis\",\"isPartOf\":{\"@id\":\"https:\/\/kapitalis.com\/tunisie\/#website\"},\"primaryImageOfPage\":{\"@id\":\"https:\/\/kapitalis.com\/tunisie\/2017\/03\/23\/sidi-bou-said-abrite-le-festival-des-arts-de-la-mediterranee\/#primaryimage\"},\"image\":{\"@id\":\"https:\/\/kapitalis.com\/tunisie\/2017\/03\/23\/sidi-bou-said-abrite-le-festival-des-arts-de-la-mediterranee\/#primaryimage\"},\"thumbnailUrl\":\"\",\"datePublished\":\"2017-03-23T10:56:38+00:00\",\"breadcrumb\":{\"@id\":\"https:\/\/kapitalis.com\/tunisie\/2017\/03\/23\/sidi-bou-said-abrite-le-festival-des-arts-de-la-mediterranee\/#breadcrumb\"},\"inLanguage\":\"fr-FR\",\"potentialAction\":[{\"@type\":\"ReadAction\",\"target\":[\"https:\/\/kapitalis.com\/tunisie\/2017\/03\/23\/sidi-bou-said-abrite-le-festival-des-arts-de-la-mediterranee\/\"]}]},{\"@type\":\"ImageObject\",\"inLanguage\":\"fr-FR\",\"@id\":\"https:\/\/kapitalis.com\/tunisie\/2017\/03\/23\/sidi-bou-said-abrite-le-festival-des-arts-de-la-mediterranee\/#primaryimage\",\"url\":\"\",\"contentUrl\":\"\"},{\"@type\":\"BreadcrumbList\",\"@id\":\"https:\/\/kapitalis.com\/tunisie\/2017\/03\/23\/sidi-bou-said-abrite-le-festival-des-arts-de-la-mediterranee\/#breadcrumb\",\"itemListElement\":[{\"@type\":\"ListItem\",\"position\":1,\"name\":\"Accueil\",\"item\":\"https:\/\/kapitalis.com\/tunisie\/\"},{\"@type\":\"ListItem\",\"position\":2,\"name\":\"Sidi Bou Said abrite le Festival des arts de la M\u00e9diterran\u00e9e\"}]},{\"@type\":\"WebSite\",\"@id\":\"https:\/\/kapitalis.com\/tunisie\/#website\",\"url\":\"https:\/\/kapitalis.com\/tunisie\/\",\"name\":\"Kapitalis\",\"description\":\"L&#039;actualit\u00e9 en Tunisie et dans le monde\",\"publisher\":{\"@id\":\"https:\/\/kapitalis.com\/tunisie\/#organization\"},\"potentialAction\":[{\"@type\":\"SearchAction\",\"target\":{\"@type\":\"EntryPoint\",\"urlTemplate\":\"https:\/\/kapitalis.com\/tunisie\/?s={search_term_string}\"},\"query-input\":{\"@type\":\"PropertyValueSpecification\",\"valueRequired\":true,\"valueName\":\"search_term_string\"}}],\"inLanguage\":\"fr-FR\"},{\"@type\":\"Organization\",\"@id\":\"https:\/\/kapitalis.com\/tunisie\/#organization\",\"name\":\"Kapitalis\",\"url\":\"https:\/\/kapitalis.com\/tunisie\/\",\"logo\":{\"@type\":\"ImageObject\",\"inLanguage\":\"fr-FR\",\"@id\":\"https:\/\/kapitalis.com\/tunisie\/#\/schema\/logo\/image\/\",\"url\":\"https:\/\/kapitalis.com\/tunisie\/wp-content\/uploads\/2022\/05\/Kapitalis-big-size.png\",\"contentUrl\":\"https:\/\/kapitalis.com\/tunisie\/wp-content\/uploads\/2022\/05\/Kapitalis-big-size.png\",\"width\":5000,\"height\":1500,\"caption\":\"Kapitalis\"},\"image\":{\"@id\":\"https:\/\/kapitalis.com\/tunisie\/#\/schema\/logo\/image\/\"},\"sameAs\":[\"https:\/\/www.facebook.com\/KapitalisInfo\/\",\"https:\/\/x.com\/KapitalisInfo\",\"https:\/\/www.youtube.com\/channel\/UC-yDYrHyfFBWWZaOw3FPg9Q\"]},{\"@type\":\"Person\",\"@id\":\"https:\/\/kapitalis.com\/tunisie\/#\/schema\/person\/d71f33a9ca44f7bad4698210b480c8e9\",\"name\":\"webmaster kapitalis\",\"url\":\"https:\/\/kapitalis.com\/tunisie\/author\/webmaster-kapitalis\/\"}]}<\/script>\n<!-- \/ Yoast SEO plugin. -->","yoast_head_json":{"title":"Sidi Bou Said abrite le Festival des arts de la M\u00e9diterran\u00e9e - Kapitalis","robots":{"index":"index","follow":"follow","max-snippet":"max-snippet:-1","max-image-preview":"max-image-preview:large","max-video-preview":"max-video-preview:-1"},"canonical":"https:\/\/kapitalis.com\/tunisie\/2017\/03\/23\/sidi-bou-said-abrite-le-festival-des-arts-de-la-mediterranee\/","og_locale":"fr_FR","og_type":"article","og_title":"Sidi Bou Said abrite le Festival des arts de la M\u00e9diterran\u00e9e - Kapitalis","og_description":"La premi\u00e8re \u00e9dition du Festival des Arts de la M\u00e9diterran\u00e9e (FAM), organis\u00e9 par l\u2019association Mouwatana &amp; Tawasol, se tiendra \u00e0 Sidi Bou Sa\u00efd, du 30 mars au 2 avril 2017.","og_url":"https:\/\/kapitalis.com\/tunisie\/2017\/03\/23\/sidi-bou-said-abrite-le-festival-des-arts-de-la-mediterranee\/","og_site_name":"Kapitalis","article_publisher":"https:\/\/www.facebook.com\/KapitalisInfo\/","article_published_time":"2017-03-23T10:56:38+00:00","og_image":[{"width":1200,"height":630,"url":"https:\/\/kapitalis.com\/tunisie\/wp-content\/uploads\/2022\/05\/kapitalis-logo-fb.png","type":"image\/png"}],"author":"webmaster kapitalis","twitter_card":"summary_large_image","twitter_creator":"@KapitalisInfo","twitter_site":"@KapitalisInfo","twitter_misc":{"\u00c9crit par":"webmaster kapitalis","Dur\u00e9e de lecture estim\u00e9e":"1 minute"},"schema":{"@context":"https:\/\/schema.org","@graph":[{"@type":"Article","@id":"https:\/\/kapitalis.com\/tunisie\/2017\/03\/23\/sidi-bou-said-abrite-le-festival-des-arts-de-la-mediterranee\/#article","isPartOf":{"@id":"https:\/\/kapitalis.com\/tunisie\/2017\/03\/23\/sidi-bou-said-abrite-le-festival-des-arts-de-la-mediterranee\/"},"author":{"name":"webmaster kapitalis","@id":"https:\/\/kapitalis.com\/tunisie\/#\/schema\/person\/d71f33a9ca44f7bad4698210b480c8e9"},"headline":"Sidi Bou Said abrite le Festival des arts de la M\u00e9diterran\u00e9e","datePublished":"2017-03-23T10:56:38+00:00","mainEntityOfPage":{"@id":"https:\/\/kapitalis.com\/tunisie\/2017\/03\/23\/sidi-bou-said-abrite-le-festival-des-arts-de-la-mediterranee\/"},"wordCount":159,"commentCount":0,"publisher":{"@id":"https:\/\/kapitalis.com\/tunisie\/#organization"},"image":{"@id":"https:\/\/kapitalis.com\/tunisie\/2017\/03\/23\/sidi-bou-said-abrite-le-festival-des-arts-de-la-mediterranee\/#primaryimage"},"thumbnailUrl":"","keywords":["Festival des Arts de la M\u00e9diterran\u00e9e","Sidi Bou Sa\u00efd"],"articleSection":["CULTURE","Tunisie"],"inLanguage":"fr-FR","potentialAction":[{"@type":"CommentAction","name":"Comment","target":["https:\/\/kapitalis.com\/tunisie\/2017\/03\/23\/sidi-bou-said-abrite-le-festival-des-arts-de-la-mediterranee\/#respond"]}]},{"@type":"WebPage","@id":"https:\/\/kapitalis.com\/tunisie\/2017\/03\/23\/sidi-bou-said-abrite-le-festival-des-arts-de-la-mediterranee\/","url":"https:\/\/kapitalis.com\/tunisie\/2017\/03\/23\/sidi-bou-said-abrite-le-festival-des-arts-de-la-mediterranee\/","name":"Sidi Bou Said abrite le Festival des arts de la M\u00e9diterran\u00e9e - Kapitalis","isPartOf":{"@id":"https:\/\/kapitalis.com\/tunisie\/#website"},"primaryImageOfPage":{"@id":"https:\/\/kapitalis.com\/tunisie\/2017\/03\/23\/sidi-bou-said-abrite-le-festival-des-arts-de-la-mediterranee\/#primaryimage"},"image":{"@id":"https:\/\/kapitalis.com\/tunisie\/2017\/03\/23\/sidi-bou-said-abrite-le-festival-des-arts-de-la-mediterranee\/#primaryimage"},"thumbnailUrl":"","datePublished":"2017-03-23T10:56:38+00:00","breadcrumb":{"@id":"https:\/\/kapitalis.com\/tunisie\/2017\/03\/23\/sidi-bou-said-abrite-le-festival-des-arts-de-la-mediterranee\/#breadcrumb"},"inLanguage":"fr-FR","potentialAction":[{"@type":"ReadAction","target":["https:\/\/kapitalis.com\/tunisie\/2017\/03\/23\/sidi-bou-said-abrite-le-festival-des-arts-de-la-mediterranee\/"]}]},{"@type":"ImageObject","inLanguage":"fr-FR","@id":"https:\/\/kapitalis.com\/tunisie\/2017\/03\/23\/sidi-bou-said-abrite-le-festival-des-arts-de-la-mediterranee\/#primaryimage","url":"","contentUrl":""},{"@type":"BreadcrumbList","@id":"https:\/\/kapitalis.com\/tunisie\/2017\/03\/23\/sidi-bou-said-abrite-le-festival-des-arts-de-la-mediterranee\/#breadcrumb","itemListElement":[{"@type":"ListItem","position":1,"name":"Accueil","item":"https:\/\/kapitalis.com\/tunisie\/"},{"@type":"ListItem","position":2,"name":"Sidi Bou Said abrite le Festival des arts de la M\u00e9diterran\u00e9e"}]},{"@type":"WebSite","@id":"https:\/\/kapitalis.com\/tunisie\/#website","url":"https:\/\/kapitalis.com\/tunisie\/","name":"Kapitalis","description":"L&#039;actualit\u00e9 en Tunisie et dans le monde","publisher":{"@id":"https:\/\/kapitalis.com\/tunisie\/#organization"},"potentialAction":[{"@type":"SearchAction","target":{"@type":"EntryPoint","urlTemplate":"https:\/\/kapitalis.com\/tunisie\/?s={search_term_string}"},"query-input":{"@type":"PropertyValueSpecification","valueRequired":true,"valueName":"search_term_string"}}],"inLanguage":"fr-FR"},{"@type":"Organization","@id":"https:\/\/kapitalis.com\/tunisie\/#organization","name":"Kapitalis","url":"https:\/\/kapitalis.com\/tunisie\/","logo":{"@type":"ImageObject","inLanguage":"fr-FR","@id":"https:\/\/kapitalis.com\/tunisie\/#\/schema\/logo\/image\/","url":"https:\/\/kapitalis.com\/tunisie\/wp-content\/uploads\/2022\/05\/Kapitalis-big-size.png","contentUrl":"https:\/\/kapitalis.com\/tunisie\/wp-content\/uploads\/2022\/05\/Kapitalis-big-size.png","width":5000,"height":1500,"caption":"Kapitalis"},"image":{"@id":"https:\/\/kapitalis.com\/tunisie\/#\/schema\/logo\/image\/"},"sameAs":["https:\/\/www.facebook.com\/KapitalisInfo\/","https:\/\/x.com\/KapitalisInfo","https:\/\/www.youtube.com\/channel\/UC-yDYrHyfFBWWZaOw3FPg9Q"]},{"@type":"Person","@id":"https:\/\/kapitalis.com\/tunisie\/#\/schema\/person\/d71f33a9ca44f7bad4698210b480c8e9","name":"webmaster kapitalis","url":"https:\/\/kapitalis.com\/tunisie\/author\/webmaster-kapitalis\/"}]}},"_links":{"self":[{"href":"https:\/\/kapitalis.com\/tunisie\/wp-json\/wp\/v2\/posts\/88003","targetHints":{"allow":["GET"]}}],"collection":[{"href":"https:\/\/kapitalis.com\/tunisie\/wp-json\/wp\/v2\/posts"}],"about":[{"href":"https:\/\/kapitalis.com\/tunisie\/wp-json\/wp\/v2\/types\/post"}],"author":[{"embeddable":true,"href":"https:\/\/kapitalis.com\/tunisie\/wp-json\/wp\/v2\/users\/8"}],"replies":[{"embeddable":true,"href":"https:\/\/kapitalis.com\/tunisie\/wp-json\/wp\/v2\/comments?post=88003"}],"version-history":[{"count":0,"href":"https:\/\/kapitalis.com\/tunisie\/wp-json\/wp\/v2\/posts\/88003\/revisions"}],"wp:featuredmedia":[{"embeddable":true,"href":"https:\/\/kapitalis.com\/tunisie\/wp-json\/wp\/v2\/media\/88004"}],"wp:attachment":[{"href":"https:\/\/kapitalis.com\/tunisie\/wp-json\/wp\/v2\/media?parent=88003"}],"wp:term":[{"taxonomy":"category","embeddable":true,"href":"https:\/\/kapitalis.com\/tunisie\/wp-json\/wp\/v2\/categories?post=88003"},{"taxonomy":"post_tag","embeddable":true,"href":"https:\/\/kapitalis.com\/tunisie\/wp-json\/wp\/v2\/tags?post=88003"}],"curies":[{"name":"wp","href":"https:\/\/api.w.org\/{rel}","templated":true}]}}