{"id":88119,"date":"2017-03-24T11:10:32","date_gmt":"2017-03-24T10:10:32","guid":{"rendered":"http:\/\/kapitalis.com\/tunisie\/?p=88119"},"modified":"2017-03-24T11:10:32","modified_gmt":"2017-03-24T10:10:32","slug":"tunis-apprenez-a-danser-avec-le-goethe-institut","status":"publish","type":"post","link":"https:\/\/kapitalis.com\/tunisie\/2017\/03\/24\/tunis-apprenez-a-danser-avec-le-goethe-institut\/","title":{"rendered":"Tunis: Apprenez \u00e0 danser avec le Goethe Institut"},"content":{"rendered":"<p style=\"text-align: center;\"><img loading=\"lazy\" decoding=\"async\" class=\"alignnone size-full wp-image-88144\" src=\"http:\/\/kapitalis.com\/tunisie\/wp-content\/uploads\/2017\/03\/Danse-Goethe-Institut.jpg\" alt=\"\" width=\"626\" height=\"380\" \/><\/p>\n<p><em><strong>Une journ\u00e9e d\u00e9di\u00e9e \u00e0 la p\u00e9dagogie de la danse sera organis\u00e9e par le Goethe Institut, \u00e0 la salle du Quatri\u00e8me\u00a0Art, le samedi 1er avril 2017.\u00a0<\/strong><\/em><\/p>\n<p><!--more--><\/p>\n<p>Durant cette journ\u00e9e, organis\u00e9 \u00e0 l&rsquo;occasion de la cl\u00f4ture du projet \u00a0\u00bb<em>Tanzen Lernen: Apprendre \u00e0 danser<\/em>\u00ab\u00a0,\u00a0le public aura l&rsquo;occasion d&rsquo;assister \u00e0 des extraits de cours de danse classique pr\u00e9sent\u00e9s par l&rsquo;\u00e9cole de danse allemande <em>\u00a0\u00bbLa Paluca Hochschule F\u00fcr Tanz Dresden\u00a0\u00bb<\/em> et un cours de danse contemporaine.<\/p>\n<p>\u00c9galement au programme, deux autres cours de danse classique et contemporaine seront pr\u00e9sent\u00e9s par les stagiaires ayant suivi la formation \u00a0\u00bb<em>Apprendre \u00e0 danser<\/em>\u00ab\u00a0, un master-class pour niveaux avanc\u00e9s de danse contemporaine assur\u00e9 par le professeur Christian Canciani de l&rsquo;\u00e9cole allemande d\u00e9j\u00e0 cit\u00e9e, <em>\u00ab\u00a0Meet the artist\u00a0\u00bb<\/em>, un spectacle pr\u00e9sent\u00e9 par les \u00e9l\u00e8ves de cette \u00e9cole, une table-ronde sur le th\u00e8me <em>\u00ab\u00a0Danser et apprendre \u00e0 danser\u00a0\u00bb<\/em> mod\u00e9r\u00e9e par Meriem Gallouz, et enfin une soir\u00e9e Stambeli pr\u00e9sent\u00e9e par Karim Twayma.<\/p>\n<p style=\"text-align: right;\"><em><strong>Emna.B.A<\/strong><\/em><\/p>\n","protected":false},"excerpt":{"rendered":"<p>Une journ\u00e9e d\u00e9di\u00e9e \u00e0 la p\u00e9dagogie de la danse sera organis\u00e9e par le Goethe Institut, \u00e0 la salle du Quatri\u00e8me\u00a0Art, le samedi 1er avril 2017.\u00a0<\/p>\n","protected":false},"author":16,"featured_media":88126,"comment_status":"open","ping_status":"open","sticky":false,"template":"","format":"standard","meta":{"footnotes":""},"categories":[994,2433],"tags":[261,22212],"class_list":["post-88119","post","type-post","status-publish","format-standard","has-post-thumbnail","hentry","category-culture","category-tunisie","tag-danse","tag-goethe-institut-tunis"],"yoast_head":"<!-- This site is optimized with the Yoast SEO plugin v26.6 - https:\/\/yoast.com\/wordpress\/plugins\/seo\/ -->\n<title>Tunis: Apprenez \u00e0 danser avec le Goethe Institut - Kapitalis<\/title>\n<meta name=\"robots\" content=\"index, follow, max-snippet:-1, max-image-preview:large, max-video-preview:-1\" \/>\n<link rel=\"canonical\" href=\"https:\/\/kapitalis.com\/tunisie\/2017\/03\/24\/tunis-apprenez-a-danser-avec-le-goethe-institut\/\" \/>\n<meta property=\"og:locale\" content=\"fr_FR\" \/>\n<meta property=\"og:type\" content=\"article\" \/>\n<meta property=\"og:title\" content=\"Tunis: Apprenez \u00e0 danser avec le Goethe Institut - Kapitalis\" \/>\n<meta property=\"og:description\" content=\"Une journ\u00e9e d\u00e9di\u00e9e \u00e0 la p\u00e9dagogie de la danse sera organis\u00e9e par le Goethe Institut, \u00e0 la salle du Quatri\u00e8me\u00a0Art, le samedi 1er avril 2017.\u00a0\" \/>\n<meta property=\"og:url\" content=\"https:\/\/kapitalis.com\/tunisie\/2017\/03\/24\/tunis-apprenez-a-danser-avec-le-goethe-institut\/\" \/>\n<meta property=\"og:site_name\" content=\"Kapitalis\" \/>\n<meta property=\"article:publisher\" content=\"https:\/\/www.facebook.com\/KapitalisInfo\/\" \/>\n<meta property=\"article:published_time\" content=\"2017-03-24T10:10:32+00:00\" \/>\n<meta property=\"og:image\" content=\"https:\/\/kapitalis.com\/tunisie\/wp-content\/uploads\/2022\/05\/kapitalis-logo-fb.png\" \/>\n\t<meta property=\"og:image:width\" content=\"1200\" \/>\n\t<meta property=\"og:image:height\" content=\"630\" \/>\n\t<meta property=\"og:image:type\" content=\"image\/png\" \/>\n<meta name=\"author\" content=\"emna benabdallah\" \/>\n<meta name=\"twitter:card\" content=\"summary_large_image\" \/>\n<meta name=\"twitter:creator\" content=\"@KapitalisInfo\" \/>\n<meta name=\"twitter:site\" content=\"@KapitalisInfo\" \/>\n<meta name=\"twitter:label1\" content=\"\u00c9crit par\" \/>\n\t<meta name=\"twitter:data1\" content=\"emna benabdallah\" \/>\n\t<meta name=\"twitter:label2\" content=\"Dur\u00e9e de lecture estim\u00e9e\" \/>\n\t<meta name=\"twitter:data2\" content=\"1 minute\" \/>\n<script type=\"application\/ld+json\" class=\"yoast-schema-graph\">{\"@context\":\"https:\/\/schema.org\",\"@graph\":[{\"@type\":\"Article\",\"@id\":\"https:\/\/kapitalis.com\/tunisie\/2017\/03\/24\/tunis-apprenez-a-danser-avec-le-goethe-institut\/#article\",\"isPartOf\":{\"@id\":\"https:\/\/kapitalis.com\/tunisie\/2017\/03\/24\/tunis-apprenez-a-danser-avec-le-goethe-institut\/\"},\"author\":{\"name\":\"emna benabdallah\",\"@id\":\"https:\/\/kapitalis.com\/tunisie\/#\/schema\/person\/2c6e134b2f3369dffcd1daf5f087d28b\"},\"headline\":\"Tunis: Apprenez \u00e0 danser avec le Goethe Institut\",\"datePublished\":\"2017-03-24T10:10:32+00:00\",\"mainEntityOfPage\":{\"@id\":\"https:\/\/kapitalis.com\/tunisie\/2017\/03\/24\/tunis-apprenez-a-danser-avec-le-goethe-institut\/\"},\"wordCount\":178,\"commentCount\":1,\"publisher\":{\"@id\":\"https:\/\/kapitalis.com\/tunisie\/#organization\"},\"image\":{\"@id\":\"https:\/\/kapitalis.com\/tunisie\/2017\/03\/24\/tunis-apprenez-a-danser-avec-le-goethe-institut\/#primaryimage\"},\"thumbnailUrl\":\"\",\"keywords\":[\"Danse\",\"Goethe-Institut Tunis\"],\"articleSection\":[\"CULTURE\",\"Tunisie\"],\"inLanguage\":\"fr-FR\",\"potentialAction\":[{\"@type\":\"CommentAction\",\"name\":\"Comment\",\"target\":[\"https:\/\/kapitalis.com\/tunisie\/2017\/03\/24\/tunis-apprenez-a-danser-avec-le-goethe-institut\/#respond\"]}]},{\"@type\":\"WebPage\",\"@id\":\"https:\/\/kapitalis.com\/tunisie\/2017\/03\/24\/tunis-apprenez-a-danser-avec-le-goethe-institut\/\",\"url\":\"https:\/\/kapitalis.com\/tunisie\/2017\/03\/24\/tunis-apprenez-a-danser-avec-le-goethe-institut\/\",\"name\":\"Tunis: Apprenez \u00e0 danser avec le Goethe Institut - Kapitalis\",\"isPartOf\":{\"@id\":\"https:\/\/kapitalis.com\/tunisie\/#website\"},\"primaryImageOfPage\":{\"@id\":\"https:\/\/kapitalis.com\/tunisie\/2017\/03\/24\/tunis-apprenez-a-danser-avec-le-goethe-institut\/#primaryimage\"},\"image\":{\"@id\":\"https:\/\/kapitalis.com\/tunisie\/2017\/03\/24\/tunis-apprenez-a-danser-avec-le-goethe-institut\/#primaryimage\"},\"thumbnailUrl\":\"\",\"datePublished\":\"2017-03-24T10:10:32+00:00\",\"breadcrumb\":{\"@id\":\"https:\/\/kapitalis.com\/tunisie\/2017\/03\/24\/tunis-apprenez-a-danser-avec-le-goethe-institut\/#breadcrumb\"},\"inLanguage\":\"fr-FR\",\"potentialAction\":[{\"@type\":\"ReadAction\",\"target\":[\"https:\/\/kapitalis.com\/tunisie\/2017\/03\/24\/tunis-apprenez-a-danser-avec-le-goethe-institut\/\"]}]},{\"@type\":\"ImageObject\",\"inLanguage\":\"fr-FR\",\"@id\":\"https:\/\/kapitalis.com\/tunisie\/2017\/03\/24\/tunis-apprenez-a-danser-avec-le-goethe-institut\/#primaryimage\",\"url\":\"\",\"contentUrl\":\"\"},{\"@type\":\"BreadcrumbList\",\"@id\":\"https:\/\/kapitalis.com\/tunisie\/2017\/03\/24\/tunis-apprenez-a-danser-avec-le-goethe-institut\/#breadcrumb\",\"itemListElement\":[{\"@type\":\"ListItem\",\"position\":1,\"name\":\"Accueil\",\"item\":\"https:\/\/kapitalis.com\/tunisie\/\"},{\"@type\":\"ListItem\",\"position\":2,\"name\":\"Tunis: Apprenez \u00e0 danser avec le Goethe Institut\"}]},{\"@type\":\"WebSite\",\"@id\":\"https:\/\/kapitalis.com\/tunisie\/#website\",\"url\":\"https:\/\/kapitalis.com\/tunisie\/\",\"name\":\"Kapitalis\",\"description\":\"L&#039;actualit\u00e9 en Tunisie et dans le monde\",\"publisher\":{\"@id\":\"https:\/\/kapitalis.com\/tunisie\/#organization\"},\"potentialAction\":[{\"@type\":\"SearchAction\",\"target\":{\"@type\":\"EntryPoint\",\"urlTemplate\":\"https:\/\/kapitalis.com\/tunisie\/?s={search_term_string}\"},\"query-input\":{\"@type\":\"PropertyValueSpecification\",\"valueRequired\":true,\"valueName\":\"search_term_string\"}}],\"inLanguage\":\"fr-FR\"},{\"@type\":\"Organization\",\"@id\":\"https:\/\/kapitalis.com\/tunisie\/#organization\",\"name\":\"Kapitalis\",\"url\":\"https:\/\/kapitalis.com\/tunisie\/\",\"logo\":{\"@type\":\"ImageObject\",\"inLanguage\":\"fr-FR\",\"@id\":\"https:\/\/kapitalis.com\/tunisie\/#\/schema\/logo\/image\/\",\"url\":\"https:\/\/kapitalis.com\/tunisie\/wp-content\/uploads\/2022\/05\/Kapitalis-big-size.png\",\"contentUrl\":\"https:\/\/kapitalis.com\/tunisie\/wp-content\/uploads\/2022\/05\/Kapitalis-big-size.png\",\"width\":5000,\"height\":1500,\"caption\":\"Kapitalis\"},\"image\":{\"@id\":\"https:\/\/kapitalis.com\/tunisie\/#\/schema\/logo\/image\/\"},\"sameAs\":[\"https:\/\/www.facebook.com\/KapitalisInfo\/\",\"https:\/\/x.com\/KapitalisInfo\",\"https:\/\/www.youtube.com\/channel\/UC-yDYrHyfFBWWZaOw3FPg9Q\"]},{\"@type\":\"Person\",\"@id\":\"https:\/\/kapitalis.com\/tunisie\/#\/schema\/person\/2c6e134b2f3369dffcd1daf5f087d28b\",\"name\":\"emna benabdallah\",\"url\":\"https:\/\/kapitalis.com\/tunisie\/author\/emna\/\"}]}<\/script>\n<!-- \/ Yoast SEO plugin. -->","yoast_head_json":{"title":"Tunis: Apprenez \u00e0 danser avec le Goethe Institut - Kapitalis","robots":{"index":"index","follow":"follow","max-snippet":"max-snippet:-1","max-image-preview":"max-image-preview:large","max-video-preview":"max-video-preview:-1"},"canonical":"https:\/\/kapitalis.com\/tunisie\/2017\/03\/24\/tunis-apprenez-a-danser-avec-le-goethe-institut\/","og_locale":"fr_FR","og_type":"article","og_title":"Tunis: Apprenez \u00e0 danser avec le Goethe Institut - Kapitalis","og_description":"Une journ\u00e9e d\u00e9di\u00e9e \u00e0 la p\u00e9dagogie de la danse sera organis\u00e9e par le Goethe Institut, \u00e0 la salle du Quatri\u00e8me\u00a0Art, le samedi 1er avril 2017.\u00a0","og_url":"https:\/\/kapitalis.com\/tunisie\/2017\/03\/24\/tunis-apprenez-a-danser-avec-le-goethe-institut\/","og_site_name":"Kapitalis","article_publisher":"https:\/\/www.facebook.com\/KapitalisInfo\/","article_published_time":"2017-03-24T10:10:32+00:00","og_image":[{"width":1200,"height":630,"url":"https:\/\/kapitalis.com\/tunisie\/wp-content\/uploads\/2022\/05\/kapitalis-logo-fb.png","type":"image\/png"}],"author":"emna benabdallah","twitter_card":"summary_large_image","twitter_creator":"@KapitalisInfo","twitter_site":"@KapitalisInfo","twitter_misc":{"\u00c9crit par":"emna benabdallah","Dur\u00e9e de lecture estim\u00e9e":"1 minute"},"schema":{"@context":"https:\/\/schema.org","@graph":[{"@type":"Article","@id":"https:\/\/kapitalis.com\/tunisie\/2017\/03\/24\/tunis-apprenez-a-danser-avec-le-goethe-institut\/#article","isPartOf":{"@id":"https:\/\/kapitalis.com\/tunisie\/2017\/03\/24\/tunis-apprenez-a-danser-avec-le-goethe-institut\/"},"author":{"name":"emna benabdallah","@id":"https:\/\/kapitalis.com\/tunisie\/#\/schema\/person\/2c6e134b2f3369dffcd1daf5f087d28b"},"headline":"Tunis: Apprenez \u00e0 danser avec le Goethe Institut","datePublished":"2017-03-24T10:10:32+00:00","mainEntityOfPage":{"@id":"https:\/\/kapitalis.com\/tunisie\/2017\/03\/24\/tunis-apprenez-a-danser-avec-le-goethe-institut\/"},"wordCount":178,"commentCount":1,"publisher":{"@id":"https:\/\/kapitalis.com\/tunisie\/#organization"},"image":{"@id":"https:\/\/kapitalis.com\/tunisie\/2017\/03\/24\/tunis-apprenez-a-danser-avec-le-goethe-institut\/#primaryimage"},"thumbnailUrl":"","keywords":["Danse","Goethe-Institut Tunis"],"articleSection":["CULTURE","Tunisie"],"inLanguage":"fr-FR","potentialAction":[{"@type":"CommentAction","name":"Comment","target":["https:\/\/kapitalis.com\/tunisie\/2017\/03\/24\/tunis-apprenez-a-danser-avec-le-goethe-institut\/#respond"]}]},{"@type":"WebPage","@id":"https:\/\/kapitalis.com\/tunisie\/2017\/03\/24\/tunis-apprenez-a-danser-avec-le-goethe-institut\/","url":"https:\/\/kapitalis.com\/tunisie\/2017\/03\/24\/tunis-apprenez-a-danser-avec-le-goethe-institut\/","name":"Tunis: Apprenez \u00e0 danser avec le Goethe Institut - Kapitalis","isPartOf":{"@id":"https:\/\/kapitalis.com\/tunisie\/#website"},"primaryImageOfPage":{"@id":"https:\/\/kapitalis.com\/tunisie\/2017\/03\/24\/tunis-apprenez-a-danser-avec-le-goethe-institut\/#primaryimage"},"image":{"@id":"https:\/\/kapitalis.com\/tunisie\/2017\/03\/24\/tunis-apprenez-a-danser-avec-le-goethe-institut\/#primaryimage"},"thumbnailUrl":"","datePublished":"2017-03-24T10:10:32+00:00","breadcrumb":{"@id":"https:\/\/kapitalis.com\/tunisie\/2017\/03\/24\/tunis-apprenez-a-danser-avec-le-goethe-institut\/#breadcrumb"},"inLanguage":"fr-FR","potentialAction":[{"@type":"ReadAction","target":["https:\/\/kapitalis.com\/tunisie\/2017\/03\/24\/tunis-apprenez-a-danser-avec-le-goethe-institut\/"]}]},{"@type":"ImageObject","inLanguage":"fr-FR","@id":"https:\/\/kapitalis.com\/tunisie\/2017\/03\/24\/tunis-apprenez-a-danser-avec-le-goethe-institut\/#primaryimage","url":"","contentUrl":""},{"@type":"BreadcrumbList","@id":"https:\/\/kapitalis.com\/tunisie\/2017\/03\/24\/tunis-apprenez-a-danser-avec-le-goethe-institut\/#breadcrumb","itemListElement":[{"@type":"ListItem","position":1,"name":"Accueil","item":"https:\/\/kapitalis.com\/tunisie\/"},{"@type":"ListItem","position":2,"name":"Tunis: Apprenez \u00e0 danser avec le Goethe Institut"}]},{"@type":"WebSite","@id":"https:\/\/kapitalis.com\/tunisie\/#website","url":"https:\/\/kapitalis.com\/tunisie\/","name":"Kapitalis","description":"L&#039;actualit\u00e9 en Tunisie et dans le monde","publisher":{"@id":"https:\/\/kapitalis.com\/tunisie\/#organization"},"potentialAction":[{"@type":"SearchAction","target":{"@type":"EntryPoint","urlTemplate":"https:\/\/kapitalis.com\/tunisie\/?s={search_term_string}"},"query-input":{"@type":"PropertyValueSpecification","valueRequired":true,"valueName":"search_term_string"}}],"inLanguage":"fr-FR"},{"@type":"Organization","@id":"https:\/\/kapitalis.com\/tunisie\/#organization","name":"Kapitalis","url":"https:\/\/kapitalis.com\/tunisie\/","logo":{"@type":"ImageObject","inLanguage":"fr-FR","@id":"https:\/\/kapitalis.com\/tunisie\/#\/schema\/logo\/image\/","url":"https:\/\/kapitalis.com\/tunisie\/wp-content\/uploads\/2022\/05\/Kapitalis-big-size.png","contentUrl":"https:\/\/kapitalis.com\/tunisie\/wp-content\/uploads\/2022\/05\/Kapitalis-big-size.png","width":5000,"height":1500,"caption":"Kapitalis"},"image":{"@id":"https:\/\/kapitalis.com\/tunisie\/#\/schema\/logo\/image\/"},"sameAs":["https:\/\/www.facebook.com\/KapitalisInfo\/","https:\/\/x.com\/KapitalisInfo","https:\/\/www.youtube.com\/channel\/UC-yDYrHyfFBWWZaOw3FPg9Q"]},{"@type":"Person","@id":"https:\/\/kapitalis.com\/tunisie\/#\/schema\/person\/2c6e134b2f3369dffcd1daf5f087d28b","name":"emna benabdallah","url":"https:\/\/kapitalis.com\/tunisie\/author\/emna\/"}]}},"_links":{"self":[{"href":"https:\/\/kapitalis.com\/tunisie\/wp-json\/wp\/v2\/posts\/88119","targetHints":{"allow":["GET"]}}],"collection":[{"href":"https:\/\/kapitalis.com\/tunisie\/wp-json\/wp\/v2\/posts"}],"about":[{"href":"https:\/\/kapitalis.com\/tunisie\/wp-json\/wp\/v2\/types\/post"}],"author":[{"embeddable":true,"href":"https:\/\/kapitalis.com\/tunisie\/wp-json\/wp\/v2\/users\/16"}],"replies":[{"embeddable":true,"href":"https:\/\/kapitalis.com\/tunisie\/wp-json\/wp\/v2\/comments?post=88119"}],"version-history":[{"count":0,"href":"https:\/\/kapitalis.com\/tunisie\/wp-json\/wp\/v2\/posts\/88119\/revisions"}],"wp:featuredmedia":[{"embeddable":true,"href":"https:\/\/kapitalis.com\/tunisie\/wp-json\/wp\/v2\/media\/88126"}],"wp:attachment":[{"href":"https:\/\/kapitalis.com\/tunisie\/wp-json\/wp\/v2\/media?parent=88119"}],"wp:term":[{"taxonomy":"category","embeddable":true,"href":"https:\/\/kapitalis.com\/tunisie\/wp-json\/wp\/v2\/categories?post=88119"},{"taxonomy":"post_tag","embeddable":true,"href":"https:\/\/kapitalis.com\/tunisie\/wp-json\/wp\/v2\/tags?post=88119"}],"curies":[{"name":"wp","href":"https:\/\/api.w.org\/{rel}","templated":true}]}}