{"id":8812120,"date":"2023-07-13T12:49:05","date_gmt":"2023-07-13T11:49:05","guid":{"rendered":"https:\/\/kapitalis.com\/tunisie\/?p=8812120"},"modified":"2023-07-13T12:49:06","modified_gmt":"2023-07-13T11:49:06","slug":"des-eurodeputes-denoncent-la-detention-dopposants-politiques-en-tunisie","status":"publish","type":"post","link":"https:\/\/kapitalis.com\/tunisie\/2023\/07\/13\/des-eurodeputes-denoncent-la-detention-dopposants-politiques-en-tunisie\/","title":{"rendered":"Des eurod\u00e9put\u00e9s d\u00e9noncent la d\u00e9tention d\u2019opposants politiques en Tunisie"},"content":{"rendered":"\n<p><strong><em>Cinq d\u00e9put\u00e9s europ\u00e9ens ont d\u00e9nonc\u00e9 les atteintes \u00e0 la libert\u00e9 d\u2019expression et les d\u00e9tentions d\u2019opposants politiques <strong><em>en Tunisie<\/em><\/strong>. Et d\u00e9noncent \u00abl\u2019obsession europ\u00e9enne \u00e0 obtenir la coop\u00e9ration migratoire\u00bb.<\/em><\/strong> <em>(Illustration : familles des d\u00e9tenus politiques manifestants aujourd&rsquo;hui \u00e0 Tunis)<\/em>.<\/p>\n\n\n\n<!--more-->\n\n\n\n<p>Lors d\u2019une conf\u00e9rence de presse mercredi 12 juillet 2023 dont <a href=\"https:\/\/www.rfi.fr\/fr\/afrique\/20230713-des-eurod%C3%A9put%C3%A9s-d%C3%A9noncent-la-d%C3%A9tention-d-opposants-politiques-en-tunisie\" target=\"_blank\" rel=\"noreferrer noopener\">RFI a rendu compte,<\/a> les cinq d\u00e9put\u00e9s ont tenu \u00e0 rappeler\u00a0que la poursuite de la r\u00e9pression envers les libert\u00e9s et les opposants politiques en Tunisie \u00e9tait incompatible avec les valeurs de l\u2019Union europ\u00e9enne (UE). La Commission et le Conseil europ\u00e9ens tardent \u00e0 prendre des positions fermes \u00e0 ce sujet, estimes ces parlementaires.<\/p>\n\n\n\n<p>Les d\u00e9put\u00e9s d\u00e9noncent \u00ab<em>l\u2019obsession europ\u00e9enne \u00e0 obtenir la coop\u00e9ration migratoire<\/em>\u00bb, selon leurs mots, dans un contexte de d\u00e9t\u00e9rioration pour les libert\u00e9s.&nbsp;<\/p>\n\n\n\n<p>Leur conf\u00e9rence de presse intervient dans un contexte politique o\u00f9 plus d\u2019une trentaine d\u2019opposants sont\u00a0toujours en d\u00e9tention. De nombreuses familles d\u2019opposants politiques d\u00e9noncent la prolongation de leur d\u00e9tention sans date de proc\u00e8s et des mauvais traitements qui leur sont inflig\u00e9s dans les cellules. Ils ont d\u2019ailleurs organis\u00e9 un sit-in pour exiger leur lib\u00e9ration aujourd\u2019hui, jeudi 13 juillet, devant la chambre d\u2019appel de Tunis.<\/p>\n\n\n\n<p class=\"has-text-align-right\"><strong>I. B.<\/strong><\/p>\n\n\n\n<figure class=\"wp-block-gallery aligncenter has-nested-images columns-default is-cropped wp-block-gallery-1 is-layout-flex wp-block-gallery-is-layout-flex\">\n<figure class=\"wp-block-image size-large\"><img loading=\"lazy\" decoding=\"async\" width=\"1024\" height=\"538\" data-id=\"8812253\" src=\"https:\/\/kapitalis.com\/tunisie\/wp-content\/uploads\/2023\/07\/Familles-Detenus-politiques-1-1-1024x538.jpg\" alt=\"\" class=\"wp-image-8812253\" srcset=\"https:\/\/kapitalis.com\/tunisie\/wp-content\/uploads\/2023\/07\/Familles-Detenus-politiques-1-1-1024x538.jpg 1024w, https:\/\/kapitalis.com\/tunisie\/wp-content\/uploads\/2023\/07\/Familles-Detenus-politiques-1-1-300x158.jpg 300w, https:\/\/kapitalis.com\/tunisie\/wp-content\/uploads\/2023\/07\/Familles-Detenus-politiques-1-1-768x403.jpg 768w, https:\/\/kapitalis.com\/tunisie\/wp-content\/uploads\/2023\/07\/Familles-Detenus-politiques-1-1-580x305.jpg 580w, https:\/\/kapitalis.com\/tunisie\/wp-content\/uploads\/2023\/07\/Familles-Detenus-politiques-1-1-860x452.jpg 860w, https:\/\/kapitalis.com\/tunisie\/wp-content\/uploads\/2023\/07\/Familles-Detenus-politiques-1-1-1160x609.jpg 1160w, https:\/\/kapitalis.com\/tunisie\/wp-content\/uploads\/2023\/07\/Familles-Detenus-politiques-1-1.jpg 1200w\" sizes=\"auto, (max-width: 1024px) 100vw, 1024px\" \/><\/figure>\n\n\n\n<figure class=\"wp-block-image size-large\"><img loading=\"lazy\" decoding=\"async\" width=\"1024\" height=\"538\" data-id=\"8812250\" src=\"https:\/\/kapitalis.com\/tunisie\/wp-content\/uploads\/2023\/07\/Familles-Detenus-politiques-1-1024x538.jpg\" alt=\"\" class=\"wp-image-8812250\" srcset=\"https:\/\/kapitalis.com\/tunisie\/wp-content\/uploads\/2023\/07\/Familles-Detenus-politiques-1-1024x538.jpg 1024w, https:\/\/kapitalis.com\/tunisie\/wp-content\/uploads\/2023\/07\/Familles-Detenus-politiques-1-300x158.jpg 300w, https:\/\/kapitalis.com\/tunisie\/wp-content\/uploads\/2023\/07\/Familles-Detenus-politiques-1-768x403.jpg 768w, https:\/\/kapitalis.com\/tunisie\/wp-content\/uploads\/2023\/07\/Familles-Detenus-politiques-1-580x305.jpg 580w, https:\/\/kapitalis.com\/tunisie\/wp-content\/uploads\/2023\/07\/Familles-Detenus-politiques-1-860x452.jpg 860w, https:\/\/kapitalis.com\/tunisie\/wp-content\/uploads\/2023\/07\/Familles-Detenus-politiques-1-1160x609.jpg 1160w, https:\/\/kapitalis.com\/tunisie\/wp-content\/uploads\/2023\/07\/Familles-Detenus-politiques-1.jpg 1200w\" sizes=\"auto, (max-width: 1024px) 100vw, 1024px\" \/><\/figure>\n<\/figure>\n\n\n\n<p class=\"has-text-align-right\"> <\/p>\n\n\n\n<figure class=\"wp-block-embed is-type-wp-embed is-provider-kapitalis wp-block-embed-kapitalis\"><div class=\"wp-block-embed__wrapper\">\n<blockquote class=\"wp-embedded-content\" data-secret=\"exvFu1WGH3\"><a href=\"https:\/\/kapitalis.com\/tunisie\/2023\/07\/12\/tunisie-des-ong-demandent-la-liberation-des-detenus-politiques\/\">Tunisie\u00a0: des Ong demandent la lib\u00e9ration des d\u00e9tenus politiques<\/a><\/blockquote><iframe loading=\"lazy\" class=\"wp-embedded-content\" sandbox=\"allow-scripts\" security=\"restricted\" style=\"position: absolute; clip: rect(1px, 1px, 1px, 1px);\" title=\"\u00ab\u00a0Tunisie\u00a0: des Ong demandent la lib\u00e9ration des d\u00e9tenus politiques\u00a0\u00bb &#8212; Kapitalis\" src=\"https:\/\/kapitalis.com\/tunisie\/2023\/07\/12\/tunisie-des-ong-demandent-la-liberation-des-detenus-politiques\/embed\/#?secret=m6tfGV3Ino#?secret=exvFu1WGH3\" data-secret=\"exvFu1WGH3\" width=\"600\" height=\"338\" frameborder=\"0\" marginwidth=\"0\" marginheight=\"0\" scrolling=\"no\"><\/iframe>\n<\/div><\/figure>\n","protected":false},"excerpt":{"rendered":"<p>Cinq d\u00e9put\u00e9s europ\u00e9ens ont d\u00e9nonc\u00e9 les atteintes \u00e0 la libert\u00e9 d\u2019expression et les d\u00e9tentions d\u2019opposants politiques en Tunisie.<\/p>\n","protected":false},"author":8,"featured_media":8812233,"comment_status":"open","ping_status":"open","sticky":false,"template":"","format":"standard","meta":{"footnotes":""},"categories":[997,2433],"tags":[87054,107644,62643,937],"class_list":["post-8812120","post","type-post","status-publish","format-standard","has-post-thumbnail","hentry","category-politique","category-tunisie","tag-deputes-europeens","tag-detenus-politiques","tag-tunisie","tag-union-europeenne"],"yoast_head":"<!-- This site is optimized with the Yoast SEO plugin v26.6 - https:\/\/yoast.com\/wordpress\/plugins\/seo\/ -->\n<title>Des eurod\u00e9put\u00e9s d\u00e9noncent la d\u00e9tention d\u2019opposants politiques en Tunisie - Kapitalis<\/title>\n<meta name=\"robots\" content=\"index, follow, max-snippet:-1, max-image-preview:large, max-video-preview:-1\" \/>\n<link rel=\"canonical\" href=\"https:\/\/kapitalis.com\/tunisie\/2023\/07\/13\/des-eurodeputes-denoncent-la-detention-dopposants-politiques-en-tunisie\/\" \/>\n<meta property=\"og:locale\" content=\"fr_FR\" \/>\n<meta property=\"og:type\" content=\"article\" \/>\n<meta property=\"og:title\" content=\"Des eurod\u00e9put\u00e9s d\u00e9noncent la d\u00e9tention d\u2019opposants politiques en Tunisie - Kapitalis\" \/>\n<meta property=\"og:description\" content=\"Cinq d\u00e9put\u00e9s europ\u00e9ens ont d\u00e9nonc\u00e9 les atteintes \u00e0 la libert\u00e9 d\u2019expression et les d\u00e9tentions d\u2019opposants politiques en Tunisie.\" \/>\n<meta property=\"og:url\" content=\"https:\/\/kapitalis.com\/tunisie\/2023\/07\/13\/des-eurodeputes-denoncent-la-detention-dopposants-politiques-en-tunisie\/\" \/>\n<meta property=\"og:site_name\" content=\"Kapitalis\" \/>\n<meta property=\"article:publisher\" content=\"https:\/\/www.facebook.com\/KapitalisInfo\/\" \/>\n<meta property=\"article:published_time\" content=\"2023-07-13T11:49:05+00:00\" \/>\n<meta property=\"article:modified_time\" content=\"2023-07-13T11:49:06+00:00\" \/>\n<meta property=\"og:image\" content=\"https:\/\/kapitalis.com\/tunisie\/wp-content\/uploads\/2023\/07\/Familles-Detenus-politiques-2.jpg\" \/>\n\t<meta property=\"og:image:width\" content=\"1200\" \/>\n\t<meta property=\"og:image:height\" content=\"630\" \/>\n\t<meta property=\"og:image:type\" content=\"image\/jpeg\" \/>\n<meta name=\"author\" content=\"webmaster kapitalis\" \/>\n<meta name=\"twitter:card\" content=\"summary_large_image\" \/>\n<meta name=\"twitter:creator\" content=\"@KapitalisInfo\" \/>\n<meta name=\"twitter:site\" content=\"@KapitalisInfo\" \/>\n<meta name=\"twitter:label1\" content=\"\u00c9crit par\" \/>\n\t<meta name=\"twitter:data1\" content=\"webmaster kapitalis\" \/>\n\t<meta name=\"twitter:label2\" content=\"Dur\u00e9e de lecture estim\u00e9e\" \/>\n\t<meta name=\"twitter:data2\" content=\"2 minutes\" \/>\n<script type=\"application\/ld+json\" class=\"yoast-schema-graph\">{\"@context\":\"https:\/\/schema.org\",\"@graph\":[{\"@type\":\"Article\",\"@id\":\"https:\/\/kapitalis.com\/tunisie\/2023\/07\/13\/des-eurodeputes-denoncent-la-detention-dopposants-politiques-en-tunisie\/#article\",\"isPartOf\":{\"@id\":\"https:\/\/kapitalis.com\/tunisie\/2023\/07\/13\/des-eurodeputes-denoncent-la-detention-dopposants-politiques-en-tunisie\/\"},\"author\":{\"name\":\"webmaster kapitalis\",\"@id\":\"https:\/\/kapitalis.com\/tunisie\/#\/schema\/person\/d71f33a9ca44f7bad4698210b480c8e9\"},\"headline\":\"Des eurod\u00e9put\u00e9s d\u00e9noncent la d\u00e9tention d\u2019opposants politiques en Tunisie\",\"datePublished\":\"2023-07-13T11:49:05+00:00\",\"dateModified\":\"2023-07-13T11:49:06+00:00\",\"mainEntityOfPage\":{\"@id\":\"https:\/\/kapitalis.com\/tunisie\/2023\/07\/13\/des-eurodeputes-denoncent-la-detention-dopposants-politiques-en-tunisie\/\"},\"wordCount\":239,\"commentCount\":2,\"publisher\":{\"@id\":\"https:\/\/kapitalis.com\/tunisie\/#organization\"},\"image\":{\"@id\":\"https:\/\/kapitalis.com\/tunisie\/2023\/07\/13\/des-eurodeputes-denoncent-la-detention-dopposants-politiques-en-tunisie\/#primaryimage\"},\"thumbnailUrl\":\"https:\/\/kapitalis.com\/tunisie\/wp-content\/uploads\/2023\/07\/Familles-Detenus-politiques-2.jpg\",\"keywords\":[\"d\u00e9put\u00e9s europ\u00e9ens\",\"d\u00e9tenus politiques\",\"Tunisie\",\"Union europ\u00e9enne\"],\"articleSection\":[\"POLITIQUE\",\"Tunisie\"],\"inLanguage\":\"fr-FR\",\"potentialAction\":[{\"@type\":\"CommentAction\",\"name\":\"Comment\",\"target\":[\"https:\/\/kapitalis.com\/tunisie\/2023\/07\/13\/des-eurodeputes-denoncent-la-detention-dopposants-politiques-en-tunisie\/#respond\"]}]},{\"@type\":\"WebPage\",\"@id\":\"https:\/\/kapitalis.com\/tunisie\/2023\/07\/13\/des-eurodeputes-denoncent-la-detention-dopposants-politiques-en-tunisie\/\",\"url\":\"https:\/\/kapitalis.com\/tunisie\/2023\/07\/13\/des-eurodeputes-denoncent-la-detention-dopposants-politiques-en-tunisie\/\",\"name\":\"Des eurod\u00e9put\u00e9s d\u00e9noncent la d\u00e9tention d\u2019opposants politiques en Tunisie - Kapitalis\",\"isPartOf\":{\"@id\":\"https:\/\/kapitalis.com\/tunisie\/#website\"},\"primaryImageOfPage\":{\"@id\":\"https:\/\/kapitalis.com\/tunisie\/2023\/07\/13\/des-eurodeputes-denoncent-la-detention-dopposants-politiques-en-tunisie\/#primaryimage\"},\"image\":{\"@id\":\"https:\/\/kapitalis.com\/tunisie\/2023\/07\/13\/des-eurodeputes-denoncent-la-detention-dopposants-politiques-en-tunisie\/#primaryimage\"},\"thumbnailUrl\":\"https:\/\/kapitalis.com\/tunisie\/wp-content\/uploads\/2023\/07\/Familles-Detenus-politiques-2.jpg\",\"datePublished\":\"2023-07-13T11:49:05+00:00\",\"dateModified\":\"2023-07-13T11:49:06+00:00\",\"breadcrumb\":{\"@id\":\"https:\/\/kapitalis.com\/tunisie\/2023\/07\/13\/des-eurodeputes-denoncent-la-detention-dopposants-politiques-en-tunisie\/#breadcrumb\"},\"inLanguage\":\"fr-FR\",\"potentialAction\":[{\"@type\":\"ReadAction\",\"target\":[\"https:\/\/kapitalis.com\/tunisie\/2023\/07\/13\/des-eurodeputes-denoncent-la-detention-dopposants-politiques-en-tunisie\/\"]}]},{\"@type\":\"ImageObject\",\"inLanguage\":\"fr-FR\",\"@id\":\"https:\/\/kapitalis.com\/tunisie\/2023\/07\/13\/des-eurodeputes-denoncent-la-detention-dopposants-politiques-en-tunisie\/#primaryimage\",\"url\":\"https:\/\/kapitalis.com\/tunisie\/wp-content\/uploads\/2023\/07\/Familles-Detenus-politiques-2.jpg\",\"contentUrl\":\"https:\/\/kapitalis.com\/tunisie\/wp-content\/uploads\/2023\/07\/Familles-Detenus-politiques-2.jpg\",\"width\":1200,\"height\":630},{\"@type\":\"BreadcrumbList\",\"@id\":\"https:\/\/kapitalis.com\/tunisie\/2023\/07\/13\/des-eurodeputes-denoncent-la-detention-dopposants-politiques-en-tunisie\/#breadcrumb\",\"itemListElement\":[{\"@type\":\"ListItem\",\"position\":1,\"name\":\"Accueil\",\"item\":\"https:\/\/kapitalis.com\/tunisie\/\"},{\"@type\":\"ListItem\",\"position\":2,\"name\":\"Des eurod\u00e9put\u00e9s d\u00e9noncent la d\u00e9tention d\u2019opposants politiques en Tunisie\"}]},{\"@type\":\"WebSite\",\"@id\":\"https:\/\/kapitalis.com\/tunisie\/#website\",\"url\":\"https:\/\/kapitalis.com\/tunisie\/\",\"name\":\"Kapitalis\",\"description\":\"L&#039;actualit\u00e9 en Tunisie et dans le monde\",\"publisher\":{\"@id\":\"https:\/\/kapitalis.com\/tunisie\/#organization\"},\"potentialAction\":[{\"@type\":\"SearchAction\",\"target\":{\"@type\":\"EntryPoint\",\"urlTemplate\":\"https:\/\/kapitalis.com\/tunisie\/?s={search_term_string}\"},\"query-input\":{\"@type\":\"PropertyValueSpecification\",\"valueRequired\":true,\"valueName\":\"search_term_string\"}}],\"inLanguage\":\"fr-FR\"},{\"@type\":\"Organization\",\"@id\":\"https:\/\/kapitalis.com\/tunisie\/#organization\",\"name\":\"Kapitalis\",\"url\":\"https:\/\/kapitalis.com\/tunisie\/\",\"logo\":{\"@type\":\"ImageObject\",\"inLanguage\":\"fr-FR\",\"@id\":\"https:\/\/kapitalis.com\/tunisie\/#\/schema\/logo\/image\/\",\"url\":\"https:\/\/kapitalis.com\/tunisie\/wp-content\/uploads\/2022\/05\/Kapitalis-big-size.png\",\"contentUrl\":\"https:\/\/kapitalis.com\/tunisie\/wp-content\/uploads\/2022\/05\/Kapitalis-big-size.png\",\"width\":5000,\"height\":1500,\"caption\":\"Kapitalis\"},\"image\":{\"@id\":\"https:\/\/kapitalis.com\/tunisie\/#\/schema\/logo\/image\/\"},\"sameAs\":[\"https:\/\/www.facebook.com\/KapitalisInfo\/\",\"https:\/\/x.com\/KapitalisInfo\",\"https:\/\/www.youtube.com\/channel\/UC-yDYrHyfFBWWZaOw3FPg9Q\"]},{\"@type\":\"Person\",\"@id\":\"https:\/\/kapitalis.com\/tunisie\/#\/schema\/person\/d71f33a9ca44f7bad4698210b480c8e9\",\"name\":\"webmaster kapitalis\",\"url\":\"https:\/\/kapitalis.com\/tunisie\/author\/webmaster-kapitalis\/\"}]}<\/script>\n<!-- \/ Yoast SEO plugin. -->","yoast_head_json":{"title":"Des eurod\u00e9put\u00e9s d\u00e9noncent la d\u00e9tention d\u2019opposants politiques en Tunisie - Kapitalis","robots":{"index":"index","follow":"follow","max-snippet":"max-snippet:-1","max-image-preview":"max-image-preview:large","max-video-preview":"max-video-preview:-1"},"canonical":"https:\/\/kapitalis.com\/tunisie\/2023\/07\/13\/des-eurodeputes-denoncent-la-detention-dopposants-politiques-en-tunisie\/","og_locale":"fr_FR","og_type":"article","og_title":"Des eurod\u00e9put\u00e9s d\u00e9noncent la d\u00e9tention d\u2019opposants politiques en Tunisie - Kapitalis","og_description":"Cinq d\u00e9put\u00e9s europ\u00e9ens ont d\u00e9nonc\u00e9 les atteintes \u00e0 la libert\u00e9 d\u2019expression et les d\u00e9tentions d\u2019opposants politiques en Tunisie.","og_url":"https:\/\/kapitalis.com\/tunisie\/2023\/07\/13\/des-eurodeputes-denoncent-la-detention-dopposants-politiques-en-tunisie\/","og_site_name":"Kapitalis","article_publisher":"https:\/\/www.facebook.com\/KapitalisInfo\/","article_published_time":"2023-07-13T11:49:05+00:00","article_modified_time":"2023-07-13T11:49:06+00:00","og_image":[{"width":1200,"height":630,"url":"https:\/\/kapitalis.com\/tunisie\/wp-content\/uploads\/2023\/07\/Familles-Detenus-politiques-2.jpg","type":"image\/jpeg"}],"author":"webmaster kapitalis","twitter_card":"summary_large_image","twitter_creator":"@KapitalisInfo","twitter_site":"@KapitalisInfo","twitter_misc":{"\u00c9crit par":"webmaster kapitalis","Dur\u00e9e de lecture estim\u00e9e":"2 minutes"},"schema":{"@context":"https:\/\/schema.org","@graph":[{"@type":"Article","@id":"https:\/\/kapitalis.com\/tunisie\/2023\/07\/13\/des-eurodeputes-denoncent-la-detention-dopposants-politiques-en-tunisie\/#article","isPartOf":{"@id":"https:\/\/kapitalis.com\/tunisie\/2023\/07\/13\/des-eurodeputes-denoncent-la-detention-dopposants-politiques-en-tunisie\/"},"author":{"name":"webmaster kapitalis","@id":"https:\/\/kapitalis.com\/tunisie\/#\/schema\/person\/d71f33a9ca44f7bad4698210b480c8e9"},"headline":"Des eurod\u00e9put\u00e9s d\u00e9noncent la d\u00e9tention d\u2019opposants politiques en Tunisie","datePublished":"2023-07-13T11:49:05+00:00","dateModified":"2023-07-13T11:49:06+00:00","mainEntityOfPage":{"@id":"https:\/\/kapitalis.com\/tunisie\/2023\/07\/13\/des-eurodeputes-denoncent-la-detention-dopposants-politiques-en-tunisie\/"},"wordCount":239,"commentCount":2,"publisher":{"@id":"https:\/\/kapitalis.com\/tunisie\/#organization"},"image":{"@id":"https:\/\/kapitalis.com\/tunisie\/2023\/07\/13\/des-eurodeputes-denoncent-la-detention-dopposants-politiques-en-tunisie\/#primaryimage"},"thumbnailUrl":"https:\/\/kapitalis.com\/tunisie\/wp-content\/uploads\/2023\/07\/Familles-Detenus-politiques-2.jpg","keywords":["d\u00e9put\u00e9s europ\u00e9ens","d\u00e9tenus politiques","Tunisie","Union europ\u00e9enne"],"articleSection":["POLITIQUE","Tunisie"],"inLanguage":"fr-FR","potentialAction":[{"@type":"CommentAction","name":"Comment","target":["https:\/\/kapitalis.com\/tunisie\/2023\/07\/13\/des-eurodeputes-denoncent-la-detention-dopposants-politiques-en-tunisie\/#respond"]}]},{"@type":"WebPage","@id":"https:\/\/kapitalis.com\/tunisie\/2023\/07\/13\/des-eurodeputes-denoncent-la-detention-dopposants-politiques-en-tunisie\/","url":"https:\/\/kapitalis.com\/tunisie\/2023\/07\/13\/des-eurodeputes-denoncent-la-detention-dopposants-politiques-en-tunisie\/","name":"Des eurod\u00e9put\u00e9s d\u00e9noncent la d\u00e9tention d\u2019opposants politiques en Tunisie - Kapitalis","isPartOf":{"@id":"https:\/\/kapitalis.com\/tunisie\/#website"},"primaryImageOfPage":{"@id":"https:\/\/kapitalis.com\/tunisie\/2023\/07\/13\/des-eurodeputes-denoncent-la-detention-dopposants-politiques-en-tunisie\/#primaryimage"},"image":{"@id":"https:\/\/kapitalis.com\/tunisie\/2023\/07\/13\/des-eurodeputes-denoncent-la-detention-dopposants-politiques-en-tunisie\/#primaryimage"},"thumbnailUrl":"https:\/\/kapitalis.com\/tunisie\/wp-content\/uploads\/2023\/07\/Familles-Detenus-politiques-2.jpg","datePublished":"2023-07-13T11:49:05+00:00","dateModified":"2023-07-13T11:49:06+00:00","breadcrumb":{"@id":"https:\/\/kapitalis.com\/tunisie\/2023\/07\/13\/des-eurodeputes-denoncent-la-detention-dopposants-politiques-en-tunisie\/#breadcrumb"},"inLanguage":"fr-FR","potentialAction":[{"@type":"ReadAction","target":["https:\/\/kapitalis.com\/tunisie\/2023\/07\/13\/des-eurodeputes-denoncent-la-detention-dopposants-politiques-en-tunisie\/"]}]},{"@type":"ImageObject","inLanguage":"fr-FR","@id":"https:\/\/kapitalis.com\/tunisie\/2023\/07\/13\/des-eurodeputes-denoncent-la-detention-dopposants-politiques-en-tunisie\/#primaryimage","url":"https:\/\/kapitalis.com\/tunisie\/wp-content\/uploads\/2023\/07\/Familles-Detenus-politiques-2.jpg","contentUrl":"https:\/\/kapitalis.com\/tunisie\/wp-content\/uploads\/2023\/07\/Familles-Detenus-politiques-2.jpg","width":1200,"height":630},{"@type":"BreadcrumbList","@id":"https:\/\/kapitalis.com\/tunisie\/2023\/07\/13\/des-eurodeputes-denoncent-la-detention-dopposants-politiques-en-tunisie\/#breadcrumb","itemListElement":[{"@type":"ListItem","position":1,"name":"Accueil","item":"https:\/\/kapitalis.com\/tunisie\/"},{"@type":"ListItem","position":2,"name":"Des eurod\u00e9put\u00e9s d\u00e9noncent la d\u00e9tention d\u2019opposants politiques en Tunisie"}]},{"@type":"WebSite","@id":"https:\/\/kapitalis.com\/tunisie\/#website","url":"https:\/\/kapitalis.com\/tunisie\/","name":"Kapitalis","description":"L&#039;actualit\u00e9 en Tunisie et dans le monde","publisher":{"@id":"https:\/\/kapitalis.com\/tunisie\/#organization"},"potentialAction":[{"@type":"SearchAction","target":{"@type":"EntryPoint","urlTemplate":"https:\/\/kapitalis.com\/tunisie\/?s={search_term_string}"},"query-input":{"@type":"PropertyValueSpecification","valueRequired":true,"valueName":"search_term_string"}}],"inLanguage":"fr-FR"},{"@type":"Organization","@id":"https:\/\/kapitalis.com\/tunisie\/#organization","name":"Kapitalis","url":"https:\/\/kapitalis.com\/tunisie\/","logo":{"@type":"ImageObject","inLanguage":"fr-FR","@id":"https:\/\/kapitalis.com\/tunisie\/#\/schema\/logo\/image\/","url":"https:\/\/kapitalis.com\/tunisie\/wp-content\/uploads\/2022\/05\/Kapitalis-big-size.png","contentUrl":"https:\/\/kapitalis.com\/tunisie\/wp-content\/uploads\/2022\/05\/Kapitalis-big-size.png","width":5000,"height":1500,"caption":"Kapitalis"},"image":{"@id":"https:\/\/kapitalis.com\/tunisie\/#\/schema\/logo\/image\/"},"sameAs":["https:\/\/www.facebook.com\/KapitalisInfo\/","https:\/\/x.com\/KapitalisInfo","https:\/\/www.youtube.com\/channel\/UC-yDYrHyfFBWWZaOw3FPg9Q"]},{"@type":"Person","@id":"https:\/\/kapitalis.com\/tunisie\/#\/schema\/person\/d71f33a9ca44f7bad4698210b480c8e9","name":"webmaster kapitalis","url":"https:\/\/kapitalis.com\/tunisie\/author\/webmaster-kapitalis\/"}]}},"_links":{"self":[{"href":"https:\/\/kapitalis.com\/tunisie\/wp-json\/wp\/v2\/posts\/8812120","targetHints":{"allow":["GET"]}}],"collection":[{"href":"https:\/\/kapitalis.com\/tunisie\/wp-json\/wp\/v2\/posts"}],"about":[{"href":"https:\/\/kapitalis.com\/tunisie\/wp-json\/wp\/v2\/types\/post"}],"author":[{"embeddable":true,"href":"https:\/\/kapitalis.com\/tunisie\/wp-json\/wp\/v2\/users\/8"}],"replies":[{"embeddable":true,"href":"https:\/\/kapitalis.com\/tunisie\/wp-json\/wp\/v2\/comments?post=8812120"}],"version-history":[{"count":1,"href":"https:\/\/kapitalis.com\/tunisie\/wp-json\/wp\/v2\/posts\/8812120\/revisions"}],"predecessor-version":[{"id":8812282,"href":"https:\/\/kapitalis.com\/tunisie\/wp-json\/wp\/v2\/posts\/8812120\/revisions\/8812282"}],"wp:featuredmedia":[{"embeddable":true,"href":"https:\/\/kapitalis.com\/tunisie\/wp-json\/wp\/v2\/media\/8812233"}],"wp:attachment":[{"href":"https:\/\/kapitalis.com\/tunisie\/wp-json\/wp\/v2\/media?parent=8812120"}],"wp:term":[{"taxonomy":"category","embeddable":true,"href":"https:\/\/kapitalis.com\/tunisie\/wp-json\/wp\/v2\/categories?post=8812120"},{"taxonomy":"post_tag","embeddable":true,"href":"https:\/\/kapitalis.com\/tunisie\/wp-json\/wp\/v2\/tags?post=8812120"}],"curies":[{"name":"wp","href":"https:\/\/api.w.org\/{rel}","templated":true}]}}