{"id":88142,"date":"2017-03-24T13:39:11","date_gmt":"2017-03-24T12:39:11","guid":{"rendered":"http:\/\/kapitalis.com\/tunisie\/?p=88142"},"modified":"2017-03-24T13:43:24","modified_gmt":"2017-03-24T12:43:24","slug":"loi-de-reconciliation-abbou-appelle-les-tunisiens-a-la-desobeissance","status":"publish","type":"post","link":"https:\/\/kapitalis.com\/tunisie\/2017\/03\/24\/loi-de-reconciliation-abbou-appelle-les-tunisiens-a-la-desobeissance\/","title":{"rendered":"Loi de r\u00e9conciliation\u00a0: Abbou appelle les Tunisiens \u00e0 la d\u00e9sob\u00e9issance"},"content":{"rendered":"<p style=\"text-align: center;\"><img loading=\"lazy\" decoding=\"async\" class=\"alignnone size-full wp-image-9341\" src=\"http:\/\/kapitalis.com\/tunisie\/wp-content\/uploads\/2015\/08\/Mohamed-Abbou.jpg\" alt=\"\" width=\"626\" height=\"380\" \/><\/p>\n<p><em><strong>Mohamed Abbou, le fondateur d\u2019Attayar (Courant d\u00e9mocratique), appelle \u00e0 la d\u00e9sob\u00e9issance si la loi de r\u00e9conciliation \u00e9conomique est promulgu\u00e9e.<\/strong><\/em><\/p>\n<p><!--more--><\/p>\n<p>Intervenant dans la soir\u00e9e du jeudi 23 mars 2017,\u00a0sur la cha\u00eene Al-Wataniya 1, pour parler de la loi de r\u00e9conciliation \u00e9conomique et financi\u00e8re propos\u00e9e par la pr\u00e9sidence de la r\u00e9publique au vote de l&rsquo;Assembl\u00e9e des repr\u00e9sentants du peuple (ARP), l\u2019avocat Mohamed Abbou a appel\u00e9 les citoyens \u00e0 s\u2019insurger contre l\u2019Etat si cette loi\u00a0est vot\u00e9e.<\/p>\n<p>\u00ab<em>Avec le vote de la loi de r\u00e9conciliation, c\u2019est l\u2019annonce officielle de la fin de la r\u00e9volution. Si cette loi passe, les Tunisiens sont appel\u00e9s \u00e0 la d\u00e9sob\u00e9issance civile<\/em>\u00bb, a-t-il poursuivi, en soulignant que cette loi cherche \u00e0 contourner la justice transitionnelle, incarn\u00e9e par l&rsquo;Instance V\u00e9rit\u00e9 et Dignit\u00e9 (IVD).<\/p>\n<p>Si le gouvernement ne respecte pas la constitution, les citoyens n\u2019ont pas \u00e9galement \u00e0 la respecter, a-t-il poursuivi.<\/p>\n<p style=\"text-align: right;\"><strong>Z. A.\u00a0<\/strong><\/p>\n","protected":false},"excerpt":{"rendered":"<p>Mohamed Abbou, le fondateur d\u2019Attayar (Courant d\u00e9mocratique), appelle \u00e0 la d\u00e9sob\u00e9issance si la loi de r\u00e9conciliation \u00e9conomique est promulgu\u00e9e.<\/p>\n","protected":false},"author":7,"featured_media":0,"comment_status":"open","ping_status":"open","sticky":false,"template":"","format":"standard","meta":{"footnotes":""},"categories":[997,2433],"tags":[15519,2575,1794,5228,1773,4416,5906],"class_list":["post-88142","post","type-post","status-publish","format-standard","hentry","category-politique","category-tunisie","tag-attayar","tag-courant-democratique","tag-instance-verite-et-dignite","tag-ivd","tag-justice-transitionnelle","tag-mohamed-abbou","tag-reconciliation-economique-et-financiere"],"yoast_head":"<!-- This site is optimized with the Yoast SEO plugin v26.6 - https:\/\/yoast.com\/wordpress\/plugins\/seo\/ -->\n<title>Loi de r\u00e9conciliation\u00a0: Abbou appelle les Tunisiens \u00e0 la d\u00e9sob\u00e9issance - Kapitalis<\/title>\n<meta name=\"robots\" content=\"index, follow, max-snippet:-1, max-image-preview:large, max-video-preview:-1\" \/>\n<link rel=\"canonical\" href=\"https:\/\/kapitalis.com\/tunisie\/2017\/03\/24\/loi-de-reconciliation-abbou-appelle-les-tunisiens-a-la-desobeissance\/\" \/>\n<meta property=\"og:locale\" content=\"fr_FR\" \/>\n<meta property=\"og:type\" content=\"article\" \/>\n<meta property=\"og:title\" content=\"Loi de r\u00e9conciliation\u00a0: Abbou appelle les Tunisiens \u00e0 la d\u00e9sob\u00e9issance - Kapitalis\" \/>\n<meta property=\"og:description\" content=\"Mohamed Abbou, le fondateur d\u2019Attayar (Courant d\u00e9mocratique), appelle \u00e0 la d\u00e9sob\u00e9issance si la loi de r\u00e9conciliation \u00e9conomique est promulgu\u00e9e.\" \/>\n<meta property=\"og:url\" content=\"https:\/\/kapitalis.com\/tunisie\/2017\/03\/24\/loi-de-reconciliation-abbou-appelle-les-tunisiens-a-la-desobeissance\/\" \/>\n<meta property=\"og:site_name\" content=\"Kapitalis\" \/>\n<meta property=\"article:publisher\" content=\"https:\/\/www.facebook.com\/KapitalisInfo\/\" \/>\n<meta property=\"article:published_time\" content=\"2017-03-24T12:39:11+00:00\" \/>\n<meta property=\"article:modified_time\" content=\"2017-03-24T12:43:24+00:00\" \/>\n<meta property=\"og:image\" content=\"http:\/\/kapitalis.com\/tunisie\/wp-content\/uploads\/2015\/08\/Mohamed-Abbou.jpg\" \/>\n<meta name=\"author\" content=\"zohra abid\" \/>\n<meta name=\"twitter:card\" content=\"summary_large_image\" \/>\n<meta name=\"twitter:creator\" content=\"@KapitalisInfo\" \/>\n<meta name=\"twitter:site\" content=\"@KapitalisInfo\" \/>\n<meta name=\"twitter:label1\" content=\"\u00c9crit par\" \/>\n\t<meta name=\"twitter:data1\" content=\"zohra abid\" \/>\n\t<meta name=\"twitter:label2\" content=\"Dur\u00e9e de lecture estim\u00e9e\" \/>\n\t<meta name=\"twitter:data2\" content=\"1 minute\" \/>\n<script type=\"application\/ld+json\" class=\"yoast-schema-graph\">{\"@context\":\"https:\/\/schema.org\",\"@graph\":[{\"@type\":\"Article\",\"@id\":\"https:\/\/kapitalis.com\/tunisie\/2017\/03\/24\/loi-de-reconciliation-abbou-appelle-les-tunisiens-a-la-desobeissance\/#article\",\"isPartOf\":{\"@id\":\"https:\/\/kapitalis.com\/tunisie\/2017\/03\/24\/loi-de-reconciliation-abbou-appelle-les-tunisiens-a-la-desobeissance\/\"},\"author\":{\"name\":\"zohra abid\",\"@id\":\"https:\/\/kapitalis.com\/tunisie\/#\/schema\/person\/6fc2988ceb6eacf6836db1d8360b4912\"},\"headline\":\"Loi de r\u00e9conciliation\u00a0: Abbou appelle les Tunisiens \u00e0 la d\u00e9sob\u00e9issance\",\"datePublished\":\"2017-03-24T12:39:11+00:00\",\"dateModified\":\"2017-03-24T12:43:24+00:00\",\"mainEntityOfPage\":{\"@id\":\"https:\/\/kapitalis.com\/tunisie\/2017\/03\/24\/loi-de-reconciliation-abbou-appelle-les-tunisiens-a-la-desobeissance\/\"},\"wordCount\":177,\"commentCount\":5,\"publisher\":{\"@id\":\"https:\/\/kapitalis.com\/tunisie\/#organization\"},\"image\":{\"@id\":\"https:\/\/kapitalis.com\/tunisie\/2017\/03\/24\/loi-de-reconciliation-abbou-appelle-les-tunisiens-a-la-desobeissance\/#primaryimage\"},\"thumbnailUrl\":\"http:\/\/kapitalis.com\/tunisie\/wp-content\/uploads\/2015\/08\/Mohamed-Abbou.jpg\",\"keywords\":[\"Attayar\",\"Courant d\u00e9mocratique\",\"Instance V\u00e9rit\u00e9 et Dignit\u00e9\",\"IVD\",\"justice transitionnelle\",\"Mohamed Abbou\",\"r\u00e9conciliation \u00e9conomique et financi\u00e8re\"],\"articleSection\":[\"POLITIQUE\",\"Tunisie\"],\"inLanguage\":\"fr-FR\",\"potentialAction\":[{\"@type\":\"CommentAction\",\"name\":\"Comment\",\"target\":[\"https:\/\/kapitalis.com\/tunisie\/2017\/03\/24\/loi-de-reconciliation-abbou-appelle-les-tunisiens-a-la-desobeissance\/#respond\"]}]},{\"@type\":\"WebPage\",\"@id\":\"https:\/\/kapitalis.com\/tunisie\/2017\/03\/24\/loi-de-reconciliation-abbou-appelle-les-tunisiens-a-la-desobeissance\/\",\"url\":\"https:\/\/kapitalis.com\/tunisie\/2017\/03\/24\/loi-de-reconciliation-abbou-appelle-les-tunisiens-a-la-desobeissance\/\",\"name\":\"Loi de r\u00e9conciliation\u00a0: Abbou appelle les Tunisiens \u00e0 la d\u00e9sob\u00e9issance - Kapitalis\",\"isPartOf\":{\"@id\":\"https:\/\/kapitalis.com\/tunisie\/#website\"},\"primaryImageOfPage\":{\"@id\":\"https:\/\/kapitalis.com\/tunisie\/2017\/03\/24\/loi-de-reconciliation-abbou-appelle-les-tunisiens-a-la-desobeissance\/#primaryimage\"},\"image\":{\"@id\":\"https:\/\/kapitalis.com\/tunisie\/2017\/03\/24\/loi-de-reconciliation-abbou-appelle-les-tunisiens-a-la-desobeissance\/#primaryimage\"},\"thumbnailUrl\":\"http:\/\/kapitalis.com\/tunisie\/wp-content\/uploads\/2015\/08\/Mohamed-Abbou.jpg\",\"datePublished\":\"2017-03-24T12:39:11+00:00\",\"dateModified\":\"2017-03-24T12:43:24+00:00\",\"breadcrumb\":{\"@id\":\"https:\/\/kapitalis.com\/tunisie\/2017\/03\/24\/loi-de-reconciliation-abbou-appelle-les-tunisiens-a-la-desobeissance\/#breadcrumb\"},\"inLanguage\":\"fr-FR\",\"potentialAction\":[{\"@type\":\"ReadAction\",\"target\":[\"https:\/\/kapitalis.com\/tunisie\/2017\/03\/24\/loi-de-reconciliation-abbou-appelle-les-tunisiens-a-la-desobeissance\/\"]}]},{\"@type\":\"ImageObject\",\"inLanguage\":\"fr-FR\",\"@id\":\"https:\/\/kapitalis.com\/tunisie\/2017\/03\/24\/loi-de-reconciliation-abbou-appelle-les-tunisiens-a-la-desobeissance\/#primaryimage\",\"url\":\"http:\/\/kapitalis.com\/tunisie\/wp-content\/uploads\/2015\/08\/Mohamed-Abbou.jpg\",\"contentUrl\":\"http:\/\/kapitalis.com\/tunisie\/wp-content\/uploads\/2015\/08\/Mohamed-Abbou.jpg\"},{\"@type\":\"BreadcrumbList\",\"@id\":\"https:\/\/kapitalis.com\/tunisie\/2017\/03\/24\/loi-de-reconciliation-abbou-appelle-les-tunisiens-a-la-desobeissance\/#breadcrumb\",\"itemListElement\":[{\"@type\":\"ListItem\",\"position\":1,\"name\":\"Accueil\",\"item\":\"https:\/\/kapitalis.com\/tunisie\/\"},{\"@type\":\"ListItem\",\"position\":2,\"name\":\"Loi de r\u00e9conciliation\u00a0: Abbou appelle les Tunisiens \u00e0 la d\u00e9sob\u00e9issance\"}]},{\"@type\":\"WebSite\",\"@id\":\"https:\/\/kapitalis.com\/tunisie\/#website\",\"url\":\"https:\/\/kapitalis.com\/tunisie\/\",\"name\":\"Kapitalis\",\"description\":\"L&#039;actualit\u00e9 en Tunisie et dans le monde\",\"publisher\":{\"@id\":\"https:\/\/kapitalis.com\/tunisie\/#organization\"},\"potentialAction\":[{\"@type\":\"SearchAction\",\"target\":{\"@type\":\"EntryPoint\",\"urlTemplate\":\"https:\/\/kapitalis.com\/tunisie\/?s={search_term_string}\"},\"query-input\":{\"@type\":\"PropertyValueSpecification\",\"valueRequired\":true,\"valueName\":\"search_term_string\"}}],\"inLanguage\":\"fr-FR\"},{\"@type\":\"Organization\",\"@id\":\"https:\/\/kapitalis.com\/tunisie\/#organization\",\"name\":\"Kapitalis\",\"url\":\"https:\/\/kapitalis.com\/tunisie\/\",\"logo\":{\"@type\":\"ImageObject\",\"inLanguage\":\"fr-FR\",\"@id\":\"https:\/\/kapitalis.com\/tunisie\/#\/schema\/logo\/image\/\",\"url\":\"https:\/\/kapitalis.com\/tunisie\/wp-content\/uploads\/2022\/05\/Kapitalis-big-size.png\",\"contentUrl\":\"https:\/\/kapitalis.com\/tunisie\/wp-content\/uploads\/2022\/05\/Kapitalis-big-size.png\",\"width\":5000,\"height\":1500,\"caption\":\"Kapitalis\"},\"image\":{\"@id\":\"https:\/\/kapitalis.com\/tunisie\/#\/schema\/logo\/image\/\"},\"sameAs\":[\"https:\/\/www.facebook.com\/KapitalisInfo\/\",\"https:\/\/x.com\/KapitalisInfo\",\"https:\/\/www.youtube.com\/channel\/UC-yDYrHyfFBWWZaOw3FPg9Q\"]},{\"@type\":\"Person\",\"@id\":\"https:\/\/kapitalis.com\/tunisie\/#\/schema\/person\/6fc2988ceb6eacf6836db1d8360b4912\",\"name\":\"zohra abid\",\"url\":\"https:\/\/kapitalis.com\/tunisie\/author\/zohra-abid-2015\/\"}]}<\/script>\n<!-- \/ Yoast SEO plugin. -->","yoast_head_json":{"title":"Loi de r\u00e9conciliation\u00a0: Abbou appelle les Tunisiens \u00e0 la d\u00e9sob\u00e9issance - Kapitalis","robots":{"index":"index","follow":"follow","max-snippet":"max-snippet:-1","max-image-preview":"max-image-preview:large","max-video-preview":"max-video-preview:-1"},"canonical":"https:\/\/kapitalis.com\/tunisie\/2017\/03\/24\/loi-de-reconciliation-abbou-appelle-les-tunisiens-a-la-desobeissance\/","og_locale":"fr_FR","og_type":"article","og_title":"Loi de r\u00e9conciliation\u00a0: Abbou appelle les Tunisiens \u00e0 la d\u00e9sob\u00e9issance - Kapitalis","og_description":"Mohamed Abbou, le fondateur d\u2019Attayar (Courant d\u00e9mocratique), appelle \u00e0 la d\u00e9sob\u00e9issance si la loi de r\u00e9conciliation \u00e9conomique est promulgu\u00e9e.","og_url":"https:\/\/kapitalis.com\/tunisie\/2017\/03\/24\/loi-de-reconciliation-abbou-appelle-les-tunisiens-a-la-desobeissance\/","og_site_name":"Kapitalis","article_publisher":"https:\/\/www.facebook.com\/KapitalisInfo\/","article_published_time":"2017-03-24T12:39:11+00:00","article_modified_time":"2017-03-24T12:43:24+00:00","og_image":[{"url":"http:\/\/kapitalis.com\/tunisie\/wp-content\/uploads\/2015\/08\/Mohamed-Abbou.jpg","type":"","width":"","height":""}],"author":"zohra abid","twitter_card":"summary_large_image","twitter_creator":"@KapitalisInfo","twitter_site":"@KapitalisInfo","twitter_misc":{"\u00c9crit par":"zohra abid","Dur\u00e9e de lecture estim\u00e9e":"1 minute"},"schema":{"@context":"https:\/\/schema.org","@graph":[{"@type":"Article","@id":"https:\/\/kapitalis.com\/tunisie\/2017\/03\/24\/loi-de-reconciliation-abbou-appelle-les-tunisiens-a-la-desobeissance\/#article","isPartOf":{"@id":"https:\/\/kapitalis.com\/tunisie\/2017\/03\/24\/loi-de-reconciliation-abbou-appelle-les-tunisiens-a-la-desobeissance\/"},"author":{"name":"zohra abid","@id":"https:\/\/kapitalis.com\/tunisie\/#\/schema\/person\/6fc2988ceb6eacf6836db1d8360b4912"},"headline":"Loi de r\u00e9conciliation\u00a0: Abbou appelle les Tunisiens \u00e0 la d\u00e9sob\u00e9issance","datePublished":"2017-03-24T12:39:11+00:00","dateModified":"2017-03-24T12:43:24+00:00","mainEntityOfPage":{"@id":"https:\/\/kapitalis.com\/tunisie\/2017\/03\/24\/loi-de-reconciliation-abbou-appelle-les-tunisiens-a-la-desobeissance\/"},"wordCount":177,"commentCount":5,"publisher":{"@id":"https:\/\/kapitalis.com\/tunisie\/#organization"},"image":{"@id":"https:\/\/kapitalis.com\/tunisie\/2017\/03\/24\/loi-de-reconciliation-abbou-appelle-les-tunisiens-a-la-desobeissance\/#primaryimage"},"thumbnailUrl":"http:\/\/kapitalis.com\/tunisie\/wp-content\/uploads\/2015\/08\/Mohamed-Abbou.jpg","keywords":["Attayar","Courant d\u00e9mocratique","Instance V\u00e9rit\u00e9 et Dignit\u00e9","IVD","justice transitionnelle","Mohamed Abbou","r\u00e9conciliation \u00e9conomique et financi\u00e8re"],"articleSection":["POLITIQUE","Tunisie"],"inLanguage":"fr-FR","potentialAction":[{"@type":"CommentAction","name":"Comment","target":["https:\/\/kapitalis.com\/tunisie\/2017\/03\/24\/loi-de-reconciliation-abbou-appelle-les-tunisiens-a-la-desobeissance\/#respond"]}]},{"@type":"WebPage","@id":"https:\/\/kapitalis.com\/tunisie\/2017\/03\/24\/loi-de-reconciliation-abbou-appelle-les-tunisiens-a-la-desobeissance\/","url":"https:\/\/kapitalis.com\/tunisie\/2017\/03\/24\/loi-de-reconciliation-abbou-appelle-les-tunisiens-a-la-desobeissance\/","name":"Loi de r\u00e9conciliation\u00a0: Abbou appelle les Tunisiens \u00e0 la d\u00e9sob\u00e9issance - Kapitalis","isPartOf":{"@id":"https:\/\/kapitalis.com\/tunisie\/#website"},"primaryImageOfPage":{"@id":"https:\/\/kapitalis.com\/tunisie\/2017\/03\/24\/loi-de-reconciliation-abbou-appelle-les-tunisiens-a-la-desobeissance\/#primaryimage"},"image":{"@id":"https:\/\/kapitalis.com\/tunisie\/2017\/03\/24\/loi-de-reconciliation-abbou-appelle-les-tunisiens-a-la-desobeissance\/#primaryimage"},"thumbnailUrl":"http:\/\/kapitalis.com\/tunisie\/wp-content\/uploads\/2015\/08\/Mohamed-Abbou.jpg","datePublished":"2017-03-24T12:39:11+00:00","dateModified":"2017-03-24T12:43:24+00:00","breadcrumb":{"@id":"https:\/\/kapitalis.com\/tunisie\/2017\/03\/24\/loi-de-reconciliation-abbou-appelle-les-tunisiens-a-la-desobeissance\/#breadcrumb"},"inLanguage":"fr-FR","potentialAction":[{"@type":"ReadAction","target":["https:\/\/kapitalis.com\/tunisie\/2017\/03\/24\/loi-de-reconciliation-abbou-appelle-les-tunisiens-a-la-desobeissance\/"]}]},{"@type":"ImageObject","inLanguage":"fr-FR","@id":"https:\/\/kapitalis.com\/tunisie\/2017\/03\/24\/loi-de-reconciliation-abbou-appelle-les-tunisiens-a-la-desobeissance\/#primaryimage","url":"http:\/\/kapitalis.com\/tunisie\/wp-content\/uploads\/2015\/08\/Mohamed-Abbou.jpg","contentUrl":"http:\/\/kapitalis.com\/tunisie\/wp-content\/uploads\/2015\/08\/Mohamed-Abbou.jpg"},{"@type":"BreadcrumbList","@id":"https:\/\/kapitalis.com\/tunisie\/2017\/03\/24\/loi-de-reconciliation-abbou-appelle-les-tunisiens-a-la-desobeissance\/#breadcrumb","itemListElement":[{"@type":"ListItem","position":1,"name":"Accueil","item":"https:\/\/kapitalis.com\/tunisie\/"},{"@type":"ListItem","position":2,"name":"Loi de r\u00e9conciliation\u00a0: Abbou appelle les Tunisiens \u00e0 la d\u00e9sob\u00e9issance"}]},{"@type":"WebSite","@id":"https:\/\/kapitalis.com\/tunisie\/#website","url":"https:\/\/kapitalis.com\/tunisie\/","name":"Kapitalis","description":"L&#039;actualit\u00e9 en Tunisie et dans le monde","publisher":{"@id":"https:\/\/kapitalis.com\/tunisie\/#organization"},"potentialAction":[{"@type":"SearchAction","target":{"@type":"EntryPoint","urlTemplate":"https:\/\/kapitalis.com\/tunisie\/?s={search_term_string}"},"query-input":{"@type":"PropertyValueSpecification","valueRequired":true,"valueName":"search_term_string"}}],"inLanguage":"fr-FR"},{"@type":"Organization","@id":"https:\/\/kapitalis.com\/tunisie\/#organization","name":"Kapitalis","url":"https:\/\/kapitalis.com\/tunisie\/","logo":{"@type":"ImageObject","inLanguage":"fr-FR","@id":"https:\/\/kapitalis.com\/tunisie\/#\/schema\/logo\/image\/","url":"https:\/\/kapitalis.com\/tunisie\/wp-content\/uploads\/2022\/05\/Kapitalis-big-size.png","contentUrl":"https:\/\/kapitalis.com\/tunisie\/wp-content\/uploads\/2022\/05\/Kapitalis-big-size.png","width":5000,"height":1500,"caption":"Kapitalis"},"image":{"@id":"https:\/\/kapitalis.com\/tunisie\/#\/schema\/logo\/image\/"},"sameAs":["https:\/\/www.facebook.com\/KapitalisInfo\/","https:\/\/x.com\/KapitalisInfo","https:\/\/www.youtube.com\/channel\/UC-yDYrHyfFBWWZaOw3FPg9Q"]},{"@type":"Person","@id":"https:\/\/kapitalis.com\/tunisie\/#\/schema\/person\/6fc2988ceb6eacf6836db1d8360b4912","name":"zohra abid","url":"https:\/\/kapitalis.com\/tunisie\/author\/zohra-abid-2015\/"}]}},"_links":{"self":[{"href":"https:\/\/kapitalis.com\/tunisie\/wp-json\/wp\/v2\/posts\/88142","targetHints":{"allow":["GET"]}}],"collection":[{"href":"https:\/\/kapitalis.com\/tunisie\/wp-json\/wp\/v2\/posts"}],"about":[{"href":"https:\/\/kapitalis.com\/tunisie\/wp-json\/wp\/v2\/types\/post"}],"author":[{"embeddable":true,"href":"https:\/\/kapitalis.com\/tunisie\/wp-json\/wp\/v2\/users\/7"}],"replies":[{"embeddable":true,"href":"https:\/\/kapitalis.com\/tunisie\/wp-json\/wp\/v2\/comments?post=88142"}],"version-history":[{"count":0,"href":"https:\/\/kapitalis.com\/tunisie\/wp-json\/wp\/v2\/posts\/88142\/revisions"}],"wp:attachment":[{"href":"https:\/\/kapitalis.com\/tunisie\/wp-json\/wp\/v2\/media?parent=88142"}],"wp:term":[{"taxonomy":"category","embeddable":true,"href":"https:\/\/kapitalis.com\/tunisie\/wp-json\/wp\/v2\/categories?post=88142"},{"taxonomy":"post_tag","embeddable":true,"href":"https:\/\/kapitalis.com\/tunisie\/wp-json\/wp\/v2\/tags?post=88142"}],"curies":[{"name":"wp","href":"https:\/\/api.w.org\/{rel}","templated":true}]}}