{"id":883204,"date":"2022-05-21T11:59:16","date_gmt":"2022-05-21T09:59:16","guid":{"rendered":"https:\/\/kapitalis.com\/tunisie\/?p=883204"},"modified":"2022-05-21T11:59:19","modified_gmt":"2022-05-21T09:59:19","slug":"retour-sur-la-conference-de-presse-des-jcc-2022-a-cannes","status":"publish","type":"post","link":"https:\/\/kapitalis.com\/tunisie\/2022\/05\/21\/retour-sur-la-conference-de-presse-des-jcc-2022-a-cannes\/","title":{"rendered":"Retour sur la conf\u00e9rence de presse des JCC 2022 \u00e0 Cannes"},"content":{"rendered":"\n<p><em><strong>Le comit\u00e9 directeur des Journ\u00e9es cin\u00e9matographiques de Carthage (JCC 2022) a donn\u00e9 un point de presse, hier vendredi 20 mai, en marge du Festival de Cannes, afin de d\u00e9voiler les grandes lignes et les nouveaut\u00e9s de la 34<sup>e<\/sup> \u00e9dition des JCC.<\/strong><\/em><\/p>\n\n\n\n<!--more-->\n\n\n\n<p>La nouvelle directrice g\u00e9n\u00e9rale des JCC Sonia Chamkhi (qui succ\u00e8de \u00e0 Ridha B\u00e9hi) et le directeur artistique Ibrahim Leta\u00efef ont donn\u00e9 un point de presse dans le pavillon tunisien organis\u00e9 dans le cadre de la 75<sup>e<\/sup> \u00e9dition du Festival de Cannes qui a d\u00e9marr\u00e9 le 17 mai et qui se poursuit jusqu\u2019au 28 de ce mois.<\/p>\n\n\n\n<p>Le comit\u00e9 directeur a d\u2019abord rappel\u00e9 l\u2019engagement des JCC pour le cin\u00e9ma du sud, un cin\u00e9ma engag\u00e9 et en phase avec son environnement, qui reste toutefois ouvert sur les cin\u00e9mas du monde, et ce, depuis sa cr\u00e9ation en 1966.<\/p>\n\n\n\n<p>La 34<sup>e<\/sup> \u00e9dition des JCC aura lieu du 29 octobre au 5 novembre 2022. En plus de l\u2019habituelle comp\u00e9tition officielle des longs et courts m\u00e9trages de fiction et documentaire, des d\u00e9bats, des rencontres et des diff\u00e9rentes sections parall\u00e8les, le festival propose cette ann\u00e9e plusieurs nouveaut\u00e9s dans sa programmation.<\/p>\n\n\n\n<p>Le festival organise cette ann\u00e9e la Semaine des critiques qui comprendra 9 films et qui sera ouverte \u00e0 des critiques de cin\u00e9ma du monde entier. D\u2019autre part, se tiendra cette ann\u00e9e les \u00ab\u00a0Industry Carthage Days\u00a0\u00bb (Les Journ\u00e9es de l\u2019Industrie cin\u00e9matographique de Carthage) qui sera un espace de r\u00e9flexion sur l\u2019industrie du cin\u00e9ma et apportera un soutien de taille pour les films en phase de postproduction en organisant des rencontres entre cin\u00e9astes, producteurs et distributeurs de films.<\/p>\n\n\n\n<p>La section \u00ab\u00a0Les JCC dans les prisons\u00a0\u00bb lanc\u00e9e en 2015 continue cette ann\u00e9e, mais sera plus active et plus impliqu\u00e9e, puisque les d\u00e9tenus auront la possibilit\u00e9 de voter pour les films. D\u2019autre part, des ateliers d\u2019\u00e9criture seront organis\u00e9s dans diff\u00e9rentes prisons et un prix du meilleur sc\u00e9nario sera d\u00e9cern\u00e9.<\/p>\n\n\n\n<p>A l\u2019occasion de la Coupe du monde qui se tiendra \u00e0 partir du 21 novembre (deux semaines apr\u00e8s la cl\u00f4ture des JCC), le comit\u00e9 directeur a annonc\u00e9 qu\u2019il y aurait des projections en plein-air de films sur le football, sur l\u2019avenue Habib Bourguiba au centre-ville de Tunis.<\/p>\n\n\n\n<p>Comme \u00e0 chaque \u00e9dition, les JCC programment des focus sur les cin\u00e9mas du monde, et cette ann\u00e9e c\u2019est le cin\u00e9ma palestinien qui sera \u00e0 l\u2019honneur, ainsi que le cin\u00e9ma espagnol avec une mise en lumi\u00e8re sur les cin\u00e9astes femmes.<\/p>\n\n\n\n<p>Une autre section viendra s\u2019ajouter au programme de cette ann\u00e9e, il s\u2019agit de \u00ab&nbsp;Vision&nbsp;\u00bb qui proposera un regard crois\u00e9 entre des cin\u00e9astes femmes des deux rives sud et nord de la M\u00e9diterran\u00e9e.<\/p>\n\n\n\n<p class=\"has-text-align-right\"><strong>F.B<\/strong><\/p>\n","protected":false},"excerpt":{"rendered":"<p>Le comit\u00e9 directeur des Journ\u00e9es cin\u00e9matographiques de Carthage (JCC 2022) a donn\u00e9 un point de presse, hier vendredi 20 mai, en marge du Festival de Cannes, afin de d\u00e9voiler les grandes lignes et les nouveaut\u00e9s de la 34e \u00e9dition des JCC.<\/p>\n","protected":false},"author":26,"featured_media":884058,"comment_status":"open","ping_status":"open","sticky":false,"template":"","format":"standard","meta":{"footnotes":""},"categories":[992,994,2433],"tags":[99080,98979,62643],"class_list":["post-883204","post","type-post","status-publish","format-standard","has-post-thumbnail","hentry","category-a-la-une","category-culture","category-tunisie","tag-cannes-2022","tag-jcc-2022","tag-tunisie"],"yoast_head":"<!-- This site is optimized with the Yoast SEO plugin v26.6 - https:\/\/yoast.com\/wordpress\/plugins\/seo\/ -->\n<title>Retour sur la conf\u00e9rence de presse des JCC 2022 \u00e0 Cannes - Kapitalis<\/title>\n<meta name=\"robots\" content=\"index, follow, max-snippet:-1, max-image-preview:large, max-video-preview:-1\" \/>\n<link rel=\"canonical\" href=\"https:\/\/kapitalis.com\/tunisie\/2022\/05\/21\/retour-sur-la-conference-de-presse-des-jcc-2022-a-cannes\/\" \/>\n<meta property=\"og:locale\" content=\"fr_FR\" \/>\n<meta property=\"og:type\" content=\"article\" \/>\n<meta property=\"og:title\" content=\"Retour sur la conf\u00e9rence de presse des JCC 2022 \u00e0 Cannes - Kapitalis\" \/>\n<meta property=\"og:description\" content=\"Le comit\u00e9 directeur des Journ\u00e9es cin\u00e9matographiques de Carthage (JCC 2022) a donn\u00e9 un point de presse, hier vendredi 20 mai, en marge du Festival de Cannes, afin de d\u00e9voiler les grandes lignes et les nouveaut\u00e9s de la 34e \u00e9dition des JCC.\" \/>\n<meta property=\"og:url\" content=\"https:\/\/kapitalis.com\/tunisie\/2022\/05\/21\/retour-sur-la-conference-de-presse-des-jcc-2022-a-cannes\/\" \/>\n<meta property=\"og:site_name\" content=\"Kapitalis\" \/>\n<meta property=\"article:publisher\" content=\"https:\/\/www.facebook.com\/KapitalisInfo\/\" \/>\n<meta property=\"article:published_time\" content=\"2022-05-21T09:59:16+00:00\" \/>\n<meta property=\"article:modified_time\" content=\"2022-05-21T09:59:19+00:00\" \/>\n<meta property=\"og:image\" content=\"https:\/\/kapitalis.com\/tunisie\/wp-content\/uploads\/2022\/05\/CP-JCC-2022-a-Cannes.jpg\" \/>\n\t<meta property=\"og:image:width\" content=\"1200\" \/>\n\t<meta property=\"og:image:height\" content=\"630\" \/>\n\t<meta property=\"og:image:type\" content=\"image\/jpeg\" \/>\n<meta name=\"author\" content=\"Fawz BenAli\" \/>\n<meta name=\"twitter:card\" content=\"summary_large_image\" \/>\n<meta name=\"twitter:creator\" content=\"@KapitalisInfo\" \/>\n<meta name=\"twitter:site\" content=\"@KapitalisInfo\" \/>\n<meta name=\"twitter:label1\" content=\"\u00c9crit par\" \/>\n\t<meta name=\"twitter:data1\" content=\"Fawz BenAli\" \/>\n\t<meta name=\"twitter:label2\" content=\"Dur\u00e9e de lecture estim\u00e9e\" \/>\n\t<meta name=\"twitter:data2\" content=\"3 minutes\" \/>\n<script type=\"application\/ld+json\" class=\"yoast-schema-graph\">{\"@context\":\"https:\/\/schema.org\",\"@graph\":[{\"@type\":\"Article\",\"@id\":\"https:\/\/kapitalis.com\/tunisie\/2022\/05\/21\/retour-sur-la-conference-de-presse-des-jcc-2022-a-cannes\/#article\",\"isPartOf\":{\"@id\":\"https:\/\/kapitalis.com\/tunisie\/2022\/05\/21\/retour-sur-la-conference-de-presse-des-jcc-2022-a-cannes\/\"},\"author\":{\"name\":\"Fawz BenAli\",\"@id\":\"https:\/\/kapitalis.com\/tunisie\/#\/schema\/person\/73a5ecc1f6ae540c6ed91342eadca948\"},\"headline\":\"Retour sur la conf\u00e9rence de presse des JCC 2022 \u00e0 Cannes\",\"datePublished\":\"2022-05-21T09:59:16+00:00\",\"dateModified\":\"2022-05-21T09:59:19+00:00\",\"mainEntityOfPage\":{\"@id\":\"https:\/\/kapitalis.com\/tunisie\/2022\/05\/21\/retour-sur-la-conference-de-presse-des-jcc-2022-a-cannes\/\"},\"wordCount\":490,\"commentCount\":0,\"publisher\":{\"@id\":\"https:\/\/kapitalis.com\/tunisie\/#organization\"},\"image\":{\"@id\":\"https:\/\/kapitalis.com\/tunisie\/2022\/05\/21\/retour-sur-la-conference-de-presse-des-jcc-2022-a-cannes\/#primaryimage\"},\"thumbnailUrl\":\"https:\/\/kapitalis.com\/tunisie\/wp-content\/uploads\/2022\/05\/CP-JCC-2022-a-Cannes.jpg\",\"keywords\":[\"Cannes 2022\",\"JCC 2022\",\"Tunisie\"],\"articleSection\":[\"A LA UNE\",\"CULTURE\",\"Tunisie\"],\"inLanguage\":\"fr-FR\",\"potentialAction\":[{\"@type\":\"CommentAction\",\"name\":\"Comment\",\"target\":[\"https:\/\/kapitalis.com\/tunisie\/2022\/05\/21\/retour-sur-la-conference-de-presse-des-jcc-2022-a-cannes\/#respond\"]}]},{\"@type\":\"WebPage\",\"@id\":\"https:\/\/kapitalis.com\/tunisie\/2022\/05\/21\/retour-sur-la-conference-de-presse-des-jcc-2022-a-cannes\/\",\"url\":\"https:\/\/kapitalis.com\/tunisie\/2022\/05\/21\/retour-sur-la-conference-de-presse-des-jcc-2022-a-cannes\/\",\"name\":\"Retour sur la conf\u00e9rence de presse des JCC 2022 \u00e0 Cannes - Kapitalis\",\"isPartOf\":{\"@id\":\"https:\/\/kapitalis.com\/tunisie\/#website\"},\"primaryImageOfPage\":{\"@id\":\"https:\/\/kapitalis.com\/tunisie\/2022\/05\/21\/retour-sur-la-conference-de-presse-des-jcc-2022-a-cannes\/#primaryimage\"},\"image\":{\"@id\":\"https:\/\/kapitalis.com\/tunisie\/2022\/05\/21\/retour-sur-la-conference-de-presse-des-jcc-2022-a-cannes\/#primaryimage\"},\"thumbnailUrl\":\"https:\/\/kapitalis.com\/tunisie\/wp-content\/uploads\/2022\/05\/CP-JCC-2022-a-Cannes.jpg\",\"datePublished\":\"2022-05-21T09:59:16+00:00\",\"dateModified\":\"2022-05-21T09:59:19+00:00\",\"breadcrumb\":{\"@id\":\"https:\/\/kapitalis.com\/tunisie\/2022\/05\/21\/retour-sur-la-conference-de-presse-des-jcc-2022-a-cannes\/#breadcrumb\"},\"inLanguage\":\"fr-FR\",\"potentialAction\":[{\"@type\":\"ReadAction\",\"target\":[\"https:\/\/kapitalis.com\/tunisie\/2022\/05\/21\/retour-sur-la-conference-de-presse-des-jcc-2022-a-cannes\/\"]}]},{\"@type\":\"ImageObject\",\"inLanguage\":\"fr-FR\",\"@id\":\"https:\/\/kapitalis.com\/tunisie\/2022\/05\/21\/retour-sur-la-conference-de-presse-des-jcc-2022-a-cannes\/#primaryimage\",\"url\":\"https:\/\/kapitalis.com\/tunisie\/wp-content\/uploads\/2022\/05\/CP-JCC-2022-a-Cannes.jpg\",\"contentUrl\":\"https:\/\/kapitalis.com\/tunisie\/wp-content\/uploads\/2022\/05\/CP-JCC-2022-a-Cannes.jpg\",\"width\":1200,\"height\":630},{\"@type\":\"BreadcrumbList\",\"@id\":\"https:\/\/kapitalis.com\/tunisie\/2022\/05\/21\/retour-sur-la-conference-de-presse-des-jcc-2022-a-cannes\/#breadcrumb\",\"itemListElement\":[{\"@type\":\"ListItem\",\"position\":1,\"name\":\"Accueil\",\"item\":\"https:\/\/kapitalis.com\/tunisie\/\"},{\"@type\":\"ListItem\",\"position\":2,\"name\":\"Retour sur la conf\u00e9rence de presse des JCC 2022 \u00e0 Cannes\"}]},{\"@type\":\"WebSite\",\"@id\":\"https:\/\/kapitalis.com\/tunisie\/#website\",\"url\":\"https:\/\/kapitalis.com\/tunisie\/\",\"name\":\"Kapitalis\",\"description\":\"L&#039;actualit\u00e9 en Tunisie et dans le monde\",\"publisher\":{\"@id\":\"https:\/\/kapitalis.com\/tunisie\/#organization\"},\"potentialAction\":[{\"@type\":\"SearchAction\",\"target\":{\"@type\":\"EntryPoint\",\"urlTemplate\":\"https:\/\/kapitalis.com\/tunisie\/?s={search_term_string}\"},\"query-input\":{\"@type\":\"PropertyValueSpecification\",\"valueRequired\":true,\"valueName\":\"search_term_string\"}}],\"inLanguage\":\"fr-FR\"},{\"@type\":\"Organization\",\"@id\":\"https:\/\/kapitalis.com\/tunisie\/#organization\",\"name\":\"Kapitalis\",\"url\":\"https:\/\/kapitalis.com\/tunisie\/\",\"logo\":{\"@type\":\"ImageObject\",\"inLanguage\":\"fr-FR\",\"@id\":\"https:\/\/kapitalis.com\/tunisie\/#\/schema\/logo\/image\/\",\"url\":\"https:\/\/kapitalis.com\/tunisie\/wp-content\/uploads\/2022\/05\/Kapitalis-big-size.png\",\"contentUrl\":\"https:\/\/kapitalis.com\/tunisie\/wp-content\/uploads\/2022\/05\/Kapitalis-big-size.png\",\"width\":5000,\"height\":1500,\"caption\":\"Kapitalis\"},\"image\":{\"@id\":\"https:\/\/kapitalis.com\/tunisie\/#\/schema\/logo\/image\/\"},\"sameAs\":[\"https:\/\/www.facebook.com\/KapitalisInfo\/\",\"https:\/\/x.com\/KapitalisInfo\",\"https:\/\/www.youtube.com\/channel\/UC-yDYrHyfFBWWZaOw3FPg9Q\"]},{\"@type\":\"Person\",\"@id\":\"https:\/\/kapitalis.com\/tunisie\/#\/schema\/person\/73a5ecc1f6ae540c6ed91342eadca948\",\"name\":\"Fawz BenAli\",\"url\":\"https:\/\/kapitalis.com\/tunisie\/author\/fawz\/\"}]}<\/script>\n<!-- \/ Yoast SEO plugin. -->","yoast_head_json":{"title":"Retour sur la conf\u00e9rence de presse des JCC 2022 \u00e0 Cannes - Kapitalis","robots":{"index":"index","follow":"follow","max-snippet":"max-snippet:-1","max-image-preview":"max-image-preview:large","max-video-preview":"max-video-preview:-1"},"canonical":"https:\/\/kapitalis.com\/tunisie\/2022\/05\/21\/retour-sur-la-conference-de-presse-des-jcc-2022-a-cannes\/","og_locale":"fr_FR","og_type":"article","og_title":"Retour sur la conf\u00e9rence de presse des JCC 2022 \u00e0 Cannes - Kapitalis","og_description":"Le comit\u00e9 directeur des Journ\u00e9es cin\u00e9matographiques de Carthage (JCC 2022) a donn\u00e9 un point de presse, hier vendredi 20 mai, en marge du Festival de Cannes, afin de d\u00e9voiler les grandes lignes et les nouveaut\u00e9s de la 34e \u00e9dition des JCC.","og_url":"https:\/\/kapitalis.com\/tunisie\/2022\/05\/21\/retour-sur-la-conference-de-presse-des-jcc-2022-a-cannes\/","og_site_name":"Kapitalis","article_publisher":"https:\/\/www.facebook.com\/KapitalisInfo\/","article_published_time":"2022-05-21T09:59:16+00:00","article_modified_time":"2022-05-21T09:59:19+00:00","og_image":[{"width":1200,"height":630,"url":"https:\/\/kapitalis.com\/tunisie\/wp-content\/uploads\/2022\/05\/CP-JCC-2022-a-Cannes.jpg","type":"image\/jpeg"}],"author":"Fawz BenAli","twitter_card":"summary_large_image","twitter_creator":"@KapitalisInfo","twitter_site":"@KapitalisInfo","twitter_misc":{"\u00c9crit par":"Fawz BenAli","Dur\u00e9e de lecture estim\u00e9e":"3 minutes"},"schema":{"@context":"https:\/\/schema.org","@graph":[{"@type":"Article","@id":"https:\/\/kapitalis.com\/tunisie\/2022\/05\/21\/retour-sur-la-conference-de-presse-des-jcc-2022-a-cannes\/#article","isPartOf":{"@id":"https:\/\/kapitalis.com\/tunisie\/2022\/05\/21\/retour-sur-la-conference-de-presse-des-jcc-2022-a-cannes\/"},"author":{"name":"Fawz BenAli","@id":"https:\/\/kapitalis.com\/tunisie\/#\/schema\/person\/73a5ecc1f6ae540c6ed91342eadca948"},"headline":"Retour sur la conf\u00e9rence de presse des JCC 2022 \u00e0 Cannes","datePublished":"2022-05-21T09:59:16+00:00","dateModified":"2022-05-21T09:59:19+00:00","mainEntityOfPage":{"@id":"https:\/\/kapitalis.com\/tunisie\/2022\/05\/21\/retour-sur-la-conference-de-presse-des-jcc-2022-a-cannes\/"},"wordCount":490,"commentCount":0,"publisher":{"@id":"https:\/\/kapitalis.com\/tunisie\/#organization"},"image":{"@id":"https:\/\/kapitalis.com\/tunisie\/2022\/05\/21\/retour-sur-la-conference-de-presse-des-jcc-2022-a-cannes\/#primaryimage"},"thumbnailUrl":"https:\/\/kapitalis.com\/tunisie\/wp-content\/uploads\/2022\/05\/CP-JCC-2022-a-Cannes.jpg","keywords":["Cannes 2022","JCC 2022","Tunisie"],"articleSection":["A LA UNE","CULTURE","Tunisie"],"inLanguage":"fr-FR","potentialAction":[{"@type":"CommentAction","name":"Comment","target":["https:\/\/kapitalis.com\/tunisie\/2022\/05\/21\/retour-sur-la-conference-de-presse-des-jcc-2022-a-cannes\/#respond"]}]},{"@type":"WebPage","@id":"https:\/\/kapitalis.com\/tunisie\/2022\/05\/21\/retour-sur-la-conference-de-presse-des-jcc-2022-a-cannes\/","url":"https:\/\/kapitalis.com\/tunisie\/2022\/05\/21\/retour-sur-la-conference-de-presse-des-jcc-2022-a-cannes\/","name":"Retour sur la conf\u00e9rence de presse des JCC 2022 \u00e0 Cannes - Kapitalis","isPartOf":{"@id":"https:\/\/kapitalis.com\/tunisie\/#website"},"primaryImageOfPage":{"@id":"https:\/\/kapitalis.com\/tunisie\/2022\/05\/21\/retour-sur-la-conference-de-presse-des-jcc-2022-a-cannes\/#primaryimage"},"image":{"@id":"https:\/\/kapitalis.com\/tunisie\/2022\/05\/21\/retour-sur-la-conference-de-presse-des-jcc-2022-a-cannes\/#primaryimage"},"thumbnailUrl":"https:\/\/kapitalis.com\/tunisie\/wp-content\/uploads\/2022\/05\/CP-JCC-2022-a-Cannes.jpg","datePublished":"2022-05-21T09:59:16+00:00","dateModified":"2022-05-21T09:59:19+00:00","breadcrumb":{"@id":"https:\/\/kapitalis.com\/tunisie\/2022\/05\/21\/retour-sur-la-conference-de-presse-des-jcc-2022-a-cannes\/#breadcrumb"},"inLanguage":"fr-FR","potentialAction":[{"@type":"ReadAction","target":["https:\/\/kapitalis.com\/tunisie\/2022\/05\/21\/retour-sur-la-conference-de-presse-des-jcc-2022-a-cannes\/"]}]},{"@type":"ImageObject","inLanguage":"fr-FR","@id":"https:\/\/kapitalis.com\/tunisie\/2022\/05\/21\/retour-sur-la-conference-de-presse-des-jcc-2022-a-cannes\/#primaryimage","url":"https:\/\/kapitalis.com\/tunisie\/wp-content\/uploads\/2022\/05\/CP-JCC-2022-a-Cannes.jpg","contentUrl":"https:\/\/kapitalis.com\/tunisie\/wp-content\/uploads\/2022\/05\/CP-JCC-2022-a-Cannes.jpg","width":1200,"height":630},{"@type":"BreadcrumbList","@id":"https:\/\/kapitalis.com\/tunisie\/2022\/05\/21\/retour-sur-la-conference-de-presse-des-jcc-2022-a-cannes\/#breadcrumb","itemListElement":[{"@type":"ListItem","position":1,"name":"Accueil","item":"https:\/\/kapitalis.com\/tunisie\/"},{"@type":"ListItem","position":2,"name":"Retour sur la conf\u00e9rence de presse des JCC 2022 \u00e0 Cannes"}]},{"@type":"WebSite","@id":"https:\/\/kapitalis.com\/tunisie\/#website","url":"https:\/\/kapitalis.com\/tunisie\/","name":"Kapitalis","description":"L&#039;actualit\u00e9 en Tunisie et dans le monde","publisher":{"@id":"https:\/\/kapitalis.com\/tunisie\/#organization"},"potentialAction":[{"@type":"SearchAction","target":{"@type":"EntryPoint","urlTemplate":"https:\/\/kapitalis.com\/tunisie\/?s={search_term_string}"},"query-input":{"@type":"PropertyValueSpecification","valueRequired":true,"valueName":"search_term_string"}}],"inLanguage":"fr-FR"},{"@type":"Organization","@id":"https:\/\/kapitalis.com\/tunisie\/#organization","name":"Kapitalis","url":"https:\/\/kapitalis.com\/tunisie\/","logo":{"@type":"ImageObject","inLanguage":"fr-FR","@id":"https:\/\/kapitalis.com\/tunisie\/#\/schema\/logo\/image\/","url":"https:\/\/kapitalis.com\/tunisie\/wp-content\/uploads\/2022\/05\/Kapitalis-big-size.png","contentUrl":"https:\/\/kapitalis.com\/tunisie\/wp-content\/uploads\/2022\/05\/Kapitalis-big-size.png","width":5000,"height":1500,"caption":"Kapitalis"},"image":{"@id":"https:\/\/kapitalis.com\/tunisie\/#\/schema\/logo\/image\/"},"sameAs":["https:\/\/www.facebook.com\/KapitalisInfo\/","https:\/\/x.com\/KapitalisInfo","https:\/\/www.youtube.com\/channel\/UC-yDYrHyfFBWWZaOw3FPg9Q"]},{"@type":"Person","@id":"https:\/\/kapitalis.com\/tunisie\/#\/schema\/person\/73a5ecc1f6ae540c6ed91342eadca948","name":"Fawz BenAli","url":"https:\/\/kapitalis.com\/tunisie\/author\/fawz\/"}]}},"_links":{"self":[{"href":"https:\/\/kapitalis.com\/tunisie\/wp-json\/wp\/v2\/posts\/883204","targetHints":{"allow":["GET"]}}],"collection":[{"href":"https:\/\/kapitalis.com\/tunisie\/wp-json\/wp\/v2\/posts"}],"about":[{"href":"https:\/\/kapitalis.com\/tunisie\/wp-json\/wp\/v2\/types\/post"}],"author":[{"embeddable":true,"href":"https:\/\/kapitalis.com\/tunisie\/wp-json\/wp\/v2\/users\/26"}],"replies":[{"embeddable":true,"href":"https:\/\/kapitalis.com\/tunisie\/wp-json\/wp\/v2\/comments?post=883204"}],"version-history":[{"count":0,"href":"https:\/\/kapitalis.com\/tunisie\/wp-json\/wp\/v2\/posts\/883204\/revisions"}],"wp:featuredmedia":[{"embeddable":true,"href":"https:\/\/kapitalis.com\/tunisie\/wp-json\/wp\/v2\/media\/884058"}],"wp:attachment":[{"href":"https:\/\/kapitalis.com\/tunisie\/wp-json\/wp\/v2\/media?parent=883204"}],"wp:term":[{"taxonomy":"category","embeddable":true,"href":"https:\/\/kapitalis.com\/tunisie\/wp-json\/wp\/v2\/categories?post=883204"},{"taxonomy":"post_tag","embeddable":true,"href":"https:\/\/kapitalis.com\/tunisie\/wp-json\/wp\/v2\/tags?post=883204"}],"curies":[{"name":"wp","href":"https:\/\/api.w.org\/{rel}","templated":true}]}}