{"id":8838,"date":"2015-08-06T17:21:18","date_gmt":"2015-08-06T16:21:18","guid":{"rendered":"http:\/\/kapitalis.com\/tunisie\/?p=8838"},"modified":"2015-08-06T17:21:18","modified_gmt":"2015-08-06T16:21:18","slug":"libye-deux-tunisiens-enleves-par-un-groupe-arme-a-el-beida","status":"publish","type":"post","link":"https:\/\/kapitalis.com\/tunisie\/2015\/08\/06\/libye-deux-tunisiens-enleves-par-un-groupe-arme-a-el-beida\/","title":{"rendered":"Libye : Deux Tunisiens enlev\u00e9s par un groupe arm\u00e9 \u00e0 El-Be\u00efda"},"content":{"rendered":"<p><img loading=\"lazy\" decoding=\"async\" class=\"aligncenter size-full wp-image-8839\" src=\"http:\/\/kapitalis.com\/tunisie\/wp-content\/uploads\/2015\/08\/El-Beida.jpg\" alt=\"El-Beida\" width=\"626\" height=\"380\" \/><\/p>\n<p><em><strong>Deux Tunisiens originaires de Kairouan ont \u00e9t\u00e9 enlev\u00e9s par un groupe arm\u00e9 \u00e0 El-Be\u00efda, pr\u00e8s de Tripoli, en Libye. Leur famille appelle l\u2019aide des autorit\u00e9s.<\/strong><\/em><\/p>\n<p><!--more--><\/p>\n<p>Le citoyen Mohamed Selmi a indiqu\u00e9, aujourd\u2019hui, \u00e0 Jawhara FM, que son fr\u00e8re et son oncle, originaires de Bouhajla, ont \u00e9t\u00e9 enlev\u00e9s depuis 4 jours et qu\u2019il n\u2019arrive plus \u00e0 avoir de leurs nouvelles.<\/p>\n<p><em>\u00abJ\u2019ai appel\u00e9 mon fr\u00e8re, samedi dernier, pour l\u2019informer que papa est mort dans un accident de voiture et lui demander de rentrer pour les fun\u00e9railles. Dimanche matin, un Libyen, qui ne s\u2019est pas pr\u00e9sent\u00e9, m\u2019a appel\u00e9 depuis le t\u00e9l\u00e9phone de mon fr\u00e8re\u00a0 m\u2019informant qu\u2019il les d\u00e9tenait car leurs cartes de s\u00e9jour ne sont pas en r\u00e8gle\u00bb<\/em>, a racont\u00e9 Mohamed Selmi. Et d\u2019expliquer que son fr\u00e8re et son oncle travaillent en Libye depuis des ann\u00e9es et font souvent des va-et-vient, <em>\u00ableurs papiers sont donc en r\u00e8gle\u00bb<\/em>.<\/p>\n<p>Depuis, la famille n\u2019a plus aucune nouvelle; les t\u00e9l\u00e9phones sonnent sans r\u00e9ponse.<\/p>\n<p>Les deux <em>\u00abdisparus\u00bb<\/em> pourraient \u00eatre \u00e0 la main de la police libyenne ou d\u2019un groupe terroriste. Mohamed Selmi appelle les autorit\u00e9s \u00e0 v\u00e9rifier et \u00e0 intervenir.<\/p>\n<p style=\"text-align: right;\"><strong>Y. N.<\/strong><\/p>\n","protected":false},"excerpt":{"rendered":"<p>Deux Tunisiens originaires de Kairouan ont \u00e9t\u00e9 enlev\u00e9s par un groupe arm\u00e9 \u00e0 El-Be\u00efda, pr\u00e8s de Tripoli, en Libye. Leur famille appelle l\u2019aide des autorit\u00e9s.<\/p>\n","protected":false},"author":5,"featured_media":8839,"comment_status":"open","ping_status":"open","sticky":false,"template":"","format":"standard","meta":{"footnotes":""},"categories":[998,2433],"tags":[159,1011,1931,1119],"class_list":["post-8838","post","type-post","status-publish","format-standard","has-post-thumbnail","hentry","category-societe","category-tunisie","tag-bouhajla","tag-enlevement","tag-groupe-arme","tag-tripoli"],"yoast_head":"<!-- This site is optimized with the Yoast SEO plugin v26.6 - https:\/\/yoast.com\/wordpress\/plugins\/seo\/ -->\n<title>Libye : Deux Tunisiens enlev\u00e9s par un groupe arm\u00e9 \u00e0 El-Be\u00efda - Kapitalis<\/title>\n<meta name=\"robots\" content=\"index, follow, max-snippet:-1, max-image-preview:large, max-video-preview:-1\" \/>\n<link rel=\"canonical\" href=\"https:\/\/kapitalis.com\/tunisie\/2015\/08\/06\/libye-deux-tunisiens-enleves-par-un-groupe-arme-a-el-beida\/\" \/>\n<meta property=\"og:locale\" content=\"fr_FR\" \/>\n<meta property=\"og:type\" content=\"article\" \/>\n<meta property=\"og:title\" content=\"Libye : Deux Tunisiens enlev\u00e9s par un groupe arm\u00e9 \u00e0 El-Be\u00efda - Kapitalis\" \/>\n<meta property=\"og:description\" content=\"Deux Tunisiens originaires de Kairouan ont \u00e9t\u00e9 enlev\u00e9s par un groupe arm\u00e9 \u00e0 El-Be\u00efda, pr\u00e8s de Tripoli, en Libye. Leur famille appelle l\u2019aide des autorit\u00e9s.\" \/>\n<meta property=\"og:url\" content=\"https:\/\/kapitalis.com\/tunisie\/2015\/08\/06\/libye-deux-tunisiens-enleves-par-un-groupe-arme-a-el-beida\/\" \/>\n<meta property=\"og:site_name\" content=\"Kapitalis\" \/>\n<meta property=\"article:publisher\" content=\"https:\/\/www.facebook.com\/KapitalisInfo\/\" \/>\n<meta property=\"article:published_time\" content=\"2015-08-06T16:21:18+00:00\" \/>\n<meta property=\"og:image\" content=\"https:\/\/kapitalis.com\/tunisie\/wp-content\/uploads\/2022\/05\/kapitalis-logo-fb.png\" \/>\n\t<meta property=\"og:image:width\" content=\"1200\" \/>\n\t<meta property=\"og:image:height\" content=\"630\" \/>\n\t<meta property=\"og:image:type\" content=\"image\/png\" \/>\n<meta name=\"author\" content=\"Ridha Elkefi\" \/>\n<meta name=\"twitter:card\" content=\"summary_large_image\" \/>\n<meta name=\"twitter:creator\" content=\"@KapitalisInfo\" \/>\n<meta name=\"twitter:site\" content=\"@KapitalisInfo\" \/>\n<meta name=\"twitter:label1\" content=\"\u00c9crit par\" \/>\n\t<meta name=\"twitter:data1\" content=\"Ridha Elkefi\" \/>\n\t<meta name=\"twitter:label2\" content=\"Dur\u00e9e de lecture estim\u00e9e\" \/>\n\t<meta name=\"twitter:data2\" content=\"1 minute\" \/>\n<script type=\"application\/ld+json\" class=\"yoast-schema-graph\">{\"@context\":\"https:\/\/schema.org\",\"@graph\":[{\"@type\":\"Article\",\"@id\":\"https:\/\/kapitalis.com\/tunisie\/2015\/08\/06\/libye-deux-tunisiens-enleves-par-un-groupe-arme-a-el-beida\/#article\",\"isPartOf\":{\"@id\":\"https:\/\/kapitalis.com\/tunisie\/2015\/08\/06\/libye-deux-tunisiens-enleves-par-un-groupe-arme-a-el-beida\/\"},\"author\":{\"name\":\"Ridha Elkefi\",\"@id\":\"https:\/\/kapitalis.com\/tunisie\/#\/schema\/person\/16627fc9b2fc0116230e88af071eebab\"},\"headline\":\"Libye : Deux Tunisiens enlev\u00e9s par un groupe arm\u00e9 \u00e0 El-Be\u00efda\",\"datePublished\":\"2015-08-06T16:21:18+00:00\",\"mainEntityOfPage\":{\"@id\":\"https:\/\/kapitalis.com\/tunisie\/2015\/08\/06\/libye-deux-tunisiens-enleves-par-un-groupe-arme-a-el-beida\/\"},\"wordCount\":224,\"commentCount\":3,\"publisher\":{\"@id\":\"https:\/\/kapitalis.com\/tunisie\/#organization\"},\"image\":{\"@id\":\"https:\/\/kapitalis.com\/tunisie\/2015\/08\/06\/libye-deux-tunisiens-enleves-par-un-groupe-arme-a-el-beida\/#primaryimage\"},\"thumbnailUrl\":\"\",\"keywords\":[\"Bouhajla\",\"enl\u00e8vement\",\"groupe arm\u00e9\",\"Tripoli\"],\"articleSection\":[\"SOCIETE\",\"Tunisie\"],\"inLanguage\":\"fr-FR\",\"potentialAction\":[{\"@type\":\"CommentAction\",\"name\":\"Comment\",\"target\":[\"https:\/\/kapitalis.com\/tunisie\/2015\/08\/06\/libye-deux-tunisiens-enleves-par-un-groupe-arme-a-el-beida\/#respond\"]}]},{\"@type\":\"WebPage\",\"@id\":\"https:\/\/kapitalis.com\/tunisie\/2015\/08\/06\/libye-deux-tunisiens-enleves-par-un-groupe-arme-a-el-beida\/\",\"url\":\"https:\/\/kapitalis.com\/tunisie\/2015\/08\/06\/libye-deux-tunisiens-enleves-par-un-groupe-arme-a-el-beida\/\",\"name\":\"Libye : Deux Tunisiens enlev\u00e9s par un groupe arm\u00e9 \u00e0 El-Be\u00efda - Kapitalis\",\"isPartOf\":{\"@id\":\"https:\/\/kapitalis.com\/tunisie\/#website\"},\"primaryImageOfPage\":{\"@id\":\"https:\/\/kapitalis.com\/tunisie\/2015\/08\/06\/libye-deux-tunisiens-enleves-par-un-groupe-arme-a-el-beida\/#primaryimage\"},\"image\":{\"@id\":\"https:\/\/kapitalis.com\/tunisie\/2015\/08\/06\/libye-deux-tunisiens-enleves-par-un-groupe-arme-a-el-beida\/#primaryimage\"},\"thumbnailUrl\":\"\",\"datePublished\":\"2015-08-06T16:21:18+00:00\",\"breadcrumb\":{\"@id\":\"https:\/\/kapitalis.com\/tunisie\/2015\/08\/06\/libye-deux-tunisiens-enleves-par-un-groupe-arme-a-el-beida\/#breadcrumb\"},\"inLanguage\":\"fr-FR\",\"potentialAction\":[{\"@type\":\"ReadAction\",\"target\":[\"https:\/\/kapitalis.com\/tunisie\/2015\/08\/06\/libye-deux-tunisiens-enleves-par-un-groupe-arme-a-el-beida\/\"]}]},{\"@type\":\"ImageObject\",\"inLanguage\":\"fr-FR\",\"@id\":\"https:\/\/kapitalis.com\/tunisie\/2015\/08\/06\/libye-deux-tunisiens-enleves-par-un-groupe-arme-a-el-beida\/#primaryimage\",\"url\":\"\",\"contentUrl\":\"\"},{\"@type\":\"BreadcrumbList\",\"@id\":\"https:\/\/kapitalis.com\/tunisie\/2015\/08\/06\/libye-deux-tunisiens-enleves-par-un-groupe-arme-a-el-beida\/#breadcrumb\",\"itemListElement\":[{\"@type\":\"ListItem\",\"position\":1,\"name\":\"Accueil\",\"item\":\"https:\/\/kapitalis.com\/tunisie\/\"},{\"@type\":\"ListItem\",\"position\":2,\"name\":\"Libye : Deux Tunisiens enlev\u00e9s par un groupe arm\u00e9 \u00e0 El-Be\u00efda\"}]},{\"@type\":\"WebSite\",\"@id\":\"https:\/\/kapitalis.com\/tunisie\/#website\",\"url\":\"https:\/\/kapitalis.com\/tunisie\/\",\"name\":\"Kapitalis\",\"description\":\"L&#039;actualit\u00e9 en Tunisie et dans le monde\",\"publisher\":{\"@id\":\"https:\/\/kapitalis.com\/tunisie\/#organization\"},\"potentialAction\":[{\"@type\":\"SearchAction\",\"target\":{\"@type\":\"EntryPoint\",\"urlTemplate\":\"https:\/\/kapitalis.com\/tunisie\/?s={search_term_string}\"},\"query-input\":{\"@type\":\"PropertyValueSpecification\",\"valueRequired\":true,\"valueName\":\"search_term_string\"}}],\"inLanguage\":\"fr-FR\"},{\"@type\":\"Organization\",\"@id\":\"https:\/\/kapitalis.com\/tunisie\/#organization\",\"name\":\"Kapitalis\",\"url\":\"https:\/\/kapitalis.com\/tunisie\/\",\"logo\":{\"@type\":\"ImageObject\",\"inLanguage\":\"fr-FR\",\"@id\":\"https:\/\/kapitalis.com\/tunisie\/#\/schema\/logo\/image\/\",\"url\":\"https:\/\/kapitalis.com\/tunisie\/wp-content\/uploads\/2022\/05\/Kapitalis-big-size.png\",\"contentUrl\":\"https:\/\/kapitalis.com\/tunisie\/wp-content\/uploads\/2022\/05\/Kapitalis-big-size.png\",\"width\":5000,\"height\":1500,\"caption\":\"Kapitalis\"},\"image\":{\"@id\":\"https:\/\/kapitalis.com\/tunisie\/#\/schema\/logo\/image\/\"},\"sameAs\":[\"https:\/\/www.facebook.com\/KapitalisInfo\/\",\"https:\/\/x.com\/KapitalisInfo\",\"https:\/\/www.youtube.com\/channel\/UC-yDYrHyfFBWWZaOw3FPg9Q\"]},{\"@type\":\"Person\",\"@id\":\"https:\/\/kapitalis.com\/tunisie\/#\/schema\/person\/16627fc9b2fc0116230e88af071eebab\",\"name\":\"Ridha Elkefi\",\"url\":\"https:\/\/kapitalis.com\/tunisie\/author\/ridha-kefi\/\"}]}<\/script>\n<!-- \/ Yoast SEO plugin. -->","yoast_head_json":{"title":"Libye : Deux Tunisiens enlev\u00e9s par un groupe arm\u00e9 \u00e0 El-Be\u00efda - Kapitalis","robots":{"index":"index","follow":"follow","max-snippet":"max-snippet:-1","max-image-preview":"max-image-preview:large","max-video-preview":"max-video-preview:-1"},"canonical":"https:\/\/kapitalis.com\/tunisie\/2015\/08\/06\/libye-deux-tunisiens-enleves-par-un-groupe-arme-a-el-beida\/","og_locale":"fr_FR","og_type":"article","og_title":"Libye : Deux Tunisiens enlev\u00e9s par un groupe arm\u00e9 \u00e0 El-Be\u00efda - Kapitalis","og_description":"Deux Tunisiens originaires de Kairouan ont \u00e9t\u00e9 enlev\u00e9s par un groupe arm\u00e9 \u00e0 El-Be\u00efda, pr\u00e8s de Tripoli, en Libye. Leur famille appelle l\u2019aide des autorit\u00e9s.","og_url":"https:\/\/kapitalis.com\/tunisie\/2015\/08\/06\/libye-deux-tunisiens-enleves-par-un-groupe-arme-a-el-beida\/","og_site_name":"Kapitalis","article_publisher":"https:\/\/www.facebook.com\/KapitalisInfo\/","article_published_time":"2015-08-06T16:21:18+00:00","og_image":[{"width":1200,"height":630,"url":"https:\/\/kapitalis.com\/tunisie\/wp-content\/uploads\/2022\/05\/kapitalis-logo-fb.png","type":"image\/png"}],"author":"Ridha Elkefi","twitter_card":"summary_large_image","twitter_creator":"@KapitalisInfo","twitter_site":"@KapitalisInfo","twitter_misc":{"\u00c9crit par":"Ridha Elkefi","Dur\u00e9e de lecture estim\u00e9e":"1 minute"},"schema":{"@context":"https:\/\/schema.org","@graph":[{"@type":"Article","@id":"https:\/\/kapitalis.com\/tunisie\/2015\/08\/06\/libye-deux-tunisiens-enleves-par-un-groupe-arme-a-el-beida\/#article","isPartOf":{"@id":"https:\/\/kapitalis.com\/tunisie\/2015\/08\/06\/libye-deux-tunisiens-enleves-par-un-groupe-arme-a-el-beida\/"},"author":{"name":"Ridha Elkefi","@id":"https:\/\/kapitalis.com\/tunisie\/#\/schema\/person\/16627fc9b2fc0116230e88af071eebab"},"headline":"Libye : Deux Tunisiens enlev\u00e9s par un groupe arm\u00e9 \u00e0 El-Be\u00efda","datePublished":"2015-08-06T16:21:18+00:00","mainEntityOfPage":{"@id":"https:\/\/kapitalis.com\/tunisie\/2015\/08\/06\/libye-deux-tunisiens-enleves-par-un-groupe-arme-a-el-beida\/"},"wordCount":224,"commentCount":3,"publisher":{"@id":"https:\/\/kapitalis.com\/tunisie\/#organization"},"image":{"@id":"https:\/\/kapitalis.com\/tunisie\/2015\/08\/06\/libye-deux-tunisiens-enleves-par-un-groupe-arme-a-el-beida\/#primaryimage"},"thumbnailUrl":"","keywords":["Bouhajla","enl\u00e8vement","groupe arm\u00e9","Tripoli"],"articleSection":["SOCIETE","Tunisie"],"inLanguage":"fr-FR","potentialAction":[{"@type":"CommentAction","name":"Comment","target":["https:\/\/kapitalis.com\/tunisie\/2015\/08\/06\/libye-deux-tunisiens-enleves-par-un-groupe-arme-a-el-beida\/#respond"]}]},{"@type":"WebPage","@id":"https:\/\/kapitalis.com\/tunisie\/2015\/08\/06\/libye-deux-tunisiens-enleves-par-un-groupe-arme-a-el-beida\/","url":"https:\/\/kapitalis.com\/tunisie\/2015\/08\/06\/libye-deux-tunisiens-enleves-par-un-groupe-arme-a-el-beida\/","name":"Libye : Deux Tunisiens enlev\u00e9s par un groupe arm\u00e9 \u00e0 El-Be\u00efda - Kapitalis","isPartOf":{"@id":"https:\/\/kapitalis.com\/tunisie\/#website"},"primaryImageOfPage":{"@id":"https:\/\/kapitalis.com\/tunisie\/2015\/08\/06\/libye-deux-tunisiens-enleves-par-un-groupe-arme-a-el-beida\/#primaryimage"},"image":{"@id":"https:\/\/kapitalis.com\/tunisie\/2015\/08\/06\/libye-deux-tunisiens-enleves-par-un-groupe-arme-a-el-beida\/#primaryimage"},"thumbnailUrl":"","datePublished":"2015-08-06T16:21:18+00:00","breadcrumb":{"@id":"https:\/\/kapitalis.com\/tunisie\/2015\/08\/06\/libye-deux-tunisiens-enleves-par-un-groupe-arme-a-el-beida\/#breadcrumb"},"inLanguage":"fr-FR","potentialAction":[{"@type":"ReadAction","target":["https:\/\/kapitalis.com\/tunisie\/2015\/08\/06\/libye-deux-tunisiens-enleves-par-un-groupe-arme-a-el-beida\/"]}]},{"@type":"ImageObject","inLanguage":"fr-FR","@id":"https:\/\/kapitalis.com\/tunisie\/2015\/08\/06\/libye-deux-tunisiens-enleves-par-un-groupe-arme-a-el-beida\/#primaryimage","url":"","contentUrl":""},{"@type":"BreadcrumbList","@id":"https:\/\/kapitalis.com\/tunisie\/2015\/08\/06\/libye-deux-tunisiens-enleves-par-un-groupe-arme-a-el-beida\/#breadcrumb","itemListElement":[{"@type":"ListItem","position":1,"name":"Accueil","item":"https:\/\/kapitalis.com\/tunisie\/"},{"@type":"ListItem","position":2,"name":"Libye : Deux Tunisiens enlev\u00e9s par un groupe arm\u00e9 \u00e0 El-Be\u00efda"}]},{"@type":"WebSite","@id":"https:\/\/kapitalis.com\/tunisie\/#website","url":"https:\/\/kapitalis.com\/tunisie\/","name":"Kapitalis","description":"L&#039;actualit\u00e9 en Tunisie et dans le monde","publisher":{"@id":"https:\/\/kapitalis.com\/tunisie\/#organization"},"potentialAction":[{"@type":"SearchAction","target":{"@type":"EntryPoint","urlTemplate":"https:\/\/kapitalis.com\/tunisie\/?s={search_term_string}"},"query-input":{"@type":"PropertyValueSpecification","valueRequired":true,"valueName":"search_term_string"}}],"inLanguage":"fr-FR"},{"@type":"Organization","@id":"https:\/\/kapitalis.com\/tunisie\/#organization","name":"Kapitalis","url":"https:\/\/kapitalis.com\/tunisie\/","logo":{"@type":"ImageObject","inLanguage":"fr-FR","@id":"https:\/\/kapitalis.com\/tunisie\/#\/schema\/logo\/image\/","url":"https:\/\/kapitalis.com\/tunisie\/wp-content\/uploads\/2022\/05\/Kapitalis-big-size.png","contentUrl":"https:\/\/kapitalis.com\/tunisie\/wp-content\/uploads\/2022\/05\/Kapitalis-big-size.png","width":5000,"height":1500,"caption":"Kapitalis"},"image":{"@id":"https:\/\/kapitalis.com\/tunisie\/#\/schema\/logo\/image\/"},"sameAs":["https:\/\/www.facebook.com\/KapitalisInfo\/","https:\/\/x.com\/KapitalisInfo","https:\/\/www.youtube.com\/channel\/UC-yDYrHyfFBWWZaOw3FPg9Q"]},{"@type":"Person","@id":"https:\/\/kapitalis.com\/tunisie\/#\/schema\/person\/16627fc9b2fc0116230e88af071eebab","name":"Ridha Elkefi","url":"https:\/\/kapitalis.com\/tunisie\/author\/ridha-kefi\/"}]}},"_links":{"self":[{"href":"https:\/\/kapitalis.com\/tunisie\/wp-json\/wp\/v2\/posts\/8838","targetHints":{"allow":["GET"]}}],"collection":[{"href":"https:\/\/kapitalis.com\/tunisie\/wp-json\/wp\/v2\/posts"}],"about":[{"href":"https:\/\/kapitalis.com\/tunisie\/wp-json\/wp\/v2\/types\/post"}],"author":[{"embeddable":true,"href":"https:\/\/kapitalis.com\/tunisie\/wp-json\/wp\/v2\/users\/5"}],"replies":[{"embeddable":true,"href":"https:\/\/kapitalis.com\/tunisie\/wp-json\/wp\/v2\/comments?post=8838"}],"version-history":[{"count":0,"href":"https:\/\/kapitalis.com\/tunisie\/wp-json\/wp\/v2\/posts\/8838\/revisions"}],"wp:featuredmedia":[{"embeddable":true,"href":"https:\/\/kapitalis.com\/tunisie\/wp-json\/wp\/v2\/media\/8839"}],"wp:attachment":[{"href":"https:\/\/kapitalis.com\/tunisie\/wp-json\/wp\/v2\/media?parent=8838"}],"wp:term":[{"taxonomy":"category","embeddable":true,"href":"https:\/\/kapitalis.com\/tunisie\/wp-json\/wp\/v2\/categories?post=8838"},{"taxonomy":"post_tag","embeddable":true,"href":"https:\/\/kapitalis.com\/tunisie\/wp-json\/wp\/v2\/tags?post=8838"}],"curies":[{"name":"wp","href":"https:\/\/api.w.org\/{rel}","templated":true}]}}