{"id":8839266,"date":"2023-07-13T22:42:57","date_gmt":"2023-07-13T21:42:57","guid":{"rendered":"https:\/\/kapitalis.com\/tunisie\/?p=8839266"},"modified":"2023-07-14T00:42:54","modified_gmt":"2023-07-13T23:42:54","slug":"tunisie-chaima-issa-et-lazhar-akremi-liberes","status":"publish","type":"post","link":"https:\/\/kapitalis.com\/tunisie\/2023\/07\/13\/tunisie-chaima-issa-et-lazhar-akremi-liberes\/","title":{"rendered":"Tunisie : Chaima Issa et Lazhar Akremi lib\u00e9r\u00e9s"},"content":{"rendered":"\n<p><em><strong>Apr\u00e8s que la justice ait accept\u00e9 la demande de leur lib\u00e9ration, Chaima Issa et Lazhar Akremi ont quitt\u00e9 la prison dans la soir\u00e9e de ce jeudi 13 juillet 2023.<\/strong><\/em><\/p>\n\n\n\n<!--more-->\n\n\n\n<p>Lazhar Akremi plac\u00e9 en d\u00e9tention depuis le 13 f\u00e9vrier, a \u00e9t\u00e9 remis en libert\u00e9 ce soir, soit peu de temps avant Chaima Issa, en d\u00e9tention quant \u00e0 elle depuis le 23 f\u00e9vrier, et qui a \u00e9galement quitt\u00e9 la prison de la Manouba ce soir.<\/p>\n\n\n\n<p>Rappelons que Comit\u00e9 de d\u00e9fense des d\u00e9tenus dans l\u2019affaire dite de complot contre la s\u00fbret\u00e9 de l\u2019Etat, avait annonc\u00e9 cet apr\u00e8s-midi, que l\u2019appel interjet\u00e9 par le Parquet relatif \u00e0 la lib\u00e9ration de Chaima Issa a \u00e9t\u00e9 rejet\u00e9 ce jour et que la demande de lib\u00e9ration de Lazhar Akremi a \u00e9t\u00e9 accept\u00e9e.<\/p>\n\n\n\n<figure class=\"wp-block-gallery aligncenter has-nested-images columns-default is-cropped wp-block-gallery-1 is-layout-flex wp-block-gallery-is-layout-flex\">\n<figure class=\"wp-block-image size-large\"><img loading=\"lazy\" decoding=\"async\" width=\"567\" height=\"1024\" data-id=\"8839354\" src=\"https:\/\/kapitalis.com\/tunisie\/wp-content\/uploads\/2023\/07\/s2-1-567x1024.jpg\" alt=\"\" class=\"wp-image-8839354\" srcset=\"https:\/\/kapitalis.com\/tunisie\/wp-content\/uploads\/2023\/07\/s2-1-567x1024.jpg 567w, https:\/\/kapitalis.com\/tunisie\/wp-content\/uploads\/2023\/07\/s2-1-166x300.jpg 166w, https:\/\/kapitalis.com\/tunisie\/wp-content\/uploads\/2023\/07\/s2-1-768x1386.jpg 768w, https:\/\/kapitalis.com\/tunisie\/wp-content\/uploads\/2023\/07\/s2-1-851x1536.jpg 851w, https:\/\/kapitalis.com\/tunisie\/wp-content\/uploads\/2023\/07\/s2-1-580x1047.jpg 580w, https:\/\/kapitalis.com\/tunisie\/wp-content\/uploads\/2023\/07\/s2-1-860x1552.jpg 860w, https:\/\/kapitalis.com\/tunisie\/wp-content\/uploads\/2023\/07\/s2-1.jpg 902w\" sizes=\"auto, (max-width: 567px) 100vw, 567px\" \/><\/figure>\n\n\n\n<figure class=\"wp-block-image size-large\"><img loading=\"lazy\" decoding=\"async\" width=\"587\" height=\"1024\" data-id=\"8839356\" src=\"https:\/\/kapitalis.com\/tunisie\/wp-content\/uploads\/2023\/07\/s1-1-587x1024.jpg\" alt=\"\" class=\"wp-image-8839356\" srcset=\"https:\/\/kapitalis.com\/tunisie\/wp-content\/uploads\/2023\/07\/s1-1-587x1024.jpg 587w, https:\/\/kapitalis.com\/tunisie\/wp-content\/uploads\/2023\/07\/s1-1-172x300.jpg 172w, https:\/\/kapitalis.com\/tunisie\/wp-content\/uploads\/2023\/07\/s1-1-768x1340.jpg 768w, https:\/\/kapitalis.com\/tunisie\/wp-content\/uploads\/2023\/07\/s1-1-880x1536.jpg 880w, https:\/\/kapitalis.com\/tunisie\/wp-content\/uploads\/2023\/07\/s1-1-580x1012.jpg 580w, https:\/\/kapitalis.com\/tunisie\/wp-content\/uploads\/2023\/07\/s1-1-860x1501.jpg 860w, https:\/\/kapitalis.com\/tunisie\/wp-content\/uploads\/2023\/07\/s1-1.jpg 910w\" sizes=\"auto, (max-width: 587px) 100vw, 587px\" \/><\/figure>\n<\/figure>\n\n\n\n<p>Ce soir, Chaima Issa et Lazhar Akremi ont \u00e9t\u00e9 remis en libert\u00e9 et ont \u00e9t\u00e9 accueilli par leurs familles, leurs avocats, leurs amis, et autres militants de l&rsquo;opposition qui ont c\u00e9l\u00e9br\u00e9 la lib\u00e9ration des concern\u00e9s.<\/p>\n\n\n\n<p>Notons que la justice a cependant rejet\u00e9 la demande de lib\u00e9ration des autres d\u00e9tenus poursuivis dans l\u2019affaire dite de complot contre la s\u00fbret\u00e9 de l\u2019Etat, \u00e0 savoir Mohamed Khayem Turki, Abdelhamid Jlassi, Ridha Belhadj, Ghazi Chaouachi, Jawhar Ben Mbarek et Issam Chebbi.<\/p>\n\n\n\n<p class=\"has-text-align-right\"><strong>Y. N.<\/strong><\/p>\n\n\n\n<figure class=\"wp-block-embed is-type-wp-embed is-provider-kapitalis wp-block-embed-kapitalis\"><div class=\"wp-block-embed__wrapper\">\n<blockquote class=\"wp-embedded-content\" data-secret=\"QmACRv44cW\"><a href=\"https:\/\/kapitalis.com\/tunisie\/2023\/07\/13\/la-demande-de-liberation-acceptee-pour-chaima-issa-et-lazhar-akremi\/\">La demande de lib\u00e9ration accept\u00e9e pour Chaima Issa et Lazhar Akremi<\/a><\/blockquote><iframe loading=\"lazy\" class=\"wp-embedded-content\" sandbox=\"allow-scripts\" security=\"restricted\" style=\"position: absolute; clip: rect(1px, 1px, 1px, 1px);\" title=\"\u00ab\u00a0La demande de lib\u00e9ration accept\u00e9e pour Chaima Issa et Lazhar Akremi\u00a0\u00bb &#8212; Kapitalis\" src=\"https:\/\/kapitalis.com\/tunisie\/2023\/07\/13\/la-demande-de-liberation-acceptee-pour-chaima-issa-et-lazhar-akremi\/embed\/#?secret=xsr2y6tRNK#?secret=QmACRv44cW\" data-secret=\"QmACRv44cW\" width=\"600\" height=\"338\" frameborder=\"0\" marginwidth=\"0\" marginheight=\"0\" scrolling=\"no\"><\/iframe>\n<\/div><\/figure>\n","protected":false},"excerpt":{"rendered":"<p>Tunisie : Chaima Issa et Lazhar Akremi lib\u00e9r\u00e9s<\/p>\n","protected":false},"author":6,"featured_media":8839334,"comment_status":"open","ping_status":"open","sticky":false,"template":"","format":"standard","meta":{"footnotes":""},"categories":[997,998,2433],"tags":[106014,536,1053,1314,62643],"class_list":["post-8839266","post","type-post","status-publish","format-standard","has-post-thumbnail","hentry","category-politique","category-societe","category-tunisie","tag-chaima-issa","tag-lazhar-akremi","tag-liberation","tag-prison","tag-tunisie"],"yoast_head":"<!-- This site is optimized with the Yoast SEO plugin v26.6 - https:\/\/yoast.com\/wordpress\/plugins\/seo\/ -->\n<title>Tunisie : Chaima Issa et Lazhar Akremi lib\u00e9r\u00e9s - Kapitalis<\/title>\n<meta name=\"description\" content=\"Apr\u00e8s que la justice ait accept\u00e9 la demande de leur lib\u00e9ration, Chaima Issa et Lazhar Akremi ont quitt\u00e9 la prison dans la soir\u00e9e de ce jeudi 13 juillet 2023.\" \/>\n<meta name=\"robots\" content=\"index, follow, max-snippet:-1, max-image-preview:large, max-video-preview:-1\" \/>\n<link rel=\"canonical\" href=\"https:\/\/kapitalis.com\/tunisie\/2023\/07\/13\/tunisie-chaima-issa-et-lazhar-akremi-liberes\/\" \/>\n<meta property=\"og:locale\" content=\"fr_FR\" \/>\n<meta property=\"og:type\" content=\"article\" \/>\n<meta property=\"og:title\" content=\"Tunisie : Chaima Issa et Lazhar Akremi lib\u00e9r\u00e9s - Kapitalis\" \/>\n<meta property=\"og:description\" content=\"Apr\u00e8s que la justice ait accept\u00e9 la demande de leur lib\u00e9ration, Chaima Issa et Lazhar Akremi ont quitt\u00e9 la prison dans la soir\u00e9e de ce jeudi 13 juillet 2023.\" \/>\n<meta property=\"og:url\" content=\"https:\/\/kapitalis.com\/tunisie\/2023\/07\/13\/tunisie-chaima-issa-et-lazhar-akremi-liberes\/\" \/>\n<meta property=\"og:site_name\" content=\"Kapitalis\" \/>\n<meta property=\"article:publisher\" content=\"https:\/\/www.facebook.com\/KapitalisInfo\/\" \/>\n<meta property=\"article:published_time\" content=\"2023-07-13T21:42:57+00:00\" \/>\n<meta property=\"article:modified_time\" content=\"2023-07-13T23:42:54+00:00\" \/>\n<meta property=\"og:image\" content=\"https:\/\/kapitalis.com\/tunisie\/wp-content\/uploads\/2023\/07\/Chaima-Issa-et-Lazhar-Akremi-liberes.jpg\" \/>\n\t<meta property=\"og:image:width\" content=\"1200\" \/>\n\t<meta property=\"og:image:height\" content=\"630\" \/>\n\t<meta property=\"og:image:type\" content=\"image\/jpeg\" \/>\n<meta name=\"author\" content=\"Yusra NY\" \/>\n<meta name=\"twitter:card\" content=\"summary_large_image\" \/>\n<meta name=\"twitter:creator\" content=\"@KapitalisInfo\" \/>\n<meta name=\"twitter:site\" content=\"@KapitalisInfo\" \/>\n<meta name=\"twitter:label1\" content=\"\u00c9crit par\" \/>\n\t<meta name=\"twitter:data1\" content=\"Yusra NY\" \/>\n\t<meta name=\"twitter:label2\" content=\"Dur\u00e9e de lecture estim\u00e9e\" \/>\n\t<meta name=\"twitter:data2\" content=\"2 minutes\" \/>\n<script type=\"application\/ld+json\" class=\"yoast-schema-graph\">{\"@context\":\"https:\/\/schema.org\",\"@graph\":[{\"@type\":\"Article\",\"@id\":\"https:\/\/kapitalis.com\/tunisie\/2023\/07\/13\/tunisie-chaima-issa-et-lazhar-akremi-liberes\/#article\",\"isPartOf\":{\"@id\":\"https:\/\/kapitalis.com\/tunisie\/2023\/07\/13\/tunisie-chaima-issa-et-lazhar-akremi-liberes\/\"},\"author\":{\"name\":\"Yusra NY\",\"@id\":\"https:\/\/kapitalis.com\/tunisie\/#\/schema\/person\/74bbde0154d49d790a92aaeac5bc01d5\"},\"headline\":\"Tunisie : Chaima Issa et Lazhar Akremi lib\u00e9r\u00e9s\",\"datePublished\":\"2023-07-13T21:42:57+00:00\",\"dateModified\":\"2023-07-13T23:42:54+00:00\",\"mainEntityOfPage\":{\"@id\":\"https:\/\/kapitalis.com\/tunisie\/2023\/07\/13\/tunisie-chaima-issa-et-lazhar-akremi-liberes\/\"},\"wordCount\":236,\"commentCount\":1,\"publisher\":{\"@id\":\"https:\/\/kapitalis.com\/tunisie\/#organization\"},\"image\":{\"@id\":\"https:\/\/kapitalis.com\/tunisie\/2023\/07\/13\/tunisie-chaima-issa-et-lazhar-akremi-liberes\/#primaryimage\"},\"thumbnailUrl\":\"https:\/\/kapitalis.com\/tunisie\/wp-content\/uploads\/2023\/07\/Chaima-Issa-et-Lazhar-Akremi-liberes.jpg\",\"keywords\":[\"Chaima Issa\",\"Lazhar Akremi\",\"lib\u00e9ration\",\"prison\",\"Tunisie\"],\"articleSection\":[\"POLITIQUE\",\"SOCIETE\",\"Tunisie\"],\"inLanguage\":\"fr-FR\",\"potentialAction\":[{\"@type\":\"CommentAction\",\"name\":\"Comment\",\"target\":[\"https:\/\/kapitalis.com\/tunisie\/2023\/07\/13\/tunisie-chaima-issa-et-lazhar-akremi-liberes\/#respond\"]}]},{\"@type\":\"WebPage\",\"@id\":\"https:\/\/kapitalis.com\/tunisie\/2023\/07\/13\/tunisie-chaima-issa-et-lazhar-akremi-liberes\/\",\"url\":\"https:\/\/kapitalis.com\/tunisie\/2023\/07\/13\/tunisie-chaima-issa-et-lazhar-akremi-liberes\/\",\"name\":\"Tunisie : Chaima Issa et Lazhar Akremi lib\u00e9r\u00e9s - Kapitalis\",\"isPartOf\":{\"@id\":\"https:\/\/kapitalis.com\/tunisie\/#website\"},\"primaryImageOfPage\":{\"@id\":\"https:\/\/kapitalis.com\/tunisie\/2023\/07\/13\/tunisie-chaima-issa-et-lazhar-akremi-liberes\/#primaryimage\"},\"image\":{\"@id\":\"https:\/\/kapitalis.com\/tunisie\/2023\/07\/13\/tunisie-chaima-issa-et-lazhar-akremi-liberes\/#primaryimage\"},\"thumbnailUrl\":\"https:\/\/kapitalis.com\/tunisie\/wp-content\/uploads\/2023\/07\/Chaima-Issa-et-Lazhar-Akremi-liberes.jpg\",\"datePublished\":\"2023-07-13T21:42:57+00:00\",\"dateModified\":\"2023-07-13T23:42:54+00:00\",\"description\":\"Apr\u00e8s que la justice ait accept\u00e9 la demande de leur lib\u00e9ration, Chaima Issa et Lazhar Akremi ont quitt\u00e9 la prison dans la soir\u00e9e de ce jeudi 13 juillet 2023.\",\"breadcrumb\":{\"@id\":\"https:\/\/kapitalis.com\/tunisie\/2023\/07\/13\/tunisie-chaima-issa-et-lazhar-akremi-liberes\/#breadcrumb\"},\"inLanguage\":\"fr-FR\",\"potentialAction\":[{\"@type\":\"ReadAction\",\"target\":[\"https:\/\/kapitalis.com\/tunisie\/2023\/07\/13\/tunisie-chaima-issa-et-lazhar-akremi-liberes\/\"]}]},{\"@type\":\"ImageObject\",\"inLanguage\":\"fr-FR\",\"@id\":\"https:\/\/kapitalis.com\/tunisie\/2023\/07\/13\/tunisie-chaima-issa-et-lazhar-akremi-liberes\/#primaryimage\",\"url\":\"https:\/\/kapitalis.com\/tunisie\/wp-content\/uploads\/2023\/07\/Chaima-Issa-et-Lazhar-Akremi-liberes.jpg\",\"contentUrl\":\"https:\/\/kapitalis.com\/tunisie\/wp-content\/uploads\/2023\/07\/Chaima-Issa-et-Lazhar-Akremi-liberes.jpg\",\"width\":1200,\"height\":630},{\"@type\":\"BreadcrumbList\",\"@id\":\"https:\/\/kapitalis.com\/tunisie\/2023\/07\/13\/tunisie-chaima-issa-et-lazhar-akremi-liberes\/#breadcrumb\",\"itemListElement\":[{\"@type\":\"ListItem\",\"position\":1,\"name\":\"Accueil\",\"item\":\"https:\/\/kapitalis.com\/tunisie\/\"},{\"@type\":\"ListItem\",\"position\":2,\"name\":\"Tunisie : Chaima Issa et Lazhar Akremi lib\u00e9r\u00e9s\"}]},{\"@type\":\"WebSite\",\"@id\":\"https:\/\/kapitalis.com\/tunisie\/#website\",\"url\":\"https:\/\/kapitalis.com\/tunisie\/\",\"name\":\"Kapitalis\",\"description\":\"L&#039;actualit\u00e9 en Tunisie et dans le monde\",\"publisher\":{\"@id\":\"https:\/\/kapitalis.com\/tunisie\/#organization\"},\"potentialAction\":[{\"@type\":\"SearchAction\",\"target\":{\"@type\":\"EntryPoint\",\"urlTemplate\":\"https:\/\/kapitalis.com\/tunisie\/?s={search_term_string}\"},\"query-input\":{\"@type\":\"PropertyValueSpecification\",\"valueRequired\":true,\"valueName\":\"search_term_string\"}}],\"inLanguage\":\"fr-FR\"},{\"@type\":\"Organization\",\"@id\":\"https:\/\/kapitalis.com\/tunisie\/#organization\",\"name\":\"Kapitalis\",\"url\":\"https:\/\/kapitalis.com\/tunisie\/\",\"logo\":{\"@type\":\"ImageObject\",\"inLanguage\":\"fr-FR\",\"@id\":\"https:\/\/kapitalis.com\/tunisie\/#\/schema\/logo\/image\/\",\"url\":\"https:\/\/kapitalis.com\/tunisie\/wp-content\/uploads\/2022\/05\/Kapitalis-big-size.png\",\"contentUrl\":\"https:\/\/kapitalis.com\/tunisie\/wp-content\/uploads\/2022\/05\/Kapitalis-big-size.png\",\"width\":5000,\"height\":1500,\"caption\":\"Kapitalis\"},\"image\":{\"@id\":\"https:\/\/kapitalis.com\/tunisie\/#\/schema\/logo\/image\/\"},\"sameAs\":[\"https:\/\/www.facebook.com\/KapitalisInfo\/\",\"https:\/\/x.com\/KapitalisInfo\",\"https:\/\/www.youtube.com\/channel\/UC-yDYrHyfFBWWZaOw3FPg9Q\"]},{\"@type\":\"Person\",\"@id\":\"https:\/\/kapitalis.com\/tunisie\/#\/schema\/person\/74bbde0154d49d790a92aaeac5bc01d5\",\"name\":\"Yusra NY\",\"url\":\"https:\/\/kapitalis.com\/tunisie\/author\/yuza_adam\/\"}]}<\/script>\n<!-- \/ Yoast SEO plugin. -->","yoast_head_json":{"title":"Tunisie : Chaima Issa et Lazhar Akremi lib\u00e9r\u00e9s - Kapitalis","description":"Apr\u00e8s que la justice ait accept\u00e9 la demande de leur lib\u00e9ration, Chaima Issa et Lazhar Akremi ont quitt\u00e9 la prison dans la soir\u00e9e de ce jeudi 13 juillet 2023.","robots":{"index":"index","follow":"follow","max-snippet":"max-snippet:-1","max-image-preview":"max-image-preview:large","max-video-preview":"max-video-preview:-1"},"canonical":"https:\/\/kapitalis.com\/tunisie\/2023\/07\/13\/tunisie-chaima-issa-et-lazhar-akremi-liberes\/","og_locale":"fr_FR","og_type":"article","og_title":"Tunisie : Chaima Issa et Lazhar Akremi lib\u00e9r\u00e9s - Kapitalis","og_description":"Apr\u00e8s que la justice ait accept\u00e9 la demande de leur lib\u00e9ration, Chaima Issa et Lazhar Akremi ont quitt\u00e9 la prison dans la soir\u00e9e de ce jeudi 13 juillet 2023.","og_url":"https:\/\/kapitalis.com\/tunisie\/2023\/07\/13\/tunisie-chaima-issa-et-lazhar-akremi-liberes\/","og_site_name":"Kapitalis","article_publisher":"https:\/\/www.facebook.com\/KapitalisInfo\/","article_published_time":"2023-07-13T21:42:57+00:00","article_modified_time":"2023-07-13T23:42:54+00:00","og_image":[{"width":1200,"height":630,"url":"https:\/\/kapitalis.com\/tunisie\/wp-content\/uploads\/2023\/07\/Chaima-Issa-et-Lazhar-Akremi-liberes.jpg","type":"image\/jpeg"}],"author":"Yusra NY","twitter_card":"summary_large_image","twitter_creator":"@KapitalisInfo","twitter_site":"@KapitalisInfo","twitter_misc":{"\u00c9crit par":"Yusra NY","Dur\u00e9e de lecture estim\u00e9e":"2 minutes"},"schema":{"@context":"https:\/\/schema.org","@graph":[{"@type":"Article","@id":"https:\/\/kapitalis.com\/tunisie\/2023\/07\/13\/tunisie-chaima-issa-et-lazhar-akremi-liberes\/#article","isPartOf":{"@id":"https:\/\/kapitalis.com\/tunisie\/2023\/07\/13\/tunisie-chaima-issa-et-lazhar-akremi-liberes\/"},"author":{"name":"Yusra NY","@id":"https:\/\/kapitalis.com\/tunisie\/#\/schema\/person\/74bbde0154d49d790a92aaeac5bc01d5"},"headline":"Tunisie : Chaima Issa et Lazhar Akremi lib\u00e9r\u00e9s","datePublished":"2023-07-13T21:42:57+00:00","dateModified":"2023-07-13T23:42:54+00:00","mainEntityOfPage":{"@id":"https:\/\/kapitalis.com\/tunisie\/2023\/07\/13\/tunisie-chaima-issa-et-lazhar-akremi-liberes\/"},"wordCount":236,"commentCount":1,"publisher":{"@id":"https:\/\/kapitalis.com\/tunisie\/#organization"},"image":{"@id":"https:\/\/kapitalis.com\/tunisie\/2023\/07\/13\/tunisie-chaima-issa-et-lazhar-akremi-liberes\/#primaryimage"},"thumbnailUrl":"https:\/\/kapitalis.com\/tunisie\/wp-content\/uploads\/2023\/07\/Chaima-Issa-et-Lazhar-Akremi-liberes.jpg","keywords":["Chaima Issa","Lazhar Akremi","lib\u00e9ration","prison","Tunisie"],"articleSection":["POLITIQUE","SOCIETE","Tunisie"],"inLanguage":"fr-FR","potentialAction":[{"@type":"CommentAction","name":"Comment","target":["https:\/\/kapitalis.com\/tunisie\/2023\/07\/13\/tunisie-chaima-issa-et-lazhar-akremi-liberes\/#respond"]}]},{"@type":"WebPage","@id":"https:\/\/kapitalis.com\/tunisie\/2023\/07\/13\/tunisie-chaima-issa-et-lazhar-akremi-liberes\/","url":"https:\/\/kapitalis.com\/tunisie\/2023\/07\/13\/tunisie-chaima-issa-et-lazhar-akremi-liberes\/","name":"Tunisie : Chaima Issa et Lazhar Akremi lib\u00e9r\u00e9s - Kapitalis","isPartOf":{"@id":"https:\/\/kapitalis.com\/tunisie\/#website"},"primaryImageOfPage":{"@id":"https:\/\/kapitalis.com\/tunisie\/2023\/07\/13\/tunisie-chaima-issa-et-lazhar-akremi-liberes\/#primaryimage"},"image":{"@id":"https:\/\/kapitalis.com\/tunisie\/2023\/07\/13\/tunisie-chaima-issa-et-lazhar-akremi-liberes\/#primaryimage"},"thumbnailUrl":"https:\/\/kapitalis.com\/tunisie\/wp-content\/uploads\/2023\/07\/Chaima-Issa-et-Lazhar-Akremi-liberes.jpg","datePublished":"2023-07-13T21:42:57+00:00","dateModified":"2023-07-13T23:42:54+00:00","description":"Apr\u00e8s que la justice ait accept\u00e9 la demande de leur lib\u00e9ration, Chaima Issa et Lazhar Akremi ont quitt\u00e9 la prison dans la soir\u00e9e de ce jeudi 13 juillet 2023.","breadcrumb":{"@id":"https:\/\/kapitalis.com\/tunisie\/2023\/07\/13\/tunisie-chaima-issa-et-lazhar-akremi-liberes\/#breadcrumb"},"inLanguage":"fr-FR","potentialAction":[{"@type":"ReadAction","target":["https:\/\/kapitalis.com\/tunisie\/2023\/07\/13\/tunisie-chaima-issa-et-lazhar-akremi-liberes\/"]}]},{"@type":"ImageObject","inLanguage":"fr-FR","@id":"https:\/\/kapitalis.com\/tunisie\/2023\/07\/13\/tunisie-chaima-issa-et-lazhar-akremi-liberes\/#primaryimage","url":"https:\/\/kapitalis.com\/tunisie\/wp-content\/uploads\/2023\/07\/Chaima-Issa-et-Lazhar-Akremi-liberes.jpg","contentUrl":"https:\/\/kapitalis.com\/tunisie\/wp-content\/uploads\/2023\/07\/Chaima-Issa-et-Lazhar-Akremi-liberes.jpg","width":1200,"height":630},{"@type":"BreadcrumbList","@id":"https:\/\/kapitalis.com\/tunisie\/2023\/07\/13\/tunisie-chaima-issa-et-lazhar-akremi-liberes\/#breadcrumb","itemListElement":[{"@type":"ListItem","position":1,"name":"Accueil","item":"https:\/\/kapitalis.com\/tunisie\/"},{"@type":"ListItem","position":2,"name":"Tunisie : Chaima Issa et Lazhar Akremi lib\u00e9r\u00e9s"}]},{"@type":"WebSite","@id":"https:\/\/kapitalis.com\/tunisie\/#website","url":"https:\/\/kapitalis.com\/tunisie\/","name":"Kapitalis","description":"L&#039;actualit\u00e9 en Tunisie et dans le monde","publisher":{"@id":"https:\/\/kapitalis.com\/tunisie\/#organization"},"potentialAction":[{"@type":"SearchAction","target":{"@type":"EntryPoint","urlTemplate":"https:\/\/kapitalis.com\/tunisie\/?s={search_term_string}"},"query-input":{"@type":"PropertyValueSpecification","valueRequired":true,"valueName":"search_term_string"}}],"inLanguage":"fr-FR"},{"@type":"Organization","@id":"https:\/\/kapitalis.com\/tunisie\/#organization","name":"Kapitalis","url":"https:\/\/kapitalis.com\/tunisie\/","logo":{"@type":"ImageObject","inLanguage":"fr-FR","@id":"https:\/\/kapitalis.com\/tunisie\/#\/schema\/logo\/image\/","url":"https:\/\/kapitalis.com\/tunisie\/wp-content\/uploads\/2022\/05\/Kapitalis-big-size.png","contentUrl":"https:\/\/kapitalis.com\/tunisie\/wp-content\/uploads\/2022\/05\/Kapitalis-big-size.png","width":5000,"height":1500,"caption":"Kapitalis"},"image":{"@id":"https:\/\/kapitalis.com\/tunisie\/#\/schema\/logo\/image\/"},"sameAs":["https:\/\/www.facebook.com\/KapitalisInfo\/","https:\/\/x.com\/KapitalisInfo","https:\/\/www.youtube.com\/channel\/UC-yDYrHyfFBWWZaOw3FPg9Q"]},{"@type":"Person","@id":"https:\/\/kapitalis.com\/tunisie\/#\/schema\/person\/74bbde0154d49d790a92aaeac5bc01d5","name":"Yusra NY","url":"https:\/\/kapitalis.com\/tunisie\/author\/yuza_adam\/"}]}},"_links":{"self":[{"href":"https:\/\/kapitalis.com\/tunisie\/wp-json\/wp\/v2\/posts\/8839266","targetHints":{"allow":["GET"]}}],"collection":[{"href":"https:\/\/kapitalis.com\/tunisie\/wp-json\/wp\/v2\/posts"}],"about":[{"href":"https:\/\/kapitalis.com\/tunisie\/wp-json\/wp\/v2\/types\/post"}],"author":[{"embeddable":true,"href":"https:\/\/kapitalis.com\/tunisie\/wp-json\/wp\/v2\/users\/6"}],"replies":[{"embeddable":true,"href":"https:\/\/kapitalis.com\/tunisie\/wp-json\/wp\/v2\/comments?post=8839266"}],"version-history":[{"count":2,"href":"https:\/\/kapitalis.com\/tunisie\/wp-json\/wp\/v2\/posts\/8839266\/revisions"}],"predecessor-version":[{"id":8839359,"href":"https:\/\/kapitalis.com\/tunisie\/wp-json\/wp\/v2\/posts\/8839266\/revisions\/8839359"}],"wp:featuredmedia":[{"embeddable":true,"href":"https:\/\/kapitalis.com\/tunisie\/wp-json\/wp\/v2\/media\/8839334"}],"wp:attachment":[{"href":"https:\/\/kapitalis.com\/tunisie\/wp-json\/wp\/v2\/media?parent=8839266"}],"wp:term":[{"taxonomy":"category","embeddable":true,"href":"https:\/\/kapitalis.com\/tunisie\/wp-json\/wp\/v2\/categories?post=8839266"},{"taxonomy":"post_tag","embeddable":true,"href":"https:\/\/kapitalis.com\/tunisie\/wp-json\/wp\/v2\/tags?post=8839266"}],"curies":[{"name":"wp","href":"https:\/\/api.w.org\/{rel}","templated":true}]}}