{"id":8840213,"date":"2023-07-14T00:40:57","date_gmt":"2023-07-13T23:40:57","guid":{"rendered":"https:\/\/kapitalis.com\/tunisie\/?p=8840213"},"modified":"2023-07-14T00:42:17","modified_gmt":"2023-07-13T23:42:17","slug":"meteo-tunisie-hausse-des-temperatures-ce-week-end","status":"publish","type":"post","link":"https:\/\/kapitalis.com\/tunisie\/2023\/07\/14\/meteo-tunisie-hausse-des-temperatures-ce-week-end\/","title":{"rendered":"M\u00e9t\u00e9o-Tunisie : Hausse des temp\u00e9ratures ce week-end"},"content":{"rendered":"\n<p><em><strong>L&rsquo;Institut national de la m\u00e9t\u00e9orologie (INM) a annonc\u00e9 dans un bulletin m\u00e9t\u00e9o publi\u00e9 jeudi 13 juillet 2023, que de fortes chaleurs sont attendues pour le week-end du 15 et 16 juillet.<\/strong><\/em><\/p>\n\n\n\n<!--more-->\n\n\n\n<p>Si une l\u00e9g\u00e8re baisse des temp\u00e9ratures est pr\u00e9vue pour ce vendredi, notamment dans les r\u00e9gions c\u00f4ti\u00e8res du nord, celles-ci repartiront \u00e0 la hausse \u00e0 partir de samedi, d\u00e9passant les normales saisonni\u00e8res 6 \u00e0 10\u00b0C, pr\u00e9cise l&rsquo;INM.<\/p>\n\n\n\n<p>Variant entre 44 et 46\u00b0C dans le Grand-Tunis, les temp\u00e9ratures seront en hausse dans la plupart des r\u00e9gions, notamment \u00e0 Beja, \u00e0 Jendouba et \u00e0 Siliana, mais aussi \u00e0 Sousse et \u00e0 Monastir, ajoute encore la m\u00eame source, qui a appel\u00e9 \u00e0 la vigilance.<\/p>\n\n\n\n<p class=\"has-text-align-right\"><strong>Y. N.<\/strong><\/p>\n","protected":false},"excerpt":{"rendered":"<p>M\u00e9t\u00e9o-Tunisie : Hausse des temp\u00e9ratures ce week-end<\/p>\n","protected":false},"author":6,"featured_media":1246447,"comment_status":"open","ping_status":"open","sticky":false,"template":"","format":"standard","meta":{"footnotes":""},"categories":[998,2433],"tags":[3887,1036,603,1665,62643],"class_list":["post-8840213","post","type-post","status-publish","format-standard","has-post-thumbnail","hentry","category-societe","category-tunisie","tag-canicule","tag-chaleur","tag-meteo","tag-temperatures","tag-tunisie"],"yoast_head":"<!-- This site is optimized with the Yoast SEO plugin v26.6 - https:\/\/yoast.com\/wordpress\/plugins\/seo\/ -->\n<title>M\u00e9t\u00e9o-Tunisie : Hausse des temp\u00e9ratures ce week-end - Kapitalis<\/title>\n<meta name=\"description\" content=\"L&#039;Institut national de la m\u00e9t\u00e9orologie (INM) a annonc\u00e9 dans un bulletin m\u00e9t\u00e9o publi\u00e9 jeudi 13 juillet 2023, que de fortes chaleurs sont attendues pour le week-end du 15 et 16 juillet.\" \/>\n<meta name=\"robots\" content=\"index, follow, max-snippet:-1, max-image-preview:large, max-video-preview:-1\" \/>\n<link rel=\"canonical\" href=\"https:\/\/kapitalis.com\/tunisie\/2023\/07\/14\/meteo-tunisie-hausse-des-temperatures-ce-week-end\/\" \/>\n<meta property=\"og:locale\" content=\"fr_FR\" \/>\n<meta property=\"og:type\" content=\"article\" \/>\n<meta property=\"og:title\" content=\"M\u00e9t\u00e9o-Tunisie : Hausse des temp\u00e9ratures ce week-end - Kapitalis\" \/>\n<meta property=\"og:description\" content=\"L&#039;Institut national de la m\u00e9t\u00e9orologie (INM) a annonc\u00e9 dans un bulletin m\u00e9t\u00e9o publi\u00e9 jeudi 13 juillet 2023, que de fortes chaleurs sont attendues pour le week-end du 15 et 16 juillet.\" \/>\n<meta property=\"og:url\" content=\"https:\/\/kapitalis.com\/tunisie\/2023\/07\/14\/meteo-tunisie-hausse-des-temperatures-ce-week-end\/\" \/>\n<meta property=\"og:site_name\" content=\"Kapitalis\" \/>\n<meta property=\"article:publisher\" content=\"https:\/\/www.facebook.com\/KapitalisInfo\/\" \/>\n<meta property=\"article:published_time\" content=\"2023-07-13T23:40:57+00:00\" \/>\n<meta property=\"article:modified_time\" content=\"2023-07-13T23:42:17+00:00\" \/>\n<meta property=\"og:image\" content=\"https:\/\/kapitalis.com\/tunisie\/wp-content\/uploads\/2022\/06\/vague-chaleur-meteo.jpg\" \/>\n\t<meta property=\"og:image:width\" content=\"1200\" \/>\n\t<meta property=\"og:image:height\" content=\"630\" \/>\n\t<meta property=\"og:image:type\" content=\"image\/jpeg\" \/>\n<meta name=\"author\" content=\"Yusra NY\" \/>\n<meta name=\"twitter:card\" content=\"summary_large_image\" \/>\n<meta name=\"twitter:creator\" content=\"@KapitalisInfo\" \/>\n<meta name=\"twitter:site\" content=\"@KapitalisInfo\" \/>\n<meta name=\"twitter:label1\" content=\"\u00c9crit par\" \/>\n\t<meta name=\"twitter:data1\" content=\"Yusra NY\" \/>\n\t<meta name=\"twitter:label2\" content=\"Dur\u00e9e de lecture estim\u00e9e\" \/>\n\t<meta name=\"twitter:data2\" content=\"1 minute\" \/>\n<script type=\"application\/ld+json\" class=\"yoast-schema-graph\">{\"@context\":\"https:\/\/schema.org\",\"@graph\":[{\"@type\":\"Article\",\"@id\":\"https:\/\/kapitalis.com\/tunisie\/2023\/07\/14\/meteo-tunisie-hausse-des-temperatures-ce-week-end\/#article\",\"isPartOf\":{\"@id\":\"https:\/\/kapitalis.com\/tunisie\/2023\/07\/14\/meteo-tunisie-hausse-des-temperatures-ce-week-end\/\"},\"author\":{\"name\":\"Yusra NY\",\"@id\":\"https:\/\/kapitalis.com\/tunisie\/#\/schema\/person\/74bbde0154d49d790a92aaeac5bc01d5\"},\"headline\":\"M\u00e9t\u00e9o-Tunisie : Hausse des temp\u00e9ratures ce week-end\",\"datePublished\":\"2023-07-13T23:40:57+00:00\",\"dateModified\":\"2023-07-13T23:42:17+00:00\",\"mainEntityOfPage\":{\"@id\":\"https:\/\/kapitalis.com\/tunisie\/2023\/07\/14\/meteo-tunisie-hausse-des-temperatures-ce-week-end\/\"},\"wordCount\":124,\"commentCount\":0,\"publisher\":{\"@id\":\"https:\/\/kapitalis.com\/tunisie\/#organization\"},\"image\":{\"@id\":\"https:\/\/kapitalis.com\/tunisie\/2023\/07\/14\/meteo-tunisie-hausse-des-temperatures-ce-week-end\/#primaryimage\"},\"thumbnailUrl\":\"https:\/\/kapitalis.com\/tunisie\/wp-content\/uploads\/2022\/06\/vague-chaleur-meteo.jpg\",\"keywords\":[\"canicule\",\"chaleur\",\"m\u00e9t\u00e9o\",\"temp\u00e9ratures\",\"Tunisie\"],\"articleSection\":[\"SOCIETE\",\"Tunisie\"],\"inLanguage\":\"fr-FR\",\"potentialAction\":[{\"@type\":\"CommentAction\",\"name\":\"Comment\",\"target\":[\"https:\/\/kapitalis.com\/tunisie\/2023\/07\/14\/meteo-tunisie-hausse-des-temperatures-ce-week-end\/#respond\"]}]},{\"@type\":\"WebPage\",\"@id\":\"https:\/\/kapitalis.com\/tunisie\/2023\/07\/14\/meteo-tunisie-hausse-des-temperatures-ce-week-end\/\",\"url\":\"https:\/\/kapitalis.com\/tunisie\/2023\/07\/14\/meteo-tunisie-hausse-des-temperatures-ce-week-end\/\",\"name\":\"M\u00e9t\u00e9o-Tunisie : Hausse des temp\u00e9ratures ce week-end - Kapitalis\",\"isPartOf\":{\"@id\":\"https:\/\/kapitalis.com\/tunisie\/#website\"},\"primaryImageOfPage\":{\"@id\":\"https:\/\/kapitalis.com\/tunisie\/2023\/07\/14\/meteo-tunisie-hausse-des-temperatures-ce-week-end\/#primaryimage\"},\"image\":{\"@id\":\"https:\/\/kapitalis.com\/tunisie\/2023\/07\/14\/meteo-tunisie-hausse-des-temperatures-ce-week-end\/#primaryimage\"},\"thumbnailUrl\":\"https:\/\/kapitalis.com\/tunisie\/wp-content\/uploads\/2022\/06\/vague-chaleur-meteo.jpg\",\"datePublished\":\"2023-07-13T23:40:57+00:00\",\"dateModified\":\"2023-07-13T23:42:17+00:00\",\"description\":\"L'Institut national de la m\u00e9t\u00e9orologie (INM) a annonc\u00e9 dans un bulletin m\u00e9t\u00e9o publi\u00e9 jeudi 13 juillet 2023, que de fortes chaleurs sont attendues pour le week-end du 15 et 16 juillet.\",\"breadcrumb\":{\"@id\":\"https:\/\/kapitalis.com\/tunisie\/2023\/07\/14\/meteo-tunisie-hausse-des-temperatures-ce-week-end\/#breadcrumb\"},\"inLanguage\":\"fr-FR\",\"potentialAction\":[{\"@type\":\"ReadAction\",\"target\":[\"https:\/\/kapitalis.com\/tunisie\/2023\/07\/14\/meteo-tunisie-hausse-des-temperatures-ce-week-end\/\"]}]},{\"@type\":\"ImageObject\",\"inLanguage\":\"fr-FR\",\"@id\":\"https:\/\/kapitalis.com\/tunisie\/2023\/07\/14\/meteo-tunisie-hausse-des-temperatures-ce-week-end\/#primaryimage\",\"url\":\"https:\/\/kapitalis.com\/tunisie\/wp-content\/uploads\/2022\/06\/vague-chaleur-meteo.jpg\",\"contentUrl\":\"https:\/\/kapitalis.com\/tunisie\/wp-content\/uploads\/2022\/06\/vague-chaleur-meteo.jpg\",\"width\":1200,\"height\":630},{\"@type\":\"BreadcrumbList\",\"@id\":\"https:\/\/kapitalis.com\/tunisie\/2023\/07\/14\/meteo-tunisie-hausse-des-temperatures-ce-week-end\/#breadcrumb\",\"itemListElement\":[{\"@type\":\"ListItem\",\"position\":1,\"name\":\"Accueil\",\"item\":\"https:\/\/kapitalis.com\/tunisie\/\"},{\"@type\":\"ListItem\",\"position\":2,\"name\":\"M\u00e9t\u00e9o-Tunisie : Hausse des temp\u00e9ratures ce week-end\"}]},{\"@type\":\"WebSite\",\"@id\":\"https:\/\/kapitalis.com\/tunisie\/#website\",\"url\":\"https:\/\/kapitalis.com\/tunisie\/\",\"name\":\"Kapitalis\",\"description\":\"L&#039;actualit\u00e9 en Tunisie et dans le monde\",\"publisher\":{\"@id\":\"https:\/\/kapitalis.com\/tunisie\/#organization\"},\"potentialAction\":[{\"@type\":\"SearchAction\",\"target\":{\"@type\":\"EntryPoint\",\"urlTemplate\":\"https:\/\/kapitalis.com\/tunisie\/?s={search_term_string}\"},\"query-input\":{\"@type\":\"PropertyValueSpecification\",\"valueRequired\":true,\"valueName\":\"search_term_string\"}}],\"inLanguage\":\"fr-FR\"},{\"@type\":\"Organization\",\"@id\":\"https:\/\/kapitalis.com\/tunisie\/#organization\",\"name\":\"Kapitalis\",\"url\":\"https:\/\/kapitalis.com\/tunisie\/\",\"logo\":{\"@type\":\"ImageObject\",\"inLanguage\":\"fr-FR\",\"@id\":\"https:\/\/kapitalis.com\/tunisie\/#\/schema\/logo\/image\/\",\"url\":\"https:\/\/kapitalis.com\/tunisie\/wp-content\/uploads\/2022\/05\/Kapitalis-big-size.png\",\"contentUrl\":\"https:\/\/kapitalis.com\/tunisie\/wp-content\/uploads\/2022\/05\/Kapitalis-big-size.png\",\"width\":5000,\"height\":1500,\"caption\":\"Kapitalis\"},\"image\":{\"@id\":\"https:\/\/kapitalis.com\/tunisie\/#\/schema\/logo\/image\/\"},\"sameAs\":[\"https:\/\/www.facebook.com\/KapitalisInfo\/\",\"https:\/\/x.com\/KapitalisInfo\",\"https:\/\/www.youtube.com\/channel\/UC-yDYrHyfFBWWZaOw3FPg9Q\"]},{\"@type\":\"Person\",\"@id\":\"https:\/\/kapitalis.com\/tunisie\/#\/schema\/person\/74bbde0154d49d790a92aaeac5bc01d5\",\"name\":\"Yusra NY\",\"url\":\"https:\/\/kapitalis.com\/tunisie\/author\/yuza_adam\/\"}]}<\/script>\n<!-- \/ Yoast SEO plugin. -->","yoast_head_json":{"title":"M\u00e9t\u00e9o-Tunisie : Hausse des temp\u00e9ratures ce week-end - Kapitalis","description":"L'Institut national de la m\u00e9t\u00e9orologie (INM) a annonc\u00e9 dans un bulletin m\u00e9t\u00e9o publi\u00e9 jeudi 13 juillet 2023, que de fortes chaleurs sont attendues pour le week-end du 15 et 16 juillet.","robots":{"index":"index","follow":"follow","max-snippet":"max-snippet:-1","max-image-preview":"max-image-preview:large","max-video-preview":"max-video-preview:-1"},"canonical":"https:\/\/kapitalis.com\/tunisie\/2023\/07\/14\/meteo-tunisie-hausse-des-temperatures-ce-week-end\/","og_locale":"fr_FR","og_type":"article","og_title":"M\u00e9t\u00e9o-Tunisie : Hausse des temp\u00e9ratures ce week-end - Kapitalis","og_description":"L'Institut national de la m\u00e9t\u00e9orologie (INM) a annonc\u00e9 dans un bulletin m\u00e9t\u00e9o publi\u00e9 jeudi 13 juillet 2023, que de fortes chaleurs sont attendues pour le week-end du 15 et 16 juillet.","og_url":"https:\/\/kapitalis.com\/tunisie\/2023\/07\/14\/meteo-tunisie-hausse-des-temperatures-ce-week-end\/","og_site_name":"Kapitalis","article_publisher":"https:\/\/www.facebook.com\/KapitalisInfo\/","article_published_time":"2023-07-13T23:40:57+00:00","article_modified_time":"2023-07-13T23:42:17+00:00","og_image":[{"width":1200,"height":630,"url":"https:\/\/kapitalis.com\/tunisie\/wp-content\/uploads\/2022\/06\/vague-chaleur-meteo.jpg","type":"image\/jpeg"}],"author":"Yusra NY","twitter_card":"summary_large_image","twitter_creator":"@KapitalisInfo","twitter_site":"@KapitalisInfo","twitter_misc":{"\u00c9crit par":"Yusra NY","Dur\u00e9e de lecture estim\u00e9e":"1 minute"},"schema":{"@context":"https:\/\/schema.org","@graph":[{"@type":"Article","@id":"https:\/\/kapitalis.com\/tunisie\/2023\/07\/14\/meteo-tunisie-hausse-des-temperatures-ce-week-end\/#article","isPartOf":{"@id":"https:\/\/kapitalis.com\/tunisie\/2023\/07\/14\/meteo-tunisie-hausse-des-temperatures-ce-week-end\/"},"author":{"name":"Yusra NY","@id":"https:\/\/kapitalis.com\/tunisie\/#\/schema\/person\/74bbde0154d49d790a92aaeac5bc01d5"},"headline":"M\u00e9t\u00e9o-Tunisie : Hausse des temp\u00e9ratures ce week-end","datePublished":"2023-07-13T23:40:57+00:00","dateModified":"2023-07-13T23:42:17+00:00","mainEntityOfPage":{"@id":"https:\/\/kapitalis.com\/tunisie\/2023\/07\/14\/meteo-tunisie-hausse-des-temperatures-ce-week-end\/"},"wordCount":124,"commentCount":0,"publisher":{"@id":"https:\/\/kapitalis.com\/tunisie\/#organization"},"image":{"@id":"https:\/\/kapitalis.com\/tunisie\/2023\/07\/14\/meteo-tunisie-hausse-des-temperatures-ce-week-end\/#primaryimage"},"thumbnailUrl":"https:\/\/kapitalis.com\/tunisie\/wp-content\/uploads\/2022\/06\/vague-chaleur-meteo.jpg","keywords":["canicule","chaleur","m\u00e9t\u00e9o","temp\u00e9ratures","Tunisie"],"articleSection":["SOCIETE","Tunisie"],"inLanguage":"fr-FR","potentialAction":[{"@type":"CommentAction","name":"Comment","target":["https:\/\/kapitalis.com\/tunisie\/2023\/07\/14\/meteo-tunisie-hausse-des-temperatures-ce-week-end\/#respond"]}]},{"@type":"WebPage","@id":"https:\/\/kapitalis.com\/tunisie\/2023\/07\/14\/meteo-tunisie-hausse-des-temperatures-ce-week-end\/","url":"https:\/\/kapitalis.com\/tunisie\/2023\/07\/14\/meteo-tunisie-hausse-des-temperatures-ce-week-end\/","name":"M\u00e9t\u00e9o-Tunisie : Hausse des temp\u00e9ratures ce week-end - Kapitalis","isPartOf":{"@id":"https:\/\/kapitalis.com\/tunisie\/#website"},"primaryImageOfPage":{"@id":"https:\/\/kapitalis.com\/tunisie\/2023\/07\/14\/meteo-tunisie-hausse-des-temperatures-ce-week-end\/#primaryimage"},"image":{"@id":"https:\/\/kapitalis.com\/tunisie\/2023\/07\/14\/meteo-tunisie-hausse-des-temperatures-ce-week-end\/#primaryimage"},"thumbnailUrl":"https:\/\/kapitalis.com\/tunisie\/wp-content\/uploads\/2022\/06\/vague-chaleur-meteo.jpg","datePublished":"2023-07-13T23:40:57+00:00","dateModified":"2023-07-13T23:42:17+00:00","description":"L'Institut national de la m\u00e9t\u00e9orologie (INM) a annonc\u00e9 dans un bulletin m\u00e9t\u00e9o publi\u00e9 jeudi 13 juillet 2023, que de fortes chaleurs sont attendues pour le week-end du 15 et 16 juillet.","breadcrumb":{"@id":"https:\/\/kapitalis.com\/tunisie\/2023\/07\/14\/meteo-tunisie-hausse-des-temperatures-ce-week-end\/#breadcrumb"},"inLanguage":"fr-FR","potentialAction":[{"@type":"ReadAction","target":["https:\/\/kapitalis.com\/tunisie\/2023\/07\/14\/meteo-tunisie-hausse-des-temperatures-ce-week-end\/"]}]},{"@type":"ImageObject","inLanguage":"fr-FR","@id":"https:\/\/kapitalis.com\/tunisie\/2023\/07\/14\/meteo-tunisie-hausse-des-temperatures-ce-week-end\/#primaryimage","url":"https:\/\/kapitalis.com\/tunisie\/wp-content\/uploads\/2022\/06\/vague-chaleur-meteo.jpg","contentUrl":"https:\/\/kapitalis.com\/tunisie\/wp-content\/uploads\/2022\/06\/vague-chaleur-meteo.jpg","width":1200,"height":630},{"@type":"BreadcrumbList","@id":"https:\/\/kapitalis.com\/tunisie\/2023\/07\/14\/meteo-tunisie-hausse-des-temperatures-ce-week-end\/#breadcrumb","itemListElement":[{"@type":"ListItem","position":1,"name":"Accueil","item":"https:\/\/kapitalis.com\/tunisie\/"},{"@type":"ListItem","position":2,"name":"M\u00e9t\u00e9o-Tunisie : Hausse des temp\u00e9ratures ce week-end"}]},{"@type":"WebSite","@id":"https:\/\/kapitalis.com\/tunisie\/#website","url":"https:\/\/kapitalis.com\/tunisie\/","name":"Kapitalis","description":"L&#039;actualit\u00e9 en Tunisie et dans le monde","publisher":{"@id":"https:\/\/kapitalis.com\/tunisie\/#organization"},"potentialAction":[{"@type":"SearchAction","target":{"@type":"EntryPoint","urlTemplate":"https:\/\/kapitalis.com\/tunisie\/?s={search_term_string}"},"query-input":{"@type":"PropertyValueSpecification","valueRequired":true,"valueName":"search_term_string"}}],"inLanguage":"fr-FR"},{"@type":"Organization","@id":"https:\/\/kapitalis.com\/tunisie\/#organization","name":"Kapitalis","url":"https:\/\/kapitalis.com\/tunisie\/","logo":{"@type":"ImageObject","inLanguage":"fr-FR","@id":"https:\/\/kapitalis.com\/tunisie\/#\/schema\/logo\/image\/","url":"https:\/\/kapitalis.com\/tunisie\/wp-content\/uploads\/2022\/05\/Kapitalis-big-size.png","contentUrl":"https:\/\/kapitalis.com\/tunisie\/wp-content\/uploads\/2022\/05\/Kapitalis-big-size.png","width":5000,"height":1500,"caption":"Kapitalis"},"image":{"@id":"https:\/\/kapitalis.com\/tunisie\/#\/schema\/logo\/image\/"},"sameAs":["https:\/\/www.facebook.com\/KapitalisInfo\/","https:\/\/x.com\/KapitalisInfo","https:\/\/www.youtube.com\/channel\/UC-yDYrHyfFBWWZaOw3FPg9Q"]},{"@type":"Person","@id":"https:\/\/kapitalis.com\/tunisie\/#\/schema\/person\/74bbde0154d49d790a92aaeac5bc01d5","name":"Yusra NY","url":"https:\/\/kapitalis.com\/tunisie\/author\/yuza_adam\/"}]}},"_links":{"self":[{"href":"https:\/\/kapitalis.com\/tunisie\/wp-json\/wp\/v2\/posts\/8840213","targetHints":{"allow":["GET"]}}],"collection":[{"href":"https:\/\/kapitalis.com\/tunisie\/wp-json\/wp\/v2\/posts"}],"about":[{"href":"https:\/\/kapitalis.com\/tunisie\/wp-json\/wp\/v2\/types\/post"}],"author":[{"embeddable":true,"href":"https:\/\/kapitalis.com\/tunisie\/wp-json\/wp\/v2\/users\/6"}],"replies":[{"embeddable":true,"href":"https:\/\/kapitalis.com\/tunisie\/wp-json\/wp\/v2\/comments?post=8840213"}],"version-history":[{"count":2,"href":"https:\/\/kapitalis.com\/tunisie\/wp-json\/wp\/v2\/posts\/8840213\/revisions"}],"predecessor-version":[{"id":8840230,"href":"https:\/\/kapitalis.com\/tunisie\/wp-json\/wp\/v2\/posts\/8840213\/revisions\/8840230"}],"wp:featuredmedia":[{"embeddable":true,"href":"https:\/\/kapitalis.com\/tunisie\/wp-json\/wp\/v2\/media\/1246447"}],"wp:attachment":[{"href":"https:\/\/kapitalis.com\/tunisie\/wp-json\/wp\/v2\/media?parent=8840213"}],"wp:term":[{"taxonomy":"category","embeddable":true,"href":"https:\/\/kapitalis.com\/tunisie\/wp-json\/wp\/v2\/categories?post=8840213"},{"taxonomy":"post_tag","embeddable":true,"href":"https:\/\/kapitalis.com\/tunisie\/wp-json\/wp\/v2\/tags?post=8840213"}],"curies":[{"name":"wp","href":"https:\/\/api.w.org\/{rel}","templated":true}]}}