{"id":88639,"date":"2017-03-28T11:27:04","date_gmt":"2017-03-28T10:27:04","guid":{"rendered":"http:\/\/kapitalis.com\/tunisie\/?p=88639"},"modified":"2017-03-28T11:27:04","modified_gmt":"2017-03-28T10:27:04","slug":"attaque-a-kebili-cinq-suspects-ecroues","status":"publish","type":"post","link":"https:\/\/kapitalis.com\/tunisie\/2017\/03\/28\/attaque-a-kebili-cinq-suspects-ecroues\/","title":{"rendered":"Attaque \u00e0 K\u00e9bili : Cinq suspects \u00e9crou\u00e9s"},"content":{"rendered":"<p style=\"text-align: center;\"><img loading=\"lazy\" decoding=\"async\" class=\"alignnone size-full wp-image-88649\" src=\"http:\/\/kapitalis.com\/tunisie\/wp-content\/uploads\/2017\/03\/Kebili-mandatdepot-attaque-terroriste.jpg\" alt=\"\" width=\"626\" height=\"380\" \/><\/p>\n<p><em><strong>Le juge d&rsquo;instruction charg\u00e9 de l&rsquo;affaire relative \u00e0 l\u2019attaque terroriste de K\u00e9bili a \u00e9mis, dans la\u00a0soir\u00e9e du lundi 27 mars 2017<\/strong><\/em><em><strong>, 5 mandats de d\u00e9p\u00f4t \u00e0 l&rsquo;encontre de 5 individus.<\/strong><\/em><\/p>\n<p><!--more--><\/p>\n<p>C\u2019est ce qu\u2019a indiqu\u00e9, Sofiene Sliti, porte-parole du p\u00f4le judiciaire de lutte contre le terrorisme, en pr\u00e9cisant que 12 individus sont suspect\u00e9s d\u2019avoir pris part \u00e0 l\u2019attaque perp\u00e9tr\u00e9e, dimanche 12 mars courant, dans la zone de Janoura, au sud de Kebili.<\/p>\n<p>Sept suspects ont \u00e9t\u00e9 traduits devant la justice en \u00e9tat d&rsquo;arrestation, 3 autres sont en cavale et 2 ont \u00e9t\u00e9 maintenus en libert\u00e9 et devront \u00eatre pr\u00e9sent\u00e9s au juge.<\/p>\n<p>Cette attaque contre un point de contr\u00f4le s\u00e9curitaire a caus\u00e9 la mort de l\u2019agent \u00e0 la Brigade de l\u2019ordre public (Bop), Modhaffar Ben Ali (25 ans). Son coll\u00e8gue Amine Jelili a \u00e9t\u00e9 bless\u00e9 et a subi une op\u00e9ration, mais s\u2019en est sorti.<\/p>\n<p style=\"text-align: right;\"><strong>Y. N.<\/strong><\/p>\n","protected":false},"excerpt":{"rendered":"<p>Le juge d&rsquo;instruction charg\u00e9 de l&rsquo;affaire relative \u00e0 l\u2019attaque terroriste de K\u00e9bili a \u00e9mis, dans la\u00a0soir\u00e9e du lundi 27 mars 2017, 5 mandats de d\u00e9p\u00f4t \u00e0 l&rsquo;encontre de 5 individus.<\/p>\n","protected":false},"author":6,"featured_media":88646,"comment_status":"open","ping_status":"open","sticky":false,"template":"","format":"standard","meta":{"footnotes":""},"categories":[998,2433],"tags":[28847,2021,18326,28836,521,526,7351,20611],"class_list":["post-88639","post","type-post","status-publish","format-standard","has-post-thumbnail","hentry","category-societe","category-tunisie","tag-amine-jelili","tag-attaque-terroriste","tag-bop","tag-janoura","tag-juge","tag-kebili","tag-pole-judiciaire","tag-sofiene-sliti"],"yoast_head":"<!-- This site is optimized with the Yoast SEO plugin v26.6 - https:\/\/yoast.com\/wordpress\/plugins\/seo\/ -->\n<title>Attaque \u00e0 K\u00e9bili : Cinq suspects \u00e9crou\u00e9s - Kapitalis<\/title>\n<meta name=\"robots\" content=\"index, follow, max-snippet:-1, max-image-preview:large, max-video-preview:-1\" \/>\n<link rel=\"canonical\" href=\"https:\/\/kapitalis.com\/tunisie\/2017\/03\/28\/attaque-a-kebili-cinq-suspects-ecroues\/\" \/>\n<meta property=\"og:locale\" content=\"fr_FR\" \/>\n<meta property=\"og:type\" content=\"article\" \/>\n<meta property=\"og:title\" content=\"Attaque \u00e0 K\u00e9bili : Cinq suspects \u00e9crou\u00e9s - Kapitalis\" \/>\n<meta property=\"og:description\" content=\"Le juge d&rsquo;instruction charg\u00e9 de l&rsquo;affaire relative \u00e0 l\u2019attaque terroriste de K\u00e9bili a \u00e9mis, dans la\u00a0soir\u00e9e du lundi 27 mars 2017, 5 mandats de d\u00e9p\u00f4t \u00e0 l&rsquo;encontre de 5 individus.\" \/>\n<meta property=\"og:url\" content=\"https:\/\/kapitalis.com\/tunisie\/2017\/03\/28\/attaque-a-kebili-cinq-suspects-ecroues\/\" \/>\n<meta property=\"og:site_name\" content=\"Kapitalis\" \/>\n<meta property=\"article:publisher\" content=\"https:\/\/www.facebook.com\/KapitalisInfo\/\" \/>\n<meta property=\"article:published_time\" content=\"2017-03-28T10:27:04+00:00\" \/>\n<meta property=\"og:image\" content=\"https:\/\/kapitalis.com\/tunisie\/wp-content\/uploads\/2022\/05\/kapitalis-logo-fb.png\" \/>\n\t<meta property=\"og:image:width\" content=\"1200\" \/>\n\t<meta property=\"og:image:height\" content=\"630\" \/>\n\t<meta property=\"og:image:type\" content=\"image\/png\" \/>\n<meta name=\"author\" content=\"Yusra NY\" \/>\n<meta name=\"twitter:card\" content=\"summary_large_image\" \/>\n<meta name=\"twitter:creator\" content=\"@KapitalisInfo\" \/>\n<meta name=\"twitter:site\" content=\"@KapitalisInfo\" \/>\n<meta name=\"twitter:label1\" content=\"\u00c9crit par\" \/>\n\t<meta name=\"twitter:data1\" content=\"Yusra NY\" \/>\n\t<meta name=\"twitter:label2\" content=\"Dur\u00e9e de lecture estim\u00e9e\" \/>\n\t<meta name=\"twitter:data2\" content=\"1 minute\" \/>\n<script type=\"application\/ld+json\" class=\"yoast-schema-graph\">{\"@context\":\"https:\/\/schema.org\",\"@graph\":[{\"@type\":\"Article\",\"@id\":\"https:\/\/kapitalis.com\/tunisie\/2017\/03\/28\/attaque-a-kebili-cinq-suspects-ecroues\/#article\",\"isPartOf\":{\"@id\":\"https:\/\/kapitalis.com\/tunisie\/2017\/03\/28\/attaque-a-kebili-cinq-suspects-ecroues\/\"},\"author\":{\"name\":\"Yusra NY\",\"@id\":\"https:\/\/kapitalis.com\/tunisie\/#\/schema\/person\/74bbde0154d49d790a92aaeac5bc01d5\"},\"headline\":\"Attaque \u00e0 K\u00e9bili : Cinq suspects \u00e9crou\u00e9s\",\"datePublished\":\"2017-03-28T10:27:04+00:00\",\"mainEntityOfPage\":{\"@id\":\"https:\/\/kapitalis.com\/tunisie\/2017\/03\/28\/attaque-a-kebili-cinq-suspects-ecroues\/\"},\"wordCount\":162,\"commentCount\":0,\"publisher\":{\"@id\":\"https:\/\/kapitalis.com\/tunisie\/#organization\"},\"image\":{\"@id\":\"https:\/\/kapitalis.com\/tunisie\/2017\/03\/28\/attaque-a-kebili-cinq-suspects-ecroues\/#primaryimage\"},\"thumbnailUrl\":\"\",\"keywords\":[\"Amine Jelili\",\"attaque terroriste\",\"Bop\",\"Janoura\",\"juge\",\"K\u00e9bili\",\"p\u00f4le judiciaire\",\"Sofiene Sliti\"],\"articleSection\":[\"SOCIETE\",\"Tunisie\"],\"inLanguage\":\"fr-FR\",\"potentialAction\":[{\"@type\":\"CommentAction\",\"name\":\"Comment\",\"target\":[\"https:\/\/kapitalis.com\/tunisie\/2017\/03\/28\/attaque-a-kebili-cinq-suspects-ecroues\/#respond\"]}]},{\"@type\":\"WebPage\",\"@id\":\"https:\/\/kapitalis.com\/tunisie\/2017\/03\/28\/attaque-a-kebili-cinq-suspects-ecroues\/\",\"url\":\"https:\/\/kapitalis.com\/tunisie\/2017\/03\/28\/attaque-a-kebili-cinq-suspects-ecroues\/\",\"name\":\"Attaque \u00e0 K\u00e9bili : Cinq suspects \u00e9crou\u00e9s - Kapitalis\",\"isPartOf\":{\"@id\":\"https:\/\/kapitalis.com\/tunisie\/#website\"},\"primaryImageOfPage\":{\"@id\":\"https:\/\/kapitalis.com\/tunisie\/2017\/03\/28\/attaque-a-kebili-cinq-suspects-ecroues\/#primaryimage\"},\"image\":{\"@id\":\"https:\/\/kapitalis.com\/tunisie\/2017\/03\/28\/attaque-a-kebili-cinq-suspects-ecroues\/#primaryimage\"},\"thumbnailUrl\":\"\",\"datePublished\":\"2017-03-28T10:27:04+00:00\",\"breadcrumb\":{\"@id\":\"https:\/\/kapitalis.com\/tunisie\/2017\/03\/28\/attaque-a-kebili-cinq-suspects-ecroues\/#breadcrumb\"},\"inLanguage\":\"fr-FR\",\"potentialAction\":[{\"@type\":\"ReadAction\",\"target\":[\"https:\/\/kapitalis.com\/tunisie\/2017\/03\/28\/attaque-a-kebili-cinq-suspects-ecroues\/\"]}]},{\"@type\":\"ImageObject\",\"inLanguage\":\"fr-FR\",\"@id\":\"https:\/\/kapitalis.com\/tunisie\/2017\/03\/28\/attaque-a-kebili-cinq-suspects-ecroues\/#primaryimage\",\"url\":\"\",\"contentUrl\":\"\"},{\"@type\":\"BreadcrumbList\",\"@id\":\"https:\/\/kapitalis.com\/tunisie\/2017\/03\/28\/attaque-a-kebili-cinq-suspects-ecroues\/#breadcrumb\",\"itemListElement\":[{\"@type\":\"ListItem\",\"position\":1,\"name\":\"Accueil\",\"item\":\"https:\/\/kapitalis.com\/tunisie\/\"},{\"@type\":\"ListItem\",\"position\":2,\"name\":\"Attaque \u00e0 K\u00e9bili : Cinq suspects \u00e9crou\u00e9s\"}]},{\"@type\":\"WebSite\",\"@id\":\"https:\/\/kapitalis.com\/tunisie\/#website\",\"url\":\"https:\/\/kapitalis.com\/tunisie\/\",\"name\":\"Kapitalis\",\"description\":\"L&#039;actualit\u00e9 en Tunisie et dans le monde\",\"publisher\":{\"@id\":\"https:\/\/kapitalis.com\/tunisie\/#organization\"},\"potentialAction\":[{\"@type\":\"SearchAction\",\"target\":{\"@type\":\"EntryPoint\",\"urlTemplate\":\"https:\/\/kapitalis.com\/tunisie\/?s={search_term_string}\"},\"query-input\":{\"@type\":\"PropertyValueSpecification\",\"valueRequired\":true,\"valueName\":\"search_term_string\"}}],\"inLanguage\":\"fr-FR\"},{\"@type\":\"Organization\",\"@id\":\"https:\/\/kapitalis.com\/tunisie\/#organization\",\"name\":\"Kapitalis\",\"url\":\"https:\/\/kapitalis.com\/tunisie\/\",\"logo\":{\"@type\":\"ImageObject\",\"inLanguage\":\"fr-FR\",\"@id\":\"https:\/\/kapitalis.com\/tunisie\/#\/schema\/logo\/image\/\",\"url\":\"https:\/\/kapitalis.com\/tunisie\/wp-content\/uploads\/2022\/05\/Kapitalis-big-size.png\",\"contentUrl\":\"https:\/\/kapitalis.com\/tunisie\/wp-content\/uploads\/2022\/05\/Kapitalis-big-size.png\",\"width\":5000,\"height\":1500,\"caption\":\"Kapitalis\"},\"image\":{\"@id\":\"https:\/\/kapitalis.com\/tunisie\/#\/schema\/logo\/image\/\"},\"sameAs\":[\"https:\/\/www.facebook.com\/KapitalisInfo\/\",\"https:\/\/x.com\/KapitalisInfo\",\"https:\/\/www.youtube.com\/channel\/UC-yDYrHyfFBWWZaOw3FPg9Q\"]},{\"@type\":\"Person\",\"@id\":\"https:\/\/kapitalis.com\/tunisie\/#\/schema\/person\/74bbde0154d49d790a92aaeac5bc01d5\",\"name\":\"Yusra NY\",\"url\":\"https:\/\/kapitalis.com\/tunisie\/author\/yuza_adam\/\"}]}<\/script>\n<!-- \/ Yoast SEO plugin. -->","yoast_head_json":{"title":"Attaque \u00e0 K\u00e9bili : Cinq suspects \u00e9crou\u00e9s - Kapitalis","robots":{"index":"index","follow":"follow","max-snippet":"max-snippet:-1","max-image-preview":"max-image-preview:large","max-video-preview":"max-video-preview:-1"},"canonical":"https:\/\/kapitalis.com\/tunisie\/2017\/03\/28\/attaque-a-kebili-cinq-suspects-ecroues\/","og_locale":"fr_FR","og_type":"article","og_title":"Attaque \u00e0 K\u00e9bili : Cinq suspects \u00e9crou\u00e9s - Kapitalis","og_description":"Le juge d&rsquo;instruction charg\u00e9 de l&rsquo;affaire relative \u00e0 l\u2019attaque terroriste de K\u00e9bili a \u00e9mis, dans la\u00a0soir\u00e9e du lundi 27 mars 2017, 5 mandats de d\u00e9p\u00f4t \u00e0 l&rsquo;encontre de 5 individus.","og_url":"https:\/\/kapitalis.com\/tunisie\/2017\/03\/28\/attaque-a-kebili-cinq-suspects-ecroues\/","og_site_name":"Kapitalis","article_publisher":"https:\/\/www.facebook.com\/KapitalisInfo\/","article_published_time":"2017-03-28T10:27:04+00:00","og_image":[{"width":1200,"height":630,"url":"https:\/\/kapitalis.com\/tunisie\/wp-content\/uploads\/2022\/05\/kapitalis-logo-fb.png","type":"image\/png"}],"author":"Yusra NY","twitter_card":"summary_large_image","twitter_creator":"@KapitalisInfo","twitter_site":"@KapitalisInfo","twitter_misc":{"\u00c9crit par":"Yusra NY","Dur\u00e9e de lecture estim\u00e9e":"1 minute"},"schema":{"@context":"https:\/\/schema.org","@graph":[{"@type":"Article","@id":"https:\/\/kapitalis.com\/tunisie\/2017\/03\/28\/attaque-a-kebili-cinq-suspects-ecroues\/#article","isPartOf":{"@id":"https:\/\/kapitalis.com\/tunisie\/2017\/03\/28\/attaque-a-kebili-cinq-suspects-ecroues\/"},"author":{"name":"Yusra NY","@id":"https:\/\/kapitalis.com\/tunisie\/#\/schema\/person\/74bbde0154d49d790a92aaeac5bc01d5"},"headline":"Attaque \u00e0 K\u00e9bili : Cinq suspects \u00e9crou\u00e9s","datePublished":"2017-03-28T10:27:04+00:00","mainEntityOfPage":{"@id":"https:\/\/kapitalis.com\/tunisie\/2017\/03\/28\/attaque-a-kebili-cinq-suspects-ecroues\/"},"wordCount":162,"commentCount":0,"publisher":{"@id":"https:\/\/kapitalis.com\/tunisie\/#organization"},"image":{"@id":"https:\/\/kapitalis.com\/tunisie\/2017\/03\/28\/attaque-a-kebili-cinq-suspects-ecroues\/#primaryimage"},"thumbnailUrl":"","keywords":["Amine Jelili","attaque terroriste","Bop","Janoura","juge","K\u00e9bili","p\u00f4le judiciaire","Sofiene Sliti"],"articleSection":["SOCIETE","Tunisie"],"inLanguage":"fr-FR","potentialAction":[{"@type":"CommentAction","name":"Comment","target":["https:\/\/kapitalis.com\/tunisie\/2017\/03\/28\/attaque-a-kebili-cinq-suspects-ecroues\/#respond"]}]},{"@type":"WebPage","@id":"https:\/\/kapitalis.com\/tunisie\/2017\/03\/28\/attaque-a-kebili-cinq-suspects-ecroues\/","url":"https:\/\/kapitalis.com\/tunisie\/2017\/03\/28\/attaque-a-kebili-cinq-suspects-ecroues\/","name":"Attaque \u00e0 K\u00e9bili : Cinq suspects \u00e9crou\u00e9s - Kapitalis","isPartOf":{"@id":"https:\/\/kapitalis.com\/tunisie\/#website"},"primaryImageOfPage":{"@id":"https:\/\/kapitalis.com\/tunisie\/2017\/03\/28\/attaque-a-kebili-cinq-suspects-ecroues\/#primaryimage"},"image":{"@id":"https:\/\/kapitalis.com\/tunisie\/2017\/03\/28\/attaque-a-kebili-cinq-suspects-ecroues\/#primaryimage"},"thumbnailUrl":"","datePublished":"2017-03-28T10:27:04+00:00","breadcrumb":{"@id":"https:\/\/kapitalis.com\/tunisie\/2017\/03\/28\/attaque-a-kebili-cinq-suspects-ecroues\/#breadcrumb"},"inLanguage":"fr-FR","potentialAction":[{"@type":"ReadAction","target":["https:\/\/kapitalis.com\/tunisie\/2017\/03\/28\/attaque-a-kebili-cinq-suspects-ecroues\/"]}]},{"@type":"ImageObject","inLanguage":"fr-FR","@id":"https:\/\/kapitalis.com\/tunisie\/2017\/03\/28\/attaque-a-kebili-cinq-suspects-ecroues\/#primaryimage","url":"","contentUrl":""},{"@type":"BreadcrumbList","@id":"https:\/\/kapitalis.com\/tunisie\/2017\/03\/28\/attaque-a-kebili-cinq-suspects-ecroues\/#breadcrumb","itemListElement":[{"@type":"ListItem","position":1,"name":"Accueil","item":"https:\/\/kapitalis.com\/tunisie\/"},{"@type":"ListItem","position":2,"name":"Attaque \u00e0 K\u00e9bili : Cinq suspects \u00e9crou\u00e9s"}]},{"@type":"WebSite","@id":"https:\/\/kapitalis.com\/tunisie\/#website","url":"https:\/\/kapitalis.com\/tunisie\/","name":"Kapitalis","description":"L&#039;actualit\u00e9 en Tunisie et dans le monde","publisher":{"@id":"https:\/\/kapitalis.com\/tunisie\/#organization"},"potentialAction":[{"@type":"SearchAction","target":{"@type":"EntryPoint","urlTemplate":"https:\/\/kapitalis.com\/tunisie\/?s={search_term_string}"},"query-input":{"@type":"PropertyValueSpecification","valueRequired":true,"valueName":"search_term_string"}}],"inLanguage":"fr-FR"},{"@type":"Organization","@id":"https:\/\/kapitalis.com\/tunisie\/#organization","name":"Kapitalis","url":"https:\/\/kapitalis.com\/tunisie\/","logo":{"@type":"ImageObject","inLanguage":"fr-FR","@id":"https:\/\/kapitalis.com\/tunisie\/#\/schema\/logo\/image\/","url":"https:\/\/kapitalis.com\/tunisie\/wp-content\/uploads\/2022\/05\/Kapitalis-big-size.png","contentUrl":"https:\/\/kapitalis.com\/tunisie\/wp-content\/uploads\/2022\/05\/Kapitalis-big-size.png","width":5000,"height":1500,"caption":"Kapitalis"},"image":{"@id":"https:\/\/kapitalis.com\/tunisie\/#\/schema\/logo\/image\/"},"sameAs":["https:\/\/www.facebook.com\/KapitalisInfo\/","https:\/\/x.com\/KapitalisInfo","https:\/\/www.youtube.com\/channel\/UC-yDYrHyfFBWWZaOw3FPg9Q"]},{"@type":"Person","@id":"https:\/\/kapitalis.com\/tunisie\/#\/schema\/person\/74bbde0154d49d790a92aaeac5bc01d5","name":"Yusra NY","url":"https:\/\/kapitalis.com\/tunisie\/author\/yuza_adam\/"}]}},"_links":{"self":[{"href":"https:\/\/kapitalis.com\/tunisie\/wp-json\/wp\/v2\/posts\/88639","targetHints":{"allow":["GET"]}}],"collection":[{"href":"https:\/\/kapitalis.com\/tunisie\/wp-json\/wp\/v2\/posts"}],"about":[{"href":"https:\/\/kapitalis.com\/tunisie\/wp-json\/wp\/v2\/types\/post"}],"author":[{"embeddable":true,"href":"https:\/\/kapitalis.com\/tunisie\/wp-json\/wp\/v2\/users\/6"}],"replies":[{"embeddable":true,"href":"https:\/\/kapitalis.com\/tunisie\/wp-json\/wp\/v2\/comments?post=88639"}],"version-history":[{"count":0,"href":"https:\/\/kapitalis.com\/tunisie\/wp-json\/wp\/v2\/posts\/88639\/revisions"}],"wp:featuredmedia":[{"embeddable":true,"href":"https:\/\/kapitalis.com\/tunisie\/wp-json\/wp\/v2\/media\/88646"}],"wp:attachment":[{"href":"https:\/\/kapitalis.com\/tunisie\/wp-json\/wp\/v2\/media?parent=88639"}],"wp:term":[{"taxonomy":"category","embeddable":true,"href":"https:\/\/kapitalis.com\/tunisie\/wp-json\/wp\/v2\/categories?post=88639"},{"taxonomy":"post_tag","embeddable":true,"href":"https:\/\/kapitalis.com\/tunisie\/wp-json\/wp\/v2\/tags?post=88639"}],"curies":[{"name":"wp","href":"https:\/\/api.w.org\/{rel}","templated":true}]}}