{"id":8887732,"date":"2023-07-16T08:06:05","date_gmt":"2023-07-16T07:06:05","guid":{"rendered":"https:\/\/kapitalis.com\/tunisie\/?p=8887732"},"modified":"2023-07-18T06:03:27","modified_gmt":"2023-07-18T05:03:27","slug":"le-poeme-du-dimanche-calcaire-dandre-miquel","status":"publish","type":"post","link":"https:\/\/kapitalis.com\/tunisie\/2023\/07\/16\/le-poeme-du-dimanche-calcaire-dandre-miquel\/","title":{"rendered":"Le po\u00e8me du dimanche\u00a0: \u2018\u2018Calcaire\u2019\u2019 d\u2019Andr\u00e9 Miquel"},"content":{"rendered":"\n<p><strong><em>On conna\u00eet l&rsquo;historien, le traducteur et l&rsquo;\u00e9crivain fran\u00e7ais Andr\u00e9 Miquel, notamment pour son attachement au monde arabe, mais on conna\u00eet moins le po\u00e8te et son inspiration \u00e9galement ancr\u00e9e dans la connaissance de la culture arabe. <\/em><\/strong><\/p>\n\n\n\n<!--more-->\n\n\n\n<p>Le 13 septembre 2023, le village de Saint-Jean-de-Fos (H\u00e9rault, en pays occitan) rend hommage \u00e0 l\u2019enfant du pays, le grand arabisant et ancien professeur de langue arabe et litt\u00e9rature classique au Coll\u00e8ge de France, Andr\u00e9 Miquel (1929-2022). Avec c\u00e9l\u00e9bration officielle et \u00e9vocations de son \u0153uvre.<\/p>\n\n\n\n<p>Historien, traducteur, \u00e9crivain, son regard est des plus exigeants, lan\u00e7ant \u00e0 la fin de sa vie&nbsp;: <em>\u00abIl faut que le monde arabe se ressaisisse&nbsp;!\u00bb<\/em>. Son amour et son soutien ind\u00e9fectible au monde arabe, tout au long de sa vie intellectuelle, ne sont pas \u00e0 d\u00e9montrer.<\/p>\n\n\n\n<p>On connait moins l\u2019\u0153uvre du po\u00e8te, dont l\u2019inspiration ne manque pas d\u2019ancrage dans la culture arabe, ainsi il a \u00e9crit <em>Zi\u2019baq al-layali<\/em> (<em>\u2018\u2018Mercure des nuits\u2019\u2019<\/em>) en arabe, traduit par lui-m\u00eame en fran\u00e7ais. Andr\u00e9 Miquel, le po\u00e8te, est rest\u00e9 peu connu. Faut-il esp\u00e9rer enfin qu\u2019une institution tunisienne lui rendra hommage, ce ne serait l\u00e0 que reconnaissance et consid\u00e9ration de son \u0153uvre&nbsp;!<\/p>\n\n\n\n<p>Quelques titres&nbsp;: <em>Abu al-Atahiya, Po\u00e8mes de vie et de mort<\/em>, trad. Sindbad\/Actes sud; <em>Po\u00e8mes r\u00e9ciproques<\/em>, bilingue, arabe-fran\u00e7ais, Dar Al Jamal; <em>Beau calcaire, notre m\u00e9moire<\/em>, Domens Eds&nbsp;Pezenas; <em>Layla ma raison<\/em>, Seuil; <em>Les mille et une nuits<\/em>, traduction avec Jamel Eddine Bencheikh, La Pl\u00e9iade, Gallimard; <em>Langue et litt\u00e9rature arabes classiques<\/em>, Coll\u00e8ge de France.<\/p>\n\n\n\n<p class=\"has-text-align-right\"><strong>Tahar Bekri<\/strong><\/p>\n\n\n\n<p class=\"has-text-align-center\"><em>En souvenir de Guillaume Apollinaire<\/em><\/p>\n\n\n\n<p>Notre m\u00e9moire,<\/p>\n\n\n\n<p>La mer o\u00f9 tu dormis nagu\u00e8re,<\/p>\n\n\n\n<p>Quand le temps n\u2019avait pas de nom,<\/p>\n\n\n\n<p>Reflux&nbsp;; tu devins lumi\u00e8re,<\/p>\n\n\n\n<p><\/p>\n\n\n\n<p>Page ins\u00e9r\u00e9e au droit des monts,<\/p>\n\n\n\n<p><\/p>\n\n\n\n<p>Falaise d\u2019or vague, ou laiteuse<\/p>\n\n\n\n<p>Compagne des chemins profonds,<\/p>\n\n\n\n<p><\/p>\n\n\n\n<p>Citadelles de roches creuses,<\/p>\n\n\n\n<p>Villes fant\u00f4mes o\u00f9 le soir<\/p>\n\n\n\n<p>Ranime d\u2019obstin\u00e9es veilleuses<\/p>\n\n\n\n<p><\/p>\n\n\n\n<p>Dolines, margelles d\u2019espoir<\/p>\n\n\n\n<p>Gardant aux bl\u00e9s leur confidence<\/p>\n\n\n\n<p>Ou la paix aux vieux abreuvoirs,<\/p>\n\n\n\n<p><\/p>\n\n\n\n<p>Blancs autels tendus \u00e0 l\u2019offense<\/p>\n\n\n\n<p>Des pluies qui s\u2019ouvrent peu \u00e0 peu<\/p>\n\n\n\n<p>La voie de secr\u00e8tes mouvances<\/p>\n\n\n\n<p><\/p>\n\n\n\n<p>Frontons d\u2019hermine ou longs \u00e9pineux,<\/p>\n\n\n\n<p>Gerbes illuminant la gloire<\/p>\n\n\n\n<p>De grottes sur leurs cieux\u2026<\/p>\n\n\n\n<p><\/p>\n\n\n\n<p>Beau calcaire, notre m\u00e9moire,<\/p>\n\n\n\n<p>Avons-nous assez navigu\u00e9<\/p>\n\n\n\n<p>Sans nous soucier d\u2019autre histoire<\/p>\n\n\n\n<p>Qu\u2019un baiser qui nous fut l\u00e9gu\u00e9<\/p>\n\n\n\n<p>A la pierre o\u00f9 nous allions boire&nbsp;?<\/p>\n\n\n\n<p class=\"has-text-align-right\"><em>\u2018\u2018Beau calcaire, notre m\u00e9moire\u2019\u2019, Domens Eds Pezenas, 2002.<\/em><\/p>\n\n\n\n<p><strong><em>(Remerciements \u00e0 Domens Eds Pezenas, Michel Cadmel et Michel Vidal, Pr\u00e9sident de l\u2019Association Lo Picart).<\/em><\/strong><\/p>\n\n\n\n<figure class=\"wp-block-embed is-type-wp-embed is-provider-kapitalis wp-block-embed-kapitalis\"><div class=\"wp-block-embed__wrapper\">\n<blockquote class=\"wp-embedded-content\" data-secret=\"WbYQC3TNmN\"><a href=\"https:\/\/kapitalis.com\/tunisie\/2023\/04\/16\/le-poeme-du-dimanche-incertitudes-de-jacques-lacarriere\/\">Le po\u00e8me du dimanche : \u2018\u2018Incertitudes\u2019\u2019 de Jacques Lacarri\u00e8re<\/a><\/blockquote><iframe loading=\"lazy\" class=\"wp-embedded-content\" sandbox=\"allow-scripts\" security=\"restricted\" style=\"position: absolute; clip: rect(1px, 1px, 1px, 1px);\" title=\"\u00ab\u00a0Le po\u00e8me du dimanche : \u2018\u2018Incertitudes\u2019\u2019 de Jacques Lacarri\u00e8re\u00a0\u00bb &#8212; Kapitalis\" src=\"https:\/\/kapitalis.com\/tunisie\/2023\/04\/16\/le-poeme-du-dimanche-incertitudes-de-jacques-lacarriere\/embed\/#?secret=yk00zeJovO#?secret=WbYQC3TNmN\" data-secret=\"WbYQC3TNmN\" width=\"600\" height=\"338\" frameborder=\"0\" marginwidth=\"0\" marginheight=\"0\" scrolling=\"no\"><\/iframe>\n<\/div><\/figure>\n\n\n\n<figure class=\"wp-block-embed is-type-wp-embed is-provider-kapitalis wp-block-embed-kapitalis\"><div class=\"wp-block-embed__wrapper\">\n<blockquote class=\"wp-embedded-content\" data-secret=\"CQW5PpYHxe\"><a href=\"https:\/\/kapitalis.com\/tunisie\/2023\/06\/18\/le-poeme-du-dimanche-la-detresse-de-charles-juliet\/\">Le po\u00e8me du dimanche\u00a0: \u2018\u2018La d\u00e9tresse\u2019\u2019 de Charles Juliet<\/a><\/blockquote><iframe loading=\"lazy\" class=\"wp-embedded-content\" sandbox=\"allow-scripts\" security=\"restricted\" style=\"position: absolute; clip: rect(1px, 1px, 1px, 1px);\" title=\"\u00ab\u00a0Le po\u00e8me du dimanche\u00a0: \u2018\u2018La d\u00e9tresse\u2019\u2019 de Charles Juliet\u00a0\u00bb &#8212; Kapitalis\" src=\"https:\/\/kapitalis.com\/tunisie\/2023\/06\/18\/le-poeme-du-dimanche-la-detresse-de-charles-juliet\/embed\/#?secret=1HvTfYFLI3#?secret=CQW5PpYHxe\" data-secret=\"CQW5PpYHxe\" width=\"600\" height=\"338\" frameborder=\"0\" marginwidth=\"0\" marginheight=\"0\" scrolling=\"no\"><\/iframe>\n<\/div><\/figure>\n\n\n\n<figure class=\"wp-block-embed is-type-wp-embed is-provider-kapitalis wp-block-embed-kapitalis\"><div class=\"wp-block-embed__wrapper\">\n<blockquote class=\"wp-embedded-content\" data-secret=\"NqpZq5giVh\"><a href=\"https:\/\/kapitalis.com\/tunisie\/2020\/10\/11\/le-poeme-du-dimanche-connaissance-de-la-lumiere-de-lorand-gaspar\/\">Le po\u00e8me du dimanche: \u2018\u2018Connaissance de la Lumi\u00e8re\u2019\u2019 de Lorand Gaspar<\/a><\/blockquote><iframe loading=\"lazy\" class=\"wp-embedded-content\" sandbox=\"allow-scripts\" security=\"restricted\" style=\"position: absolute; clip: rect(1px, 1px, 1px, 1px);\" title=\"\u00ab\u00a0Le po\u00e8me du dimanche: \u2018\u2018Connaissance de la Lumi\u00e8re\u2019\u2019 de Lorand Gaspar\u00a0\u00bb &#8212; Kapitalis\" src=\"https:\/\/kapitalis.com\/tunisie\/2020\/10\/11\/le-poeme-du-dimanche-connaissance-de-la-lumiere-de-lorand-gaspar\/embed\/#?secret=NIc84AtMdl#?secret=NqpZq5giVh\" data-secret=\"NqpZq5giVh\" width=\"600\" height=\"338\" frameborder=\"0\" marginwidth=\"0\" marginheight=\"0\" scrolling=\"no\"><\/iframe>\n<\/div><\/figure>\n","protected":false},"excerpt":{"rendered":"<p>Andr\u00e9 Miquel est un po\u00e8te fran\u00e7ais dont l&rsquo;oeuvre est marqu\u00e9e par sa connaissance intime de la culture arabe. <\/p>\n","protected":false},"author":8,"featured_media":8887775,"comment_status":"open","ping_status":"open","sticky":false,"template":"","format":"standard","meta":{"footnotes":""},"categories":[992,994],"tags":[109919,109920,98275,109921,21267],"class_list":["post-8887732","post","type-post","status-publish","format-standard","has-post-thumbnail","hentry","category-a-la-une","category-culture","tag-andre-miquel","tag-college-de-france","tag-poete-francais","tag-saint-jean-de-fos","tag-tahar-bekri"],"yoast_head":"<!-- This site is optimized with the Yoast SEO plugin v26.6 - https:\/\/yoast.com\/wordpress\/plugins\/seo\/ -->\n<title>Le po\u00e8me du dimanche\u00a0: \u2018\u2018Calcaire\u2019\u2019 d\u2019Andr\u00e9 Miquel - Kapitalis<\/title>\n<meta name=\"robots\" content=\"index, follow, max-snippet:-1, max-image-preview:large, max-video-preview:-1\" \/>\n<link rel=\"canonical\" href=\"https:\/\/kapitalis.com\/tunisie\/2023\/07\/16\/le-poeme-du-dimanche-calcaire-dandre-miquel\/\" \/>\n<meta property=\"og:locale\" content=\"fr_FR\" \/>\n<meta property=\"og:type\" content=\"article\" \/>\n<meta property=\"og:title\" content=\"Le po\u00e8me du dimanche\u00a0: \u2018\u2018Calcaire\u2019\u2019 d\u2019Andr\u00e9 Miquel - Kapitalis\" \/>\n<meta property=\"og:description\" content=\"Andr\u00e9 Miquel est un po\u00e8te fran\u00e7ais dont l&#039;oeuvre est marqu\u00e9e par sa connaissance intime de la culture arabe.\" \/>\n<meta property=\"og:url\" content=\"https:\/\/kapitalis.com\/tunisie\/2023\/07\/16\/le-poeme-du-dimanche-calcaire-dandre-miquel\/\" \/>\n<meta property=\"og:site_name\" content=\"Kapitalis\" \/>\n<meta property=\"article:publisher\" content=\"https:\/\/www.facebook.com\/KapitalisInfo\/\" \/>\n<meta property=\"article:published_time\" content=\"2023-07-16T07:06:05+00:00\" \/>\n<meta property=\"article:modified_time\" content=\"2023-07-18T05:03:27+00:00\" \/>\n<meta property=\"og:image\" content=\"https:\/\/kapitalis.com\/tunisie\/wp-content\/uploads\/2023\/07\/Andre-Miquel.jpg\" \/>\n\t<meta property=\"og:image:width\" content=\"1200\" \/>\n\t<meta property=\"og:image:height\" content=\"630\" \/>\n\t<meta property=\"og:image:type\" content=\"image\/jpeg\" \/>\n<meta name=\"author\" content=\"webmaster kapitalis\" \/>\n<meta name=\"twitter:card\" content=\"summary_large_image\" \/>\n<meta name=\"twitter:creator\" content=\"@KapitalisInfo\" \/>\n<meta name=\"twitter:site\" content=\"@KapitalisInfo\" \/>\n<meta name=\"twitter:label1\" content=\"\u00c9crit par\" \/>\n\t<meta name=\"twitter:data1\" content=\"webmaster kapitalis\" \/>\n\t<meta name=\"twitter:label2\" content=\"Dur\u00e9e de lecture estim\u00e9e\" \/>\n\t<meta name=\"twitter:data2\" content=\"2 minutes\" \/>\n<script type=\"application\/ld+json\" class=\"yoast-schema-graph\">{\"@context\":\"https:\/\/schema.org\",\"@graph\":[{\"@type\":\"Article\",\"@id\":\"https:\/\/kapitalis.com\/tunisie\/2023\/07\/16\/le-poeme-du-dimanche-calcaire-dandre-miquel\/#article\",\"isPartOf\":{\"@id\":\"https:\/\/kapitalis.com\/tunisie\/2023\/07\/16\/le-poeme-du-dimanche-calcaire-dandre-miquel\/\"},\"author\":{\"name\":\"webmaster kapitalis\",\"@id\":\"https:\/\/kapitalis.com\/tunisie\/#\/schema\/person\/d71f33a9ca44f7bad4698210b480c8e9\"},\"headline\":\"Le po\u00e8me du dimanche\u00a0: \u2018\u2018Calcaire\u2019\u2019 d\u2019Andr\u00e9 Miquel\",\"datePublished\":\"2023-07-16T07:06:05+00:00\",\"dateModified\":\"2023-07-18T05:03:27+00:00\",\"mainEntityOfPage\":{\"@id\":\"https:\/\/kapitalis.com\/tunisie\/2023\/07\/16\/le-poeme-du-dimanche-calcaire-dandre-miquel\/\"},\"wordCount\":463,\"commentCount\":0,\"publisher\":{\"@id\":\"https:\/\/kapitalis.com\/tunisie\/#organization\"},\"image\":{\"@id\":\"https:\/\/kapitalis.com\/tunisie\/2023\/07\/16\/le-poeme-du-dimanche-calcaire-dandre-miquel\/#primaryimage\"},\"thumbnailUrl\":\"https:\/\/kapitalis.com\/tunisie\/wp-content\/uploads\/2023\/07\/Andre-Miquel.jpg\",\"keywords\":[\"Andr\u00e9 Miquel\",\"Coll\u00e8ge de France\",\"po\u00e8te fran\u00e7ais\",\"Saint-Jean-de-Fos\",\"Tahar Bekri\"],\"articleSection\":[\"A LA UNE\",\"CULTURE\"],\"inLanguage\":\"fr-FR\",\"potentialAction\":[{\"@type\":\"CommentAction\",\"name\":\"Comment\",\"target\":[\"https:\/\/kapitalis.com\/tunisie\/2023\/07\/16\/le-poeme-du-dimanche-calcaire-dandre-miquel\/#respond\"]}]},{\"@type\":\"WebPage\",\"@id\":\"https:\/\/kapitalis.com\/tunisie\/2023\/07\/16\/le-poeme-du-dimanche-calcaire-dandre-miquel\/\",\"url\":\"https:\/\/kapitalis.com\/tunisie\/2023\/07\/16\/le-poeme-du-dimanche-calcaire-dandre-miquel\/\",\"name\":\"Le po\u00e8me du dimanche\u00a0: \u2018\u2018Calcaire\u2019\u2019 d\u2019Andr\u00e9 Miquel - Kapitalis\",\"isPartOf\":{\"@id\":\"https:\/\/kapitalis.com\/tunisie\/#website\"},\"primaryImageOfPage\":{\"@id\":\"https:\/\/kapitalis.com\/tunisie\/2023\/07\/16\/le-poeme-du-dimanche-calcaire-dandre-miquel\/#primaryimage\"},\"image\":{\"@id\":\"https:\/\/kapitalis.com\/tunisie\/2023\/07\/16\/le-poeme-du-dimanche-calcaire-dandre-miquel\/#primaryimage\"},\"thumbnailUrl\":\"https:\/\/kapitalis.com\/tunisie\/wp-content\/uploads\/2023\/07\/Andre-Miquel.jpg\",\"datePublished\":\"2023-07-16T07:06:05+00:00\",\"dateModified\":\"2023-07-18T05:03:27+00:00\",\"breadcrumb\":{\"@id\":\"https:\/\/kapitalis.com\/tunisie\/2023\/07\/16\/le-poeme-du-dimanche-calcaire-dandre-miquel\/#breadcrumb\"},\"inLanguage\":\"fr-FR\",\"potentialAction\":[{\"@type\":\"ReadAction\",\"target\":[\"https:\/\/kapitalis.com\/tunisie\/2023\/07\/16\/le-poeme-du-dimanche-calcaire-dandre-miquel\/\"]}]},{\"@type\":\"ImageObject\",\"inLanguage\":\"fr-FR\",\"@id\":\"https:\/\/kapitalis.com\/tunisie\/2023\/07\/16\/le-poeme-du-dimanche-calcaire-dandre-miquel\/#primaryimage\",\"url\":\"https:\/\/kapitalis.com\/tunisie\/wp-content\/uploads\/2023\/07\/Andre-Miquel.jpg\",\"contentUrl\":\"https:\/\/kapitalis.com\/tunisie\/wp-content\/uploads\/2023\/07\/Andre-Miquel.jpg\",\"width\":1200,\"height\":630},{\"@type\":\"BreadcrumbList\",\"@id\":\"https:\/\/kapitalis.com\/tunisie\/2023\/07\/16\/le-poeme-du-dimanche-calcaire-dandre-miquel\/#breadcrumb\",\"itemListElement\":[{\"@type\":\"ListItem\",\"position\":1,\"name\":\"Accueil\",\"item\":\"https:\/\/kapitalis.com\/tunisie\/\"},{\"@type\":\"ListItem\",\"position\":2,\"name\":\"Le po\u00e8me du dimanche\u00a0: \u2018\u2018Calcaire\u2019\u2019 d\u2019Andr\u00e9 Miquel\"}]},{\"@type\":\"WebSite\",\"@id\":\"https:\/\/kapitalis.com\/tunisie\/#website\",\"url\":\"https:\/\/kapitalis.com\/tunisie\/\",\"name\":\"Kapitalis\",\"description\":\"L&#039;actualit\u00e9 en Tunisie et dans le monde\",\"publisher\":{\"@id\":\"https:\/\/kapitalis.com\/tunisie\/#organization\"},\"potentialAction\":[{\"@type\":\"SearchAction\",\"target\":{\"@type\":\"EntryPoint\",\"urlTemplate\":\"https:\/\/kapitalis.com\/tunisie\/?s={search_term_string}\"},\"query-input\":{\"@type\":\"PropertyValueSpecification\",\"valueRequired\":true,\"valueName\":\"search_term_string\"}}],\"inLanguage\":\"fr-FR\"},{\"@type\":\"Organization\",\"@id\":\"https:\/\/kapitalis.com\/tunisie\/#organization\",\"name\":\"Kapitalis\",\"url\":\"https:\/\/kapitalis.com\/tunisie\/\",\"logo\":{\"@type\":\"ImageObject\",\"inLanguage\":\"fr-FR\",\"@id\":\"https:\/\/kapitalis.com\/tunisie\/#\/schema\/logo\/image\/\",\"url\":\"https:\/\/kapitalis.com\/tunisie\/wp-content\/uploads\/2022\/05\/Kapitalis-big-size.png\",\"contentUrl\":\"https:\/\/kapitalis.com\/tunisie\/wp-content\/uploads\/2022\/05\/Kapitalis-big-size.png\",\"width\":5000,\"height\":1500,\"caption\":\"Kapitalis\"},\"image\":{\"@id\":\"https:\/\/kapitalis.com\/tunisie\/#\/schema\/logo\/image\/\"},\"sameAs\":[\"https:\/\/www.facebook.com\/KapitalisInfo\/\",\"https:\/\/x.com\/KapitalisInfo\",\"https:\/\/www.youtube.com\/channel\/UC-yDYrHyfFBWWZaOw3FPg9Q\"]},{\"@type\":\"Person\",\"@id\":\"https:\/\/kapitalis.com\/tunisie\/#\/schema\/person\/d71f33a9ca44f7bad4698210b480c8e9\",\"name\":\"webmaster kapitalis\",\"url\":\"https:\/\/kapitalis.com\/tunisie\/author\/webmaster-kapitalis\/\"}]}<\/script>\n<!-- \/ Yoast SEO plugin. -->","yoast_head_json":{"title":"Le po\u00e8me du dimanche\u00a0: \u2018\u2018Calcaire\u2019\u2019 d\u2019Andr\u00e9 Miquel - Kapitalis","robots":{"index":"index","follow":"follow","max-snippet":"max-snippet:-1","max-image-preview":"max-image-preview:large","max-video-preview":"max-video-preview:-1"},"canonical":"https:\/\/kapitalis.com\/tunisie\/2023\/07\/16\/le-poeme-du-dimanche-calcaire-dandre-miquel\/","og_locale":"fr_FR","og_type":"article","og_title":"Le po\u00e8me du dimanche\u00a0: \u2018\u2018Calcaire\u2019\u2019 d\u2019Andr\u00e9 Miquel - Kapitalis","og_description":"Andr\u00e9 Miquel est un po\u00e8te fran\u00e7ais dont l'oeuvre est marqu\u00e9e par sa connaissance intime de la culture arabe.","og_url":"https:\/\/kapitalis.com\/tunisie\/2023\/07\/16\/le-poeme-du-dimanche-calcaire-dandre-miquel\/","og_site_name":"Kapitalis","article_publisher":"https:\/\/www.facebook.com\/KapitalisInfo\/","article_published_time":"2023-07-16T07:06:05+00:00","article_modified_time":"2023-07-18T05:03:27+00:00","og_image":[{"width":1200,"height":630,"url":"https:\/\/kapitalis.com\/tunisie\/wp-content\/uploads\/2023\/07\/Andre-Miquel.jpg","type":"image\/jpeg"}],"author":"webmaster kapitalis","twitter_card":"summary_large_image","twitter_creator":"@KapitalisInfo","twitter_site":"@KapitalisInfo","twitter_misc":{"\u00c9crit par":"webmaster kapitalis","Dur\u00e9e de lecture estim\u00e9e":"2 minutes"},"schema":{"@context":"https:\/\/schema.org","@graph":[{"@type":"Article","@id":"https:\/\/kapitalis.com\/tunisie\/2023\/07\/16\/le-poeme-du-dimanche-calcaire-dandre-miquel\/#article","isPartOf":{"@id":"https:\/\/kapitalis.com\/tunisie\/2023\/07\/16\/le-poeme-du-dimanche-calcaire-dandre-miquel\/"},"author":{"name":"webmaster kapitalis","@id":"https:\/\/kapitalis.com\/tunisie\/#\/schema\/person\/d71f33a9ca44f7bad4698210b480c8e9"},"headline":"Le po\u00e8me du dimanche\u00a0: \u2018\u2018Calcaire\u2019\u2019 d\u2019Andr\u00e9 Miquel","datePublished":"2023-07-16T07:06:05+00:00","dateModified":"2023-07-18T05:03:27+00:00","mainEntityOfPage":{"@id":"https:\/\/kapitalis.com\/tunisie\/2023\/07\/16\/le-poeme-du-dimanche-calcaire-dandre-miquel\/"},"wordCount":463,"commentCount":0,"publisher":{"@id":"https:\/\/kapitalis.com\/tunisie\/#organization"},"image":{"@id":"https:\/\/kapitalis.com\/tunisie\/2023\/07\/16\/le-poeme-du-dimanche-calcaire-dandre-miquel\/#primaryimage"},"thumbnailUrl":"https:\/\/kapitalis.com\/tunisie\/wp-content\/uploads\/2023\/07\/Andre-Miquel.jpg","keywords":["Andr\u00e9 Miquel","Coll\u00e8ge de France","po\u00e8te fran\u00e7ais","Saint-Jean-de-Fos","Tahar Bekri"],"articleSection":["A LA UNE","CULTURE"],"inLanguage":"fr-FR","potentialAction":[{"@type":"CommentAction","name":"Comment","target":["https:\/\/kapitalis.com\/tunisie\/2023\/07\/16\/le-poeme-du-dimanche-calcaire-dandre-miquel\/#respond"]}]},{"@type":"WebPage","@id":"https:\/\/kapitalis.com\/tunisie\/2023\/07\/16\/le-poeme-du-dimanche-calcaire-dandre-miquel\/","url":"https:\/\/kapitalis.com\/tunisie\/2023\/07\/16\/le-poeme-du-dimanche-calcaire-dandre-miquel\/","name":"Le po\u00e8me du dimanche\u00a0: \u2018\u2018Calcaire\u2019\u2019 d\u2019Andr\u00e9 Miquel - Kapitalis","isPartOf":{"@id":"https:\/\/kapitalis.com\/tunisie\/#website"},"primaryImageOfPage":{"@id":"https:\/\/kapitalis.com\/tunisie\/2023\/07\/16\/le-poeme-du-dimanche-calcaire-dandre-miquel\/#primaryimage"},"image":{"@id":"https:\/\/kapitalis.com\/tunisie\/2023\/07\/16\/le-poeme-du-dimanche-calcaire-dandre-miquel\/#primaryimage"},"thumbnailUrl":"https:\/\/kapitalis.com\/tunisie\/wp-content\/uploads\/2023\/07\/Andre-Miquel.jpg","datePublished":"2023-07-16T07:06:05+00:00","dateModified":"2023-07-18T05:03:27+00:00","breadcrumb":{"@id":"https:\/\/kapitalis.com\/tunisie\/2023\/07\/16\/le-poeme-du-dimanche-calcaire-dandre-miquel\/#breadcrumb"},"inLanguage":"fr-FR","potentialAction":[{"@type":"ReadAction","target":["https:\/\/kapitalis.com\/tunisie\/2023\/07\/16\/le-poeme-du-dimanche-calcaire-dandre-miquel\/"]}]},{"@type":"ImageObject","inLanguage":"fr-FR","@id":"https:\/\/kapitalis.com\/tunisie\/2023\/07\/16\/le-poeme-du-dimanche-calcaire-dandre-miquel\/#primaryimage","url":"https:\/\/kapitalis.com\/tunisie\/wp-content\/uploads\/2023\/07\/Andre-Miquel.jpg","contentUrl":"https:\/\/kapitalis.com\/tunisie\/wp-content\/uploads\/2023\/07\/Andre-Miquel.jpg","width":1200,"height":630},{"@type":"BreadcrumbList","@id":"https:\/\/kapitalis.com\/tunisie\/2023\/07\/16\/le-poeme-du-dimanche-calcaire-dandre-miquel\/#breadcrumb","itemListElement":[{"@type":"ListItem","position":1,"name":"Accueil","item":"https:\/\/kapitalis.com\/tunisie\/"},{"@type":"ListItem","position":2,"name":"Le po\u00e8me du dimanche\u00a0: \u2018\u2018Calcaire\u2019\u2019 d\u2019Andr\u00e9 Miquel"}]},{"@type":"WebSite","@id":"https:\/\/kapitalis.com\/tunisie\/#website","url":"https:\/\/kapitalis.com\/tunisie\/","name":"Kapitalis","description":"L&#039;actualit\u00e9 en Tunisie et dans le monde","publisher":{"@id":"https:\/\/kapitalis.com\/tunisie\/#organization"},"potentialAction":[{"@type":"SearchAction","target":{"@type":"EntryPoint","urlTemplate":"https:\/\/kapitalis.com\/tunisie\/?s={search_term_string}"},"query-input":{"@type":"PropertyValueSpecification","valueRequired":true,"valueName":"search_term_string"}}],"inLanguage":"fr-FR"},{"@type":"Organization","@id":"https:\/\/kapitalis.com\/tunisie\/#organization","name":"Kapitalis","url":"https:\/\/kapitalis.com\/tunisie\/","logo":{"@type":"ImageObject","inLanguage":"fr-FR","@id":"https:\/\/kapitalis.com\/tunisie\/#\/schema\/logo\/image\/","url":"https:\/\/kapitalis.com\/tunisie\/wp-content\/uploads\/2022\/05\/Kapitalis-big-size.png","contentUrl":"https:\/\/kapitalis.com\/tunisie\/wp-content\/uploads\/2022\/05\/Kapitalis-big-size.png","width":5000,"height":1500,"caption":"Kapitalis"},"image":{"@id":"https:\/\/kapitalis.com\/tunisie\/#\/schema\/logo\/image\/"},"sameAs":["https:\/\/www.facebook.com\/KapitalisInfo\/","https:\/\/x.com\/KapitalisInfo","https:\/\/www.youtube.com\/channel\/UC-yDYrHyfFBWWZaOw3FPg9Q"]},{"@type":"Person","@id":"https:\/\/kapitalis.com\/tunisie\/#\/schema\/person\/d71f33a9ca44f7bad4698210b480c8e9","name":"webmaster kapitalis","url":"https:\/\/kapitalis.com\/tunisie\/author\/webmaster-kapitalis\/"}]}},"_links":{"self":[{"href":"https:\/\/kapitalis.com\/tunisie\/wp-json\/wp\/v2\/posts\/8887732","targetHints":{"allow":["GET"]}}],"collection":[{"href":"https:\/\/kapitalis.com\/tunisie\/wp-json\/wp\/v2\/posts"}],"about":[{"href":"https:\/\/kapitalis.com\/tunisie\/wp-json\/wp\/v2\/types\/post"}],"author":[{"embeddable":true,"href":"https:\/\/kapitalis.com\/tunisie\/wp-json\/wp\/v2\/users\/8"}],"replies":[{"embeddable":true,"href":"https:\/\/kapitalis.com\/tunisie\/wp-json\/wp\/v2\/comments?post=8887732"}],"version-history":[{"count":3,"href":"https:\/\/kapitalis.com\/tunisie\/wp-json\/wp\/v2\/posts\/8887732\/revisions"}],"predecessor-version":[{"id":8928111,"href":"https:\/\/kapitalis.com\/tunisie\/wp-json\/wp\/v2\/posts\/8887732\/revisions\/8928111"}],"wp:featuredmedia":[{"embeddable":true,"href":"https:\/\/kapitalis.com\/tunisie\/wp-json\/wp\/v2\/media\/8887775"}],"wp:attachment":[{"href":"https:\/\/kapitalis.com\/tunisie\/wp-json\/wp\/v2\/media?parent=8887732"}],"wp:term":[{"taxonomy":"category","embeddable":true,"href":"https:\/\/kapitalis.com\/tunisie\/wp-json\/wp\/v2\/categories?post=8887732"},{"taxonomy":"post_tag","embeddable":true,"href":"https:\/\/kapitalis.com\/tunisie\/wp-json\/wp\/v2\/tags?post=8887732"}],"curies":[{"name":"wp","href":"https:\/\/api.w.org\/{rel}","templated":true}]}}