{"id":8888782,"date":"2023-07-16T10:02:11","date_gmt":"2023-07-16T09:02:11","guid":{"rendered":"https:\/\/kapitalis.com\/tunisie\/?p=8888782"},"modified":"2023-07-16T10:02:13","modified_gmt":"2023-07-16T09:02:13","slug":"raouf-chatty-qualifie-de-derisoire-et-dangereux-tout-accord-sur-la-migration-entre-bruxelles-et-tunis","status":"publish","type":"post","link":"https:\/\/kapitalis.com\/tunisie\/2023\/07\/16\/raouf-chatty-qualifie-de-derisoire-et-dangereux-tout-accord-sur-la-migration-entre-bruxelles-et-tunis\/","title":{"rendered":"Raouf Chatty qualifie de \u00abd\u00e9risoire et dangereux\u00bb tout accord sur la migration entre Bruxelles et Tunis"},"content":{"rendered":"\n<p><strong><em>\u00a0\u00abL\u2019Union europ\u00e9enne vise \u00e0 habituer la Tunisie et les Tunisiens \u00e0 la politique du fait accompli au sujet de l\u2019\u00e9tablissement progressive des migrants Subsahariens en Tunisie\u00bb, avertit Raouf Chatty.<\/em><\/strong><\/p>\n\n\n\n<!--more-->\n\n\n\n<p>Dans un post Facebok publi\u00e9 hier, samedi 15 juillet 2023, la veille de la rencontre au Palais de Carthage, aujourd\u2019hui, entre le pr\u00e9sident Ka\u00efs Sa\u00efed et une d\u00e9l\u00e9gation europ\u00e9enne de haut niveau compos\u00e9e d\u2019Ursula van der Leyen, pr\u00e9sidente de la Commission europ\u00e9enne, des deux premiers ministres italien Giorgia Meloni et N\u00e9erlandais Mark Rutte, figures de proue de l\u2019extr\u00eame droite europ\u00e9enne, pour finaliser et, \u00e9ventuellement aussi, signer un m\u00e9morandum d\u2019accord sur la migration, l\u2019ancien ambassadeur estime qu\u2019\u00e0 travers ce projet d\u2019accord, l\u2019UE <em>\u00abutilisera tous les moyens pour aboutir \u00e0 ses fins. Ses atouts sont la faiblesse actuelle de la Tunisie et les divisions des Tunisiens.\u00bb<\/em><\/p>\n\n\n\n<p>Selon lui, le march\u00e9 qui sera \u00e9tabli entre Tunis et Bruxelles <em>\u00absera d\u00e9risoire et dangereux pour la Tunisie \u00e0 court, moyen et long termes\u00bb<\/em>. Et pour cause, explique-t-il&nbsp;: <em>\u00abLa Tunisie doit faire tr\u00e8s attention. Elle doit rester tr\u00e8s ferme et d\u00e9fendre franchement la th\u00e8se qu\u2019elle n\u2019est pas en mesure d\u2019accepter les propositions europ\u00e9ennes pour l\u2019\u00e9tablissement de Subsahariens en Tunisie. Tout simplement parce qu\u2019elle a \u00e9norm\u00e9ment de probl\u00e8mes \u00e9conomiques, financiers, structurels, et elle refuse de voir des Subsahariens vivre dans l\u2019indignit\u00e9, car le pays n\u2019a rien \u00e0 leur offrir.\u00bb<\/em><\/p>\n\n\n\n<p>L\u2019accord, rappelons-le, pr\u00e9voit une aide macro-financi\u00e8re de 900 millions d\u2019euros sous forme de pr\u00eat, et 200 millions d\u2019euros pour aider la Tunisie \u00e0 lutter contre la migration europ\u00e9enne, montant qui resteront en Europe parce qu\u2019ils serviront \u00e0 payer des \u00e9quipements europ\u00e9ens de contr\u00f4le des fronti\u00e8res maritimes et de soi-disant experts europ\u00e9ens en la mati\u00e8re. Ce qui a pouss\u00e9 certains analystes \u00e0 parler d\u2019un march\u00e9 de dupes o\u00f9 la Tunisie de Ka\u00efs Sa\u00efed, isol\u00e9e et en qu\u00eate de reconnaissance internationale, sera dindon de la farce.<\/p>\n\n\n\n<p><em>\u00abSoyons clair : tout accord ou convention \u00e0 ce sujet, quels que soient les montants financiers qui l\u2019accompagneront, sera au d\u00e9triment de la Tunisie, de sa stabilit\u00e9 politique int\u00e9rieure, de la dignit\u00e9 des Subsahariens et contribuera \u00e0 d\u00e9stabiliser davantage notre pays\u00bb<\/em>, avertit encore Raouf Chatty. Et il sera nul et non avenu, serions-nous tent\u00e9s d&rsquo;ajouter, car il n&rsquo;a fait jusque-l\u00e0 l&rsquo;objet d&rsquo;aucune communication officielle de la part des autorit\u00e9s tunisiennes qui esp\u00e8rent le faire passer en catimini, et en dehors de tout d\u00e9bat national pr\u00e9alable. <\/p>\n\n\n\n<p class=\"has-text-align-right\"><strong>I. B.<\/strong><\/p>\n\n\n\n<figure class=\"wp-block-embed is-type-wp-embed is-provider-kapitalis wp-block-embed-kapitalis\"><div class=\"wp-block-embed__wrapper\">\n<blockquote class=\"wp-embedded-content\" data-secret=\"X81hzprlkp\"><a href=\"https:\/\/kapitalis.com\/tunisie\/2023\/07\/15\/tunisie-union-europeenne-laccord-sur-la-migration-est-en-bonne-voie\/\">Tunisie &#8211; Union europ\u00e9enne\u00a0: l\u2019accord sur la migration est en bonne voie<\/a><\/blockquote><iframe loading=\"lazy\" class=\"wp-embedded-content\" sandbox=\"allow-scripts\" security=\"restricted\" style=\"position: absolute; clip: rect(1px, 1px, 1px, 1px);\" title=\"\u00ab\u00a0Tunisie &#8211; Union europ\u00e9enne\u00a0: l\u2019accord sur la migration est en bonne voie\u00a0\u00bb &#8212; Kapitalis\" src=\"https:\/\/kapitalis.com\/tunisie\/2023\/07\/15\/tunisie-union-europeenne-laccord-sur-la-migration-est-en-bonne-voie\/embed\/#?secret=63ipj79Os5#?secret=X81hzprlkp\" data-secret=\"X81hzprlkp\" width=\"600\" height=\"338\" frameborder=\"0\" marginwidth=\"0\" marginheight=\"0\" scrolling=\"no\"><\/iframe>\n<\/div><\/figure>\n\n\n\n<p class=\"has-text-align-right\"> <\/p>\n","protected":false},"excerpt":{"rendered":"<p>Tout accord sur la migration avec l&rsquo;Union europ\u00e9enne sera au d\u00e9triment de la Tunisie et de sa stabilit\u00e9 politique int\u00e9rieure, ainsi que de la dignit\u00e9 des Subsahariens. <\/p>\n","protected":false},"author":8,"featured_media":8332862,"comment_status":"open","ping_status":"open","sticky":false,"template":"","format":"standard","meta":{"footnotes":""},"categories":[997,2433],"tags":[103508,76012,109234,85766,5548,89839,62643,937,90832],"class_list":["post-8888782","post","type-post","status-publish","format-standard","has-post-thumbnail","hentry","category-politique","category-tunisie","tag-giorgia-meloni","tag-kais-saied-2","tag-mark-rutte","tag-migrants-subsahariens","tag-migration","tag-raouf-chatty","tag-tunisie","tag-union-europeenne","tag-ursula-von-der-leyen"],"yoast_head":"<!-- This site is optimized with the Yoast SEO plugin v26.6 - https:\/\/yoast.com\/wordpress\/plugins\/seo\/ -->\n<title>Raouf Chatty qualifie de \u00abd\u00e9risoire et dangereux\u00bb tout accord sur la migration entre Bruxelles et Tunis - Kapitalis<\/title>\n<meta name=\"robots\" content=\"index, follow, max-snippet:-1, max-image-preview:large, max-video-preview:-1\" \/>\n<link rel=\"canonical\" href=\"https:\/\/kapitalis.com\/tunisie\/2023\/07\/16\/raouf-chatty-qualifie-de-derisoire-et-dangereux-tout-accord-sur-la-migration-entre-bruxelles-et-tunis\/\" \/>\n<meta property=\"og:locale\" content=\"fr_FR\" \/>\n<meta property=\"og:type\" content=\"article\" \/>\n<meta property=\"og:title\" content=\"Raouf Chatty qualifie de \u00abd\u00e9risoire et dangereux\u00bb tout accord sur la migration entre Bruxelles et Tunis - Kapitalis\" \/>\n<meta property=\"og:description\" content=\"Tout accord sur la migration avec l&#039;Union europ\u00e9enne sera au d\u00e9triment de la Tunisie et de sa stabilit\u00e9 politique int\u00e9rieure, ainsi que de la dignit\u00e9 des Subsahariens.\" \/>\n<meta property=\"og:url\" content=\"https:\/\/kapitalis.com\/tunisie\/2023\/07\/16\/raouf-chatty-qualifie-de-derisoire-et-dangereux-tout-accord-sur-la-migration-entre-bruxelles-et-tunis\/\" \/>\n<meta property=\"og:site_name\" content=\"Kapitalis\" \/>\n<meta property=\"article:publisher\" content=\"https:\/\/www.facebook.com\/KapitalisInfo\/\" \/>\n<meta property=\"article:published_time\" content=\"2023-07-16T09:02:11+00:00\" \/>\n<meta property=\"article:modified_time\" content=\"2023-07-16T09:02:13+00:00\" \/>\n<meta property=\"og:image\" content=\"https:\/\/kapitalis.com\/tunisie\/wp-content\/uploads\/2023\/06\/Kais-Saied-Union-europeenne-Von-der-Leyen-Meloni-Rutte-2.jpg\" \/>\n\t<meta property=\"og:image:width\" content=\"1200\" \/>\n\t<meta property=\"og:image:height\" content=\"630\" \/>\n\t<meta property=\"og:image:type\" content=\"image\/jpeg\" \/>\n<meta name=\"author\" content=\"webmaster kapitalis\" \/>\n<meta name=\"twitter:card\" content=\"summary_large_image\" \/>\n<meta name=\"twitter:creator\" content=\"@KapitalisInfo\" \/>\n<meta name=\"twitter:site\" content=\"@KapitalisInfo\" \/>\n<meta name=\"twitter:label1\" content=\"\u00c9crit par\" \/>\n\t<meta name=\"twitter:data1\" content=\"webmaster kapitalis\" \/>\n\t<meta name=\"twitter:label2\" content=\"Dur\u00e9e de lecture estim\u00e9e\" \/>\n\t<meta name=\"twitter:data2\" content=\"3 minutes\" \/>\n<script type=\"application\/ld+json\" class=\"yoast-schema-graph\">{\"@context\":\"https:\/\/schema.org\",\"@graph\":[{\"@type\":\"Article\",\"@id\":\"https:\/\/kapitalis.com\/tunisie\/2023\/07\/16\/raouf-chatty-qualifie-de-derisoire-et-dangereux-tout-accord-sur-la-migration-entre-bruxelles-et-tunis\/#article\",\"isPartOf\":{\"@id\":\"https:\/\/kapitalis.com\/tunisie\/2023\/07\/16\/raouf-chatty-qualifie-de-derisoire-et-dangereux-tout-accord-sur-la-migration-entre-bruxelles-et-tunis\/\"},\"author\":{\"name\":\"webmaster kapitalis\",\"@id\":\"https:\/\/kapitalis.com\/tunisie\/#\/schema\/person\/d71f33a9ca44f7bad4698210b480c8e9\"},\"headline\":\"Raouf Chatty qualifie de \u00abd\u00e9risoire et dangereux\u00bb tout accord sur la migration entre Bruxelles et Tunis\",\"datePublished\":\"2023-07-16T09:02:11+00:00\",\"dateModified\":\"2023-07-16T09:02:13+00:00\",\"mainEntityOfPage\":{\"@id\":\"https:\/\/kapitalis.com\/tunisie\/2023\/07\/16\/raouf-chatty-qualifie-de-derisoire-et-dangereux-tout-accord-sur-la-migration-entre-bruxelles-et-tunis\/\"},\"wordCount\":465,\"commentCount\":1,\"publisher\":{\"@id\":\"https:\/\/kapitalis.com\/tunisie\/#organization\"},\"image\":{\"@id\":\"https:\/\/kapitalis.com\/tunisie\/2023\/07\/16\/raouf-chatty-qualifie-de-derisoire-et-dangereux-tout-accord-sur-la-migration-entre-bruxelles-et-tunis\/#primaryimage\"},\"thumbnailUrl\":\"https:\/\/kapitalis.com\/tunisie\/wp-content\/uploads\/2023\/06\/Kais-Saied-Union-europeenne-Von-der-Leyen-Meloni-Rutte-2.jpg\",\"keywords\":[\"Giorgia Meloni\",\"Ka\u00efs Sa\u00efed\",\"Mark Rutte\",\"migrants subsahariens\",\"migration\",\"Raouf Chatty\",\"Tunisie\",\"Union europ\u00e9enne\",\"Ursula von der Leyen\"],\"articleSection\":[\"POLITIQUE\",\"Tunisie\"],\"inLanguage\":\"fr-FR\",\"potentialAction\":[{\"@type\":\"CommentAction\",\"name\":\"Comment\",\"target\":[\"https:\/\/kapitalis.com\/tunisie\/2023\/07\/16\/raouf-chatty-qualifie-de-derisoire-et-dangereux-tout-accord-sur-la-migration-entre-bruxelles-et-tunis\/#respond\"]}]},{\"@type\":\"WebPage\",\"@id\":\"https:\/\/kapitalis.com\/tunisie\/2023\/07\/16\/raouf-chatty-qualifie-de-derisoire-et-dangereux-tout-accord-sur-la-migration-entre-bruxelles-et-tunis\/\",\"url\":\"https:\/\/kapitalis.com\/tunisie\/2023\/07\/16\/raouf-chatty-qualifie-de-derisoire-et-dangereux-tout-accord-sur-la-migration-entre-bruxelles-et-tunis\/\",\"name\":\"Raouf Chatty qualifie de \u00abd\u00e9risoire et dangereux\u00bb tout accord sur la migration entre Bruxelles et Tunis - Kapitalis\",\"isPartOf\":{\"@id\":\"https:\/\/kapitalis.com\/tunisie\/#website\"},\"primaryImageOfPage\":{\"@id\":\"https:\/\/kapitalis.com\/tunisie\/2023\/07\/16\/raouf-chatty-qualifie-de-derisoire-et-dangereux-tout-accord-sur-la-migration-entre-bruxelles-et-tunis\/#primaryimage\"},\"image\":{\"@id\":\"https:\/\/kapitalis.com\/tunisie\/2023\/07\/16\/raouf-chatty-qualifie-de-derisoire-et-dangereux-tout-accord-sur-la-migration-entre-bruxelles-et-tunis\/#primaryimage\"},\"thumbnailUrl\":\"https:\/\/kapitalis.com\/tunisie\/wp-content\/uploads\/2023\/06\/Kais-Saied-Union-europeenne-Von-der-Leyen-Meloni-Rutte-2.jpg\",\"datePublished\":\"2023-07-16T09:02:11+00:00\",\"dateModified\":\"2023-07-16T09:02:13+00:00\",\"breadcrumb\":{\"@id\":\"https:\/\/kapitalis.com\/tunisie\/2023\/07\/16\/raouf-chatty-qualifie-de-derisoire-et-dangereux-tout-accord-sur-la-migration-entre-bruxelles-et-tunis\/#breadcrumb\"},\"inLanguage\":\"fr-FR\",\"potentialAction\":[{\"@type\":\"ReadAction\",\"target\":[\"https:\/\/kapitalis.com\/tunisie\/2023\/07\/16\/raouf-chatty-qualifie-de-derisoire-et-dangereux-tout-accord-sur-la-migration-entre-bruxelles-et-tunis\/\"]}]},{\"@type\":\"ImageObject\",\"inLanguage\":\"fr-FR\",\"@id\":\"https:\/\/kapitalis.com\/tunisie\/2023\/07\/16\/raouf-chatty-qualifie-de-derisoire-et-dangereux-tout-accord-sur-la-migration-entre-bruxelles-et-tunis\/#primaryimage\",\"url\":\"https:\/\/kapitalis.com\/tunisie\/wp-content\/uploads\/2023\/06\/Kais-Saied-Union-europeenne-Von-der-Leyen-Meloni-Rutte-2.jpg\",\"contentUrl\":\"https:\/\/kapitalis.com\/tunisie\/wp-content\/uploads\/2023\/06\/Kais-Saied-Union-europeenne-Von-der-Leyen-Meloni-Rutte-2.jpg\",\"width\":1200,\"height\":630},{\"@type\":\"BreadcrumbList\",\"@id\":\"https:\/\/kapitalis.com\/tunisie\/2023\/07\/16\/raouf-chatty-qualifie-de-derisoire-et-dangereux-tout-accord-sur-la-migration-entre-bruxelles-et-tunis\/#breadcrumb\",\"itemListElement\":[{\"@type\":\"ListItem\",\"position\":1,\"name\":\"Accueil\",\"item\":\"https:\/\/kapitalis.com\/tunisie\/\"},{\"@type\":\"ListItem\",\"position\":2,\"name\":\"Raouf Chatty qualifie de \u00abd\u00e9risoire et dangereux\u00bb tout accord sur la migration entre Bruxelles et Tunis\"}]},{\"@type\":\"WebSite\",\"@id\":\"https:\/\/kapitalis.com\/tunisie\/#website\",\"url\":\"https:\/\/kapitalis.com\/tunisie\/\",\"name\":\"Kapitalis\",\"description\":\"L&#039;actualit\u00e9 en Tunisie et dans le monde\",\"publisher\":{\"@id\":\"https:\/\/kapitalis.com\/tunisie\/#organization\"},\"potentialAction\":[{\"@type\":\"SearchAction\",\"target\":{\"@type\":\"EntryPoint\",\"urlTemplate\":\"https:\/\/kapitalis.com\/tunisie\/?s={search_term_string}\"},\"query-input\":{\"@type\":\"PropertyValueSpecification\",\"valueRequired\":true,\"valueName\":\"search_term_string\"}}],\"inLanguage\":\"fr-FR\"},{\"@type\":\"Organization\",\"@id\":\"https:\/\/kapitalis.com\/tunisie\/#organization\",\"name\":\"Kapitalis\",\"url\":\"https:\/\/kapitalis.com\/tunisie\/\",\"logo\":{\"@type\":\"ImageObject\",\"inLanguage\":\"fr-FR\",\"@id\":\"https:\/\/kapitalis.com\/tunisie\/#\/schema\/logo\/image\/\",\"url\":\"https:\/\/kapitalis.com\/tunisie\/wp-content\/uploads\/2022\/05\/Kapitalis-big-size.png\",\"contentUrl\":\"https:\/\/kapitalis.com\/tunisie\/wp-content\/uploads\/2022\/05\/Kapitalis-big-size.png\",\"width\":5000,\"height\":1500,\"caption\":\"Kapitalis\"},\"image\":{\"@id\":\"https:\/\/kapitalis.com\/tunisie\/#\/schema\/logo\/image\/\"},\"sameAs\":[\"https:\/\/www.facebook.com\/KapitalisInfo\/\",\"https:\/\/x.com\/KapitalisInfo\",\"https:\/\/www.youtube.com\/channel\/UC-yDYrHyfFBWWZaOw3FPg9Q\"]},{\"@type\":\"Person\",\"@id\":\"https:\/\/kapitalis.com\/tunisie\/#\/schema\/person\/d71f33a9ca44f7bad4698210b480c8e9\",\"name\":\"webmaster kapitalis\",\"url\":\"https:\/\/kapitalis.com\/tunisie\/author\/webmaster-kapitalis\/\"}]}<\/script>\n<!-- \/ Yoast SEO plugin. -->","yoast_head_json":{"title":"Raouf Chatty qualifie de \u00abd\u00e9risoire et dangereux\u00bb tout accord sur la migration entre Bruxelles et Tunis - Kapitalis","robots":{"index":"index","follow":"follow","max-snippet":"max-snippet:-1","max-image-preview":"max-image-preview:large","max-video-preview":"max-video-preview:-1"},"canonical":"https:\/\/kapitalis.com\/tunisie\/2023\/07\/16\/raouf-chatty-qualifie-de-derisoire-et-dangereux-tout-accord-sur-la-migration-entre-bruxelles-et-tunis\/","og_locale":"fr_FR","og_type":"article","og_title":"Raouf Chatty qualifie de \u00abd\u00e9risoire et dangereux\u00bb tout accord sur la migration entre Bruxelles et Tunis - Kapitalis","og_description":"Tout accord sur la migration avec l'Union europ\u00e9enne sera au d\u00e9triment de la Tunisie et de sa stabilit\u00e9 politique int\u00e9rieure, ainsi que de la dignit\u00e9 des Subsahariens.","og_url":"https:\/\/kapitalis.com\/tunisie\/2023\/07\/16\/raouf-chatty-qualifie-de-derisoire-et-dangereux-tout-accord-sur-la-migration-entre-bruxelles-et-tunis\/","og_site_name":"Kapitalis","article_publisher":"https:\/\/www.facebook.com\/KapitalisInfo\/","article_published_time":"2023-07-16T09:02:11+00:00","article_modified_time":"2023-07-16T09:02:13+00:00","og_image":[{"width":1200,"height":630,"url":"https:\/\/kapitalis.com\/tunisie\/wp-content\/uploads\/2023\/06\/Kais-Saied-Union-europeenne-Von-der-Leyen-Meloni-Rutte-2.jpg","type":"image\/jpeg"}],"author":"webmaster kapitalis","twitter_card":"summary_large_image","twitter_creator":"@KapitalisInfo","twitter_site":"@KapitalisInfo","twitter_misc":{"\u00c9crit par":"webmaster kapitalis","Dur\u00e9e de lecture estim\u00e9e":"3 minutes"},"schema":{"@context":"https:\/\/schema.org","@graph":[{"@type":"Article","@id":"https:\/\/kapitalis.com\/tunisie\/2023\/07\/16\/raouf-chatty-qualifie-de-derisoire-et-dangereux-tout-accord-sur-la-migration-entre-bruxelles-et-tunis\/#article","isPartOf":{"@id":"https:\/\/kapitalis.com\/tunisie\/2023\/07\/16\/raouf-chatty-qualifie-de-derisoire-et-dangereux-tout-accord-sur-la-migration-entre-bruxelles-et-tunis\/"},"author":{"name":"webmaster kapitalis","@id":"https:\/\/kapitalis.com\/tunisie\/#\/schema\/person\/d71f33a9ca44f7bad4698210b480c8e9"},"headline":"Raouf Chatty qualifie de \u00abd\u00e9risoire et dangereux\u00bb tout accord sur la migration entre Bruxelles et Tunis","datePublished":"2023-07-16T09:02:11+00:00","dateModified":"2023-07-16T09:02:13+00:00","mainEntityOfPage":{"@id":"https:\/\/kapitalis.com\/tunisie\/2023\/07\/16\/raouf-chatty-qualifie-de-derisoire-et-dangereux-tout-accord-sur-la-migration-entre-bruxelles-et-tunis\/"},"wordCount":465,"commentCount":1,"publisher":{"@id":"https:\/\/kapitalis.com\/tunisie\/#organization"},"image":{"@id":"https:\/\/kapitalis.com\/tunisie\/2023\/07\/16\/raouf-chatty-qualifie-de-derisoire-et-dangereux-tout-accord-sur-la-migration-entre-bruxelles-et-tunis\/#primaryimage"},"thumbnailUrl":"https:\/\/kapitalis.com\/tunisie\/wp-content\/uploads\/2023\/06\/Kais-Saied-Union-europeenne-Von-der-Leyen-Meloni-Rutte-2.jpg","keywords":["Giorgia Meloni","Ka\u00efs Sa\u00efed","Mark Rutte","migrants subsahariens","migration","Raouf Chatty","Tunisie","Union europ\u00e9enne","Ursula von der Leyen"],"articleSection":["POLITIQUE","Tunisie"],"inLanguage":"fr-FR","potentialAction":[{"@type":"CommentAction","name":"Comment","target":["https:\/\/kapitalis.com\/tunisie\/2023\/07\/16\/raouf-chatty-qualifie-de-derisoire-et-dangereux-tout-accord-sur-la-migration-entre-bruxelles-et-tunis\/#respond"]}]},{"@type":"WebPage","@id":"https:\/\/kapitalis.com\/tunisie\/2023\/07\/16\/raouf-chatty-qualifie-de-derisoire-et-dangereux-tout-accord-sur-la-migration-entre-bruxelles-et-tunis\/","url":"https:\/\/kapitalis.com\/tunisie\/2023\/07\/16\/raouf-chatty-qualifie-de-derisoire-et-dangereux-tout-accord-sur-la-migration-entre-bruxelles-et-tunis\/","name":"Raouf Chatty qualifie de \u00abd\u00e9risoire et dangereux\u00bb tout accord sur la migration entre Bruxelles et Tunis - Kapitalis","isPartOf":{"@id":"https:\/\/kapitalis.com\/tunisie\/#website"},"primaryImageOfPage":{"@id":"https:\/\/kapitalis.com\/tunisie\/2023\/07\/16\/raouf-chatty-qualifie-de-derisoire-et-dangereux-tout-accord-sur-la-migration-entre-bruxelles-et-tunis\/#primaryimage"},"image":{"@id":"https:\/\/kapitalis.com\/tunisie\/2023\/07\/16\/raouf-chatty-qualifie-de-derisoire-et-dangereux-tout-accord-sur-la-migration-entre-bruxelles-et-tunis\/#primaryimage"},"thumbnailUrl":"https:\/\/kapitalis.com\/tunisie\/wp-content\/uploads\/2023\/06\/Kais-Saied-Union-europeenne-Von-der-Leyen-Meloni-Rutte-2.jpg","datePublished":"2023-07-16T09:02:11+00:00","dateModified":"2023-07-16T09:02:13+00:00","breadcrumb":{"@id":"https:\/\/kapitalis.com\/tunisie\/2023\/07\/16\/raouf-chatty-qualifie-de-derisoire-et-dangereux-tout-accord-sur-la-migration-entre-bruxelles-et-tunis\/#breadcrumb"},"inLanguage":"fr-FR","potentialAction":[{"@type":"ReadAction","target":["https:\/\/kapitalis.com\/tunisie\/2023\/07\/16\/raouf-chatty-qualifie-de-derisoire-et-dangereux-tout-accord-sur-la-migration-entre-bruxelles-et-tunis\/"]}]},{"@type":"ImageObject","inLanguage":"fr-FR","@id":"https:\/\/kapitalis.com\/tunisie\/2023\/07\/16\/raouf-chatty-qualifie-de-derisoire-et-dangereux-tout-accord-sur-la-migration-entre-bruxelles-et-tunis\/#primaryimage","url":"https:\/\/kapitalis.com\/tunisie\/wp-content\/uploads\/2023\/06\/Kais-Saied-Union-europeenne-Von-der-Leyen-Meloni-Rutte-2.jpg","contentUrl":"https:\/\/kapitalis.com\/tunisie\/wp-content\/uploads\/2023\/06\/Kais-Saied-Union-europeenne-Von-der-Leyen-Meloni-Rutte-2.jpg","width":1200,"height":630},{"@type":"BreadcrumbList","@id":"https:\/\/kapitalis.com\/tunisie\/2023\/07\/16\/raouf-chatty-qualifie-de-derisoire-et-dangereux-tout-accord-sur-la-migration-entre-bruxelles-et-tunis\/#breadcrumb","itemListElement":[{"@type":"ListItem","position":1,"name":"Accueil","item":"https:\/\/kapitalis.com\/tunisie\/"},{"@type":"ListItem","position":2,"name":"Raouf Chatty qualifie de \u00abd\u00e9risoire et dangereux\u00bb tout accord sur la migration entre Bruxelles et Tunis"}]},{"@type":"WebSite","@id":"https:\/\/kapitalis.com\/tunisie\/#website","url":"https:\/\/kapitalis.com\/tunisie\/","name":"Kapitalis","description":"L&#039;actualit\u00e9 en Tunisie et dans le monde","publisher":{"@id":"https:\/\/kapitalis.com\/tunisie\/#organization"},"potentialAction":[{"@type":"SearchAction","target":{"@type":"EntryPoint","urlTemplate":"https:\/\/kapitalis.com\/tunisie\/?s={search_term_string}"},"query-input":{"@type":"PropertyValueSpecification","valueRequired":true,"valueName":"search_term_string"}}],"inLanguage":"fr-FR"},{"@type":"Organization","@id":"https:\/\/kapitalis.com\/tunisie\/#organization","name":"Kapitalis","url":"https:\/\/kapitalis.com\/tunisie\/","logo":{"@type":"ImageObject","inLanguage":"fr-FR","@id":"https:\/\/kapitalis.com\/tunisie\/#\/schema\/logo\/image\/","url":"https:\/\/kapitalis.com\/tunisie\/wp-content\/uploads\/2022\/05\/Kapitalis-big-size.png","contentUrl":"https:\/\/kapitalis.com\/tunisie\/wp-content\/uploads\/2022\/05\/Kapitalis-big-size.png","width":5000,"height":1500,"caption":"Kapitalis"},"image":{"@id":"https:\/\/kapitalis.com\/tunisie\/#\/schema\/logo\/image\/"},"sameAs":["https:\/\/www.facebook.com\/KapitalisInfo\/","https:\/\/x.com\/KapitalisInfo","https:\/\/www.youtube.com\/channel\/UC-yDYrHyfFBWWZaOw3FPg9Q"]},{"@type":"Person","@id":"https:\/\/kapitalis.com\/tunisie\/#\/schema\/person\/d71f33a9ca44f7bad4698210b480c8e9","name":"webmaster kapitalis","url":"https:\/\/kapitalis.com\/tunisie\/author\/webmaster-kapitalis\/"}]}},"_links":{"self":[{"href":"https:\/\/kapitalis.com\/tunisie\/wp-json\/wp\/v2\/posts\/8888782","targetHints":{"allow":["GET"]}}],"collection":[{"href":"https:\/\/kapitalis.com\/tunisie\/wp-json\/wp\/v2\/posts"}],"about":[{"href":"https:\/\/kapitalis.com\/tunisie\/wp-json\/wp\/v2\/types\/post"}],"author":[{"embeddable":true,"href":"https:\/\/kapitalis.com\/tunisie\/wp-json\/wp\/v2\/users\/8"}],"replies":[{"embeddable":true,"href":"https:\/\/kapitalis.com\/tunisie\/wp-json\/wp\/v2\/comments?post=8888782"}],"version-history":[{"count":1,"href":"https:\/\/kapitalis.com\/tunisie\/wp-json\/wp\/v2\/posts\/8888782\/revisions"}],"predecessor-version":[{"id":8888837,"href":"https:\/\/kapitalis.com\/tunisie\/wp-json\/wp\/v2\/posts\/8888782\/revisions\/8888837"}],"wp:featuredmedia":[{"embeddable":true,"href":"https:\/\/kapitalis.com\/tunisie\/wp-json\/wp\/v2\/media\/8332862"}],"wp:attachment":[{"href":"https:\/\/kapitalis.com\/tunisie\/wp-json\/wp\/v2\/media?parent=8888782"}],"wp:term":[{"taxonomy":"category","embeddable":true,"href":"https:\/\/kapitalis.com\/tunisie\/wp-json\/wp\/v2\/categories?post=8888782"},{"taxonomy":"post_tag","embeddable":true,"href":"https:\/\/kapitalis.com\/tunisie\/wp-json\/wp\/v2\/tags?post=8888782"}],"curies":[{"name":"wp","href":"https:\/\/api.w.org\/{rel}","templated":true}]}}