{"id":88911,"date":"2017-03-29T15:41:58","date_gmt":"2017-03-29T14:41:58","guid":{"rendered":"http:\/\/kapitalis.com\/tunisie\/?p=88911"},"modified":"2017-03-29T15:45:15","modified_gmt":"2017-03-29T14:45:15","slug":"dialogue-55-tunis-abrite-la-conference-des-ministres-de-lenseignement-superieur","status":"publish","type":"post","link":"https:\/\/kapitalis.com\/tunisie\/2017\/03\/29\/dialogue-55-tunis-abrite-la-conference-des-ministres-de-lenseignement-superieur\/","title":{"rendered":"Dialogue 5+5 : Tunis abrite la Conf\u00e9rence des ministres de l&rsquo;Enseignement sup\u00e9rieur"},"content":{"rendered":"<p style=\"text-align: center;\"><img loading=\"lazy\" decoding=\"async\" class=\"alignnone size-full wp-image-88912\" src=\"http:\/\/kapitalis.com\/tunisie\/wp-content\/uploads\/2017\/03\/Enseignement-superieur-55.jpg\" alt=\"\" width=\"626\" height=\"380\" \/><\/p>\n<p><em><strong>La 3e Conf\u00e9rence des ministres de l\u2019Enseignement sup\u00e9rieur et de la Recherche scientifique des pays du Dialogue 5+5 se tiendra les 30 et 31 mars 2017, \u00e0 Tunis.<\/strong> <\/em><\/p>\n<p><!--more--><\/p>\n<p>Cette conf\u00e9rence, plac\u00e9e sous le haut patronage du pr\u00e9sident de la r\u00e9publique B\u00e9ji Ca\u00efd Essebsi, r\u00e9unira les ministres de la Tunisie, l\u2019Alg\u00e9rie, la France, l\u2019Italie, la Libye, Malte, la Mauritanie, le Maroc, le Portugal et l\u2019Espagne.<\/p>\n<p>Elle sera ouverte par le chef du gouvernement Youssef Chahed, en pr\u00e9sence Carlos Moedas, commissaire de l\u2019Union europ\u00e9enne (UE) pour la recherche, la science et l&rsquo;innovation, Ta\u00efeb Baccouche, SG de l\u2019Union du Maghreb arabe (UMA), ainsi que Fathallah Siljilmassi, SG de l\u2019Union pour la M\u00e9diterran\u00e9e (UpM).<\/p>\n<p>Les travaux se tiendront \u00e0 l&rsquo;h\u00f4tel Regency Gammarth, dans la banlieue nord de Tunis.<\/p>\n<p style=\"text-align: right;\"><strong>I. B.<\/strong><\/p>\n","protected":false},"excerpt":{"rendered":"<p>La 3e Conf\u00e9rence des ministres de l\u2019Enseignement sup\u00e9rieur et de la Recherche scientifique des pays du Dialogue 5+5 se tiendra les 30 et 31 mars 2017, \u00e0 Tunis.<\/p>\n","protected":false},"author":8,"featured_media":88912,"comment_status":"open","ping_status":"open","sticky":false,"template":"","format":"standard","meta":{"footnotes":""},"categories":[997,2433],"tags":[2052,2053,877,29509],"class_list":["post-88911","post","type-post","status-publish","format-standard","has-post-thumbnail","hentry","category-politique","category-tunisie","tag-enseignement-superieur","tag-recherche-scientifique","tag-taieb-baccouche","tag-union-pour-la-mediterranee"],"yoast_head":"<!-- This site is optimized with the Yoast SEO plugin v26.6 - https:\/\/yoast.com\/wordpress\/plugins\/seo\/ -->\n<title>Dialogue 5+5 : Tunis abrite la Conf\u00e9rence des ministres de l&#039;Enseignement sup\u00e9rieur - Kapitalis<\/title>\n<meta name=\"robots\" content=\"index, follow, max-snippet:-1, max-image-preview:large, max-video-preview:-1\" \/>\n<link rel=\"canonical\" href=\"https:\/\/kapitalis.com\/tunisie\/2017\/03\/29\/dialogue-55-tunis-abrite-la-conference-des-ministres-de-lenseignement-superieur\/\" \/>\n<meta property=\"og:locale\" content=\"fr_FR\" \/>\n<meta property=\"og:type\" content=\"article\" \/>\n<meta property=\"og:title\" content=\"Dialogue 5+5 : Tunis abrite la Conf\u00e9rence des ministres de l&#039;Enseignement sup\u00e9rieur - Kapitalis\" \/>\n<meta property=\"og:description\" content=\"La 3e Conf\u00e9rence des ministres de l\u2019Enseignement sup\u00e9rieur et de la Recherche scientifique des pays du Dialogue 5+5 se tiendra les 30 et 31 mars 2017, \u00e0 Tunis.\" \/>\n<meta property=\"og:url\" content=\"https:\/\/kapitalis.com\/tunisie\/2017\/03\/29\/dialogue-55-tunis-abrite-la-conference-des-ministres-de-lenseignement-superieur\/\" \/>\n<meta property=\"og:site_name\" content=\"Kapitalis\" \/>\n<meta property=\"article:publisher\" content=\"https:\/\/www.facebook.com\/KapitalisInfo\/\" \/>\n<meta property=\"article:published_time\" content=\"2017-03-29T14:41:58+00:00\" \/>\n<meta property=\"article:modified_time\" content=\"2017-03-29T14:45:15+00:00\" \/>\n<meta property=\"og:image\" content=\"https:\/\/kapitalis.com\/tunisie\/wp-content\/uploads\/2022\/05\/kapitalis-logo-fb.png\" \/>\n\t<meta property=\"og:image:width\" content=\"1200\" \/>\n\t<meta property=\"og:image:height\" content=\"630\" \/>\n\t<meta property=\"og:image:type\" content=\"image\/png\" \/>\n<meta name=\"author\" content=\"webmaster kapitalis\" \/>\n<meta name=\"twitter:card\" content=\"summary_large_image\" \/>\n<meta name=\"twitter:creator\" content=\"@KapitalisInfo\" \/>\n<meta name=\"twitter:site\" content=\"@KapitalisInfo\" \/>\n<meta name=\"twitter:label1\" content=\"\u00c9crit par\" \/>\n\t<meta name=\"twitter:data1\" content=\"webmaster kapitalis\" \/>\n\t<meta name=\"twitter:label2\" content=\"Dur\u00e9e de lecture estim\u00e9e\" \/>\n\t<meta name=\"twitter:data2\" content=\"1 minute\" \/>\n<script type=\"application\/ld+json\" class=\"yoast-schema-graph\">{\"@context\":\"https:\/\/schema.org\",\"@graph\":[{\"@type\":\"Article\",\"@id\":\"https:\/\/kapitalis.com\/tunisie\/2017\/03\/29\/dialogue-55-tunis-abrite-la-conference-des-ministres-de-lenseignement-superieur\/#article\",\"isPartOf\":{\"@id\":\"https:\/\/kapitalis.com\/tunisie\/2017\/03\/29\/dialogue-55-tunis-abrite-la-conference-des-ministres-de-lenseignement-superieur\/\"},\"author\":{\"name\":\"webmaster kapitalis\",\"@id\":\"https:\/\/kapitalis.com\/tunisie\/#\/schema\/person\/d71f33a9ca44f7bad4698210b480c8e9\"},\"headline\":\"Dialogue 5+5 : Tunis abrite la Conf\u00e9rence des ministres de l&rsquo;Enseignement sup\u00e9rieur\",\"datePublished\":\"2017-03-29T14:41:58+00:00\",\"dateModified\":\"2017-03-29T14:45:15+00:00\",\"mainEntityOfPage\":{\"@id\":\"https:\/\/kapitalis.com\/tunisie\/2017\/03\/29\/dialogue-55-tunis-abrite-la-conference-des-ministres-de-lenseignement-superieur\/\"},\"wordCount\":155,\"commentCount\":0,\"publisher\":{\"@id\":\"https:\/\/kapitalis.com\/tunisie\/#organization\"},\"image\":{\"@id\":\"https:\/\/kapitalis.com\/tunisie\/2017\/03\/29\/dialogue-55-tunis-abrite-la-conference-des-ministres-de-lenseignement-superieur\/#primaryimage\"},\"thumbnailUrl\":\"\",\"keywords\":[\"enseignement sup\u00e9rieur\",\"recherche scientifique\",\"Taieb Baccouche\",\"Union pour la M\u00e9diterran\u00e9e\"],\"articleSection\":[\"POLITIQUE\",\"Tunisie\"],\"inLanguage\":\"fr-FR\",\"potentialAction\":[{\"@type\":\"CommentAction\",\"name\":\"Comment\",\"target\":[\"https:\/\/kapitalis.com\/tunisie\/2017\/03\/29\/dialogue-55-tunis-abrite-la-conference-des-ministres-de-lenseignement-superieur\/#respond\"]}]},{\"@type\":\"WebPage\",\"@id\":\"https:\/\/kapitalis.com\/tunisie\/2017\/03\/29\/dialogue-55-tunis-abrite-la-conference-des-ministres-de-lenseignement-superieur\/\",\"url\":\"https:\/\/kapitalis.com\/tunisie\/2017\/03\/29\/dialogue-55-tunis-abrite-la-conference-des-ministres-de-lenseignement-superieur\/\",\"name\":\"Dialogue 5+5 : Tunis abrite la Conf\u00e9rence des ministres de l'Enseignement sup\u00e9rieur - Kapitalis\",\"isPartOf\":{\"@id\":\"https:\/\/kapitalis.com\/tunisie\/#website\"},\"primaryImageOfPage\":{\"@id\":\"https:\/\/kapitalis.com\/tunisie\/2017\/03\/29\/dialogue-55-tunis-abrite-la-conference-des-ministres-de-lenseignement-superieur\/#primaryimage\"},\"image\":{\"@id\":\"https:\/\/kapitalis.com\/tunisie\/2017\/03\/29\/dialogue-55-tunis-abrite-la-conference-des-ministres-de-lenseignement-superieur\/#primaryimage\"},\"thumbnailUrl\":\"\",\"datePublished\":\"2017-03-29T14:41:58+00:00\",\"dateModified\":\"2017-03-29T14:45:15+00:00\",\"breadcrumb\":{\"@id\":\"https:\/\/kapitalis.com\/tunisie\/2017\/03\/29\/dialogue-55-tunis-abrite-la-conference-des-ministres-de-lenseignement-superieur\/#breadcrumb\"},\"inLanguage\":\"fr-FR\",\"potentialAction\":[{\"@type\":\"ReadAction\",\"target\":[\"https:\/\/kapitalis.com\/tunisie\/2017\/03\/29\/dialogue-55-tunis-abrite-la-conference-des-ministres-de-lenseignement-superieur\/\"]}]},{\"@type\":\"ImageObject\",\"inLanguage\":\"fr-FR\",\"@id\":\"https:\/\/kapitalis.com\/tunisie\/2017\/03\/29\/dialogue-55-tunis-abrite-la-conference-des-ministres-de-lenseignement-superieur\/#primaryimage\",\"url\":\"\",\"contentUrl\":\"\"},{\"@type\":\"BreadcrumbList\",\"@id\":\"https:\/\/kapitalis.com\/tunisie\/2017\/03\/29\/dialogue-55-tunis-abrite-la-conference-des-ministres-de-lenseignement-superieur\/#breadcrumb\",\"itemListElement\":[{\"@type\":\"ListItem\",\"position\":1,\"name\":\"Accueil\",\"item\":\"https:\/\/kapitalis.com\/tunisie\/\"},{\"@type\":\"ListItem\",\"position\":2,\"name\":\"Dialogue 5+5 : Tunis abrite la Conf\u00e9rence des ministres de l&rsquo;Enseignement sup\u00e9rieur\"}]},{\"@type\":\"WebSite\",\"@id\":\"https:\/\/kapitalis.com\/tunisie\/#website\",\"url\":\"https:\/\/kapitalis.com\/tunisie\/\",\"name\":\"Kapitalis\",\"description\":\"L&#039;actualit\u00e9 en Tunisie et dans le monde\",\"publisher\":{\"@id\":\"https:\/\/kapitalis.com\/tunisie\/#organization\"},\"potentialAction\":[{\"@type\":\"SearchAction\",\"target\":{\"@type\":\"EntryPoint\",\"urlTemplate\":\"https:\/\/kapitalis.com\/tunisie\/?s={search_term_string}\"},\"query-input\":{\"@type\":\"PropertyValueSpecification\",\"valueRequired\":true,\"valueName\":\"search_term_string\"}}],\"inLanguage\":\"fr-FR\"},{\"@type\":\"Organization\",\"@id\":\"https:\/\/kapitalis.com\/tunisie\/#organization\",\"name\":\"Kapitalis\",\"url\":\"https:\/\/kapitalis.com\/tunisie\/\",\"logo\":{\"@type\":\"ImageObject\",\"inLanguage\":\"fr-FR\",\"@id\":\"https:\/\/kapitalis.com\/tunisie\/#\/schema\/logo\/image\/\",\"url\":\"https:\/\/kapitalis.com\/tunisie\/wp-content\/uploads\/2022\/05\/Kapitalis-big-size.png\",\"contentUrl\":\"https:\/\/kapitalis.com\/tunisie\/wp-content\/uploads\/2022\/05\/Kapitalis-big-size.png\",\"width\":5000,\"height\":1500,\"caption\":\"Kapitalis\"},\"image\":{\"@id\":\"https:\/\/kapitalis.com\/tunisie\/#\/schema\/logo\/image\/\"},\"sameAs\":[\"https:\/\/www.facebook.com\/KapitalisInfo\/\",\"https:\/\/x.com\/KapitalisInfo\",\"https:\/\/www.youtube.com\/channel\/UC-yDYrHyfFBWWZaOw3FPg9Q\"]},{\"@type\":\"Person\",\"@id\":\"https:\/\/kapitalis.com\/tunisie\/#\/schema\/person\/d71f33a9ca44f7bad4698210b480c8e9\",\"name\":\"webmaster kapitalis\",\"url\":\"https:\/\/kapitalis.com\/tunisie\/author\/webmaster-kapitalis\/\"}]}<\/script>\n<!-- \/ Yoast SEO plugin. -->","yoast_head_json":{"title":"Dialogue 5+5 : Tunis abrite la Conf\u00e9rence des ministres de l'Enseignement sup\u00e9rieur - Kapitalis","robots":{"index":"index","follow":"follow","max-snippet":"max-snippet:-1","max-image-preview":"max-image-preview:large","max-video-preview":"max-video-preview:-1"},"canonical":"https:\/\/kapitalis.com\/tunisie\/2017\/03\/29\/dialogue-55-tunis-abrite-la-conference-des-ministres-de-lenseignement-superieur\/","og_locale":"fr_FR","og_type":"article","og_title":"Dialogue 5+5 : Tunis abrite la Conf\u00e9rence des ministres de l'Enseignement sup\u00e9rieur - Kapitalis","og_description":"La 3e Conf\u00e9rence des ministres de l\u2019Enseignement sup\u00e9rieur et de la Recherche scientifique des pays du Dialogue 5+5 se tiendra les 30 et 31 mars 2017, \u00e0 Tunis.","og_url":"https:\/\/kapitalis.com\/tunisie\/2017\/03\/29\/dialogue-55-tunis-abrite-la-conference-des-ministres-de-lenseignement-superieur\/","og_site_name":"Kapitalis","article_publisher":"https:\/\/www.facebook.com\/KapitalisInfo\/","article_published_time":"2017-03-29T14:41:58+00:00","article_modified_time":"2017-03-29T14:45:15+00:00","og_image":[{"width":1200,"height":630,"url":"https:\/\/kapitalis.com\/tunisie\/wp-content\/uploads\/2022\/05\/kapitalis-logo-fb.png","type":"image\/png"}],"author":"webmaster kapitalis","twitter_card":"summary_large_image","twitter_creator":"@KapitalisInfo","twitter_site":"@KapitalisInfo","twitter_misc":{"\u00c9crit par":"webmaster kapitalis","Dur\u00e9e de lecture estim\u00e9e":"1 minute"},"schema":{"@context":"https:\/\/schema.org","@graph":[{"@type":"Article","@id":"https:\/\/kapitalis.com\/tunisie\/2017\/03\/29\/dialogue-55-tunis-abrite-la-conference-des-ministres-de-lenseignement-superieur\/#article","isPartOf":{"@id":"https:\/\/kapitalis.com\/tunisie\/2017\/03\/29\/dialogue-55-tunis-abrite-la-conference-des-ministres-de-lenseignement-superieur\/"},"author":{"name":"webmaster kapitalis","@id":"https:\/\/kapitalis.com\/tunisie\/#\/schema\/person\/d71f33a9ca44f7bad4698210b480c8e9"},"headline":"Dialogue 5+5 : Tunis abrite la Conf\u00e9rence des ministres de l&rsquo;Enseignement sup\u00e9rieur","datePublished":"2017-03-29T14:41:58+00:00","dateModified":"2017-03-29T14:45:15+00:00","mainEntityOfPage":{"@id":"https:\/\/kapitalis.com\/tunisie\/2017\/03\/29\/dialogue-55-tunis-abrite-la-conference-des-ministres-de-lenseignement-superieur\/"},"wordCount":155,"commentCount":0,"publisher":{"@id":"https:\/\/kapitalis.com\/tunisie\/#organization"},"image":{"@id":"https:\/\/kapitalis.com\/tunisie\/2017\/03\/29\/dialogue-55-tunis-abrite-la-conference-des-ministres-de-lenseignement-superieur\/#primaryimage"},"thumbnailUrl":"","keywords":["enseignement sup\u00e9rieur","recherche scientifique","Taieb Baccouche","Union pour la M\u00e9diterran\u00e9e"],"articleSection":["POLITIQUE","Tunisie"],"inLanguage":"fr-FR","potentialAction":[{"@type":"CommentAction","name":"Comment","target":["https:\/\/kapitalis.com\/tunisie\/2017\/03\/29\/dialogue-55-tunis-abrite-la-conference-des-ministres-de-lenseignement-superieur\/#respond"]}]},{"@type":"WebPage","@id":"https:\/\/kapitalis.com\/tunisie\/2017\/03\/29\/dialogue-55-tunis-abrite-la-conference-des-ministres-de-lenseignement-superieur\/","url":"https:\/\/kapitalis.com\/tunisie\/2017\/03\/29\/dialogue-55-tunis-abrite-la-conference-des-ministres-de-lenseignement-superieur\/","name":"Dialogue 5+5 : Tunis abrite la Conf\u00e9rence des ministres de l'Enseignement sup\u00e9rieur - Kapitalis","isPartOf":{"@id":"https:\/\/kapitalis.com\/tunisie\/#website"},"primaryImageOfPage":{"@id":"https:\/\/kapitalis.com\/tunisie\/2017\/03\/29\/dialogue-55-tunis-abrite-la-conference-des-ministres-de-lenseignement-superieur\/#primaryimage"},"image":{"@id":"https:\/\/kapitalis.com\/tunisie\/2017\/03\/29\/dialogue-55-tunis-abrite-la-conference-des-ministres-de-lenseignement-superieur\/#primaryimage"},"thumbnailUrl":"","datePublished":"2017-03-29T14:41:58+00:00","dateModified":"2017-03-29T14:45:15+00:00","breadcrumb":{"@id":"https:\/\/kapitalis.com\/tunisie\/2017\/03\/29\/dialogue-55-tunis-abrite-la-conference-des-ministres-de-lenseignement-superieur\/#breadcrumb"},"inLanguage":"fr-FR","potentialAction":[{"@type":"ReadAction","target":["https:\/\/kapitalis.com\/tunisie\/2017\/03\/29\/dialogue-55-tunis-abrite-la-conference-des-ministres-de-lenseignement-superieur\/"]}]},{"@type":"ImageObject","inLanguage":"fr-FR","@id":"https:\/\/kapitalis.com\/tunisie\/2017\/03\/29\/dialogue-55-tunis-abrite-la-conference-des-ministres-de-lenseignement-superieur\/#primaryimage","url":"","contentUrl":""},{"@type":"BreadcrumbList","@id":"https:\/\/kapitalis.com\/tunisie\/2017\/03\/29\/dialogue-55-tunis-abrite-la-conference-des-ministres-de-lenseignement-superieur\/#breadcrumb","itemListElement":[{"@type":"ListItem","position":1,"name":"Accueil","item":"https:\/\/kapitalis.com\/tunisie\/"},{"@type":"ListItem","position":2,"name":"Dialogue 5+5 : Tunis abrite la Conf\u00e9rence des ministres de l&rsquo;Enseignement sup\u00e9rieur"}]},{"@type":"WebSite","@id":"https:\/\/kapitalis.com\/tunisie\/#website","url":"https:\/\/kapitalis.com\/tunisie\/","name":"Kapitalis","description":"L&#039;actualit\u00e9 en Tunisie et dans le monde","publisher":{"@id":"https:\/\/kapitalis.com\/tunisie\/#organization"},"potentialAction":[{"@type":"SearchAction","target":{"@type":"EntryPoint","urlTemplate":"https:\/\/kapitalis.com\/tunisie\/?s={search_term_string}"},"query-input":{"@type":"PropertyValueSpecification","valueRequired":true,"valueName":"search_term_string"}}],"inLanguage":"fr-FR"},{"@type":"Organization","@id":"https:\/\/kapitalis.com\/tunisie\/#organization","name":"Kapitalis","url":"https:\/\/kapitalis.com\/tunisie\/","logo":{"@type":"ImageObject","inLanguage":"fr-FR","@id":"https:\/\/kapitalis.com\/tunisie\/#\/schema\/logo\/image\/","url":"https:\/\/kapitalis.com\/tunisie\/wp-content\/uploads\/2022\/05\/Kapitalis-big-size.png","contentUrl":"https:\/\/kapitalis.com\/tunisie\/wp-content\/uploads\/2022\/05\/Kapitalis-big-size.png","width":5000,"height":1500,"caption":"Kapitalis"},"image":{"@id":"https:\/\/kapitalis.com\/tunisie\/#\/schema\/logo\/image\/"},"sameAs":["https:\/\/www.facebook.com\/KapitalisInfo\/","https:\/\/x.com\/KapitalisInfo","https:\/\/www.youtube.com\/channel\/UC-yDYrHyfFBWWZaOw3FPg9Q"]},{"@type":"Person","@id":"https:\/\/kapitalis.com\/tunisie\/#\/schema\/person\/d71f33a9ca44f7bad4698210b480c8e9","name":"webmaster kapitalis","url":"https:\/\/kapitalis.com\/tunisie\/author\/webmaster-kapitalis\/"}]}},"_links":{"self":[{"href":"https:\/\/kapitalis.com\/tunisie\/wp-json\/wp\/v2\/posts\/88911","targetHints":{"allow":["GET"]}}],"collection":[{"href":"https:\/\/kapitalis.com\/tunisie\/wp-json\/wp\/v2\/posts"}],"about":[{"href":"https:\/\/kapitalis.com\/tunisie\/wp-json\/wp\/v2\/types\/post"}],"author":[{"embeddable":true,"href":"https:\/\/kapitalis.com\/tunisie\/wp-json\/wp\/v2\/users\/8"}],"replies":[{"embeddable":true,"href":"https:\/\/kapitalis.com\/tunisie\/wp-json\/wp\/v2\/comments?post=88911"}],"version-history":[{"count":0,"href":"https:\/\/kapitalis.com\/tunisie\/wp-json\/wp\/v2\/posts\/88911\/revisions"}],"wp:featuredmedia":[{"embeddable":true,"href":"https:\/\/kapitalis.com\/tunisie\/wp-json\/wp\/v2\/media\/88912"}],"wp:attachment":[{"href":"https:\/\/kapitalis.com\/tunisie\/wp-json\/wp\/v2\/media?parent=88911"}],"wp:term":[{"taxonomy":"category","embeddable":true,"href":"https:\/\/kapitalis.com\/tunisie\/wp-json\/wp\/v2\/categories?post=88911"},{"taxonomy":"post_tag","embeddable":true,"href":"https:\/\/kapitalis.com\/tunisie\/wp-json\/wp\/v2\/tags?post=88911"}],"curies":[{"name":"wp","href":"https:\/\/api.w.org\/{rel}","templated":true}]}}