{"id":89040,"date":"2017-03-30T13:04:38","date_gmt":"2017-03-30T12:04:38","guid":{"rendered":"http:\/\/kapitalis.com\/tunisie\/?p=89040"},"modified":"2017-03-30T13:04:38","modified_gmt":"2017-03-30T12:04:38","slug":"debat-a-lutica-vers-une-fiscalite-plus-simple-et-plus-equitable","status":"publish","type":"post","link":"https:\/\/kapitalis.com\/tunisie\/2017\/03\/30\/debat-a-lutica-vers-une-fiscalite-plus-simple-et-plus-equitable\/","title":{"rendered":"D\u00e9bat \u00e0 l\u2019Utica : Vers une fiscalit\u00e9 plus simple et plus \u00e9quitable"},"content":{"rendered":"<p style=\"text-align: center;\"><img loading=\"lazy\" decoding=\"async\" class=\"alignnone size-full wp-image-89041\" src=\"http:\/\/kapitalis.com\/tunisie\/wp-content\/uploads\/2017\/03\/Utica-Reforme-fiscale.jpg\" alt=\"\" width=\"626\" height=\"380\" \/><\/p>\n<p><em><strong>La probl\u00e9matique de la r\u00e9forme fiscale a \u00e9t\u00e9 d\u00e9battue dans une table-ronde organis\u00e9e le 29 mars 2017 au si\u00e8ge de l\u2019Utica.<\/strong><\/em><\/p>\n<p><!--more--><\/p>\n<p>La table-ronde, organis\u00e9e par la Chambre nationale des femmes chefs d\u2019entreprise (CNFCE) et la Konrad-Adenauer-Stiftung, a port\u00e9 sur le th\u00e8me : <em>\u00abR\u00e9forme fiscale: vers un r\u00e9gime plus simple et plus \u00e9quitable\u00bb<\/em>, et s\u2019est d\u00e9roul\u00e9 en pr\u00e9sence notamment de Taoufik Laaribi, membre du bureau ex\u00e9cutif et pr\u00e9sident de la commission de fiscalit\u00e9 de la centrale patronale.<\/p>\n<p>Elle visait \u00e0 mieux conna\u00eetre les orientations de la politique fiscale de l\u2019Etat et \u00e0 avoir une meilleure visibilit\u00e9 sur les dispositions futures pour s\u2019y pr\u00e9parer.<\/p>\n<p>Les axes du d\u00e9bat ont permis aux participants d\u2019avoir une meilleure connaissance des r\u00e9formes fondamentales du syst\u00e8me fiscal tunisien.<\/p>\n<p>Les diff\u00e9rentes interventions des repr\u00e9sentants de l\u2019administration fiscale, des experts et des \u00e9conomistes ont port\u00e9 sur trois principaux axes, \u00e0 savoir l\u2019approche, la m\u00e9thodologie et les axes du programme de r\u00e9formes; le renforcement des pr\u00e9rogatives de l\u2019administration fiscale et des garanties \u00e0 assurer aux contribuables; la lutte contre l\u2019\u00e9vasion fiscale et les mesures phares et les orientations de l\u2019Etat.<\/p>\n<p>Taoufik Laaribi a pr\u00e9sent\u00e9, \u00e0 cette occasion, la vision de l\u2019Utica en ce qui concerne la r\u00e9forme fiscale, notant que celle-ci n\u2019a pas abouti eu \u00e9gard au changement fr\u00e9quent des ministres.<\/p>\n<p>M. Laaribi a insist\u00e9, par ailleurs, sur l\u2019importance de ces r\u00e9formes qui visent \u00e0 assurer une justice fiscale garantissant le droit de l\u2019administration fiscale et du contribuable, appelant par l\u00e0 m\u00eame \u00e0 all\u00e9ger la pression fiscale, \u00e0 r\u00e9duire les taux d\u2019imposition et \u00e0 simplifier le syst\u00e8me fiscal.<\/p>\n<p>La directrice g\u00e9n\u00e9rale de la l\u00e9gislation fiscale au sein du minist\u00e8re des Finances, Sihem Nemsia, a expos\u00e9, pour sa part, les plus importantes dispositions de la r\u00e9forme fiscale. Le diagnostic du syst\u00e8me fiscal national, r\u00e9alis\u00e9 apr\u00e8s la r\u00e9volution, a r\u00e9v\u00e9l\u00e9 la complexit\u00e9 des textes et leur \u00e9parpillement, la multiplicit\u00e9 des taxes et imp\u00f4ts et une divergence entre diff\u00e9rents textes de loi notamment entre la l\u00e9gislation fiscale et comptable.<\/p>\n<p>Ce diagnostic a \u00e9galement confirm\u00e9 que la fraude et l\u2019\u00e9vasion fiscales se sont aggrav\u00e9es et que le r\u00e9gime forfaitaire \u00e9tait \u00e0 revoir puisqu\u2019il englobait des b\u00e9n\u00e9ficiaires n\u2019y ayant pas droit.<\/p>\n<p>Face \u00e0 cette situation, il fallait choisir entre une r\u00e9forme globale et imm\u00e9diate co\u00fbteuse pour le budget de l\u2019Etat et une r\u00e9forme progressive, graduelle pour minimiser son co\u00fbt budg\u00e9taire.<\/p>\n<p>Le principe de la progressivit\u00e9 a \u00e9t\u00e9 retenu pour cette r\u00e9forme, en cours de mise en \u0153uvre et qui touche plusieurs volets de l\u2019administration fiscale. Elle vise d\u2019une part la r\u00e9alisation d\u2019une \u00e9quit\u00e9 sociale entre tous les contribuables et d\u2019autre part la garantie \u00e0 l\u2019Etat de ressources n\u00e9cessaires pour accomplir les missions qui lui sont confi\u00e9es.<\/p>\n<p>Parmi les r\u00e9formes introduites depuis la r\u00e9volution figurent notamment la r\u00e9vision du bar\u00e8me fiscal, la baisse du taux de retenu \u00e0 la source, la r\u00e9vision du taux de la TVA, l\u2019imposition des jeux de hasard, la r\u00e9vision du r\u00e9gime fiscale des associations.<\/p>\n<p><em><strong>Source<\/strong><\/em> : communiqu\u00e9.<\/p>\n","protected":false},"excerpt":{"rendered":"<p>La probl\u00e9matique de la r\u00e9forme fiscale a \u00e9t\u00e9 d\u00e9battue dans une table-ronde organis\u00e9e le 29 mars 2017 au si\u00e8ge de l\u2019Utica.<\/p>\n","protected":false},"author":8,"featured_media":89041,"comment_status":"open","ping_status":"open","sticky":false,"template":"","format":"standard","meta":{"footnotes":""},"categories":[995,2433],"tags":[28264,383,9128,3812,29552],"class_list":["post-89040","post","type-post","status-publish","format-standard","has-post-thumbnail","hentry","category-economie","category-tunisie","tag-cnfce","tag-finances","tag-fiscalite","tag-reforme-fiscale","tag-taoufik-laaribi"],"yoast_head":"<!-- This site is optimized with the Yoast SEO plugin v26.6 - https:\/\/yoast.com\/wordpress\/plugins\/seo\/ -->\n<title>D\u00e9bat \u00e0 l\u2019Utica : Vers une fiscalit\u00e9 plus simple et plus \u00e9quitable - Kapitalis<\/title>\n<meta name=\"robots\" content=\"index, follow, max-snippet:-1, max-image-preview:large, max-video-preview:-1\" \/>\n<link rel=\"canonical\" href=\"https:\/\/kapitalis.com\/tunisie\/2017\/03\/30\/debat-a-lutica-vers-une-fiscalite-plus-simple-et-plus-equitable\/\" \/>\n<meta property=\"og:locale\" content=\"fr_FR\" \/>\n<meta property=\"og:type\" content=\"article\" \/>\n<meta property=\"og:title\" content=\"D\u00e9bat \u00e0 l\u2019Utica : Vers une fiscalit\u00e9 plus simple et plus \u00e9quitable - Kapitalis\" \/>\n<meta property=\"og:description\" content=\"La probl\u00e9matique de la r\u00e9forme fiscale a \u00e9t\u00e9 d\u00e9battue dans une table-ronde organis\u00e9e le 29 mars 2017 au si\u00e8ge de l\u2019Utica.\" \/>\n<meta property=\"og:url\" content=\"https:\/\/kapitalis.com\/tunisie\/2017\/03\/30\/debat-a-lutica-vers-une-fiscalite-plus-simple-et-plus-equitable\/\" \/>\n<meta property=\"og:site_name\" content=\"Kapitalis\" \/>\n<meta property=\"article:publisher\" content=\"https:\/\/www.facebook.com\/KapitalisInfo\/\" \/>\n<meta property=\"article:published_time\" content=\"2017-03-30T12:04:38+00:00\" \/>\n<meta property=\"og:image\" content=\"https:\/\/kapitalis.com\/tunisie\/wp-content\/uploads\/2022\/05\/kapitalis-logo-fb.png\" \/>\n\t<meta property=\"og:image:width\" content=\"1200\" \/>\n\t<meta property=\"og:image:height\" content=\"630\" \/>\n\t<meta property=\"og:image:type\" content=\"image\/png\" \/>\n<meta name=\"author\" content=\"webmaster kapitalis\" \/>\n<meta name=\"twitter:card\" content=\"summary_large_image\" \/>\n<meta name=\"twitter:creator\" content=\"@KapitalisInfo\" \/>\n<meta name=\"twitter:site\" content=\"@KapitalisInfo\" \/>\n<meta name=\"twitter:label1\" content=\"\u00c9crit par\" \/>\n\t<meta name=\"twitter:data1\" content=\"webmaster kapitalis\" \/>\n\t<meta name=\"twitter:label2\" content=\"Dur\u00e9e de lecture estim\u00e9e\" \/>\n\t<meta name=\"twitter:data2\" content=\"3 minutes\" \/>\n<script type=\"application\/ld+json\" class=\"yoast-schema-graph\">{\"@context\":\"https:\/\/schema.org\",\"@graph\":[{\"@type\":\"Article\",\"@id\":\"https:\/\/kapitalis.com\/tunisie\/2017\/03\/30\/debat-a-lutica-vers-une-fiscalite-plus-simple-et-plus-equitable\/#article\",\"isPartOf\":{\"@id\":\"https:\/\/kapitalis.com\/tunisie\/2017\/03\/30\/debat-a-lutica-vers-une-fiscalite-plus-simple-et-plus-equitable\/\"},\"author\":{\"name\":\"webmaster kapitalis\",\"@id\":\"https:\/\/kapitalis.com\/tunisie\/#\/schema\/person\/d71f33a9ca44f7bad4698210b480c8e9\"},\"headline\":\"D\u00e9bat \u00e0 l\u2019Utica : Vers une fiscalit\u00e9 plus simple et plus \u00e9quitable\",\"datePublished\":\"2017-03-30T12:04:38+00:00\",\"mainEntityOfPage\":{\"@id\":\"https:\/\/kapitalis.com\/tunisie\/2017\/03\/30\/debat-a-lutica-vers-une-fiscalite-plus-simple-et-plus-equitable\/\"},\"wordCount\":573,\"commentCount\":0,\"publisher\":{\"@id\":\"https:\/\/kapitalis.com\/tunisie\/#organization\"},\"image\":{\"@id\":\"https:\/\/kapitalis.com\/tunisie\/2017\/03\/30\/debat-a-lutica-vers-une-fiscalite-plus-simple-et-plus-equitable\/#primaryimage\"},\"thumbnailUrl\":\"\",\"keywords\":[\"CNFCE\",\"Finances\",\"fiscalit\u00e9\",\"r\u00e9forme fiscale\",\"Taoufik Laaribi\"],\"articleSection\":[\"ECONOMIE\",\"Tunisie\"],\"inLanguage\":\"fr-FR\",\"potentialAction\":[{\"@type\":\"CommentAction\",\"name\":\"Comment\",\"target\":[\"https:\/\/kapitalis.com\/tunisie\/2017\/03\/30\/debat-a-lutica-vers-une-fiscalite-plus-simple-et-plus-equitable\/#respond\"]}]},{\"@type\":\"WebPage\",\"@id\":\"https:\/\/kapitalis.com\/tunisie\/2017\/03\/30\/debat-a-lutica-vers-une-fiscalite-plus-simple-et-plus-equitable\/\",\"url\":\"https:\/\/kapitalis.com\/tunisie\/2017\/03\/30\/debat-a-lutica-vers-une-fiscalite-plus-simple-et-plus-equitable\/\",\"name\":\"D\u00e9bat \u00e0 l\u2019Utica : Vers une fiscalit\u00e9 plus simple et plus \u00e9quitable - Kapitalis\",\"isPartOf\":{\"@id\":\"https:\/\/kapitalis.com\/tunisie\/#website\"},\"primaryImageOfPage\":{\"@id\":\"https:\/\/kapitalis.com\/tunisie\/2017\/03\/30\/debat-a-lutica-vers-une-fiscalite-plus-simple-et-plus-equitable\/#primaryimage\"},\"image\":{\"@id\":\"https:\/\/kapitalis.com\/tunisie\/2017\/03\/30\/debat-a-lutica-vers-une-fiscalite-plus-simple-et-plus-equitable\/#primaryimage\"},\"thumbnailUrl\":\"\",\"datePublished\":\"2017-03-30T12:04:38+00:00\",\"breadcrumb\":{\"@id\":\"https:\/\/kapitalis.com\/tunisie\/2017\/03\/30\/debat-a-lutica-vers-une-fiscalite-plus-simple-et-plus-equitable\/#breadcrumb\"},\"inLanguage\":\"fr-FR\",\"potentialAction\":[{\"@type\":\"ReadAction\",\"target\":[\"https:\/\/kapitalis.com\/tunisie\/2017\/03\/30\/debat-a-lutica-vers-une-fiscalite-plus-simple-et-plus-equitable\/\"]}]},{\"@type\":\"ImageObject\",\"inLanguage\":\"fr-FR\",\"@id\":\"https:\/\/kapitalis.com\/tunisie\/2017\/03\/30\/debat-a-lutica-vers-une-fiscalite-plus-simple-et-plus-equitable\/#primaryimage\",\"url\":\"\",\"contentUrl\":\"\"},{\"@type\":\"BreadcrumbList\",\"@id\":\"https:\/\/kapitalis.com\/tunisie\/2017\/03\/30\/debat-a-lutica-vers-une-fiscalite-plus-simple-et-plus-equitable\/#breadcrumb\",\"itemListElement\":[{\"@type\":\"ListItem\",\"position\":1,\"name\":\"Accueil\",\"item\":\"https:\/\/kapitalis.com\/tunisie\/\"},{\"@type\":\"ListItem\",\"position\":2,\"name\":\"D\u00e9bat \u00e0 l\u2019Utica : Vers une fiscalit\u00e9 plus simple et plus \u00e9quitable\"}]},{\"@type\":\"WebSite\",\"@id\":\"https:\/\/kapitalis.com\/tunisie\/#website\",\"url\":\"https:\/\/kapitalis.com\/tunisie\/\",\"name\":\"Kapitalis\",\"description\":\"L&#039;actualit\u00e9 en Tunisie et dans le monde\",\"publisher\":{\"@id\":\"https:\/\/kapitalis.com\/tunisie\/#organization\"},\"potentialAction\":[{\"@type\":\"SearchAction\",\"target\":{\"@type\":\"EntryPoint\",\"urlTemplate\":\"https:\/\/kapitalis.com\/tunisie\/?s={search_term_string}\"},\"query-input\":{\"@type\":\"PropertyValueSpecification\",\"valueRequired\":true,\"valueName\":\"search_term_string\"}}],\"inLanguage\":\"fr-FR\"},{\"@type\":\"Organization\",\"@id\":\"https:\/\/kapitalis.com\/tunisie\/#organization\",\"name\":\"Kapitalis\",\"url\":\"https:\/\/kapitalis.com\/tunisie\/\",\"logo\":{\"@type\":\"ImageObject\",\"inLanguage\":\"fr-FR\",\"@id\":\"https:\/\/kapitalis.com\/tunisie\/#\/schema\/logo\/image\/\",\"url\":\"https:\/\/kapitalis.com\/tunisie\/wp-content\/uploads\/2022\/05\/Kapitalis-big-size.png\",\"contentUrl\":\"https:\/\/kapitalis.com\/tunisie\/wp-content\/uploads\/2022\/05\/Kapitalis-big-size.png\",\"width\":5000,\"height\":1500,\"caption\":\"Kapitalis\"},\"image\":{\"@id\":\"https:\/\/kapitalis.com\/tunisie\/#\/schema\/logo\/image\/\"},\"sameAs\":[\"https:\/\/www.facebook.com\/KapitalisInfo\/\",\"https:\/\/x.com\/KapitalisInfo\",\"https:\/\/www.youtube.com\/channel\/UC-yDYrHyfFBWWZaOw3FPg9Q\"]},{\"@type\":\"Person\",\"@id\":\"https:\/\/kapitalis.com\/tunisie\/#\/schema\/person\/d71f33a9ca44f7bad4698210b480c8e9\",\"name\":\"webmaster kapitalis\",\"url\":\"https:\/\/kapitalis.com\/tunisie\/author\/webmaster-kapitalis\/\"}]}<\/script>\n<!-- \/ Yoast SEO plugin. -->","yoast_head_json":{"title":"D\u00e9bat \u00e0 l\u2019Utica : Vers une fiscalit\u00e9 plus simple et plus \u00e9quitable - Kapitalis","robots":{"index":"index","follow":"follow","max-snippet":"max-snippet:-1","max-image-preview":"max-image-preview:large","max-video-preview":"max-video-preview:-1"},"canonical":"https:\/\/kapitalis.com\/tunisie\/2017\/03\/30\/debat-a-lutica-vers-une-fiscalite-plus-simple-et-plus-equitable\/","og_locale":"fr_FR","og_type":"article","og_title":"D\u00e9bat \u00e0 l\u2019Utica : Vers une fiscalit\u00e9 plus simple et plus \u00e9quitable - Kapitalis","og_description":"La probl\u00e9matique de la r\u00e9forme fiscale a \u00e9t\u00e9 d\u00e9battue dans une table-ronde organis\u00e9e le 29 mars 2017 au si\u00e8ge de l\u2019Utica.","og_url":"https:\/\/kapitalis.com\/tunisie\/2017\/03\/30\/debat-a-lutica-vers-une-fiscalite-plus-simple-et-plus-equitable\/","og_site_name":"Kapitalis","article_publisher":"https:\/\/www.facebook.com\/KapitalisInfo\/","article_published_time":"2017-03-30T12:04:38+00:00","og_image":[{"width":1200,"height":630,"url":"https:\/\/kapitalis.com\/tunisie\/wp-content\/uploads\/2022\/05\/kapitalis-logo-fb.png","type":"image\/png"}],"author":"webmaster kapitalis","twitter_card":"summary_large_image","twitter_creator":"@KapitalisInfo","twitter_site":"@KapitalisInfo","twitter_misc":{"\u00c9crit par":"webmaster kapitalis","Dur\u00e9e de lecture estim\u00e9e":"3 minutes"},"schema":{"@context":"https:\/\/schema.org","@graph":[{"@type":"Article","@id":"https:\/\/kapitalis.com\/tunisie\/2017\/03\/30\/debat-a-lutica-vers-une-fiscalite-plus-simple-et-plus-equitable\/#article","isPartOf":{"@id":"https:\/\/kapitalis.com\/tunisie\/2017\/03\/30\/debat-a-lutica-vers-une-fiscalite-plus-simple-et-plus-equitable\/"},"author":{"name":"webmaster kapitalis","@id":"https:\/\/kapitalis.com\/tunisie\/#\/schema\/person\/d71f33a9ca44f7bad4698210b480c8e9"},"headline":"D\u00e9bat \u00e0 l\u2019Utica : Vers une fiscalit\u00e9 plus simple et plus \u00e9quitable","datePublished":"2017-03-30T12:04:38+00:00","mainEntityOfPage":{"@id":"https:\/\/kapitalis.com\/tunisie\/2017\/03\/30\/debat-a-lutica-vers-une-fiscalite-plus-simple-et-plus-equitable\/"},"wordCount":573,"commentCount":0,"publisher":{"@id":"https:\/\/kapitalis.com\/tunisie\/#organization"},"image":{"@id":"https:\/\/kapitalis.com\/tunisie\/2017\/03\/30\/debat-a-lutica-vers-une-fiscalite-plus-simple-et-plus-equitable\/#primaryimage"},"thumbnailUrl":"","keywords":["CNFCE","Finances","fiscalit\u00e9","r\u00e9forme fiscale","Taoufik Laaribi"],"articleSection":["ECONOMIE","Tunisie"],"inLanguage":"fr-FR","potentialAction":[{"@type":"CommentAction","name":"Comment","target":["https:\/\/kapitalis.com\/tunisie\/2017\/03\/30\/debat-a-lutica-vers-une-fiscalite-plus-simple-et-plus-equitable\/#respond"]}]},{"@type":"WebPage","@id":"https:\/\/kapitalis.com\/tunisie\/2017\/03\/30\/debat-a-lutica-vers-une-fiscalite-plus-simple-et-plus-equitable\/","url":"https:\/\/kapitalis.com\/tunisie\/2017\/03\/30\/debat-a-lutica-vers-une-fiscalite-plus-simple-et-plus-equitable\/","name":"D\u00e9bat \u00e0 l\u2019Utica : Vers une fiscalit\u00e9 plus simple et plus \u00e9quitable - Kapitalis","isPartOf":{"@id":"https:\/\/kapitalis.com\/tunisie\/#website"},"primaryImageOfPage":{"@id":"https:\/\/kapitalis.com\/tunisie\/2017\/03\/30\/debat-a-lutica-vers-une-fiscalite-plus-simple-et-plus-equitable\/#primaryimage"},"image":{"@id":"https:\/\/kapitalis.com\/tunisie\/2017\/03\/30\/debat-a-lutica-vers-une-fiscalite-plus-simple-et-plus-equitable\/#primaryimage"},"thumbnailUrl":"","datePublished":"2017-03-30T12:04:38+00:00","breadcrumb":{"@id":"https:\/\/kapitalis.com\/tunisie\/2017\/03\/30\/debat-a-lutica-vers-une-fiscalite-plus-simple-et-plus-equitable\/#breadcrumb"},"inLanguage":"fr-FR","potentialAction":[{"@type":"ReadAction","target":["https:\/\/kapitalis.com\/tunisie\/2017\/03\/30\/debat-a-lutica-vers-une-fiscalite-plus-simple-et-plus-equitable\/"]}]},{"@type":"ImageObject","inLanguage":"fr-FR","@id":"https:\/\/kapitalis.com\/tunisie\/2017\/03\/30\/debat-a-lutica-vers-une-fiscalite-plus-simple-et-plus-equitable\/#primaryimage","url":"","contentUrl":""},{"@type":"BreadcrumbList","@id":"https:\/\/kapitalis.com\/tunisie\/2017\/03\/30\/debat-a-lutica-vers-une-fiscalite-plus-simple-et-plus-equitable\/#breadcrumb","itemListElement":[{"@type":"ListItem","position":1,"name":"Accueil","item":"https:\/\/kapitalis.com\/tunisie\/"},{"@type":"ListItem","position":2,"name":"D\u00e9bat \u00e0 l\u2019Utica : Vers une fiscalit\u00e9 plus simple et plus \u00e9quitable"}]},{"@type":"WebSite","@id":"https:\/\/kapitalis.com\/tunisie\/#website","url":"https:\/\/kapitalis.com\/tunisie\/","name":"Kapitalis","description":"L&#039;actualit\u00e9 en Tunisie et dans le monde","publisher":{"@id":"https:\/\/kapitalis.com\/tunisie\/#organization"},"potentialAction":[{"@type":"SearchAction","target":{"@type":"EntryPoint","urlTemplate":"https:\/\/kapitalis.com\/tunisie\/?s={search_term_string}"},"query-input":{"@type":"PropertyValueSpecification","valueRequired":true,"valueName":"search_term_string"}}],"inLanguage":"fr-FR"},{"@type":"Organization","@id":"https:\/\/kapitalis.com\/tunisie\/#organization","name":"Kapitalis","url":"https:\/\/kapitalis.com\/tunisie\/","logo":{"@type":"ImageObject","inLanguage":"fr-FR","@id":"https:\/\/kapitalis.com\/tunisie\/#\/schema\/logo\/image\/","url":"https:\/\/kapitalis.com\/tunisie\/wp-content\/uploads\/2022\/05\/Kapitalis-big-size.png","contentUrl":"https:\/\/kapitalis.com\/tunisie\/wp-content\/uploads\/2022\/05\/Kapitalis-big-size.png","width":5000,"height":1500,"caption":"Kapitalis"},"image":{"@id":"https:\/\/kapitalis.com\/tunisie\/#\/schema\/logo\/image\/"},"sameAs":["https:\/\/www.facebook.com\/KapitalisInfo\/","https:\/\/x.com\/KapitalisInfo","https:\/\/www.youtube.com\/channel\/UC-yDYrHyfFBWWZaOw3FPg9Q"]},{"@type":"Person","@id":"https:\/\/kapitalis.com\/tunisie\/#\/schema\/person\/d71f33a9ca44f7bad4698210b480c8e9","name":"webmaster kapitalis","url":"https:\/\/kapitalis.com\/tunisie\/author\/webmaster-kapitalis\/"}]}},"_links":{"self":[{"href":"https:\/\/kapitalis.com\/tunisie\/wp-json\/wp\/v2\/posts\/89040","targetHints":{"allow":["GET"]}}],"collection":[{"href":"https:\/\/kapitalis.com\/tunisie\/wp-json\/wp\/v2\/posts"}],"about":[{"href":"https:\/\/kapitalis.com\/tunisie\/wp-json\/wp\/v2\/types\/post"}],"author":[{"embeddable":true,"href":"https:\/\/kapitalis.com\/tunisie\/wp-json\/wp\/v2\/users\/8"}],"replies":[{"embeddable":true,"href":"https:\/\/kapitalis.com\/tunisie\/wp-json\/wp\/v2\/comments?post=89040"}],"version-history":[{"count":0,"href":"https:\/\/kapitalis.com\/tunisie\/wp-json\/wp\/v2\/posts\/89040\/revisions"}],"wp:featuredmedia":[{"embeddable":true,"href":"https:\/\/kapitalis.com\/tunisie\/wp-json\/wp\/v2\/media\/89041"}],"wp:attachment":[{"href":"https:\/\/kapitalis.com\/tunisie\/wp-json\/wp\/v2\/media?parent=89040"}],"wp:term":[{"taxonomy":"category","embeddable":true,"href":"https:\/\/kapitalis.com\/tunisie\/wp-json\/wp\/v2\/categories?post=89040"},{"taxonomy":"post_tag","embeddable":true,"href":"https:\/\/kapitalis.com\/tunisie\/wp-json\/wp\/v2\/tags?post=89040"}],"curies":[{"name":"wp","href":"https:\/\/api.w.org\/{rel}","templated":true}]}}