{"id":89103,"date":"2017-03-30T18:13:12","date_gmt":"2017-03-30T17:13:12","guid":{"rendered":"http:\/\/kapitalis.com\/tunisie\/?p=89103"},"modified":"2017-03-30T18:13:12","modified_gmt":"2017-03-30T17:13:12","slug":"jazz-a-carthage-2017-souvre-ce-soir-a-lavenue-bourguiba","status":"publish","type":"post","link":"https:\/\/kapitalis.com\/tunisie\/2017\/03\/30\/jazz-a-carthage-2017-souvre-ce-soir-a-lavenue-bourguiba\/","title":{"rendered":"Jazz \u00e0 Carthage 2017 s\u2019ouvre, ce soir, \u00e0 l\u2019Avenue Bourguiba"},"content":{"rendered":"<p style=\"text-align: center;\"><img loading=\"lazy\" decoding=\"async\" class=\"alignnone size-full wp-image-89104\" src=\"http:\/\/kapitalis.com\/tunisie\/wp-content\/uploads\/2017\/03\/Fred-Wesley-Generations.jpg\" alt=\"\" width=\"626\" height=\"380\" \/><\/p>\n<p><strong><em>Le festival Jazz \u00e0 Carthage s\u2019ouvre ce jeudi 30 mars 2017, avec un concert de Fred Wesley &amp; Generations Trio, \u00e0 17 h 30, sur l\u2019avenue Habib Bourguiba, \u00e0 Tunis.<\/em><\/strong><\/p>\n<p><!--more--><\/p>\n<p>Cette 12e session marque une \u00e9tape importante dans l\u2019aventure entam\u00e9e en 2005 par Mourad Mathari et Scoop Organisation. Il confirme le nouvel engagement du minist\u00e8re des Affaires culturelles dans une strat\u00e9gie o\u00f9 le partenariat entre public et priv\u00e9 devient le socle du d\u00e9veloppement de la culture dans notre pays. Le soutien d\u2019autres partenaires publics comme le minist\u00e8re du Tourisme et de l\u2019Artisanat, de l\u2019Office national du tourisme tunisien (ONTT) et de Tunisair, d\u00e9montre que Jazz \u00e0 Carthage est un \u00e9v\u00e9nement culturel capable de booster l\u2019industrie touristique en Tunisie.<\/p>\n<p>En effet, cette ann\u00e9e, de nombreux m\u00e9lomanes viennent en Tunisie pour suivre ce festival de jazz, devenu incontournable sur le pourtour m\u00e9diterran\u00e9en, et de nombreux m\u00e9dias \u00e9trangers font aussi le voyage pour couvrir la manifestation.<\/p>\n<p>Cette reconnaissance est le fruit d\u2019un travail de longue haleine o\u00f9 le professionnalisme a toujours \u00e9t\u00e9 le credo de l\u2019\u00e9quipe organisatrice.<\/p>\n<p>Depuis ses d\u00e9buts, Jazz \u00e0 Carthage s\u2019est fait un point d\u2019honneur de fid\u00e9liser son public et d\u2019en gagner chaque ann\u00e9e un peu plus, non seulement gr\u00e2ce \u00e0 une programmation de qualit\u00e9, marqu\u00e9e par la diversit\u00e9 de genres musicaux qui ont pour d\u00e9nominateur commun le jazz. Mais aussi, gr\u00e2ce \u00e0 des prestations techniques \u2013 acoustique, \u00e9clairage et effets visuels \u2013 qui place Jazz \u00e0 Carthage au niveau des grands festivals de jazz dans le monde.<\/p>\n<p>C\u2019est d\u2019ailleurs gr\u00e2ce \u00e0 cette qualit\u00e9 que, cette ann\u00e9e, le festival a gagn\u00e9 un nouveau partenaire priv\u00e9, l\u2019UBCI qui, \u00e0 travers la Fondation BNP Paribas, est impliqu\u00e9e depuis plus de vingt ans dans le soutien des musiciens de jazz.<\/p>\n<p>Pour marquer cet engagement, la Fondation BNP Paribas pr\u00e9sentera en marge du festival, l\u2019exposition \u00abJazz Age\u00bb, un concentr\u00e9 de la sc\u00e8ne contemporaine du jazz \u00e0 travers les photographies de Patrick Zachman de la prestigieuse Agence Magnum Photos.<br \/>\nApr\u00e8s avoir \u00e9t\u00e9 expos\u00e9e \u00e0 Paris \u00e0 la Maison de Radio-France, puis \u00e0 New York au Lincoln Center, \u00abJazz Age\u00bb fait escale \u00e0 Tunis \u00e0 l\u2019h\u00f4tel Carthage Thalasso Resort-Gammarth o\u00f9 le public pourra la d\u00e9couvrir.<\/p>\n<p>Outre les 10 concerts o\u00f9 se produiront 19 artistes, Jazz \u00e0 Carthage propose cette ann\u00e9e, deux Jazz-Clubs \u00e0 l\u2019Espace El Khima au Carthage Thalasso Resort : le 1er avril, le Fatales Jazz-Club sera anim\u00e9 par Fred Wesley &amp; Generations Trio, et le 8 avril, l\u2019UBCI Jazz-Club pr\u00e9sentera Kyla Brox et son quartet.<\/p>\n<p>Et comme apr\u00e8s la musique, il y a encore de la musique, toutes les autres soir\u00e9es de concerts se poursuivront avec les Afters men\u00e9s par le Collectif du Jazz Club de Tunis. Des jam-sessions qui promettent avec les artistes internationaux de Jazz \u00e0 Carthage.<\/p>\n<p>Enfin, r\u00e9sultat du partenariat avec le minist\u00e8re des Affaires culturelles, Jazz \u00e0 Carthage se d\u00e9centralise et propose 3 concerts \u00e0 Sousse : le 30 mars avec le duo tunisien Aj\u00e2r\u2019t Band, compos\u00e9 du percussionniste Med Hatem Hmila et du chanteur Allem Aoun, le 31 mars avec le trompettiste am\u00e9ricain Shareef Clayton et le Collectif du Jazz Club de Tunis et enfin le 2 avril avec Fred Wesley &amp; Generations Trio.<\/p>\n<p><em><strong>Source<\/strong><\/em> : communiqu\u00e9.<\/p>\n","protected":false},"excerpt":{"rendered":"<p>Le festival Jazz \u00e0 Carthage s\u2019ouvre ce jeudi 30 mars 2017, avec un concert de Fred Wesley &amp; Generations Trio, \u00e0 17 h 30, sur l\u2019avenue Habib Bourguiba, \u00e0 Tunis.<\/p>\n","protected":false},"author":8,"featured_media":89104,"comment_status":"open","ping_status":"open","sticky":false,"template":"","format":"standard","meta":{"footnotes":""},"categories":[994,2433],"tags":[5484,16818,28695,28696],"class_list":["post-89103","post","type-post","status-publish","format-standard","has-post-thumbnail","hentry","category-culture","category-tunisie","tag-avenue-habib-bourguiba","tag-jazz-a-carthage","tag-mourad-mathari","tag-scoop-organisation"],"yoast_head":"<!-- This site is optimized with the Yoast SEO plugin v26.6 - https:\/\/yoast.com\/wordpress\/plugins\/seo\/ -->\n<title>Jazz \u00e0 Carthage 2017 s\u2019ouvre, ce soir, \u00e0 l\u2019Avenue Bourguiba - Kapitalis<\/title>\n<meta name=\"robots\" content=\"index, follow, max-snippet:-1, max-image-preview:large, max-video-preview:-1\" \/>\n<link rel=\"canonical\" href=\"https:\/\/kapitalis.com\/tunisie\/2017\/03\/30\/jazz-a-carthage-2017-souvre-ce-soir-a-lavenue-bourguiba\/\" \/>\n<meta property=\"og:locale\" content=\"fr_FR\" \/>\n<meta property=\"og:type\" content=\"article\" \/>\n<meta property=\"og:title\" content=\"Jazz \u00e0 Carthage 2017 s\u2019ouvre, ce soir, \u00e0 l\u2019Avenue Bourguiba - Kapitalis\" \/>\n<meta property=\"og:description\" content=\"Le festival Jazz \u00e0 Carthage s\u2019ouvre ce jeudi 30 mars 2017, avec un concert de Fred Wesley &amp; Generations Trio, \u00e0 17 h 30, sur l\u2019avenue Habib Bourguiba, \u00e0 Tunis.\" \/>\n<meta property=\"og:url\" content=\"https:\/\/kapitalis.com\/tunisie\/2017\/03\/30\/jazz-a-carthage-2017-souvre-ce-soir-a-lavenue-bourguiba\/\" \/>\n<meta property=\"og:site_name\" content=\"Kapitalis\" \/>\n<meta property=\"article:publisher\" content=\"https:\/\/www.facebook.com\/KapitalisInfo\/\" \/>\n<meta property=\"article:published_time\" content=\"2017-03-30T17:13:12+00:00\" \/>\n<meta property=\"og:image\" content=\"https:\/\/kapitalis.com\/tunisie\/wp-content\/uploads\/2022\/05\/kapitalis-logo-fb.png\" \/>\n\t<meta property=\"og:image:width\" content=\"1200\" \/>\n\t<meta property=\"og:image:height\" content=\"630\" \/>\n\t<meta property=\"og:image:type\" content=\"image\/png\" \/>\n<meta name=\"author\" content=\"webmaster kapitalis\" \/>\n<meta name=\"twitter:card\" content=\"summary_large_image\" \/>\n<meta name=\"twitter:creator\" content=\"@KapitalisInfo\" \/>\n<meta name=\"twitter:site\" content=\"@KapitalisInfo\" \/>\n<meta name=\"twitter:label1\" content=\"\u00c9crit par\" \/>\n\t<meta name=\"twitter:data1\" content=\"webmaster kapitalis\" \/>\n\t<meta name=\"twitter:label2\" content=\"Dur\u00e9e de lecture estim\u00e9e\" \/>\n\t<meta name=\"twitter:data2\" content=\"3 minutes\" \/>\n<script type=\"application\/ld+json\" class=\"yoast-schema-graph\">{\"@context\":\"https:\/\/schema.org\",\"@graph\":[{\"@type\":\"Article\",\"@id\":\"https:\/\/kapitalis.com\/tunisie\/2017\/03\/30\/jazz-a-carthage-2017-souvre-ce-soir-a-lavenue-bourguiba\/#article\",\"isPartOf\":{\"@id\":\"https:\/\/kapitalis.com\/tunisie\/2017\/03\/30\/jazz-a-carthage-2017-souvre-ce-soir-a-lavenue-bourguiba\/\"},\"author\":{\"name\":\"webmaster kapitalis\",\"@id\":\"https:\/\/kapitalis.com\/tunisie\/#\/schema\/person\/d71f33a9ca44f7bad4698210b480c8e9\"},\"headline\":\"Jazz \u00e0 Carthage 2017 s\u2019ouvre, ce soir, \u00e0 l\u2019Avenue Bourguiba\",\"datePublished\":\"2017-03-30T17:13:12+00:00\",\"mainEntityOfPage\":{\"@id\":\"https:\/\/kapitalis.com\/tunisie\/2017\/03\/30\/jazz-a-carthage-2017-souvre-ce-soir-a-lavenue-bourguiba\/\"},\"wordCount\":557,\"commentCount\":0,\"publisher\":{\"@id\":\"https:\/\/kapitalis.com\/tunisie\/#organization\"},\"image\":{\"@id\":\"https:\/\/kapitalis.com\/tunisie\/2017\/03\/30\/jazz-a-carthage-2017-souvre-ce-soir-a-lavenue-bourguiba\/#primaryimage\"},\"thumbnailUrl\":\"\",\"keywords\":[\"avenue Habib Bourguiba\",\"Jazz \u00e0 Carthage\",\"Mourad Mathari\",\"Scoop Organisation\"],\"articleSection\":[\"CULTURE\",\"Tunisie\"],\"inLanguage\":\"fr-FR\",\"potentialAction\":[{\"@type\":\"CommentAction\",\"name\":\"Comment\",\"target\":[\"https:\/\/kapitalis.com\/tunisie\/2017\/03\/30\/jazz-a-carthage-2017-souvre-ce-soir-a-lavenue-bourguiba\/#respond\"]}]},{\"@type\":\"WebPage\",\"@id\":\"https:\/\/kapitalis.com\/tunisie\/2017\/03\/30\/jazz-a-carthage-2017-souvre-ce-soir-a-lavenue-bourguiba\/\",\"url\":\"https:\/\/kapitalis.com\/tunisie\/2017\/03\/30\/jazz-a-carthage-2017-souvre-ce-soir-a-lavenue-bourguiba\/\",\"name\":\"Jazz \u00e0 Carthage 2017 s\u2019ouvre, ce soir, \u00e0 l\u2019Avenue Bourguiba - Kapitalis\",\"isPartOf\":{\"@id\":\"https:\/\/kapitalis.com\/tunisie\/#website\"},\"primaryImageOfPage\":{\"@id\":\"https:\/\/kapitalis.com\/tunisie\/2017\/03\/30\/jazz-a-carthage-2017-souvre-ce-soir-a-lavenue-bourguiba\/#primaryimage\"},\"image\":{\"@id\":\"https:\/\/kapitalis.com\/tunisie\/2017\/03\/30\/jazz-a-carthage-2017-souvre-ce-soir-a-lavenue-bourguiba\/#primaryimage\"},\"thumbnailUrl\":\"\",\"datePublished\":\"2017-03-30T17:13:12+00:00\",\"breadcrumb\":{\"@id\":\"https:\/\/kapitalis.com\/tunisie\/2017\/03\/30\/jazz-a-carthage-2017-souvre-ce-soir-a-lavenue-bourguiba\/#breadcrumb\"},\"inLanguage\":\"fr-FR\",\"potentialAction\":[{\"@type\":\"ReadAction\",\"target\":[\"https:\/\/kapitalis.com\/tunisie\/2017\/03\/30\/jazz-a-carthage-2017-souvre-ce-soir-a-lavenue-bourguiba\/\"]}]},{\"@type\":\"ImageObject\",\"inLanguage\":\"fr-FR\",\"@id\":\"https:\/\/kapitalis.com\/tunisie\/2017\/03\/30\/jazz-a-carthage-2017-souvre-ce-soir-a-lavenue-bourguiba\/#primaryimage\",\"url\":\"\",\"contentUrl\":\"\"},{\"@type\":\"BreadcrumbList\",\"@id\":\"https:\/\/kapitalis.com\/tunisie\/2017\/03\/30\/jazz-a-carthage-2017-souvre-ce-soir-a-lavenue-bourguiba\/#breadcrumb\",\"itemListElement\":[{\"@type\":\"ListItem\",\"position\":1,\"name\":\"Accueil\",\"item\":\"https:\/\/kapitalis.com\/tunisie\/\"},{\"@type\":\"ListItem\",\"position\":2,\"name\":\"Jazz \u00e0 Carthage 2017 s\u2019ouvre, ce soir, \u00e0 l\u2019Avenue Bourguiba\"}]},{\"@type\":\"WebSite\",\"@id\":\"https:\/\/kapitalis.com\/tunisie\/#website\",\"url\":\"https:\/\/kapitalis.com\/tunisie\/\",\"name\":\"Kapitalis\",\"description\":\"L&#039;actualit\u00e9 en Tunisie et dans le monde\",\"publisher\":{\"@id\":\"https:\/\/kapitalis.com\/tunisie\/#organization\"},\"potentialAction\":[{\"@type\":\"SearchAction\",\"target\":{\"@type\":\"EntryPoint\",\"urlTemplate\":\"https:\/\/kapitalis.com\/tunisie\/?s={search_term_string}\"},\"query-input\":{\"@type\":\"PropertyValueSpecification\",\"valueRequired\":true,\"valueName\":\"search_term_string\"}}],\"inLanguage\":\"fr-FR\"},{\"@type\":\"Organization\",\"@id\":\"https:\/\/kapitalis.com\/tunisie\/#organization\",\"name\":\"Kapitalis\",\"url\":\"https:\/\/kapitalis.com\/tunisie\/\",\"logo\":{\"@type\":\"ImageObject\",\"inLanguage\":\"fr-FR\",\"@id\":\"https:\/\/kapitalis.com\/tunisie\/#\/schema\/logo\/image\/\",\"url\":\"https:\/\/kapitalis.com\/tunisie\/wp-content\/uploads\/2022\/05\/Kapitalis-big-size.png\",\"contentUrl\":\"https:\/\/kapitalis.com\/tunisie\/wp-content\/uploads\/2022\/05\/Kapitalis-big-size.png\",\"width\":5000,\"height\":1500,\"caption\":\"Kapitalis\"},\"image\":{\"@id\":\"https:\/\/kapitalis.com\/tunisie\/#\/schema\/logo\/image\/\"},\"sameAs\":[\"https:\/\/www.facebook.com\/KapitalisInfo\/\",\"https:\/\/x.com\/KapitalisInfo\",\"https:\/\/www.youtube.com\/channel\/UC-yDYrHyfFBWWZaOw3FPg9Q\"]},{\"@type\":\"Person\",\"@id\":\"https:\/\/kapitalis.com\/tunisie\/#\/schema\/person\/d71f33a9ca44f7bad4698210b480c8e9\",\"name\":\"webmaster kapitalis\",\"url\":\"https:\/\/kapitalis.com\/tunisie\/author\/webmaster-kapitalis\/\"}]}<\/script>\n<!-- \/ Yoast SEO plugin. -->","yoast_head_json":{"title":"Jazz \u00e0 Carthage 2017 s\u2019ouvre, ce soir, \u00e0 l\u2019Avenue Bourguiba - Kapitalis","robots":{"index":"index","follow":"follow","max-snippet":"max-snippet:-1","max-image-preview":"max-image-preview:large","max-video-preview":"max-video-preview:-1"},"canonical":"https:\/\/kapitalis.com\/tunisie\/2017\/03\/30\/jazz-a-carthage-2017-souvre-ce-soir-a-lavenue-bourguiba\/","og_locale":"fr_FR","og_type":"article","og_title":"Jazz \u00e0 Carthage 2017 s\u2019ouvre, ce soir, \u00e0 l\u2019Avenue Bourguiba - Kapitalis","og_description":"Le festival Jazz \u00e0 Carthage s\u2019ouvre ce jeudi 30 mars 2017, avec un concert de Fred Wesley &amp; Generations Trio, \u00e0 17 h 30, sur l\u2019avenue Habib Bourguiba, \u00e0 Tunis.","og_url":"https:\/\/kapitalis.com\/tunisie\/2017\/03\/30\/jazz-a-carthage-2017-souvre-ce-soir-a-lavenue-bourguiba\/","og_site_name":"Kapitalis","article_publisher":"https:\/\/www.facebook.com\/KapitalisInfo\/","article_published_time":"2017-03-30T17:13:12+00:00","og_image":[{"width":1200,"height":630,"url":"https:\/\/kapitalis.com\/tunisie\/wp-content\/uploads\/2022\/05\/kapitalis-logo-fb.png","type":"image\/png"}],"author":"webmaster kapitalis","twitter_card":"summary_large_image","twitter_creator":"@KapitalisInfo","twitter_site":"@KapitalisInfo","twitter_misc":{"\u00c9crit par":"webmaster kapitalis","Dur\u00e9e de lecture estim\u00e9e":"3 minutes"},"schema":{"@context":"https:\/\/schema.org","@graph":[{"@type":"Article","@id":"https:\/\/kapitalis.com\/tunisie\/2017\/03\/30\/jazz-a-carthage-2017-souvre-ce-soir-a-lavenue-bourguiba\/#article","isPartOf":{"@id":"https:\/\/kapitalis.com\/tunisie\/2017\/03\/30\/jazz-a-carthage-2017-souvre-ce-soir-a-lavenue-bourguiba\/"},"author":{"name":"webmaster kapitalis","@id":"https:\/\/kapitalis.com\/tunisie\/#\/schema\/person\/d71f33a9ca44f7bad4698210b480c8e9"},"headline":"Jazz \u00e0 Carthage 2017 s\u2019ouvre, ce soir, \u00e0 l\u2019Avenue Bourguiba","datePublished":"2017-03-30T17:13:12+00:00","mainEntityOfPage":{"@id":"https:\/\/kapitalis.com\/tunisie\/2017\/03\/30\/jazz-a-carthage-2017-souvre-ce-soir-a-lavenue-bourguiba\/"},"wordCount":557,"commentCount":0,"publisher":{"@id":"https:\/\/kapitalis.com\/tunisie\/#organization"},"image":{"@id":"https:\/\/kapitalis.com\/tunisie\/2017\/03\/30\/jazz-a-carthage-2017-souvre-ce-soir-a-lavenue-bourguiba\/#primaryimage"},"thumbnailUrl":"","keywords":["avenue Habib Bourguiba","Jazz \u00e0 Carthage","Mourad Mathari","Scoop Organisation"],"articleSection":["CULTURE","Tunisie"],"inLanguage":"fr-FR","potentialAction":[{"@type":"CommentAction","name":"Comment","target":["https:\/\/kapitalis.com\/tunisie\/2017\/03\/30\/jazz-a-carthage-2017-souvre-ce-soir-a-lavenue-bourguiba\/#respond"]}]},{"@type":"WebPage","@id":"https:\/\/kapitalis.com\/tunisie\/2017\/03\/30\/jazz-a-carthage-2017-souvre-ce-soir-a-lavenue-bourguiba\/","url":"https:\/\/kapitalis.com\/tunisie\/2017\/03\/30\/jazz-a-carthage-2017-souvre-ce-soir-a-lavenue-bourguiba\/","name":"Jazz \u00e0 Carthage 2017 s\u2019ouvre, ce soir, \u00e0 l\u2019Avenue Bourguiba - Kapitalis","isPartOf":{"@id":"https:\/\/kapitalis.com\/tunisie\/#website"},"primaryImageOfPage":{"@id":"https:\/\/kapitalis.com\/tunisie\/2017\/03\/30\/jazz-a-carthage-2017-souvre-ce-soir-a-lavenue-bourguiba\/#primaryimage"},"image":{"@id":"https:\/\/kapitalis.com\/tunisie\/2017\/03\/30\/jazz-a-carthage-2017-souvre-ce-soir-a-lavenue-bourguiba\/#primaryimage"},"thumbnailUrl":"","datePublished":"2017-03-30T17:13:12+00:00","breadcrumb":{"@id":"https:\/\/kapitalis.com\/tunisie\/2017\/03\/30\/jazz-a-carthage-2017-souvre-ce-soir-a-lavenue-bourguiba\/#breadcrumb"},"inLanguage":"fr-FR","potentialAction":[{"@type":"ReadAction","target":["https:\/\/kapitalis.com\/tunisie\/2017\/03\/30\/jazz-a-carthage-2017-souvre-ce-soir-a-lavenue-bourguiba\/"]}]},{"@type":"ImageObject","inLanguage":"fr-FR","@id":"https:\/\/kapitalis.com\/tunisie\/2017\/03\/30\/jazz-a-carthage-2017-souvre-ce-soir-a-lavenue-bourguiba\/#primaryimage","url":"","contentUrl":""},{"@type":"BreadcrumbList","@id":"https:\/\/kapitalis.com\/tunisie\/2017\/03\/30\/jazz-a-carthage-2017-souvre-ce-soir-a-lavenue-bourguiba\/#breadcrumb","itemListElement":[{"@type":"ListItem","position":1,"name":"Accueil","item":"https:\/\/kapitalis.com\/tunisie\/"},{"@type":"ListItem","position":2,"name":"Jazz \u00e0 Carthage 2017 s\u2019ouvre, ce soir, \u00e0 l\u2019Avenue Bourguiba"}]},{"@type":"WebSite","@id":"https:\/\/kapitalis.com\/tunisie\/#website","url":"https:\/\/kapitalis.com\/tunisie\/","name":"Kapitalis","description":"L&#039;actualit\u00e9 en Tunisie et dans le monde","publisher":{"@id":"https:\/\/kapitalis.com\/tunisie\/#organization"},"potentialAction":[{"@type":"SearchAction","target":{"@type":"EntryPoint","urlTemplate":"https:\/\/kapitalis.com\/tunisie\/?s={search_term_string}"},"query-input":{"@type":"PropertyValueSpecification","valueRequired":true,"valueName":"search_term_string"}}],"inLanguage":"fr-FR"},{"@type":"Organization","@id":"https:\/\/kapitalis.com\/tunisie\/#organization","name":"Kapitalis","url":"https:\/\/kapitalis.com\/tunisie\/","logo":{"@type":"ImageObject","inLanguage":"fr-FR","@id":"https:\/\/kapitalis.com\/tunisie\/#\/schema\/logo\/image\/","url":"https:\/\/kapitalis.com\/tunisie\/wp-content\/uploads\/2022\/05\/Kapitalis-big-size.png","contentUrl":"https:\/\/kapitalis.com\/tunisie\/wp-content\/uploads\/2022\/05\/Kapitalis-big-size.png","width":5000,"height":1500,"caption":"Kapitalis"},"image":{"@id":"https:\/\/kapitalis.com\/tunisie\/#\/schema\/logo\/image\/"},"sameAs":["https:\/\/www.facebook.com\/KapitalisInfo\/","https:\/\/x.com\/KapitalisInfo","https:\/\/www.youtube.com\/channel\/UC-yDYrHyfFBWWZaOw3FPg9Q"]},{"@type":"Person","@id":"https:\/\/kapitalis.com\/tunisie\/#\/schema\/person\/d71f33a9ca44f7bad4698210b480c8e9","name":"webmaster kapitalis","url":"https:\/\/kapitalis.com\/tunisie\/author\/webmaster-kapitalis\/"}]}},"_links":{"self":[{"href":"https:\/\/kapitalis.com\/tunisie\/wp-json\/wp\/v2\/posts\/89103","targetHints":{"allow":["GET"]}}],"collection":[{"href":"https:\/\/kapitalis.com\/tunisie\/wp-json\/wp\/v2\/posts"}],"about":[{"href":"https:\/\/kapitalis.com\/tunisie\/wp-json\/wp\/v2\/types\/post"}],"author":[{"embeddable":true,"href":"https:\/\/kapitalis.com\/tunisie\/wp-json\/wp\/v2\/users\/8"}],"replies":[{"embeddable":true,"href":"https:\/\/kapitalis.com\/tunisie\/wp-json\/wp\/v2\/comments?post=89103"}],"version-history":[{"count":0,"href":"https:\/\/kapitalis.com\/tunisie\/wp-json\/wp\/v2\/posts\/89103\/revisions"}],"wp:featuredmedia":[{"embeddable":true,"href":"https:\/\/kapitalis.com\/tunisie\/wp-json\/wp\/v2\/media\/89104"}],"wp:attachment":[{"href":"https:\/\/kapitalis.com\/tunisie\/wp-json\/wp\/v2\/media?parent=89103"}],"wp:term":[{"taxonomy":"category","embeddable":true,"href":"https:\/\/kapitalis.com\/tunisie\/wp-json\/wp\/v2\/categories?post=89103"},{"taxonomy":"post_tag","embeddable":true,"href":"https:\/\/kapitalis.com\/tunisie\/wp-json\/wp\/v2\/tags?post=89103"}],"curies":[{"name":"wp","href":"https:\/\/api.w.org\/{rel}","templated":true}]}}