{"id":8921022,"date":"2023-07-17T13:28:21","date_gmt":"2023-07-17T12:28:21","guid":{"rendered":"https:\/\/kapitalis.com\/tunisie\/?p=8921022"},"modified":"2023-07-17T13:28:22","modified_gmt":"2023-07-17T12:28:22","slug":"mandat-de-depot-a-lencontre-de-lavocat-et-activiste-mohamed-ali-abbes","status":"publish","type":"post","link":"https:\/\/kapitalis.com\/tunisie\/2023\/07\/17\/mandat-de-depot-a-lencontre-de-lavocat-et-activiste-mohamed-ali-abbes\/","title":{"rendered":"Mandat de d\u00e9p\u00f4t \u00e0 l\u2019encontre de l\u2019avocat et activiste Mohamed Ali Abbes"},"content":{"rendered":"\n<p><strong><em>Le juge d\u2019instruction pr\u00e8s du tribunal de premi\u00e8re instance de Monastir a \u00e9mis aujourd\u2019hui, lundi 17 juillet 2023, un mandat de d\u00e9p\u00f4t \u00e0 l\u2019encontre de l\u2019avocat et activiste politique Mohamed Ali Abbes, arr\u00eat\u00e9 hier \u00e0 l\u2019aube. Il est soup\u00e7onn\u00e9 de diffusion de fausses informations portant atteinte \u00e0 la s\u00fbret\u00e9 et \u00e0 la d\u00e9fense nationales.<\/em><\/strong><\/p>\n\n\n\n<!--more-->\n\n\n\n<p>Selon <a href=\"https:\/\/www.mosaiquefm.net\/ar\/%D8%AA%D9%88%D9%86%D8%B3-%D8%A3%D8%AE%D8%A8%D8%A7%D8%B1-%D9%88%D8%B7%D9%86%D9%8A%D8%A9\/1178586\/%D8%A8%D8%B4%D8%A8%D9%87%D8%A9-%D9%86%D8%B4%D8%B1-%D8%A3%D8%AE%D8%A8%D8%A7%D8%B1-%D8%B2%D8%A7%D8%A6%D9%81%D8%A9-%D8%A8%D8%B7%D8%A7%D9%82%D8%A9-%D8%A5%D9%8A%D8%AF%D8%A7%D8%B9-%D8%A8%D8%A7%D9%84%D8%B3%D8%AC%D9%86-%D9%81%D9%8A-%D8%AD%D9%82-%D8%A7%D9%84%D9%85%D8%AD%D8%A7%D9%85%D9%8A-%D9%85%D8%AD%D9%85%D8%AF-%D8%B9%D9%84%D9%8A-%D8%B9%D8%A8%D8%A7%D8%B3\" target=\"_blank\" rel=\"noreferrer noopener\">Mosa\u00efque FM<\/a>, le juge s\u2019instruction a \u00e9mis en parall\u00e8le une commission rogatoire au profit de la 5<sup>e<\/sup> brigade centrale de la Garde nationale de Laouina pour la poursuite des enqu\u00eates dans cette affaire.<\/p>\n\n\n\n<p>Le minist\u00e8re public avait ouvert une instruction \u00e0 l&rsquo;encontre du pr\u00e9venu pour atteinte \u00e0 la s\u00fbret\u00e9 publique et \u00e0 la d\u00e9fense nationale, et diffamation d&rsquo;un fonctionnaire public. \u00a0\u00a0\u00a0\u00a0<\/p>\n\n\n\n<p>Mohamed Ali Abbes faisait partie des plus fervents partisans du pr\u00e9sident Ka\u00efs Sa\u00efed. Il \u00e9tait tr\u00e8s proche de l\u2019ancien ministre de l\u2019Int\u00e9rieur Taoufik Charfeddine. Mais il a totalement chang\u00e9 de position au cours des derniers mois et est devenu un f\u00e9roce opposant au chef de l\u2019Etat et aux membres de son entourage qu\u2019il critiquait dans des vid\u00e9os diffus\u00e9es \u00e0 travers les r\u00e9seaux sociaux. On lui reproche, notamment, d\u2019\u00eatre derri\u00e8re la page facebook anti-Sa\u00efed appel\u00e9e <em>\u00abSayeb Salah\u00bb<\/em>. <\/p>\n\n\n\n<p class=\"has-text-align-right\"><strong>I. B. <\/strong><\/p>\n","protected":false},"excerpt":{"rendered":"<p>Mandat de d\u00e9p\u00f4t contre l&rsquo;avocat et activiste politique Mohamed Ali Abbes. <\/p>\n","protected":false},"author":8,"featured_media":8921123,"comment_status":"open","ping_status":"open","sticky":false,"template":"","format":"standard","meta":{"footnotes":""},"categories":[996,997,2433],"tags":[76012,109931,633,109932,82067,62643],"class_list":["post-8921022","post","type-post","status-publish","format-standard","has-post-thumbnail","hentry","category-media","category-politique","category-tunisie","tag-kais-saied-2","tag-mohamed-ali-ben-abbes","tag-monastir","tag-sayeb-salah","tag-taoufik-charfeddine","tag-tunisie"],"yoast_head":"<!-- This site is optimized with the Yoast SEO plugin v26.6 - https:\/\/yoast.com\/wordpress\/plugins\/seo\/ -->\n<title>Mandat de d\u00e9p\u00f4t \u00e0 l\u2019encontre de l\u2019avocat et activiste Mohamed Ali Abbes - Kapitalis<\/title>\n<meta name=\"robots\" content=\"index, follow, max-snippet:-1, max-image-preview:large, max-video-preview:-1\" \/>\n<link rel=\"canonical\" href=\"https:\/\/kapitalis.com\/tunisie\/2023\/07\/17\/mandat-de-depot-a-lencontre-de-lavocat-et-activiste-mohamed-ali-abbes\/\" \/>\n<meta property=\"og:locale\" content=\"fr_FR\" \/>\n<meta property=\"og:type\" content=\"article\" \/>\n<meta property=\"og:title\" content=\"Mandat de d\u00e9p\u00f4t \u00e0 l\u2019encontre de l\u2019avocat et activiste Mohamed Ali Abbes - Kapitalis\" \/>\n<meta property=\"og:description\" content=\"Mandat de d\u00e9p\u00f4t contre l&#039;avocat et activiste politique Mohamed Ali Abbes.\" \/>\n<meta property=\"og:url\" content=\"https:\/\/kapitalis.com\/tunisie\/2023\/07\/17\/mandat-de-depot-a-lencontre-de-lavocat-et-activiste-mohamed-ali-abbes\/\" \/>\n<meta property=\"og:site_name\" content=\"Kapitalis\" \/>\n<meta property=\"article:publisher\" content=\"https:\/\/www.facebook.com\/KapitalisInfo\/\" \/>\n<meta property=\"article:published_time\" content=\"2023-07-17T12:28:21+00:00\" \/>\n<meta property=\"article:modified_time\" content=\"2023-07-17T12:28:22+00:00\" \/>\n<meta property=\"og:image\" content=\"https:\/\/kapitalis.com\/tunisie\/wp-content\/uploads\/2023\/07\/Mohamed-Ali-Ben-Abbes.jpg\" \/>\n\t<meta property=\"og:image:width\" content=\"1200\" \/>\n\t<meta property=\"og:image:height\" content=\"630\" \/>\n\t<meta property=\"og:image:type\" content=\"image\/jpeg\" \/>\n<meta name=\"author\" content=\"webmaster kapitalis\" \/>\n<meta name=\"twitter:card\" content=\"summary_large_image\" \/>\n<meta name=\"twitter:creator\" content=\"@KapitalisInfo\" \/>\n<meta name=\"twitter:site\" content=\"@KapitalisInfo\" \/>\n<meta name=\"twitter:label1\" content=\"\u00c9crit par\" \/>\n\t<meta name=\"twitter:data1\" content=\"webmaster kapitalis\" \/>\n\t<meta name=\"twitter:label2\" content=\"Dur\u00e9e de lecture estim\u00e9e\" \/>\n\t<meta name=\"twitter:data2\" content=\"1 minute\" \/>\n<script type=\"application\/ld+json\" class=\"yoast-schema-graph\">{\"@context\":\"https:\/\/schema.org\",\"@graph\":[{\"@type\":\"Article\",\"@id\":\"https:\/\/kapitalis.com\/tunisie\/2023\/07\/17\/mandat-de-depot-a-lencontre-de-lavocat-et-activiste-mohamed-ali-abbes\/#article\",\"isPartOf\":{\"@id\":\"https:\/\/kapitalis.com\/tunisie\/2023\/07\/17\/mandat-de-depot-a-lencontre-de-lavocat-et-activiste-mohamed-ali-abbes\/\"},\"author\":{\"name\":\"webmaster kapitalis\",\"@id\":\"https:\/\/kapitalis.com\/tunisie\/#\/schema\/person\/d71f33a9ca44f7bad4698210b480c8e9\"},\"headline\":\"Mandat de d\u00e9p\u00f4t \u00e0 l\u2019encontre de l\u2019avocat et activiste Mohamed Ali Abbes\",\"datePublished\":\"2023-07-17T12:28:21+00:00\",\"dateModified\":\"2023-07-17T12:28:22+00:00\",\"mainEntityOfPage\":{\"@id\":\"https:\/\/kapitalis.com\/tunisie\/2023\/07\/17\/mandat-de-depot-a-lencontre-de-lavocat-et-activiste-mohamed-ali-abbes\/\"},\"wordCount\":236,\"commentCount\":3,\"publisher\":{\"@id\":\"https:\/\/kapitalis.com\/tunisie\/#organization\"},\"image\":{\"@id\":\"https:\/\/kapitalis.com\/tunisie\/2023\/07\/17\/mandat-de-depot-a-lencontre-de-lavocat-et-activiste-mohamed-ali-abbes\/#primaryimage\"},\"thumbnailUrl\":\"https:\/\/kapitalis.com\/tunisie\/wp-content\/uploads\/2023\/07\/Mohamed-Ali-Ben-Abbes.jpg\",\"keywords\":[\"Ka\u00efs Sa\u00efed\",\"Mohamed Ali Ben Abbes\",\"Monastir\",\"Sayeb Salah\",\"Taoufik Charfeddine\",\"Tunisie\"],\"articleSection\":[\"MEDIA\",\"POLITIQUE\",\"Tunisie\"],\"inLanguage\":\"fr-FR\",\"potentialAction\":[{\"@type\":\"CommentAction\",\"name\":\"Comment\",\"target\":[\"https:\/\/kapitalis.com\/tunisie\/2023\/07\/17\/mandat-de-depot-a-lencontre-de-lavocat-et-activiste-mohamed-ali-abbes\/#respond\"]}]},{\"@type\":\"WebPage\",\"@id\":\"https:\/\/kapitalis.com\/tunisie\/2023\/07\/17\/mandat-de-depot-a-lencontre-de-lavocat-et-activiste-mohamed-ali-abbes\/\",\"url\":\"https:\/\/kapitalis.com\/tunisie\/2023\/07\/17\/mandat-de-depot-a-lencontre-de-lavocat-et-activiste-mohamed-ali-abbes\/\",\"name\":\"Mandat de d\u00e9p\u00f4t \u00e0 l\u2019encontre de l\u2019avocat et activiste Mohamed Ali Abbes - Kapitalis\",\"isPartOf\":{\"@id\":\"https:\/\/kapitalis.com\/tunisie\/#website\"},\"primaryImageOfPage\":{\"@id\":\"https:\/\/kapitalis.com\/tunisie\/2023\/07\/17\/mandat-de-depot-a-lencontre-de-lavocat-et-activiste-mohamed-ali-abbes\/#primaryimage\"},\"image\":{\"@id\":\"https:\/\/kapitalis.com\/tunisie\/2023\/07\/17\/mandat-de-depot-a-lencontre-de-lavocat-et-activiste-mohamed-ali-abbes\/#primaryimage\"},\"thumbnailUrl\":\"https:\/\/kapitalis.com\/tunisie\/wp-content\/uploads\/2023\/07\/Mohamed-Ali-Ben-Abbes.jpg\",\"datePublished\":\"2023-07-17T12:28:21+00:00\",\"dateModified\":\"2023-07-17T12:28:22+00:00\",\"breadcrumb\":{\"@id\":\"https:\/\/kapitalis.com\/tunisie\/2023\/07\/17\/mandat-de-depot-a-lencontre-de-lavocat-et-activiste-mohamed-ali-abbes\/#breadcrumb\"},\"inLanguage\":\"fr-FR\",\"potentialAction\":[{\"@type\":\"ReadAction\",\"target\":[\"https:\/\/kapitalis.com\/tunisie\/2023\/07\/17\/mandat-de-depot-a-lencontre-de-lavocat-et-activiste-mohamed-ali-abbes\/\"]}]},{\"@type\":\"ImageObject\",\"inLanguage\":\"fr-FR\",\"@id\":\"https:\/\/kapitalis.com\/tunisie\/2023\/07\/17\/mandat-de-depot-a-lencontre-de-lavocat-et-activiste-mohamed-ali-abbes\/#primaryimage\",\"url\":\"https:\/\/kapitalis.com\/tunisie\/wp-content\/uploads\/2023\/07\/Mohamed-Ali-Ben-Abbes.jpg\",\"contentUrl\":\"https:\/\/kapitalis.com\/tunisie\/wp-content\/uploads\/2023\/07\/Mohamed-Ali-Ben-Abbes.jpg\",\"width\":1200,\"height\":630},{\"@type\":\"BreadcrumbList\",\"@id\":\"https:\/\/kapitalis.com\/tunisie\/2023\/07\/17\/mandat-de-depot-a-lencontre-de-lavocat-et-activiste-mohamed-ali-abbes\/#breadcrumb\",\"itemListElement\":[{\"@type\":\"ListItem\",\"position\":1,\"name\":\"Accueil\",\"item\":\"https:\/\/kapitalis.com\/tunisie\/\"},{\"@type\":\"ListItem\",\"position\":2,\"name\":\"Mandat de d\u00e9p\u00f4t \u00e0 l\u2019encontre de l\u2019avocat et activiste Mohamed Ali Abbes\"}]},{\"@type\":\"WebSite\",\"@id\":\"https:\/\/kapitalis.com\/tunisie\/#website\",\"url\":\"https:\/\/kapitalis.com\/tunisie\/\",\"name\":\"Kapitalis\",\"description\":\"L&#039;actualit\u00e9 en Tunisie et dans le monde\",\"publisher\":{\"@id\":\"https:\/\/kapitalis.com\/tunisie\/#organization\"},\"potentialAction\":[{\"@type\":\"SearchAction\",\"target\":{\"@type\":\"EntryPoint\",\"urlTemplate\":\"https:\/\/kapitalis.com\/tunisie\/?s={search_term_string}\"},\"query-input\":{\"@type\":\"PropertyValueSpecification\",\"valueRequired\":true,\"valueName\":\"search_term_string\"}}],\"inLanguage\":\"fr-FR\"},{\"@type\":\"Organization\",\"@id\":\"https:\/\/kapitalis.com\/tunisie\/#organization\",\"name\":\"Kapitalis\",\"url\":\"https:\/\/kapitalis.com\/tunisie\/\",\"logo\":{\"@type\":\"ImageObject\",\"inLanguage\":\"fr-FR\",\"@id\":\"https:\/\/kapitalis.com\/tunisie\/#\/schema\/logo\/image\/\",\"url\":\"https:\/\/kapitalis.com\/tunisie\/wp-content\/uploads\/2022\/05\/Kapitalis-big-size.png\",\"contentUrl\":\"https:\/\/kapitalis.com\/tunisie\/wp-content\/uploads\/2022\/05\/Kapitalis-big-size.png\",\"width\":5000,\"height\":1500,\"caption\":\"Kapitalis\"},\"image\":{\"@id\":\"https:\/\/kapitalis.com\/tunisie\/#\/schema\/logo\/image\/\"},\"sameAs\":[\"https:\/\/www.facebook.com\/KapitalisInfo\/\",\"https:\/\/x.com\/KapitalisInfo\",\"https:\/\/www.youtube.com\/channel\/UC-yDYrHyfFBWWZaOw3FPg9Q\"]},{\"@type\":\"Person\",\"@id\":\"https:\/\/kapitalis.com\/tunisie\/#\/schema\/person\/d71f33a9ca44f7bad4698210b480c8e9\",\"name\":\"webmaster kapitalis\",\"url\":\"https:\/\/kapitalis.com\/tunisie\/author\/webmaster-kapitalis\/\"}]}<\/script>\n<!-- \/ Yoast SEO plugin. -->","yoast_head_json":{"title":"Mandat de d\u00e9p\u00f4t \u00e0 l\u2019encontre de l\u2019avocat et activiste Mohamed Ali Abbes - Kapitalis","robots":{"index":"index","follow":"follow","max-snippet":"max-snippet:-1","max-image-preview":"max-image-preview:large","max-video-preview":"max-video-preview:-1"},"canonical":"https:\/\/kapitalis.com\/tunisie\/2023\/07\/17\/mandat-de-depot-a-lencontre-de-lavocat-et-activiste-mohamed-ali-abbes\/","og_locale":"fr_FR","og_type":"article","og_title":"Mandat de d\u00e9p\u00f4t \u00e0 l\u2019encontre de l\u2019avocat et activiste Mohamed Ali Abbes - Kapitalis","og_description":"Mandat de d\u00e9p\u00f4t contre l'avocat et activiste politique Mohamed Ali Abbes.","og_url":"https:\/\/kapitalis.com\/tunisie\/2023\/07\/17\/mandat-de-depot-a-lencontre-de-lavocat-et-activiste-mohamed-ali-abbes\/","og_site_name":"Kapitalis","article_publisher":"https:\/\/www.facebook.com\/KapitalisInfo\/","article_published_time":"2023-07-17T12:28:21+00:00","article_modified_time":"2023-07-17T12:28:22+00:00","og_image":[{"width":1200,"height":630,"url":"https:\/\/kapitalis.com\/tunisie\/wp-content\/uploads\/2023\/07\/Mohamed-Ali-Ben-Abbes.jpg","type":"image\/jpeg"}],"author":"webmaster kapitalis","twitter_card":"summary_large_image","twitter_creator":"@KapitalisInfo","twitter_site":"@KapitalisInfo","twitter_misc":{"\u00c9crit par":"webmaster kapitalis","Dur\u00e9e de lecture estim\u00e9e":"1 minute"},"schema":{"@context":"https:\/\/schema.org","@graph":[{"@type":"Article","@id":"https:\/\/kapitalis.com\/tunisie\/2023\/07\/17\/mandat-de-depot-a-lencontre-de-lavocat-et-activiste-mohamed-ali-abbes\/#article","isPartOf":{"@id":"https:\/\/kapitalis.com\/tunisie\/2023\/07\/17\/mandat-de-depot-a-lencontre-de-lavocat-et-activiste-mohamed-ali-abbes\/"},"author":{"name":"webmaster kapitalis","@id":"https:\/\/kapitalis.com\/tunisie\/#\/schema\/person\/d71f33a9ca44f7bad4698210b480c8e9"},"headline":"Mandat de d\u00e9p\u00f4t \u00e0 l\u2019encontre de l\u2019avocat et activiste Mohamed Ali Abbes","datePublished":"2023-07-17T12:28:21+00:00","dateModified":"2023-07-17T12:28:22+00:00","mainEntityOfPage":{"@id":"https:\/\/kapitalis.com\/tunisie\/2023\/07\/17\/mandat-de-depot-a-lencontre-de-lavocat-et-activiste-mohamed-ali-abbes\/"},"wordCount":236,"commentCount":3,"publisher":{"@id":"https:\/\/kapitalis.com\/tunisie\/#organization"},"image":{"@id":"https:\/\/kapitalis.com\/tunisie\/2023\/07\/17\/mandat-de-depot-a-lencontre-de-lavocat-et-activiste-mohamed-ali-abbes\/#primaryimage"},"thumbnailUrl":"https:\/\/kapitalis.com\/tunisie\/wp-content\/uploads\/2023\/07\/Mohamed-Ali-Ben-Abbes.jpg","keywords":["Ka\u00efs Sa\u00efed","Mohamed Ali Ben Abbes","Monastir","Sayeb Salah","Taoufik Charfeddine","Tunisie"],"articleSection":["MEDIA","POLITIQUE","Tunisie"],"inLanguage":"fr-FR","potentialAction":[{"@type":"CommentAction","name":"Comment","target":["https:\/\/kapitalis.com\/tunisie\/2023\/07\/17\/mandat-de-depot-a-lencontre-de-lavocat-et-activiste-mohamed-ali-abbes\/#respond"]}]},{"@type":"WebPage","@id":"https:\/\/kapitalis.com\/tunisie\/2023\/07\/17\/mandat-de-depot-a-lencontre-de-lavocat-et-activiste-mohamed-ali-abbes\/","url":"https:\/\/kapitalis.com\/tunisie\/2023\/07\/17\/mandat-de-depot-a-lencontre-de-lavocat-et-activiste-mohamed-ali-abbes\/","name":"Mandat de d\u00e9p\u00f4t \u00e0 l\u2019encontre de l\u2019avocat et activiste Mohamed Ali Abbes - Kapitalis","isPartOf":{"@id":"https:\/\/kapitalis.com\/tunisie\/#website"},"primaryImageOfPage":{"@id":"https:\/\/kapitalis.com\/tunisie\/2023\/07\/17\/mandat-de-depot-a-lencontre-de-lavocat-et-activiste-mohamed-ali-abbes\/#primaryimage"},"image":{"@id":"https:\/\/kapitalis.com\/tunisie\/2023\/07\/17\/mandat-de-depot-a-lencontre-de-lavocat-et-activiste-mohamed-ali-abbes\/#primaryimage"},"thumbnailUrl":"https:\/\/kapitalis.com\/tunisie\/wp-content\/uploads\/2023\/07\/Mohamed-Ali-Ben-Abbes.jpg","datePublished":"2023-07-17T12:28:21+00:00","dateModified":"2023-07-17T12:28:22+00:00","breadcrumb":{"@id":"https:\/\/kapitalis.com\/tunisie\/2023\/07\/17\/mandat-de-depot-a-lencontre-de-lavocat-et-activiste-mohamed-ali-abbes\/#breadcrumb"},"inLanguage":"fr-FR","potentialAction":[{"@type":"ReadAction","target":["https:\/\/kapitalis.com\/tunisie\/2023\/07\/17\/mandat-de-depot-a-lencontre-de-lavocat-et-activiste-mohamed-ali-abbes\/"]}]},{"@type":"ImageObject","inLanguage":"fr-FR","@id":"https:\/\/kapitalis.com\/tunisie\/2023\/07\/17\/mandat-de-depot-a-lencontre-de-lavocat-et-activiste-mohamed-ali-abbes\/#primaryimage","url":"https:\/\/kapitalis.com\/tunisie\/wp-content\/uploads\/2023\/07\/Mohamed-Ali-Ben-Abbes.jpg","contentUrl":"https:\/\/kapitalis.com\/tunisie\/wp-content\/uploads\/2023\/07\/Mohamed-Ali-Ben-Abbes.jpg","width":1200,"height":630},{"@type":"BreadcrumbList","@id":"https:\/\/kapitalis.com\/tunisie\/2023\/07\/17\/mandat-de-depot-a-lencontre-de-lavocat-et-activiste-mohamed-ali-abbes\/#breadcrumb","itemListElement":[{"@type":"ListItem","position":1,"name":"Accueil","item":"https:\/\/kapitalis.com\/tunisie\/"},{"@type":"ListItem","position":2,"name":"Mandat de d\u00e9p\u00f4t \u00e0 l\u2019encontre de l\u2019avocat et activiste Mohamed Ali Abbes"}]},{"@type":"WebSite","@id":"https:\/\/kapitalis.com\/tunisie\/#website","url":"https:\/\/kapitalis.com\/tunisie\/","name":"Kapitalis","description":"L&#039;actualit\u00e9 en Tunisie et dans le monde","publisher":{"@id":"https:\/\/kapitalis.com\/tunisie\/#organization"},"potentialAction":[{"@type":"SearchAction","target":{"@type":"EntryPoint","urlTemplate":"https:\/\/kapitalis.com\/tunisie\/?s={search_term_string}"},"query-input":{"@type":"PropertyValueSpecification","valueRequired":true,"valueName":"search_term_string"}}],"inLanguage":"fr-FR"},{"@type":"Organization","@id":"https:\/\/kapitalis.com\/tunisie\/#organization","name":"Kapitalis","url":"https:\/\/kapitalis.com\/tunisie\/","logo":{"@type":"ImageObject","inLanguage":"fr-FR","@id":"https:\/\/kapitalis.com\/tunisie\/#\/schema\/logo\/image\/","url":"https:\/\/kapitalis.com\/tunisie\/wp-content\/uploads\/2022\/05\/Kapitalis-big-size.png","contentUrl":"https:\/\/kapitalis.com\/tunisie\/wp-content\/uploads\/2022\/05\/Kapitalis-big-size.png","width":5000,"height":1500,"caption":"Kapitalis"},"image":{"@id":"https:\/\/kapitalis.com\/tunisie\/#\/schema\/logo\/image\/"},"sameAs":["https:\/\/www.facebook.com\/KapitalisInfo\/","https:\/\/x.com\/KapitalisInfo","https:\/\/www.youtube.com\/channel\/UC-yDYrHyfFBWWZaOw3FPg9Q"]},{"@type":"Person","@id":"https:\/\/kapitalis.com\/tunisie\/#\/schema\/person\/d71f33a9ca44f7bad4698210b480c8e9","name":"webmaster kapitalis","url":"https:\/\/kapitalis.com\/tunisie\/author\/webmaster-kapitalis\/"}]}},"_links":{"self":[{"href":"https:\/\/kapitalis.com\/tunisie\/wp-json\/wp\/v2\/posts\/8921022","targetHints":{"allow":["GET"]}}],"collection":[{"href":"https:\/\/kapitalis.com\/tunisie\/wp-json\/wp\/v2\/posts"}],"about":[{"href":"https:\/\/kapitalis.com\/tunisie\/wp-json\/wp\/v2\/types\/post"}],"author":[{"embeddable":true,"href":"https:\/\/kapitalis.com\/tunisie\/wp-json\/wp\/v2\/users\/8"}],"replies":[{"embeddable":true,"href":"https:\/\/kapitalis.com\/tunisie\/wp-json\/wp\/v2\/comments?post=8921022"}],"version-history":[{"count":1,"href":"https:\/\/kapitalis.com\/tunisie\/wp-json\/wp\/v2\/posts\/8921022\/revisions"}],"predecessor-version":[{"id":8921128,"href":"https:\/\/kapitalis.com\/tunisie\/wp-json\/wp\/v2\/posts\/8921022\/revisions\/8921128"}],"wp:featuredmedia":[{"embeddable":true,"href":"https:\/\/kapitalis.com\/tunisie\/wp-json\/wp\/v2\/media\/8921123"}],"wp:attachment":[{"href":"https:\/\/kapitalis.com\/tunisie\/wp-json\/wp\/v2\/media?parent=8921022"}],"wp:term":[{"taxonomy":"category","embeddable":true,"href":"https:\/\/kapitalis.com\/tunisie\/wp-json\/wp\/v2\/categories?post=8921022"},{"taxonomy":"post_tag","embeddable":true,"href":"https:\/\/kapitalis.com\/tunisie\/wp-json\/wp\/v2\/tags?post=8921022"}],"curies":[{"name":"wp","href":"https:\/\/api.w.org\/{rel}","templated":true}]}}