{"id":8930077,"date":"2023-07-18T10:18:39","date_gmt":"2023-07-18T09:18:39","guid":{"rendered":"https:\/\/kapitalis.com\/tunisie\/?p=8930077"},"modified":"2023-07-18T10:18:40","modified_gmt":"2023-07-18T09:18:40","slug":"leurope-conclut-un-accord-avec-la-tunisie-pour-freiner-les-migrants","status":"publish","type":"post","link":"https:\/\/kapitalis.com\/tunisie\/2023\/07\/18\/leurope-conclut-un-accord-avec-la-tunisie-pour-freiner-les-migrants\/","title":{"rendered":"L\u2019Europe conclut un accord avec la Tunisie pour freiner les migrants"},"content":{"rendered":"\n<p><strong><em>Apr\u00e8s le naufrage le plus meurtrier depuis des ann\u00e9es en M\u00e9diterran\u00e9e, l\u2019Union Europ\u00e9enne (UE) payera la Tunisie pour emp\u00eacher les migrants de prendre la mer.<\/em><\/strong> <em>(Illustration: des migrants subsahariens bloqu\u00e9s \u00e0 la fronti\u00e8re tuniso-libyenne).<\/em> <\/p>\n\n\n\n<p>Par <strong>Monika Pronczuk <\/strong>*<\/p>\n\n\n\n<!--more-->\n\n\n<div class=\"wp-block-image\">\n<figure class=\"alignleft size-full\"><img loading=\"lazy\" decoding=\"async\" width=\"200\" height=\"200\" src=\"https:\/\/kapitalis.com\/tunisie\/wp-content\/uploads\/2023\/07\/Monika-Pronczuk.jpg\" alt=\"\" class=\"wp-image-8930087\" srcset=\"https:\/\/kapitalis.com\/tunisie\/wp-content\/uploads\/2023\/07\/Monika-Pronczuk.jpg 200w, https:\/\/kapitalis.com\/tunisie\/wp-content\/uploads\/2023\/07\/Monika-Pronczuk-150x150.jpg 150w, https:\/\/kapitalis.com\/tunisie\/wp-content\/uploads\/2023\/07\/Monika-Pronczuk-120x120.jpg 120w\" sizes=\"auto, (max-width: 200px) 100vw, 200px\" \/><\/figure>\n<\/div>\n\n\n<p>L\u2019UE a conclu un accord avec la Tunisie pour tenter d\u2019endiguer le nombre de migrants traversant la M\u00e9diterran\u00e9e, au milieu d\u2019un d\u00e9bat houleux sur les retomb\u00e9es des politiques migratoires de l\u2019ensemble europ\u00e9en, y compris un naufrage le mois dernier qui a \u00e9t\u00e9 le plus meurtrier depuis des ann\u00e9es.<\/p>\n\n\n\n<p>Aux termes de l\u2019accord, conclu dimanche soir, le gouvernement tunisien s\u2019est engag\u00e9 \u00e0 resserrer ses fronti\u00e8res maritimes et \u00e0 lutter contre les r\u00e9seaux de passeurs, ainsi qu\u2019\u00e0 acc\u00e9l\u00e9rer le retour des Tunisiens qui r\u00e9sident ill\u00e9galement en Europe. L\u2019UE fournira un large \u00e9ventail de soutiens \u00e0 l\u2019\u00e9conomie en difficult\u00e9 du pays d\u2019Afrique du Nord.<\/p>\n\n\n\n<p>Tunis, la capitale, est une grande ville portuaire \u00e0 moins de 130 miles nautiques de l\u2019\u00eele italienne de Sicile, et encore plus proche des petites \u00eeles italiennes. Cela fait de la Tunisie non seulement une source de migrants, mais aussi une \u00e9tape de transit majeure pour les Africains subsahariens qui tentent de rejoindre l\u2019Europe.<\/p>\n\n\n\n<p>Les autorit\u00e9s tunisiennes ont \u00e9t\u00e9 critiqu\u00e9es pour des violations pr\u00e9sum\u00e9es des droits des migrants subsahariens, notamment en rassemblant des centaines d\u2019entre eux et en les abandonnant \u00e0 la fronti\u00e8re d\u00e9sertique avec la Libye sans nourriture ni eau.<\/p>\n\n\n\n<h2 class=\"wp-block-heading\">Soutien technique des gardes-fronti\u00e8res<\/h2>\n\n\n\n<p>Dimanche, l\u2019UE a promis \u00e0 la Tunisie 105 millions d\u2019euros, soit 118 millions de dollars, pour des \u00e9quipements tels que des patrouilleurs et des drones, ainsi que pour la formation et le soutien technique des gardes-fronti\u00e8res. Elle contribuera \u00e9galement \u00e0 couvrir les frais de rapatriement volontaire des migrants subsahariens.<\/p>\n\n\n\n<figure class=\"wp-block-embed is-type-wp-embed is-provider-kapitalis wp-block-embed-kapitalis\"><div class=\"wp-block-embed__wrapper\">\n<blockquote class=\"wp-embedded-content\" data-secret=\"7J6HbwzdAH\"><a href=\"https:\/\/kapitalis.com\/tunisie\/2023\/07\/18\/la-question-migratoire-enfonce-un-coin-entre-la-tunisie-et-la-libye\/\">La question migratoire enfonce un coin entre la Tunisie et la Libye<\/a><\/blockquote><iframe loading=\"lazy\" class=\"wp-embedded-content\" sandbox=\"allow-scripts\" security=\"restricted\" style=\"position: absolute; clip: rect(1px, 1px, 1px, 1px);\" title=\"\u00ab\u00a0La question migratoire enfonce un coin entre la Tunisie et la Libye\u00a0\u00bb &#8212; Kapitalis\" src=\"https:\/\/kapitalis.com\/tunisie\/2023\/07\/18\/la-question-migratoire-enfonce-un-coin-entre-la-tunisie-et-la-libye\/embed\/#?secret=Zn7jaItaBc#?secret=7J6HbwzdAH\" data-secret=\"7J6HbwzdAH\" width=\"600\" height=\"338\" frameborder=\"0\" marginwidth=\"0\" marginheight=\"0\" scrolling=\"no\"><\/iframe>\n<\/div><\/figure>\n\n\n\n<p>En juin, plus de 600 migrants sont morts lorsque leur navire surcharg\u00e9 a chavir\u00e9 au large des c\u00f4tes grecques. L\u2019ampleur de la perte, ainsi que l\u2019incapacit\u00e9 des responsables europ\u00e9ens \u00e0 venir en aide au navire, ont intensifi\u00e9 le d\u00e9bat sur le r\u00f4le de l\u2019UE dans la crise.<\/p>\n\n\n\n<p><em>\u00abLe tragique naufrage d\u2019il y a quelques semaines, au cours duquel de nombreuses personnes ont perdu la vie, \u00e9tait un autre appel \u00e0 l\u2019action\u00bb<\/em>, a d\u00e9clar\u00e9 Ursula von der Leyen, pr\u00e9sidente de la Commission europ\u00e9enne, a d\u00e9clar\u00e9 dimanche aux journalistes \u00e0 Tunis. <em>\u00abNous devons s\u00e9vir contre les r\u00e9seaux criminels de passeurs et de trafiquants\u00bb<\/em>, a-t-elle ajout\u00e9.<\/p>\n\n\n\n<p>Outre les 105 millions d\u2019euros pour lutter contre la migration irr\u00e9guli\u00e8re, les responsables de l\u2019UE ont \u00e9galement promis 150 millions d\u2019euros d\u2019aide budg\u00e9taire \u00e0 la Tunisie, mais n\u2019ont pas pr\u00e9cis\u00e9 comment l\u2019argent serait d\u00e9pens\u00e9. L\u2019UE a d\u00e9clar\u00e9 qu\u2019il y avait \u00e9galement <em>\u00abune offre sur la table\u00bb<\/em> de 900 millions d\u2019euros d\u2019aide macrofinanci\u00e8re, sous r\u00e9serve que la Tunisie accepte les r\u00e9formes d\u00e9finies par le Fonds mon\u00e9taire international (FMI).<\/p>\n\n\n\n<p>L\u2019Europe a consid\u00e9rablement durci ses politiques migratoires suite \u00e0 l\u2019arriv\u00e9e de plus d\u2019un million de r\u00e9fugi\u00e9s, principalement de Syrie, de 2015 \u00e0 2016, alimentant le soutien aux partis d\u2019extr\u00eame droite qui ont d\u00e9nonc\u00e9 l\u2019afflux comme une menace pour les peuples et les cultures europ\u00e9ennes. L\u2019UE et son opinion publique se sont tourn\u00e9es vers des politiques plus dures que certains partis traditionnels avaient auparavant consid\u00e9r\u00e9es comme contraires aux valeurs europ\u00e9ennes.<\/p>\n\n\n\n<p>Aujourd\u2019hui, avec des millions de r\u00e9fugi\u00e9s ukrainiens arriv\u00e9s en Europe au cours des 18 derniers mois, les syst\u00e8mes d\u2019asile sont surcharg\u00e9s et les politiciens europ\u00e9ens cherchent de nouvelles fa\u00e7ons de r\u00e9duire le nombre de nouveaux arrivants.<\/p>\n\n\n\n<p>L\u2019accord a \u00e9t\u00e9 annonc\u00e9 dimanche par Mme von der Leyen, le Premier ministre Mark Rutte des Pays-Bas, le Premier ministre Giorgia Meloni d\u2019Italie et le pr\u00e9sident Ka\u00efs Sa\u00efed de Tunisie. Pour entrer en vigueur, il doit \u00eatre officiellement approuv\u00e9 par les chefs de tous les \u00c9tats membres de l\u2019UE, ce qui est attendu.<\/p>\n\n\n\n<figure class=\"wp-block-embed is-type-wp-embed is-provider-kapitalis wp-block-embed-kapitalis\"><div class=\"wp-block-embed__wrapper\">\n<blockquote class=\"wp-embedded-content\" data-secret=\"Q7j5pKIzaA\"><a href=\"https:\/\/kapitalis.com\/tunisie\/2023\/07\/17\/tunisie-ue-accord-signe-que-contient-il\/\">Tunisie-UE : Accord sign\u00e9, que contient-il ?\u00a0<\/a><\/blockquote><iframe loading=\"lazy\" class=\"wp-embedded-content\" sandbox=\"allow-scripts\" security=\"restricted\" style=\"position: absolute; clip: rect(1px, 1px, 1px, 1px);\" title=\"\u00ab\u00a0Tunisie-UE : Accord sign\u00e9, que contient-il ?\u00a0\u00a0\u00bb &#8212; Kapitalis\" src=\"https:\/\/kapitalis.com\/tunisie\/2023\/07\/17\/tunisie-ue-accord-signe-que-contient-il\/embed\/#?secret=8PwMTw0KbZ#?secret=Q7j5pKIzaA\" data-secret=\"Q7j5pKIzaA\" width=\"600\" height=\"338\" frameborder=\"0\" marginwidth=\"0\" marginheight=\"0\" scrolling=\"no\"><\/iframe>\n<\/div><\/figure>\n\n\n\n<p><em>\u00abLe peuple tunisien a fourni \u00e0 tous ces migrants d\u00e9plac\u00e9s tout ce \u00e0 quoi ils pouvaient s\u2019attendre avec une hospitalit\u00e9 totale, avec une g\u00e9n\u00e9rosit\u00e9 illimit\u00e9e, alors que tant d\u2019autres organisations qui auraient d\u00fb jouer leur r\u00f4le de mani\u00e8re appropri\u00e9e n\u2019ont pas boug\u00e9, se contentant de faire des d\u00e9clarations\u00bb<\/em>, a d\u00e9clar\u00e9 M. Sa\u00efed aux journalistes, ajoutant que <em>\u00abla solution \u00e0 cette situation inhumaine ne peut \u00eatre qu\u2019une solution commune et conjointe\u00bb<\/em>.<\/p>\n\n\n\n<p>M. Rutte, chef d\u2019une coalition centriste, et Mme Meloni, une populiste de droite, sont peu susceptibles de faire bon m\u00e9nage, mais leurs pays ont \u00e9t\u00e9 profond\u00e9ment touch\u00e9s par l\u2019augmentation des niveaux de migration : l\u2019Italie comme l\u2019une des principales portes d\u2019entr\u00e9e de l\u2019Europe, et les Pays-Bas comme la destination de choix de nombreux migrants. La semaine derni\u00e8re, le gouvernement de M. Rutte s\u2019est effondr\u00e9 sur un projet de politique des r\u00e9fugi\u00e9s.<\/p>\n\n\n\n<p>Dimanche, les deux dirigeants ont salu\u00e9 l\u2019accord, Mme Meloni le d\u00e9crivant comme un <em>\u00abmod\u00e8le\u00bb<\/em> pour les relations futures avec les pays d\u2019Afrique du Nord.<\/p>\n\n\n\n<h2 class=\"wp-block-heading\">Freiner les abus des autorit\u00e9s tunisiennes<\/h2>\n\n\n\n<p>Les responsables de l\u2019UE ont d\u00e9clar\u00e9 qu\u2019ils esp\u00e9raient qu\u2019un financement renforc\u00e9 et une coop\u00e9ration plus \u00e9troite leur donneraient plus de poids pour tenter de freiner les abus des autorit\u00e9s tunisiennes. Mais des experts des droits de l\u2019homme, des analystes et des l\u00e9gislateurs ont critiqu\u00e9 l\u2019accord, soulignant les dangers de r\u00e9compenser financi\u00e8rement les gouvernements \u00e9trangers pour endiguer le flux de migrants.<\/p>\n\n\n\n<p>Depuis des ann\u00e9es, l\u2019UE finance les garde-c\u00f4tes libyens, qui ont un dossier bien document\u00e9 d\u2019abus de migrants, pour limiter le nombre de personnes arrivant sur ses c\u00f4tes. Maintenant, selon les critiques, l\u2019UE r\u00e9p\u00e8te le m\u00eame sc\u00e9nario avec la Tunisie.<\/p>\n\n\n\n<p>M. Sa\u00efed a men\u00e9 une campagne de haine contre les travailleurs et les \u00e9tudiants d\u2019Afrique subsaharienne, les accusant d\u2019essayer de remplacer la population tunisienne d\u2019origine. M. Sa\u00efed \u2013 qui a \u00e9galement \u00e9t\u00e9 critiqu\u00e9 pour avoir fait reculer la d\u00e9mocratie et les droits des citoyens tunisiens \u2013 a ni\u00e9 les accusations de racisme, affirmant que les migrants l\u00e9gaux n\u2019avaient rien \u00e0 craindre.<\/p>\n\n\n\n<p><em>\u00abL\u2019accord montre qu\u2019une fois de plus, l\u2019Europe est pr\u00eate \u00e0 fermer les yeux sur ses valeurs pour apporter une solution \u00e0 court terme \u00e0 un probl\u00e8me migratoire\u00bb<\/em>, a d\u00e9clar\u00e9 Camille Le Coz, directrice associ\u00e9e de l\u2019Institut des politiques migratoires bas\u00e9 \u00e0 Bruxelles.<em> \u00abCe qui manque, c\u2019est une r\u00e9f\u00e9rence aux probl\u00e8mes de protection et aux violations des droits de l\u2019homme contre les migrants\u00bb<\/em>, a-t-elle ajout\u00e9.<\/p>\n\n\n\n<p class=\"has-text-align-right\"><em>Traduit de l\u2019anglais.<\/em><\/p>\n\n\n\n<p><strong><em>Source\u00a0<\/em><\/strong>:<a href=\"https:\/\/www.nytimes.com\/2023\/07\/17\/world\/europe\/eu-tunisia-migrant-deal.html\" target=\"_blank\" rel=\"noreferrer noopener\"> New York Times<\/a>. <\/p>\n\n\n\n<p>* <em>Reporter bas\u00e9e \u00e0 Bruxelles. Elle a rejoint le Times en 2020.<\/em><\/p>\n\n\n\n<figure class=\"wp-block-embed is-type-wp-embed is-provider-kapitalis wp-block-embed-kapitalis\"><div class=\"wp-block-embed__wrapper\">\n<blockquote class=\"wp-embedded-content\" data-secret=\"2BIEt7XGkH\"><a href=\"https:\/\/kapitalis.com\/tunisie\/2023\/07\/17\/tunisie-ue-laccord-sur-la-migration-est-signe-mais-rien-nest-regle\/\">Tunisie &#8211; UE\u00a0: l\u2019accord sur la migration est sign\u00e9, mais rien n\u2019est r\u00e9gl\u00e9<\/a><\/blockquote><iframe loading=\"lazy\" class=\"wp-embedded-content\" sandbox=\"allow-scripts\" security=\"restricted\" style=\"position: absolute; clip: rect(1px, 1px, 1px, 1px);\" title=\"\u00ab\u00a0Tunisie &#8211; UE\u00a0: l\u2019accord sur la migration est sign\u00e9, mais rien n\u2019est r\u00e9gl\u00e9\u00a0\u00bb &#8212; Kapitalis\" src=\"https:\/\/kapitalis.com\/tunisie\/2023\/07\/17\/tunisie-ue-laccord-sur-la-migration-est-signe-mais-rien-nest-regle\/embed\/#?secret=SMHmOEcnkN#?secret=2BIEt7XGkH\" data-secret=\"2BIEt7XGkH\" width=\"600\" height=\"338\" frameborder=\"0\" marginwidth=\"0\" marginheight=\"0\" scrolling=\"no\"><\/iframe>\n<\/div><\/figure>\n","protected":false},"excerpt":{"rendered":"<p>L\u2019Union Europ\u00e9enne payera la Tunisie pour emp\u00eacher les migrants de prendre la mer.<\/p>\n","protected":false},"author":8,"featured_media":8929755,"comment_status":"open","ping_status":"open","sticky":false,"template":"","format":"standard","meta":{"footnotes":""},"categories":[992,997,2433],"tags":[103508,505,76012,109234,85766,109951,700,62643,937,90832],"class_list":["post-8930077","post","type-post","status-publish","format-standard","has-post-thumbnail","hentry","category-a-la-une","category-politique","category-tunisie","tag-giorgia-meloni","tag-italie","tag-kais-saied-2","tag-mark-rutte","tag-migrants-subsahariens","tag-monika-pronczuk","tag-pays-bas","tag-tunisie","tag-union-europeenne","tag-ursula-von-der-leyen"],"yoast_head":"<!-- This site is optimized with the Yoast SEO plugin v26.6 - https:\/\/yoast.com\/wordpress\/plugins\/seo\/ -->\n<title>L\u2019Europe conclut un accord avec la Tunisie pour freiner les migrants - Kapitalis<\/title>\n<meta name=\"robots\" content=\"index, follow, max-snippet:-1, max-image-preview:large, max-video-preview:-1\" \/>\n<link rel=\"canonical\" href=\"https:\/\/kapitalis.com\/tunisie\/2023\/07\/18\/leurope-conclut-un-accord-avec-la-tunisie-pour-freiner-les-migrants\/\" \/>\n<meta property=\"og:locale\" content=\"fr_FR\" \/>\n<meta property=\"og:type\" content=\"article\" \/>\n<meta property=\"og:title\" content=\"L\u2019Europe conclut un accord avec la Tunisie pour freiner les migrants - Kapitalis\" \/>\n<meta property=\"og:description\" content=\"L\u2019Union Europ\u00e9enne payera la Tunisie pour emp\u00eacher les migrants de prendre la mer.\" \/>\n<meta property=\"og:url\" content=\"https:\/\/kapitalis.com\/tunisie\/2023\/07\/18\/leurope-conclut-un-accord-avec-la-tunisie-pour-freiner-les-migrants\/\" \/>\n<meta property=\"og:site_name\" content=\"Kapitalis\" \/>\n<meta property=\"article:publisher\" content=\"https:\/\/www.facebook.com\/KapitalisInfo\/\" \/>\n<meta property=\"article:published_time\" content=\"2023-07-18T09:18:39+00:00\" \/>\n<meta property=\"article:modified_time\" content=\"2023-07-18T09:18:40+00:00\" \/>\n<meta property=\"og:image\" content=\"https:\/\/kapitalis.com\/tunisie\/wp-content\/uploads\/2023\/07\/Migrants-Frontiere-Tunisie-Libye1.jpg\" \/>\n\t<meta property=\"og:image:width\" content=\"1200\" \/>\n\t<meta property=\"og:image:height\" content=\"630\" \/>\n\t<meta property=\"og:image:type\" content=\"image\/jpeg\" \/>\n<meta name=\"author\" content=\"webmaster kapitalis\" \/>\n<meta name=\"twitter:card\" content=\"summary_large_image\" \/>\n<meta name=\"twitter:creator\" content=\"@KapitalisInfo\" \/>\n<meta name=\"twitter:site\" content=\"@KapitalisInfo\" \/>\n<meta name=\"twitter:label1\" content=\"\u00c9crit par\" \/>\n\t<meta name=\"twitter:data1\" content=\"webmaster kapitalis\" \/>\n\t<meta name=\"twitter:label2\" content=\"Dur\u00e9e de lecture estim\u00e9e\" \/>\n\t<meta name=\"twitter:data2\" content=\"6 minutes\" \/>\n<script type=\"application\/ld+json\" class=\"yoast-schema-graph\">{\"@context\":\"https:\/\/schema.org\",\"@graph\":[{\"@type\":\"Article\",\"@id\":\"https:\/\/kapitalis.com\/tunisie\/2023\/07\/18\/leurope-conclut-un-accord-avec-la-tunisie-pour-freiner-les-migrants\/#article\",\"isPartOf\":{\"@id\":\"https:\/\/kapitalis.com\/tunisie\/2023\/07\/18\/leurope-conclut-un-accord-avec-la-tunisie-pour-freiner-les-migrants\/\"},\"author\":{\"name\":\"webmaster kapitalis\",\"@id\":\"https:\/\/kapitalis.com\/tunisie\/#\/schema\/person\/d71f33a9ca44f7bad4698210b480c8e9\"},\"headline\":\"L\u2019Europe conclut un accord avec la Tunisie pour freiner les migrants\",\"datePublished\":\"2023-07-18T09:18:39+00:00\",\"dateModified\":\"2023-07-18T09:18:40+00:00\",\"mainEntityOfPage\":{\"@id\":\"https:\/\/kapitalis.com\/tunisie\/2023\/07\/18\/leurope-conclut-un-accord-avec-la-tunisie-pour-freiner-les-migrants\/\"},\"wordCount\":1204,\"commentCount\":0,\"publisher\":{\"@id\":\"https:\/\/kapitalis.com\/tunisie\/#organization\"},\"image\":{\"@id\":\"https:\/\/kapitalis.com\/tunisie\/2023\/07\/18\/leurope-conclut-un-accord-avec-la-tunisie-pour-freiner-les-migrants\/#primaryimage\"},\"thumbnailUrl\":\"https:\/\/kapitalis.com\/tunisie\/wp-content\/uploads\/2023\/07\/Migrants-Frontiere-Tunisie-Libye1.jpg\",\"keywords\":[\"Giorgia Meloni\",\"Italie\",\"Ka\u00efs Sa\u00efed\",\"Mark Rutte\",\"migrants subsahariens\",\"Monika Pronczuk\",\"Pays-Bas\",\"Tunisie\",\"Union europ\u00e9enne\",\"Ursula von der Leyen\"],\"articleSection\":[\"A LA UNE\",\"POLITIQUE\",\"Tunisie\"],\"inLanguage\":\"fr-FR\",\"potentialAction\":[{\"@type\":\"CommentAction\",\"name\":\"Comment\",\"target\":[\"https:\/\/kapitalis.com\/tunisie\/2023\/07\/18\/leurope-conclut-un-accord-avec-la-tunisie-pour-freiner-les-migrants\/#respond\"]}]},{\"@type\":\"WebPage\",\"@id\":\"https:\/\/kapitalis.com\/tunisie\/2023\/07\/18\/leurope-conclut-un-accord-avec-la-tunisie-pour-freiner-les-migrants\/\",\"url\":\"https:\/\/kapitalis.com\/tunisie\/2023\/07\/18\/leurope-conclut-un-accord-avec-la-tunisie-pour-freiner-les-migrants\/\",\"name\":\"L\u2019Europe conclut un accord avec la Tunisie pour freiner les migrants - Kapitalis\",\"isPartOf\":{\"@id\":\"https:\/\/kapitalis.com\/tunisie\/#website\"},\"primaryImageOfPage\":{\"@id\":\"https:\/\/kapitalis.com\/tunisie\/2023\/07\/18\/leurope-conclut-un-accord-avec-la-tunisie-pour-freiner-les-migrants\/#primaryimage\"},\"image\":{\"@id\":\"https:\/\/kapitalis.com\/tunisie\/2023\/07\/18\/leurope-conclut-un-accord-avec-la-tunisie-pour-freiner-les-migrants\/#primaryimage\"},\"thumbnailUrl\":\"https:\/\/kapitalis.com\/tunisie\/wp-content\/uploads\/2023\/07\/Migrants-Frontiere-Tunisie-Libye1.jpg\",\"datePublished\":\"2023-07-18T09:18:39+00:00\",\"dateModified\":\"2023-07-18T09:18:40+00:00\",\"breadcrumb\":{\"@id\":\"https:\/\/kapitalis.com\/tunisie\/2023\/07\/18\/leurope-conclut-un-accord-avec-la-tunisie-pour-freiner-les-migrants\/#breadcrumb\"},\"inLanguage\":\"fr-FR\",\"potentialAction\":[{\"@type\":\"ReadAction\",\"target\":[\"https:\/\/kapitalis.com\/tunisie\/2023\/07\/18\/leurope-conclut-un-accord-avec-la-tunisie-pour-freiner-les-migrants\/\"]}]},{\"@type\":\"ImageObject\",\"inLanguage\":\"fr-FR\",\"@id\":\"https:\/\/kapitalis.com\/tunisie\/2023\/07\/18\/leurope-conclut-un-accord-avec-la-tunisie-pour-freiner-les-migrants\/#primaryimage\",\"url\":\"https:\/\/kapitalis.com\/tunisie\/wp-content\/uploads\/2023\/07\/Migrants-Frontiere-Tunisie-Libye1.jpg\",\"contentUrl\":\"https:\/\/kapitalis.com\/tunisie\/wp-content\/uploads\/2023\/07\/Migrants-Frontiere-Tunisie-Libye1.jpg\",\"width\":1200,\"height\":630},{\"@type\":\"BreadcrumbList\",\"@id\":\"https:\/\/kapitalis.com\/tunisie\/2023\/07\/18\/leurope-conclut-un-accord-avec-la-tunisie-pour-freiner-les-migrants\/#breadcrumb\",\"itemListElement\":[{\"@type\":\"ListItem\",\"position\":1,\"name\":\"Accueil\",\"item\":\"https:\/\/kapitalis.com\/tunisie\/\"},{\"@type\":\"ListItem\",\"position\":2,\"name\":\"L\u2019Europe conclut un accord avec la Tunisie pour freiner les migrants\"}]},{\"@type\":\"WebSite\",\"@id\":\"https:\/\/kapitalis.com\/tunisie\/#website\",\"url\":\"https:\/\/kapitalis.com\/tunisie\/\",\"name\":\"Kapitalis\",\"description\":\"L&#039;actualit\u00e9 en Tunisie et dans le monde\",\"publisher\":{\"@id\":\"https:\/\/kapitalis.com\/tunisie\/#organization\"},\"potentialAction\":[{\"@type\":\"SearchAction\",\"target\":{\"@type\":\"EntryPoint\",\"urlTemplate\":\"https:\/\/kapitalis.com\/tunisie\/?s={search_term_string}\"},\"query-input\":{\"@type\":\"PropertyValueSpecification\",\"valueRequired\":true,\"valueName\":\"search_term_string\"}}],\"inLanguage\":\"fr-FR\"},{\"@type\":\"Organization\",\"@id\":\"https:\/\/kapitalis.com\/tunisie\/#organization\",\"name\":\"Kapitalis\",\"url\":\"https:\/\/kapitalis.com\/tunisie\/\",\"logo\":{\"@type\":\"ImageObject\",\"inLanguage\":\"fr-FR\",\"@id\":\"https:\/\/kapitalis.com\/tunisie\/#\/schema\/logo\/image\/\",\"url\":\"https:\/\/kapitalis.com\/tunisie\/wp-content\/uploads\/2022\/05\/Kapitalis-big-size.png\",\"contentUrl\":\"https:\/\/kapitalis.com\/tunisie\/wp-content\/uploads\/2022\/05\/Kapitalis-big-size.png\",\"width\":5000,\"height\":1500,\"caption\":\"Kapitalis\"},\"image\":{\"@id\":\"https:\/\/kapitalis.com\/tunisie\/#\/schema\/logo\/image\/\"},\"sameAs\":[\"https:\/\/www.facebook.com\/KapitalisInfo\/\",\"https:\/\/x.com\/KapitalisInfo\",\"https:\/\/www.youtube.com\/channel\/UC-yDYrHyfFBWWZaOw3FPg9Q\"]},{\"@type\":\"Person\",\"@id\":\"https:\/\/kapitalis.com\/tunisie\/#\/schema\/person\/d71f33a9ca44f7bad4698210b480c8e9\",\"name\":\"webmaster kapitalis\",\"url\":\"https:\/\/kapitalis.com\/tunisie\/author\/webmaster-kapitalis\/\"}]}<\/script>\n<!-- \/ Yoast SEO plugin. -->","yoast_head_json":{"title":"L\u2019Europe conclut un accord avec la Tunisie pour freiner les migrants - Kapitalis","robots":{"index":"index","follow":"follow","max-snippet":"max-snippet:-1","max-image-preview":"max-image-preview:large","max-video-preview":"max-video-preview:-1"},"canonical":"https:\/\/kapitalis.com\/tunisie\/2023\/07\/18\/leurope-conclut-un-accord-avec-la-tunisie-pour-freiner-les-migrants\/","og_locale":"fr_FR","og_type":"article","og_title":"L\u2019Europe conclut un accord avec la Tunisie pour freiner les migrants - Kapitalis","og_description":"L\u2019Union Europ\u00e9enne payera la Tunisie pour emp\u00eacher les migrants de prendre la mer.","og_url":"https:\/\/kapitalis.com\/tunisie\/2023\/07\/18\/leurope-conclut-un-accord-avec-la-tunisie-pour-freiner-les-migrants\/","og_site_name":"Kapitalis","article_publisher":"https:\/\/www.facebook.com\/KapitalisInfo\/","article_published_time":"2023-07-18T09:18:39+00:00","article_modified_time":"2023-07-18T09:18:40+00:00","og_image":[{"width":1200,"height":630,"url":"https:\/\/kapitalis.com\/tunisie\/wp-content\/uploads\/2023\/07\/Migrants-Frontiere-Tunisie-Libye1.jpg","type":"image\/jpeg"}],"author":"webmaster kapitalis","twitter_card":"summary_large_image","twitter_creator":"@KapitalisInfo","twitter_site":"@KapitalisInfo","twitter_misc":{"\u00c9crit par":"webmaster kapitalis","Dur\u00e9e de lecture estim\u00e9e":"6 minutes"},"schema":{"@context":"https:\/\/schema.org","@graph":[{"@type":"Article","@id":"https:\/\/kapitalis.com\/tunisie\/2023\/07\/18\/leurope-conclut-un-accord-avec-la-tunisie-pour-freiner-les-migrants\/#article","isPartOf":{"@id":"https:\/\/kapitalis.com\/tunisie\/2023\/07\/18\/leurope-conclut-un-accord-avec-la-tunisie-pour-freiner-les-migrants\/"},"author":{"name":"webmaster kapitalis","@id":"https:\/\/kapitalis.com\/tunisie\/#\/schema\/person\/d71f33a9ca44f7bad4698210b480c8e9"},"headline":"L\u2019Europe conclut un accord avec la Tunisie pour freiner les migrants","datePublished":"2023-07-18T09:18:39+00:00","dateModified":"2023-07-18T09:18:40+00:00","mainEntityOfPage":{"@id":"https:\/\/kapitalis.com\/tunisie\/2023\/07\/18\/leurope-conclut-un-accord-avec-la-tunisie-pour-freiner-les-migrants\/"},"wordCount":1204,"commentCount":0,"publisher":{"@id":"https:\/\/kapitalis.com\/tunisie\/#organization"},"image":{"@id":"https:\/\/kapitalis.com\/tunisie\/2023\/07\/18\/leurope-conclut-un-accord-avec-la-tunisie-pour-freiner-les-migrants\/#primaryimage"},"thumbnailUrl":"https:\/\/kapitalis.com\/tunisie\/wp-content\/uploads\/2023\/07\/Migrants-Frontiere-Tunisie-Libye1.jpg","keywords":["Giorgia Meloni","Italie","Ka\u00efs Sa\u00efed","Mark Rutte","migrants subsahariens","Monika Pronczuk","Pays-Bas","Tunisie","Union europ\u00e9enne","Ursula von der Leyen"],"articleSection":["A LA UNE","POLITIQUE","Tunisie"],"inLanguage":"fr-FR","potentialAction":[{"@type":"CommentAction","name":"Comment","target":["https:\/\/kapitalis.com\/tunisie\/2023\/07\/18\/leurope-conclut-un-accord-avec-la-tunisie-pour-freiner-les-migrants\/#respond"]}]},{"@type":"WebPage","@id":"https:\/\/kapitalis.com\/tunisie\/2023\/07\/18\/leurope-conclut-un-accord-avec-la-tunisie-pour-freiner-les-migrants\/","url":"https:\/\/kapitalis.com\/tunisie\/2023\/07\/18\/leurope-conclut-un-accord-avec-la-tunisie-pour-freiner-les-migrants\/","name":"L\u2019Europe conclut un accord avec la Tunisie pour freiner les migrants - Kapitalis","isPartOf":{"@id":"https:\/\/kapitalis.com\/tunisie\/#website"},"primaryImageOfPage":{"@id":"https:\/\/kapitalis.com\/tunisie\/2023\/07\/18\/leurope-conclut-un-accord-avec-la-tunisie-pour-freiner-les-migrants\/#primaryimage"},"image":{"@id":"https:\/\/kapitalis.com\/tunisie\/2023\/07\/18\/leurope-conclut-un-accord-avec-la-tunisie-pour-freiner-les-migrants\/#primaryimage"},"thumbnailUrl":"https:\/\/kapitalis.com\/tunisie\/wp-content\/uploads\/2023\/07\/Migrants-Frontiere-Tunisie-Libye1.jpg","datePublished":"2023-07-18T09:18:39+00:00","dateModified":"2023-07-18T09:18:40+00:00","breadcrumb":{"@id":"https:\/\/kapitalis.com\/tunisie\/2023\/07\/18\/leurope-conclut-un-accord-avec-la-tunisie-pour-freiner-les-migrants\/#breadcrumb"},"inLanguage":"fr-FR","potentialAction":[{"@type":"ReadAction","target":["https:\/\/kapitalis.com\/tunisie\/2023\/07\/18\/leurope-conclut-un-accord-avec-la-tunisie-pour-freiner-les-migrants\/"]}]},{"@type":"ImageObject","inLanguage":"fr-FR","@id":"https:\/\/kapitalis.com\/tunisie\/2023\/07\/18\/leurope-conclut-un-accord-avec-la-tunisie-pour-freiner-les-migrants\/#primaryimage","url":"https:\/\/kapitalis.com\/tunisie\/wp-content\/uploads\/2023\/07\/Migrants-Frontiere-Tunisie-Libye1.jpg","contentUrl":"https:\/\/kapitalis.com\/tunisie\/wp-content\/uploads\/2023\/07\/Migrants-Frontiere-Tunisie-Libye1.jpg","width":1200,"height":630},{"@type":"BreadcrumbList","@id":"https:\/\/kapitalis.com\/tunisie\/2023\/07\/18\/leurope-conclut-un-accord-avec-la-tunisie-pour-freiner-les-migrants\/#breadcrumb","itemListElement":[{"@type":"ListItem","position":1,"name":"Accueil","item":"https:\/\/kapitalis.com\/tunisie\/"},{"@type":"ListItem","position":2,"name":"L\u2019Europe conclut un accord avec la Tunisie pour freiner les migrants"}]},{"@type":"WebSite","@id":"https:\/\/kapitalis.com\/tunisie\/#website","url":"https:\/\/kapitalis.com\/tunisie\/","name":"Kapitalis","description":"L&#039;actualit\u00e9 en Tunisie et dans le monde","publisher":{"@id":"https:\/\/kapitalis.com\/tunisie\/#organization"},"potentialAction":[{"@type":"SearchAction","target":{"@type":"EntryPoint","urlTemplate":"https:\/\/kapitalis.com\/tunisie\/?s={search_term_string}"},"query-input":{"@type":"PropertyValueSpecification","valueRequired":true,"valueName":"search_term_string"}}],"inLanguage":"fr-FR"},{"@type":"Organization","@id":"https:\/\/kapitalis.com\/tunisie\/#organization","name":"Kapitalis","url":"https:\/\/kapitalis.com\/tunisie\/","logo":{"@type":"ImageObject","inLanguage":"fr-FR","@id":"https:\/\/kapitalis.com\/tunisie\/#\/schema\/logo\/image\/","url":"https:\/\/kapitalis.com\/tunisie\/wp-content\/uploads\/2022\/05\/Kapitalis-big-size.png","contentUrl":"https:\/\/kapitalis.com\/tunisie\/wp-content\/uploads\/2022\/05\/Kapitalis-big-size.png","width":5000,"height":1500,"caption":"Kapitalis"},"image":{"@id":"https:\/\/kapitalis.com\/tunisie\/#\/schema\/logo\/image\/"},"sameAs":["https:\/\/www.facebook.com\/KapitalisInfo\/","https:\/\/x.com\/KapitalisInfo","https:\/\/www.youtube.com\/channel\/UC-yDYrHyfFBWWZaOw3FPg9Q"]},{"@type":"Person","@id":"https:\/\/kapitalis.com\/tunisie\/#\/schema\/person\/d71f33a9ca44f7bad4698210b480c8e9","name":"webmaster kapitalis","url":"https:\/\/kapitalis.com\/tunisie\/author\/webmaster-kapitalis\/"}]}},"_links":{"self":[{"href":"https:\/\/kapitalis.com\/tunisie\/wp-json\/wp\/v2\/posts\/8930077","targetHints":{"allow":["GET"]}}],"collection":[{"href":"https:\/\/kapitalis.com\/tunisie\/wp-json\/wp\/v2\/posts"}],"about":[{"href":"https:\/\/kapitalis.com\/tunisie\/wp-json\/wp\/v2\/types\/post"}],"author":[{"embeddable":true,"href":"https:\/\/kapitalis.com\/tunisie\/wp-json\/wp\/v2\/users\/8"}],"replies":[{"embeddable":true,"href":"https:\/\/kapitalis.com\/tunisie\/wp-json\/wp\/v2\/comments?post=8930077"}],"version-history":[{"count":1,"href":"https:\/\/kapitalis.com\/tunisie\/wp-json\/wp\/v2\/posts\/8930077\/revisions"}],"predecessor-version":[{"id":8930147,"href":"https:\/\/kapitalis.com\/tunisie\/wp-json\/wp\/v2\/posts\/8930077\/revisions\/8930147"}],"wp:featuredmedia":[{"embeddable":true,"href":"https:\/\/kapitalis.com\/tunisie\/wp-json\/wp\/v2\/media\/8929755"}],"wp:attachment":[{"href":"https:\/\/kapitalis.com\/tunisie\/wp-json\/wp\/v2\/media?parent=8930077"}],"wp:term":[{"taxonomy":"category","embeddable":true,"href":"https:\/\/kapitalis.com\/tunisie\/wp-json\/wp\/v2\/categories?post=8930077"},{"taxonomy":"post_tag","embeddable":true,"href":"https:\/\/kapitalis.com\/tunisie\/wp-json\/wp\/v2\/tags?post=8930077"}],"curies":[{"name":"wp","href":"https:\/\/api.w.org\/{rel}","templated":true}]}}