{"id":8931364,"date":"2023-07-18T13:19:19","date_gmt":"2023-07-18T12:19:19","guid":{"rendered":"https:\/\/kapitalis.com\/tunisie\/?p=8931364"},"modified":"2023-07-18T13:25:03","modified_gmt":"2023-07-18T12:25:03","slug":"le-blues-des-commercants-du-centre-ville-de-tunis","status":"publish","type":"post","link":"https:\/\/kapitalis.com\/tunisie\/2023\/07\/18\/le-blues-des-commercants-du-centre-ville-de-tunis\/","title":{"rendered":"Le blues des commer\u00e7ants du centre-ville de Tunis"},"content":{"rendered":"\n<p><strong><em>Le vice-pr\u00e9sident de la Chambre nationale des propri\u00e9taires de caf\u00e9s, affili\u00e9e \u00e0 l\u2019Utica, a d\u00e9clar\u00e9 que la fermeture de l\u2019avenue Habib Bourguiba, art\u00e8re centrale de Tunis depuis 2011, a beaucoup affect\u00e9 les propri\u00e9taires de caf\u00e9s.<\/em><\/strong><\/p>\n\n\n\n<!--more-->\n\n\n\n<p>Dans une d\u00e9claration \u00e0 <a href=\"https:\/\/www.mosaiquefm.net\/ar\/%D8%AA%D9%88%D9%86%D8%B3-%D8%A3%D8%AE%D8%A8%D8%A7%D8%B1-%D9%88%D8%B7%D9%86%D9%8A%D8%A9\/1178836\/%D8%BA%D8%B1%D9%81%D8%A9-%D8%A7%D9%84%D9%85%D9%82%D8%A7%D9%87%D9%8A-%D8%AE%D8%B3%D8%B1%D9%86%D8%A7-%D8%B9%D9%85%D9%84%D8%A9-%D9%88%D9%85%D8%B1%D8%A7%D8%A8%D9%8A%D8%AD-%D9%81%D9%85%D8%AA%D9%89-%D8%AA%D8%B1%D9%81%D8%B9-%D8%A7%D9%84%D8%AD%D9%88%D8%A7%D8%AC%D8%B2-%D8%A7%D9%84%D9%85%D8%B4%D9%88-%D9%87%D8%A9-%D9%84%D9%84%D8%B9%D8%A7%D8%B5%D9%85%D8%A9\" target=\"_blank\" rel=\"noreferrer noopener\">Mosa\u00efque<\/a>, mardi 18 juillet 2023, Sadri Ben Azzouz a ajout\u00e9 que ses coll\u00e8gues ont d\u00fb se s\u00e9parer d\u2019un grand nombre de salari\u00e9s et ont subi de fortes pertes estim\u00e9es \u00e0 70% de leurs chiffres d\u2019affaires ant\u00e9rieurs \u00e0 2011. <\/p>\n\n\n\n<p>Selon le responsable syndical, la mobilit\u00e9 des citoyens et des touristes dans les principaux art\u00e8res de la capitale devrait \u00eatre facilit\u00e9e, et non le contraire. Pour cela, il a appel\u00e9 l\u2019Etat \u00e0 trouver une solution d\u00e9finitive pour ouvrir l\u2019avenue centrale et les art\u00e8res adjacentes, et notamment celles situ\u00e9es aux alentours du b\u00e2timent de l\u2019ambassade de France, afin de garantir la reprise de l\u2019activit\u00e9 pour un grand nombre de commer\u00e7ants install\u00e9s dans la zone. <\/p>\n\n\n\n<p>Les propri\u00e9taires des caf\u00e9s et des restaurants ne sont plus en mesure de poursuivre leur activit\u00e9 dans ces conditions tr\u00e8s contraignantes, a soulign\u00e9 Sadri Ben Azzouz, consid\u00e9rant que le maintien des barri\u00e8res m\u00e9talliques avec la densit\u00e9 qui les caract\u00e9rise n\u2019est plus acceptable. Il faut lever ces obstacles pour redonner \u00e0 la capitale ses vocations commerciale et touristique et permettre aux commer\u00e7ants de relancer leur activit\u00e9, de recruter davantage de salari\u00e9s et d\u2019engager une nouvelle dynamique au c\u0153ur de la capitale.<\/p>\n\n\n\n<p class=\"has-text-align-right\"><strong>I. B.<\/strong> <\/p>\n","protected":false},"excerpt":{"rendered":"<p>Les commer\u00e7ants du centre-ville de Tunis se plaignent des barri\u00e8res m\u00e9talliques de s\u00e9curit\u00e9 qui encombrent l&rsquo;avenue Bourguiba. <\/p>\n","protected":false},"author":8,"featured_media":8931481,"comment_status":"open","ping_status":"open","sticky":false,"template":"","format":"standard","meta":{"footnotes":""},"categories":[995,2433],"tags":[5484,2400,218,89549,64491,62643,940],"class_list":["post-8931364","post","type-post","status-publish","format-standard","has-post-thumbnail","hentry","category-economie","category-tunisie","tag-avenue-habib-bourguiba","tag-commercants","tag-commerce","tag-sadri-ben-azzouz","tag-tunis","tag-tunisie","tag-utica"],"yoast_head":"<!-- This site is optimized with the Yoast SEO plugin v26.6 - https:\/\/yoast.com\/wordpress\/plugins\/seo\/ -->\n<title>Le blues des commer\u00e7ants du centre-ville de Tunis - Kapitalis<\/title>\n<meta name=\"robots\" content=\"index, follow, max-snippet:-1, max-image-preview:large, max-video-preview:-1\" \/>\n<link rel=\"canonical\" href=\"https:\/\/kapitalis.com\/tunisie\/2023\/07\/18\/le-blues-des-commercants-du-centre-ville-de-tunis\/\" \/>\n<meta property=\"og:locale\" content=\"fr_FR\" \/>\n<meta property=\"og:type\" content=\"article\" \/>\n<meta property=\"og:title\" content=\"Le blues des commer\u00e7ants du centre-ville de Tunis - Kapitalis\" \/>\n<meta property=\"og:description\" content=\"Les commer\u00e7ants du centre-ville de Tunis se plaignent des barri\u00e8res m\u00e9talliques de s\u00e9curit\u00e9 qui encombrent l&#039;avenue Bourguiba.\" \/>\n<meta property=\"og:url\" content=\"https:\/\/kapitalis.com\/tunisie\/2023\/07\/18\/le-blues-des-commercants-du-centre-ville-de-tunis\/\" \/>\n<meta property=\"og:site_name\" content=\"Kapitalis\" \/>\n<meta property=\"article:publisher\" content=\"https:\/\/www.facebook.com\/KapitalisInfo\/\" \/>\n<meta property=\"article:published_time\" content=\"2023-07-18T12:19:19+00:00\" \/>\n<meta property=\"article:modified_time\" content=\"2023-07-18T12:25:03+00:00\" \/>\n<meta property=\"og:image\" content=\"https:\/\/kapitalis.com\/tunisie\/wp-content\/uploads\/2023\/07\/Tunisie-Avenue-Habib-Bourguiba.jpg\" \/>\n\t<meta property=\"og:image:width\" content=\"1200\" \/>\n\t<meta property=\"og:image:height\" content=\"630\" \/>\n\t<meta property=\"og:image:type\" content=\"image\/jpeg\" \/>\n<meta name=\"author\" content=\"webmaster kapitalis\" \/>\n<meta name=\"twitter:card\" content=\"summary_large_image\" \/>\n<meta name=\"twitter:creator\" content=\"@KapitalisInfo\" \/>\n<meta name=\"twitter:site\" content=\"@KapitalisInfo\" \/>\n<meta name=\"twitter:label1\" content=\"\u00c9crit par\" \/>\n\t<meta name=\"twitter:data1\" content=\"webmaster kapitalis\" \/>\n\t<meta name=\"twitter:label2\" content=\"Dur\u00e9e de lecture estim\u00e9e\" \/>\n\t<meta name=\"twitter:data2\" content=\"2 minutes\" \/>\n<script type=\"application\/ld+json\" class=\"yoast-schema-graph\">{\"@context\":\"https:\/\/schema.org\",\"@graph\":[{\"@type\":\"Article\",\"@id\":\"https:\/\/kapitalis.com\/tunisie\/2023\/07\/18\/le-blues-des-commercants-du-centre-ville-de-tunis\/#article\",\"isPartOf\":{\"@id\":\"https:\/\/kapitalis.com\/tunisie\/2023\/07\/18\/le-blues-des-commercants-du-centre-ville-de-tunis\/\"},\"author\":{\"name\":\"webmaster kapitalis\",\"@id\":\"https:\/\/kapitalis.com\/tunisie\/#\/schema\/person\/d71f33a9ca44f7bad4698210b480c8e9\"},\"headline\":\"Le blues des commer\u00e7ants du centre-ville de Tunis\",\"datePublished\":\"2023-07-18T12:19:19+00:00\",\"dateModified\":\"2023-07-18T12:25:03+00:00\",\"mainEntityOfPage\":{\"@id\":\"https:\/\/kapitalis.com\/tunisie\/2023\/07\/18\/le-blues-des-commercants-du-centre-ville-de-tunis\/\"},\"wordCount\":273,\"commentCount\":3,\"publisher\":{\"@id\":\"https:\/\/kapitalis.com\/tunisie\/#organization\"},\"image\":{\"@id\":\"https:\/\/kapitalis.com\/tunisie\/2023\/07\/18\/le-blues-des-commercants-du-centre-ville-de-tunis\/#primaryimage\"},\"thumbnailUrl\":\"https:\/\/kapitalis.com\/tunisie\/wp-content\/uploads\/2023\/07\/Tunisie-Avenue-Habib-Bourguiba.jpg\",\"keywords\":[\"avenue Habib Bourguiba\",\"commer\u00e7ants\",\"commerce\",\"Sadri Ben Azzouz\",\"Tunis\",\"Tunisie\",\"Utica\"],\"articleSection\":[\"ECONOMIE\",\"Tunisie\"],\"inLanguage\":\"fr-FR\",\"potentialAction\":[{\"@type\":\"CommentAction\",\"name\":\"Comment\",\"target\":[\"https:\/\/kapitalis.com\/tunisie\/2023\/07\/18\/le-blues-des-commercants-du-centre-ville-de-tunis\/#respond\"]}]},{\"@type\":\"WebPage\",\"@id\":\"https:\/\/kapitalis.com\/tunisie\/2023\/07\/18\/le-blues-des-commercants-du-centre-ville-de-tunis\/\",\"url\":\"https:\/\/kapitalis.com\/tunisie\/2023\/07\/18\/le-blues-des-commercants-du-centre-ville-de-tunis\/\",\"name\":\"Le blues des commer\u00e7ants du centre-ville de Tunis - Kapitalis\",\"isPartOf\":{\"@id\":\"https:\/\/kapitalis.com\/tunisie\/#website\"},\"primaryImageOfPage\":{\"@id\":\"https:\/\/kapitalis.com\/tunisie\/2023\/07\/18\/le-blues-des-commercants-du-centre-ville-de-tunis\/#primaryimage\"},\"image\":{\"@id\":\"https:\/\/kapitalis.com\/tunisie\/2023\/07\/18\/le-blues-des-commercants-du-centre-ville-de-tunis\/#primaryimage\"},\"thumbnailUrl\":\"https:\/\/kapitalis.com\/tunisie\/wp-content\/uploads\/2023\/07\/Tunisie-Avenue-Habib-Bourguiba.jpg\",\"datePublished\":\"2023-07-18T12:19:19+00:00\",\"dateModified\":\"2023-07-18T12:25:03+00:00\",\"breadcrumb\":{\"@id\":\"https:\/\/kapitalis.com\/tunisie\/2023\/07\/18\/le-blues-des-commercants-du-centre-ville-de-tunis\/#breadcrumb\"},\"inLanguage\":\"fr-FR\",\"potentialAction\":[{\"@type\":\"ReadAction\",\"target\":[\"https:\/\/kapitalis.com\/tunisie\/2023\/07\/18\/le-blues-des-commercants-du-centre-ville-de-tunis\/\"]}]},{\"@type\":\"ImageObject\",\"inLanguage\":\"fr-FR\",\"@id\":\"https:\/\/kapitalis.com\/tunisie\/2023\/07\/18\/le-blues-des-commercants-du-centre-ville-de-tunis\/#primaryimage\",\"url\":\"https:\/\/kapitalis.com\/tunisie\/wp-content\/uploads\/2023\/07\/Tunisie-Avenue-Habib-Bourguiba.jpg\",\"contentUrl\":\"https:\/\/kapitalis.com\/tunisie\/wp-content\/uploads\/2023\/07\/Tunisie-Avenue-Habib-Bourguiba.jpg\",\"width\":1200,\"height\":630},{\"@type\":\"BreadcrumbList\",\"@id\":\"https:\/\/kapitalis.com\/tunisie\/2023\/07\/18\/le-blues-des-commercants-du-centre-ville-de-tunis\/#breadcrumb\",\"itemListElement\":[{\"@type\":\"ListItem\",\"position\":1,\"name\":\"Accueil\",\"item\":\"https:\/\/kapitalis.com\/tunisie\/\"},{\"@type\":\"ListItem\",\"position\":2,\"name\":\"Le blues des commer\u00e7ants du centre-ville de Tunis\"}]},{\"@type\":\"WebSite\",\"@id\":\"https:\/\/kapitalis.com\/tunisie\/#website\",\"url\":\"https:\/\/kapitalis.com\/tunisie\/\",\"name\":\"Kapitalis\",\"description\":\"L&#039;actualit\u00e9 en Tunisie et dans le monde\",\"publisher\":{\"@id\":\"https:\/\/kapitalis.com\/tunisie\/#organization\"},\"potentialAction\":[{\"@type\":\"SearchAction\",\"target\":{\"@type\":\"EntryPoint\",\"urlTemplate\":\"https:\/\/kapitalis.com\/tunisie\/?s={search_term_string}\"},\"query-input\":{\"@type\":\"PropertyValueSpecification\",\"valueRequired\":true,\"valueName\":\"search_term_string\"}}],\"inLanguage\":\"fr-FR\"},{\"@type\":\"Organization\",\"@id\":\"https:\/\/kapitalis.com\/tunisie\/#organization\",\"name\":\"Kapitalis\",\"url\":\"https:\/\/kapitalis.com\/tunisie\/\",\"logo\":{\"@type\":\"ImageObject\",\"inLanguage\":\"fr-FR\",\"@id\":\"https:\/\/kapitalis.com\/tunisie\/#\/schema\/logo\/image\/\",\"url\":\"https:\/\/kapitalis.com\/tunisie\/wp-content\/uploads\/2022\/05\/Kapitalis-big-size.png\",\"contentUrl\":\"https:\/\/kapitalis.com\/tunisie\/wp-content\/uploads\/2022\/05\/Kapitalis-big-size.png\",\"width\":5000,\"height\":1500,\"caption\":\"Kapitalis\"},\"image\":{\"@id\":\"https:\/\/kapitalis.com\/tunisie\/#\/schema\/logo\/image\/\"},\"sameAs\":[\"https:\/\/www.facebook.com\/KapitalisInfo\/\",\"https:\/\/x.com\/KapitalisInfo\",\"https:\/\/www.youtube.com\/channel\/UC-yDYrHyfFBWWZaOw3FPg9Q\"]},{\"@type\":\"Person\",\"@id\":\"https:\/\/kapitalis.com\/tunisie\/#\/schema\/person\/d71f33a9ca44f7bad4698210b480c8e9\",\"name\":\"webmaster kapitalis\",\"url\":\"https:\/\/kapitalis.com\/tunisie\/author\/webmaster-kapitalis\/\"}]}<\/script>\n<!-- \/ Yoast SEO plugin. -->","yoast_head_json":{"title":"Le blues des commer\u00e7ants du centre-ville de Tunis - Kapitalis","robots":{"index":"index","follow":"follow","max-snippet":"max-snippet:-1","max-image-preview":"max-image-preview:large","max-video-preview":"max-video-preview:-1"},"canonical":"https:\/\/kapitalis.com\/tunisie\/2023\/07\/18\/le-blues-des-commercants-du-centre-ville-de-tunis\/","og_locale":"fr_FR","og_type":"article","og_title":"Le blues des commer\u00e7ants du centre-ville de Tunis - Kapitalis","og_description":"Les commer\u00e7ants du centre-ville de Tunis se plaignent des barri\u00e8res m\u00e9talliques de s\u00e9curit\u00e9 qui encombrent l'avenue Bourguiba.","og_url":"https:\/\/kapitalis.com\/tunisie\/2023\/07\/18\/le-blues-des-commercants-du-centre-ville-de-tunis\/","og_site_name":"Kapitalis","article_publisher":"https:\/\/www.facebook.com\/KapitalisInfo\/","article_published_time":"2023-07-18T12:19:19+00:00","article_modified_time":"2023-07-18T12:25:03+00:00","og_image":[{"width":1200,"height":630,"url":"https:\/\/kapitalis.com\/tunisie\/wp-content\/uploads\/2023\/07\/Tunisie-Avenue-Habib-Bourguiba.jpg","type":"image\/jpeg"}],"author":"webmaster kapitalis","twitter_card":"summary_large_image","twitter_creator":"@KapitalisInfo","twitter_site":"@KapitalisInfo","twitter_misc":{"\u00c9crit par":"webmaster kapitalis","Dur\u00e9e de lecture estim\u00e9e":"2 minutes"},"schema":{"@context":"https:\/\/schema.org","@graph":[{"@type":"Article","@id":"https:\/\/kapitalis.com\/tunisie\/2023\/07\/18\/le-blues-des-commercants-du-centre-ville-de-tunis\/#article","isPartOf":{"@id":"https:\/\/kapitalis.com\/tunisie\/2023\/07\/18\/le-blues-des-commercants-du-centre-ville-de-tunis\/"},"author":{"name":"webmaster kapitalis","@id":"https:\/\/kapitalis.com\/tunisie\/#\/schema\/person\/d71f33a9ca44f7bad4698210b480c8e9"},"headline":"Le blues des commer\u00e7ants du centre-ville de Tunis","datePublished":"2023-07-18T12:19:19+00:00","dateModified":"2023-07-18T12:25:03+00:00","mainEntityOfPage":{"@id":"https:\/\/kapitalis.com\/tunisie\/2023\/07\/18\/le-blues-des-commercants-du-centre-ville-de-tunis\/"},"wordCount":273,"commentCount":3,"publisher":{"@id":"https:\/\/kapitalis.com\/tunisie\/#organization"},"image":{"@id":"https:\/\/kapitalis.com\/tunisie\/2023\/07\/18\/le-blues-des-commercants-du-centre-ville-de-tunis\/#primaryimage"},"thumbnailUrl":"https:\/\/kapitalis.com\/tunisie\/wp-content\/uploads\/2023\/07\/Tunisie-Avenue-Habib-Bourguiba.jpg","keywords":["avenue Habib Bourguiba","commer\u00e7ants","commerce","Sadri Ben Azzouz","Tunis","Tunisie","Utica"],"articleSection":["ECONOMIE","Tunisie"],"inLanguage":"fr-FR","potentialAction":[{"@type":"CommentAction","name":"Comment","target":["https:\/\/kapitalis.com\/tunisie\/2023\/07\/18\/le-blues-des-commercants-du-centre-ville-de-tunis\/#respond"]}]},{"@type":"WebPage","@id":"https:\/\/kapitalis.com\/tunisie\/2023\/07\/18\/le-blues-des-commercants-du-centre-ville-de-tunis\/","url":"https:\/\/kapitalis.com\/tunisie\/2023\/07\/18\/le-blues-des-commercants-du-centre-ville-de-tunis\/","name":"Le blues des commer\u00e7ants du centre-ville de Tunis - Kapitalis","isPartOf":{"@id":"https:\/\/kapitalis.com\/tunisie\/#website"},"primaryImageOfPage":{"@id":"https:\/\/kapitalis.com\/tunisie\/2023\/07\/18\/le-blues-des-commercants-du-centre-ville-de-tunis\/#primaryimage"},"image":{"@id":"https:\/\/kapitalis.com\/tunisie\/2023\/07\/18\/le-blues-des-commercants-du-centre-ville-de-tunis\/#primaryimage"},"thumbnailUrl":"https:\/\/kapitalis.com\/tunisie\/wp-content\/uploads\/2023\/07\/Tunisie-Avenue-Habib-Bourguiba.jpg","datePublished":"2023-07-18T12:19:19+00:00","dateModified":"2023-07-18T12:25:03+00:00","breadcrumb":{"@id":"https:\/\/kapitalis.com\/tunisie\/2023\/07\/18\/le-blues-des-commercants-du-centre-ville-de-tunis\/#breadcrumb"},"inLanguage":"fr-FR","potentialAction":[{"@type":"ReadAction","target":["https:\/\/kapitalis.com\/tunisie\/2023\/07\/18\/le-blues-des-commercants-du-centre-ville-de-tunis\/"]}]},{"@type":"ImageObject","inLanguage":"fr-FR","@id":"https:\/\/kapitalis.com\/tunisie\/2023\/07\/18\/le-blues-des-commercants-du-centre-ville-de-tunis\/#primaryimage","url":"https:\/\/kapitalis.com\/tunisie\/wp-content\/uploads\/2023\/07\/Tunisie-Avenue-Habib-Bourguiba.jpg","contentUrl":"https:\/\/kapitalis.com\/tunisie\/wp-content\/uploads\/2023\/07\/Tunisie-Avenue-Habib-Bourguiba.jpg","width":1200,"height":630},{"@type":"BreadcrumbList","@id":"https:\/\/kapitalis.com\/tunisie\/2023\/07\/18\/le-blues-des-commercants-du-centre-ville-de-tunis\/#breadcrumb","itemListElement":[{"@type":"ListItem","position":1,"name":"Accueil","item":"https:\/\/kapitalis.com\/tunisie\/"},{"@type":"ListItem","position":2,"name":"Le blues des commer\u00e7ants du centre-ville de Tunis"}]},{"@type":"WebSite","@id":"https:\/\/kapitalis.com\/tunisie\/#website","url":"https:\/\/kapitalis.com\/tunisie\/","name":"Kapitalis","description":"L&#039;actualit\u00e9 en Tunisie et dans le monde","publisher":{"@id":"https:\/\/kapitalis.com\/tunisie\/#organization"},"potentialAction":[{"@type":"SearchAction","target":{"@type":"EntryPoint","urlTemplate":"https:\/\/kapitalis.com\/tunisie\/?s={search_term_string}"},"query-input":{"@type":"PropertyValueSpecification","valueRequired":true,"valueName":"search_term_string"}}],"inLanguage":"fr-FR"},{"@type":"Organization","@id":"https:\/\/kapitalis.com\/tunisie\/#organization","name":"Kapitalis","url":"https:\/\/kapitalis.com\/tunisie\/","logo":{"@type":"ImageObject","inLanguage":"fr-FR","@id":"https:\/\/kapitalis.com\/tunisie\/#\/schema\/logo\/image\/","url":"https:\/\/kapitalis.com\/tunisie\/wp-content\/uploads\/2022\/05\/Kapitalis-big-size.png","contentUrl":"https:\/\/kapitalis.com\/tunisie\/wp-content\/uploads\/2022\/05\/Kapitalis-big-size.png","width":5000,"height":1500,"caption":"Kapitalis"},"image":{"@id":"https:\/\/kapitalis.com\/tunisie\/#\/schema\/logo\/image\/"},"sameAs":["https:\/\/www.facebook.com\/KapitalisInfo\/","https:\/\/x.com\/KapitalisInfo","https:\/\/www.youtube.com\/channel\/UC-yDYrHyfFBWWZaOw3FPg9Q"]},{"@type":"Person","@id":"https:\/\/kapitalis.com\/tunisie\/#\/schema\/person\/d71f33a9ca44f7bad4698210b480c8e9","name":"webmaster kapitalis","url":"https:\/\/kapitalis.com\/tunisie\/author\/webmaster-kapitalis\/"}]}},"_links":{"self":[{"href":"https:\/\/kapitalis.com\/tunisie\/wp-json\/wp\/v2\/posts\/8931364","targetHints":{"allow":["GET"]}}],"collection":[{"href":"https:\/\/kapitalis.com\/tunisie\/wp-json\/wp\/v2\/posts"}],"about":[{"href":"https:\/\/kapitalis.com\/tunisie\/wp-json\/wp\/v2\/types\/post"}],"author":[{"embeddable":true,"href":"https:\/\/kapitalis.com\/tunisie\/wp-json\/wp\/v2\/users\/8"}],"replies":[{"embeddable":true,"href":"https:\/\/kapitalis.com\/tunisie\/wp-json\/wp\/v2\/comments?post=8931364"}],"version-history":[{"count":2,"href":"https:\/\/kapitalis.com\/tunisie\/wp-json\/wp\/v2\/posts\/8931364\/revisions"}],"predecessor-version":[{"id":8931549,"href":"https:\/\/kapitalis.com\/tunisie\/wp-json\/wp\/v2\/posts\/8931364\/revisions\/8931549"}],"wp:featuredmedia":[{"embeddable":true,"href":"https:\/\/kapitalis.com\/tunisie\/wp-json\/wp\/v2\/media\/8931481"}],"wp:attachment":[{"href":"https:\/\/kapitalis.com\/tunisie\/wp-json\/wp\/v2\/media?parent=8931364"}],"wp:term":[{"taxonomy":"category","embeddable":true,"href":"https:\/\/kapitalis.com\/tunisie\/wp-json\/wp\/v2\/categories?post=8931364"},{"taxonomy":"post_tag","embeddable":true,"href":"https:\/\/kapitalis.com\/tunisie\/wp-json\/wp\/v2\/tags?post=8931364"}],"curies":[{"name":"wp","href":"https:\/\/api.w.org\/{rel}","templated":true}]}}