{"id":8935791,"date":"2023-07-19T00:48:22","date_gmt":"2023-07-18T23:48:22","guid":{"rendered":"https:\/\/kapitalis.com\/tunisie\/?p=8935791"},"modified":"2023-07-19T00:49:13","modified_gmt":"2023-07-18T23:49:13","slug":"le-fsn-denonce-linterdiction-dapparaitre-dans-les-espaces-publics-visant-chaima-issa-et-lazhar-akremi","status":"publish","type":"post","link":"https:\/\/kapitalis.com\/tunisie\/2023\/07\/19\/le-fsn-denonce-linterdiction-dapparaitre-dans-les-espaces-publics-visant-chaima-issa-et-lazhar-akremi\/","title":{"rendered":"Le FSN d\u00e9nonce l&rsquo;interdiction d&rsquo;appara\u00eetre dans les espaces publics visant Chaima Issa et Lazhar Akremi"},"content":{"rendered":"\n<p><em><strong>Le Front du Salut national (FSN) a fermement d\u00e9nonc\u00e9, ce mardi juillet 2023, la d\u00e9cision d&rsquo;interdiction d&rsquo;appara\u00eetre dans les espaces publics visant Chaima Issa et Lazhar Akremi, remis en libert\u00e9 la semaine derni\u00e8re apr\u00e8s plus de quatre mois de d\u00e9tention.<\/strong><\/em><\/p>\n\n\n\n<!--more-->\n\n\n\n<p>Poursuivis dans l&rsquo;affaire dite de complot contre la s\u00fbret\u00e9 de l\u2019\u00c9tat, Chaima Issa et Lazhar Akremi ont fait, apr\u00e8s leur lib\u00e9ration, l\u2019objet d\u2019une interdiction de voyage ainsi que d\u2019apparition dans les espaces publics, ce que le FSN qualifie de \u00ab<em>d\u00e9cision arbitraire et \u00e0 caract\u00e8re politique<\/em>\u00bb.<\/p>\n\n\n\n<p>Dans son communiqu\u00e9, le FSN pr\u00e9sid\u00e9 par Ahmed Nejib Chebbi et soutenu par des partis de l&rsquo;opposition, a par ailleurs r\u00e9it\u00e9r\u00e9 sa demande de lib\u00e9ration de toutes les personnes en d\u00e9tention et poursuivies dans le cadre de l&rsquo;affaire dite de complot contre l\u2019\u00c9tat, estimant que <em>\u00abl&rsquo;affaire est mont\u00e9e de toutes pi\u00e8ces et qu&rsquo;ils sont injustement incarc\u00e9r\u00e9s<\/em>\u00bb.<\/p>\n\n\n\n<p class=\"has-text-align-right\"><strong>Y. N.<\/strong><\/p>\n\n\n\n<figure class=\"wp-block-embed is-type-wp-embed is-provider-kapitalis wp-block-embed-kapitalis\"><div class=\"wp-block-embed__wrapper\">\n<blockquote class=\"wp-embedded-content\" data-secret=\"zN1ozhpfpY\"><a href=\"https:\/\/kapitalis.com\/tunisie\/2023\/07\/18\/chaima-issa-et-lazhar-akremi-interdits-de-voyage-et-dapparition-dans-les-espaces-publics\/\">Chaima Issa et Lazhar Akremi interdits de voyage et \u00abd\u2019apparition dans les espaces publics\u00bb<\/a><\/blockquote><iframe loading=\"lazy\" class=\"wp-embedded-content\" sandbox=\"allow-scripts\" security=\"restricted\" style=\"position: absolute; clip: rect(1px, 1px, 1px, 1px);\" title=\"\u00ab\u00a0Chaima Issa et Lazhar Akremi interdits de voyage et \u00abd\u2019apparition dans les espaces publics\u00bb\u00a0\u00bb &#8212; Kapitalis\" src=\"https:\/\/kapitalis.com\/tunisie\/2023\/07\/18\/chaima-issa-et-lazhar-akremi-interdits-de-voyage-et-dapparition-dans-les-espaces-publics\/embed\/#?secret=30EOojup8s#?secret=zN1ozhpfpY\" data-secret=\"zN1ozhpfpY\" width=\"600\" height=\"338\" frameborder=\"0\" marginwidth=\"0\" marginheight=\"0\" scrolling=\"no\"><\/iframe>\n<\/div><\/figure>\n","protected":false},"excerpt":{"rendered":"<p>Le FSN d\u00e9nonce l&rsquo;interdiction d&rsquo;appara\u00eetre dans les espaces publics visant Chaima Issa et Lazhar Akremi<\/p>\n","protected":false},"author":6,"featured_media":6762274,"comment_status":"open","ping_status":"open","sticky":false,"template":"","format":"standard","meta":{"footnotes":""},"categories":[997,2433],"tags":[106014,102922,64355,536,10913,62643],"class_list":["post-8935791","post","type-post","status-publish","format-standard","has-post-thumbnail","hentry","category-politique","category-tunisie","tag-chaima-issa","tag-fsn","tag-justice","tag-lazhar-akremi","tag-liberte-provisoire","tag-tunisie"],"yoast_head":"<!-- This site is optimized with the Yoast SEO plugin v26.6 - https:\/\/yoast.com\/wordpress\/plugins\/seo\/ -->\n<title>Le FSN d\u00e9nonce l&#039;interdiction d&#039;appara\u00eetre dans les espaces publics visant Chaima Issa et Lazhar Akremi - Kapitalis<\/title>\n<meta name=\"description\" content=\"Le Front du Salut national (FSN) a fermement d\u00e9nonc\u00e9, ce mardi juillet 2023, la d\u00e9cision d&#039;interdiction d&#039;appara\u00eetre dans les espaces publics visant Chaima Issa et Lazhar Akremi, remis en libert\u00e9 la semaine derni\u00e8re apr\u00e8s plus de qutre mois de d\u00e9tention.\" \/>\n<meta name=\"robots\" content=\"index, follow, max-snippet:-1, max-image-preview:large, max-video-preview:-1\" \/>\n<link rel=\"canonical\" href=\"https:\/\/kapitalis.com\/tunisie\/2023\/07\/19\/le-fsn-denonce-linterdiction-dapparaitre-dans-les-espaces-publics-visant-chaima-issa-et-lazhar-akremi\/\" \/>\n<meta property=\"og:locale\" content=\"fr_FR\" \/>\n<meta property=\"og:type\" content=\"article\" \/>\n<meta property=\"og:title\" content=\"Le FSN d\u00e9nonce l&#039;interdiction d&#039;appara\u00eetre dans les espaces publics visant Chaima Issa et Lazhar Akremi - Kapitalis\" \/>\n<meta property=\"og:description\" content=\"Le Front du Salut national (FSN) a fermement d\u00e9nonc\u00e9, ce mardi juillet 2023, la d\u00e9cision d&#039;interdiction d&#039;appara\u00eetre dans les espaces publics visant Chaima Issa et Lazhar Akremi, remis en libert\u00e9 la semaine derni\u00e8re apr\u00e8s plus de qutre mois de d\u00e9tention.\" \/>\n<meta property=\"og:url\" content=\"https:\/\/kapitalis.com\/tunisie\/2023\/07\/19\/le-fsn-denonce-linterdiction-dapparaitre-dans-les-espaces-publics-visant-chaima-issa-et-lazhar-akremi\/\" \/>\n<meta property=\"og:site_name\" content=\"Kapitalis\" \/>\n<meta property=\"article:publisher\" content=\"https:\/\/www.facebook.com\/KapitalisInfo\/\" \/>\n<meta property=\"article:published_time\" content=\"2023-07-18T23:48:22+00:00\" \/>\n<meta property=\"article:modified_time\" content=\"2023-07-18T23:49:13+00:00\" \/>\n<meta property=\"og:image\" content=\"https:\/\/kapitalis.com\/tunisie\/wp-content\/uploads\/2023\/03\/FSN.jpg\" \/>\n\t<meta property=\"og:image:width\" content=\"1200\" \/>\n\t<meta property=\"og:image:height\" content=\"630\" \/>\n\t<meta property=\"og:image:type\" content=\"image\/jpeg\" \/>\n<meta name=\"author\" content=\"Yusra NY\" \/>\n<meta name=\"twitter:card\" content=\"summary_large_image\" \/>\n<meta name=\"twitter:creator\" content=\"@KapitalisInfo\" \/>\n<meta name=\"twitter:site\" content=\"@KapitalisInfo\" \/>\n<meta name=\"twitter:label1\" content=\"\u00c9crit par\" \/>\n\t<meta name=\"twitter:data1\" content=\"Yusra NY\" \/>\n\t<meta name=\"twitter:label2\" content=\"Dur\u00e9e de lecture estim\u00e9e\" \/>\n\t<meta name=\"twitter:data2\" content=\"1 minute\" \/>\n<script type=\"application\/ld+json\" class=\"yoast-schema-graph\">{\"@context\":\"https:\/\/schema.org\",\"@graph\":[{\"@type\":\"Article\",\"@id\":\"https:\/\/kapitalis.com\/tunisie\/2023\/07\/19\/le-fsn-denonce-linterdiction-dapparaitre-dans-les-espaces-publics-visant-chaima-issa-et-lazhar-akremi\/#article\",\"isPartOf\":{\"@id\":\"https:\/\/kapitalis.com\/tunisie\/2023\/07\/19\/le-fsn-denonce-linterdiction-dapparaitre-dans-les-espaces-publics-visant-chaima-issa-et-lazhar-akremi\/\"},\"author\":{\"name\":\"Yusra NY\",\"@id\":\"https:\/\/kapitalis.com\/tunisie\/#\/schema\/person\/74bbde0154d49d790a92aaeac5bc01d5\"},\"headline\":\"Le FSN d\u00e9nonce l&rsquo;interdiction d&rsquo;appara\u00eetre dans les espaces publics visant Chaima Issa et Lazhar Akremi\",\"datePublished\":\"2023-07-18T23:48:22+00:00\",\"dateModified\":\"2023-07-18T23:49:13+00:00\",\"mainEntityOfPage\":{\"@id\":\"https:\/\/kapitalis.com\/tunisie\/2023\/07\/19\/le-fsn-denonce-linterdiction-dapparaitre-dans-les-espaces-publics-visant-chaima-issa-et-lazhar-akremi\/\"},\"wordCount\":188,\"commentCount\":0,\"publisher\":{\"@id\":\"https:\/\/kapitalis.com\/tunisie\/#organization\"},\"image\":{\"@id\":\"https:\/\/kapitalis.com\/tunisie\/2023\/07\/19\/le-fsn-denonce-linterdiction-dapparaitre-dans-les-espaces-publics-visant-chaima-issa-et-lazhar-akremi\/#primaryimage\"},\"thumbnailUrl\":\"https:\/\/kapitalis.com\/tunisie\/wp-content\/uploads\/2023\/03\/FSN.jpg\",\"keywords\":[\"Chaima Issa\",\"FSN\",\"justice\",\"Lazhar Akremi\",\"libert\u00e9 provisoire\",\"Tunisie\"],\"articleSection\":[\"POLITIQUE\",\"Tunisie\"],\"inLanguage\":\"fr-FR\",\"potentialAction\":[{\"@type\":\"CommentAction\",\"name\":\"Comment\",\"target\":[\"https:\/\/kapitalis.com\/tunisie\/2023\/07\/19\/le-fsn-denonce-linterdiction-dapparaitre-dans-les-espaces-publics-visant-chaima-issa-et-lazhar-akremi\/#respond\"]}]},{\"@type\":\"WebPage\",\"@id\":\"https:\/\/kapitalis.com\/tunisie\/2023\/07\/19\/le-fsn-denonce-linterdiction-dapparaitre-dans-les-espaces-publics-visant-chaima-issa-et-lazhar-akremi\/\",\"url\":\"https:\/\/kapitalis.com\/tunisie\/2023\/07\/19\/le-fsn-denonce-linterdiction-dapparaitre-dans-les-espaces-publics-visant-chaima-issa-et-lazhar-akremi\/\",\"name\":\"Le FSN d\u00e9nonce l'interdiction d'appara\u00eetre dans les espaces publics visant Chaima Issa et Lazhar Akremi - Kapitalis\",\"isPartOf\":{\"@id\":\"https:\/\/kapitalis.com\/tunisie\/#website\"},\"primaryImageOfPage\":{\"@id\":\"https:\/\/kapitalis.com\/tunisie\/2023\/07\/19\/le-fsn-denonce-linterdiction-dapparaitre-dans-les-espaces-publics-visant-chaima-issa-et-lazhar-akremi\/#primaryimage\"},\"image\":{\"@id\":\"https:\/\/kapitalis.com\/tunisie\/2023\/07\/19\/le-fsn-denonce-linterdiction-dapparaitre-dans-les-espaces-publics-visant-chaima-issa-et-lazhar-akremi\/#primaryimage\"},\"thumbnailUrl\":\"https:\/\/kapitalis.com\/tunisie\/wp-content\/uploads\/2023\/03\/FSN.jpg\",\"datePublished\":\"2023-07-18T23:48:22+00:00\",\"dateModified\":\"2023-07-18T23:49:13+00:00\",\"description\":\"Le Front du Salut national (FSN) a fermement d\u00e9nonc\u00e9, ce mardi juillet 2023, la d\u00e9cision d'interdiction d'appara\u00eetre dans les espaces publics visant Chaima Issa et Lazhar Akremi, remis en libert\u00e9 la semaine derni\u00e8re apr\u00e8s plus de qutre mois de d\u00e9tention.\",\"breadcrumb\":{\"@id\":\"https:\/\/kapitalis.com\/tunisie\/2023\/07\/19\/le-fsn-denonce-linterdiction-dapparaitre-dans-les-espaces-publics-visant-chaima-issa-et-lazhar-akremi\/#breadcrumb\"},\"inLanguage\":\"fr-FR\",\"potentialAction\":[{\"@type\":\"ReadAction\",\"target\":[\"https:\/\/kapitalis.com\/tunisie\/2023\/07\/19\/le-fsn-denonce-linterdiction-dapparaitre-dans-les-espaces-publics-visant-chaima-issa-et-lazhar-akremi\/\"]}]},{\"@type\":\"ImageObject\",\"inLanguage\":\"fr-FR\",\"@id\":\"https:\/\/kapitalis.com\/tunisie\/2023\/07\/19\/le-fsn-denonce-linterdiction-dapparaitre-dans-les-espaces-publics-visant-chaima-issa-et-lazhar-akremi\/#primaryimage\",\"url\":\"https:\/\/kapitalis.com\/tunisie\/wp-content\/uploads\/2023\/03\/FSN.jpg\",\"contentUrl\":\"https:\/\/kapitalis.com\/tunisie\/wp-content\/uploads\/2023\/03\/FSN.jpg\",\"width\":1200,\"height\":630},{\"@type\":\"BreadcrumbList\",\"@id\":\"https:\/\/kapitalis.com\/tunisie\/2023\/07\/19\/le-fsn-denonce-linterdiction-dapparaitre-dans-les-espaces-publics-visant-chaima-issa-et-lazhar-akremi\/#breadcrumb\",\"itemListElement\":[{\"@type\":\"ListItem\",\"position\":1,\"name\":\"Accueil\",\"item\":\"https:\/\/kapitalis.com\/tunisie\/\"},{\"@type\":\"ListItem\",\"position\":2,\"name\":\"Le FSN d\u00e9nonce l&rsquo;interdiction d&rsquo;appara\u00eetre dans les espaces publics visant Chaima Issa et Lazhar Akremi\"}]},{\"@type\":\"WebSite\",\"@id\":\"https:\/\/kapitalis.com\/tunisie\/#website\",\"url\":\"https:\/\/kapitalis.com\/tunisie\/\",\"name\":\"Kapitalis\",\"description\":\"L&#039;actualit\u00e9 en Tunisie et dans le monde\",\"publisher\":{\"@id\":\"https:\/\/kapitalis.com\/tunisie\/#organization\"},\"potentialAction\":[{\"@type\":\"SearchAction\",\"target\":{\"@type\":\"EntryPoint\",\"urlTemplate\":\"https:\/\/kapitalis.com\/tunisie\/?s={search_term_string}\"},\"query-input\":{\"@type\":\"PropertyValueSpecification\",\"valueRequired\":true,\"valueName\":\"search_term_string\"}}],\"inLanguage\":\"fr-FR\"},{\"@type\":\"Organization\",\"@id\":\"https:\/\/kapitalis.com\/tunisie\/#organization\",\"name\":\"Kapitalis\",\"url\":\"https:\/\/kapitalis.com\/tunisie\/\",\"logo\":{\"@type\":\"ImageObject\",\"inLanguage\":\"fr-FR\",\"@id\":\"https:\/\/kapitalis.com\/tunisie\/#\/schema\/logo\/image\/\",\"url\":\"https:\/\/kapitalis.com\/tunisie\/wp-content\/uploads\/2022\/05\/Kapitalis-big-size.png\",\"contentUrl\":\"https:\/\/kapitalis.com\/tunisie\/wp-content\/uploads\/2022\/05\/Kapitalis-big-size.png\",\"width\":5000,\"height\":1500,\"caption\":\"Kapitalis\"},\"image\":{\"@id\":\"https:\/\/kapitalis.com\/tunisie\/#\/schema\/logo\/image\/\"},\"sameAs\":[\"https:\/\/www.facebook.com\/KapitalisInfo\/\",\"https:\/\/x.com\/KapitalisInfo\",\"https:\/\/www.youtube.com\/channel\/UC-yDYrHyfFBWWZaOw3FPg9Q\"]},{\"@type\":\"Person\",\"@id\":\"https:\/\/kapitalis.com\/tunisie\/#\/schema\/person\/74bbde0154d49d790a92aaeac5bc01d5\",\"name\":\"Yusra NY\",\"url\":\"https:\/\/kapitalis.com\/tunisie\/author\/yuza_adam\/\"}]}<\/script>\n<!-- \/ Yoast SEO plugin. -->","yoast_head_json":{"title":"Le FSN d\u00e9nonce l'interdiction d'appara\u00eetre dans les espaces publics visant Chaima Issa et Lazhar Akremi - Kapitalis","description":"Le Front du Salut national (FSN) a fermement d\u00e9nonc\u00e9, ce mardi juillet 2023, la d\u00e9cision d'interdiction d'appara\u00eetre dans les espaces publics visant Chaima Issa et Lazhar Akremi, remis en libert\u00e9 la semaine derni\u00e8re apr\u00e8s plus de qutre mois de d\u00e9tention.","robots":{"index":"index","follow":"follow","max-snippet":"max-snippet:-1","max-image-preview":"max-image-preview:large","max-video-preview":"max-video-preview:-1"},"canonical":"https:\/\/kapitalis.com\/tunisie\/2023\/07\/19\/le-fsn-denonce-linterdiction-dapparaitre-dans-les-espaces-publics-visant-chaima-issa-et-lazhar-akremi\/","og_locale":"fr_FR","og_type":"article","og_title":"Le FSN d\u00e9nonce l'interdiction d'appara\u00eetre dans les espaces publics visant Chaima Issa et Lazhar Akremi - Kapitalis","og_description":"Le Front du Salut national (FSN) a fermement d\u00e9nonc\u00e9, ce mardi juillet 2023, la d\u00e9cision d'interdiction d'appara\u00eetre dans les espaces publics visant Chaima Issa et Lazhar Akremi, remis en libert\u00e9 la semaine derni\u00e8re apr\u00e8s plus de qutre mois de d\u00e9tention.","og_url":"https:\/\/kapitalis.com\/tunisie\/2023\/07\/19\/le-fsn-denonce-linterdiction-dapparaitre-dans-les-espaces-publics-visant-chaima-issa-et-lazhar-akremi\/","og_site_name":"Kapitalis","article_publisher":"https:\/\/www.facebook.com\/KapitalisInfo\/","article_published_time":"2023-07-18T23:48:22+00:00","article_modified_time":"2023-07-18T23:49:13+00:00","og_image":[{"width":1200,"height":630,"url":"https:\/\/kapitalis.com\/tunisie\/wp-content\/uploads\/2023\/03\/FSN.jpg","type":"image\/jpeg"}],"author":"Yusra NY","twitter_card":"summary_large_image","twitter_creator":"@KapitalisInfo","twitter_site":"@KapitalisInfo","twitter_misc":{"\u00c9crit par":"Yusra NY","Dur\u00e9e de lecture estim\u00e9e":"1 minute"},"schema":{"@context":"https:\/\/schema.org","@graph":[{"@type":"Article","@id":"https:\/\/kapitalis.com\/tunisie\/2023\/07\/19\/le-fsn-denonce-linterdiction-dapparaitre-dans-les-espaces-publics-visant-chaima-issa-et-lazhar-akremi\/#article","isPartOf":{"@id":"https:\/\/kapitalis.com\/tunisie\/2023\/07\/19\/le-fsn-denonce-linterdiction-dapparaitre-dans-les-espaces-publics-visant-chaima-issa-et-lazhar-akremi\/"},"author":{"name":"Yusra NY","@id":"https:\/\/kapitalis.com\/tunisie\/#\/schema\/person\/74bbde0154d49d790a92aaeac5bc01d5"},"headline":"Le FSN d\u00e9nonce l&rsquo;interdiction d&rsquo;appara\u00eetre dans les espaces publics visant Chaima Issa et Lazhar Akremi","datePublished":"2023-07-18T23:48:22+00:00","dateModified":"2023-07-18T23:49:13+00:00","mainEntityOfPage":{"@id":"https:\/\/kapitalis.com\/tunisie\/2023\/07\/19\/le-fsn-denonce-linterdiction-dapparaitre-dans-les-espaces-publics-visant-chaima-issa-et-lazhar-akremi\/"},"wordCount":188,"commentCount":0,"publisher":{"@id":"https:\/\/kapitalis.com\/tunisie\/#organization"},"image":{"@id":"https:\/\/kapitalis.com\/tunisie\/2023\/07\/19\/le-fsn-denonce-linterdiction-dapparaitre-dans-les-espaces-publics-visant-chaima-issa-et-lazhar-akremi\/#primaryimage"},"thumbnailUrl":"https:\/\/kapitalis.com\/tunisie\/wp-content\/uploads\/2023\/03\/FSN.jpg","keywords":["Chaima Issa","FSN","justice","Lazhar Akremi","libert\u00e9 provisoire","Tunisie"],"articleSection":["POLITIQUE","Tunisie"],"inLanguage":"fr-FR","potentialAction":[{"@type":"CommentAction","name":"Comment","target":["https:\/\/kapitalis.com\/tunisie\/2023\/07\/19\/le-fsn-denonce-linterdiction-dapparaitre-dans-les-espaces-publics-visant-chaima-issa-et-lazhar-akremi\/#respond"]}]},{"@type":"WebPage","@id":"https:\/\/kapitalis.com\/tunisie\/2023\/07\/19\/le-fsn-denonce-linterdiction-dapparaitre-dans-les-espaces-publics-visant-chaima-issa-et-lazhar-akremi\/","url":"https:\/\/kapitalis.com\/tunisie\/2023\/07\/19\/le-fsn-denonce-linterdiction-dapparaitre-dans-les-espaces-publics-visant-chaima-issa-et-lazhar-akremi\/","name":"Le FSN d\u00e9nonce l'interdiction d'appara\u00eetre dans les espaces publics visant Chaima Issa et Lazhar Akremi - Kapitalis","isPartOf":{"@id":"https:\/\/kapitalis.com\/tunisie\/#website"},"primaryImageOfPage":{"@id":"https:\/\/kapitalis.com\/tunisie\/2023\/07\/19\/le-fsn-denonce-linterdiction-dapparaitre-dans-les-espaces-publics-visant-chaima-issa-et-lazhar-akremi\/#primaryimage"},"image":{"@id":"https:\/\/kapitalis.com\/tunisie\/2023\/07\/19\/le-fsn-denonce-linterdiction-dapparaitre-dans-les-espaces-publics-visant-chaima-issa-et-lazhar-akremi\/#primaryimage"},"thumbnailUrl":"https:\/\/kapitalis.com\/tunisie\/wp-content\/uploads\/2023\/03\/FSN.jpg","datePublished":"2023-07-18T23:48:22+00:00","dateModified":"2023-07-18T23:49:13+00:00","description":"Le Front du Salut national (FSN) a fermement d\u00e9nonc\u00e9, ce mardi juillet 2023, la d\u00e9cision d'interdiction d'appara\u00eetre dans les espaces publics visant Chaima Issa et Lazhar Akremi, remis en libert\u00e9 la semaine derni\u00e8re apr\u00e8s plus de qutre mois de d\u00e9tention.","breadcrumb":{"@id":"https:\/\/kapitalis.com\/tunisie\/2023\/07\/19\/le-fsn-denonce-linterdiction-dapparaitre-dans-les-espaces-publics-visant-chaima-issa-et-lazhar-akremi\/#breadcrumb"},"inLanguage":"fr-FR","potentialAction":[{"@type":"ReadAction","target":["https:\/\/kapitalis.com\/tunisie\/2023\/07\/19\/le-fsn-denonce-linterdiction-dapparaitre-dans-les-espaces-publics-visant-chaima-issa-et-lazhar-akremi\/"]}]},{"@type":"ImageObject","inLanguage":"fr-FR","@id":"https:\/\/kapitalis.com\/tunisie\/2023\/07\/19\/le-fsn-denonce-linterdiction-dapparaitre-dans-les-espaces-publics-visant-chaima-issa-et-lazhar-akremi\/#primaryimage","url":"https:\/\/kapitalis.com\/tunisie\/wp-content\/uploads\/2023\/03\/FSN.jpg","contentUrl":"https:\/\/kapitalis.com\/tunisie\/wp-content\/uploads\/2023\/03\/FSN.jpg","width":1200,"height":630},{"@type":"BreadcrumbList","@id":"https:\/\/kapitalis.com\/tunisie\/2023\/07\/19\/le-fsn-denonce-linterdiction-dapparaitre-dans-les-espaces-publics-visant-chaima-issa-et-lazhar-akremi\/#breadcrumb","itemListElement":[{"@type":"ListItem","position":1,"name":"Accueil","item":"https:\/\/kapitalis.com\/tunisie\/"},{"@type":"ListItem","position":2,"name":"Le FSN d\u00e9nonce l&rsquo;interdiction d&rsquo;appara\u00eetre dans les espaces publics visant Chaima Issa et Lazhar Akremi"}]},{"@type":"WebSite","@id":"https:\/\/kapitalis.com\/tunisie\/#website","url":"https:\/\/kapitalis.com\/tunisie\/","name":"Kapitalis","description":"L&#039;actualit\u00e9 en Tunisie et dans le monde","publisher":{"@id":"https:\/\/kapitalis.com\/tunisie\/#organization"},"potentialAction":[{"@type":"SearchAction","target":{"@type":"EntryPoint","urlTemplate":"https:\/\/kapitalis.com\/tunisie\/?s={search_term_string}"},"query-input":{"@type":"PropertyValueSpecification","valueRequired":true,"valueName":"search_term_string"}}],"inLanguage":"fr-FR"},{"@type":"Organization","@id":"https:\/\/kapitalis.com\/tunisie\/#organization","name":"Kapitalis","url":"https:\/\/kapitalis.com\/tunisie\/","logo":{"@type":"ImageObject","inLanguage":"fr-FR","@id":"https:\/\/kapitalis.com\/tunisie\/#\/schema\/logo\/image\/","url":"https:\/\/kapitalis.com\/tunisie\/wp-content\/uploads\/2022\/05\/Kapitalis-big-size.png","contentUrl":"https:\/\/kapitalis.com\/tunisie\/wp-content\/uploads\/2022\/05\/Kapitalis-big-size.png","width":5000,"height":1500,"caption":"Kapitalis"},"image":{"@id":"https:\/\/kapitalis.com\/tunisie\/#\/schema\/logo\/image\/"},"sameAs":["https:\/\/www.facebook.com\/KapitalisInfo\/","https:\/\/x.com\/KapitalisInfo","https:\/\/www.youtube.com\/channel\/UC-yDYrHyfFBWWZaOw3FPg9Q"]},{"@type":"Person","@id":"https:\/\/kapitalis.com\/tunisie\/#\/schema\/person\/74bbde0154d49d790a92aaeac5bc01d5","name":"Yusra NY","url":"https:\/\/kapitalis.com\/tunisie\/author\/yuza_adam\/"}]}},"_links":{"self":[{"href":"https:\/\/kapitalis.com\/tunisie\/wp-json\/wp\/v2\/posts\/8935791","targetHints":{"allow":["GET"]}}],"collection":[{"href":"https:\/\/kapitalis.com\/tunisie\/wp-json\/wp\/v2\/posts"}],"about":[{"href":"https:\/\/kapitalis.com\/tunisie\/wp-json\/wp\/v2\/types\/post"}],"author":[{"embeddable":true,"href":"https:\/\/kapitalis.com\/tunisie\/wp-json\/wp\/v2\/users\/6"}],"replies":[{"embeddable":true,"href":"https:\/\/kapitalis.com\/tunisie\/wp-json\/wp\/v2\/comments?post=8935791"}],"version-history":[{"count":2,"href":"https:\/\/kapitalis.com\/tunisie\/wp-json\/wp\/v2\/posts\/8935791\/revisions"}],"predecessor-version":[{"id":8935811,"href":"https:\/\/kapitalis.com\/tunisie\/wp-json\/wp\/v2\/posts\/8935791\/revisions\/8935811"}],"wp:featuredmedia":[{"embeddable":true,"href":"https:\/\/kapitalis.com\/tunisie\/wp-json\/wp\/v2\/media\/6762274"}],"wp:attachment":[{"href":"https:\/\/kapitalis.com\/tunisie\/wp-json\/wp\/v2\/media?parent=8935791"}],"wp:term":[{"taxonomy":"category","embeddable":true,"href":"https:\/\/kapitalis.com\/tunisie\/wp-json\/wp\/v2\/categories?post=8935791"},{"taxonomy":"post_tag","embeddable":true,"href":"https:\/\/kapitalis.com\/tunisie\/wp-json\/wp\/v2\/tags?post=8935791"}],"curies":[{"name":"wp","href":"https:\/\/api.w.org\/{rel}","templated":true}]}}