{"id":8938413,"date":"2023-07-19T09:57:09","date_gmt":"2023-07-19T08:57:09","guid":{"rendered":"https:\/\/kapitalis.com\/tunisie\/?p=8938413"},"modified":"2023-07-19T12:33:33","modified_gmt":"2023-07-19T11:33:33","slug":"johansson-une-route-fatale-pour-les-migrants-a-ete-creee-depuis-la-tunisie","status":"publish","type":"post","link":"https:\/\/kapitalis.com\/tunisie\/2023\/07\/19\/johansson-une-route-fatale-pour-les-migrants-a-ete-creee-depuis-la-tunisie\/","title":{"rendered":"Johansson : \u00abUne route fatale pour les migrants a \u00e9t\u00e9 cr\u00e9\u00e9e depuis la Tunisie\u00bb"},"content":{"rendered":"\n<p><strong><em>\u00abLa Tunisie est notre partenaire strat\u00e9gique, il est important de lui apporter notre soutien et de travailler avec ce pays pour g\u00e9rer les flux migratoires\u00bb, a soulign\u00e9 le commissaire europ\u00e9enne aux Affaires int\u00e9rieures, Ylva Johansson, lors d\u2019une audition \u00e0 la commission des libert\u00e9s civiles du Parlement europ\u00e9en, hier, mardi 18 juillet 2023.<\/em><\/strong><\/p>\n\n\n\n<!--more-->\n\n\n\n<p>Pour justifier la signature dimanche \u00e0 Carthage, en pr\u00e9sence du pr\u00e9sident Ka\u00efs Sa\u00efed, de la pr\u00e9sidente de la Commission  europ\u00e9enne Ursula van der Leyen et des Premiers ministres italienne Georgia Meloni et n\u00e9erlandais Mark Rutte, du protocole d\u2019accord strat\u00e9gique entre l\u2019Union europ\u00e9enne et la Tunisie portant essentiellement sur la migration, Johansson a d\u00e9clar\u00e9\u00a0: <em>\u00abLe r\u00f4le de la Tunisie a chang\u00e9 cette ann\u00e9e. Autrefois, la majorit\u00e9 des arriv\u00e9es dans l\u2019UE en provenance de Tunisie concernaient des citoyens tunisiens, cette ann\u00e9e il y a une augmentation des arriv\u00e9es, 40 000 jusqu\u2019\u00e0 pr\u00e9sent, qui viennent de Tunisie. Beaucoup l\u2019ont fait <\/em>(ont r\u00e9ussi la travers\u00e9e de la M\u00e9diterran\u00e9e, Ndlr), <em>d\u2019autres malheureusement pas<\/em>. <em>Une route fatale a \u00e9t\u00e9 cr\u00e9\u00e9e avec des pertes de vies humaines. Seuls 5 000 d\u2019entre eux sont Tunisiens. Il semble donc que la Tunisie soit devenue un pays de transit<\/em>\u00bb<\/p>\n\n\n\n<p>En r\u00e9ponse aux critiques acerbes des d\u00e9put\u00e9s qui ont qualifi\u00e9 Ka\u00efs Sa\u00efed de <em>\u00abdirigeant autoritaire, qui n\u2019est pas fiable\u00bb<\/em>, de <em>\u00abdictateur qui pi\u00e9tine la d\u00e9mocratie tunisienne que nous avons tant soutenue\u00bb<\/em> et qui \u00ab<em>en fait a augment\u00e9 le nombre des d\u00e9parts\u00bb<\/em>, Johansson a d\u00e9clar\u00e9\u00a0: <em>\u00abIl est clair que la Tunisie est sous pression. \u00c0 mon avis, c\u2019est une raison pour renforcer et approfondir la coop\u00e9ration et intensifier le soutien \u00e0 la Tunisie\u00bb<\/em>, ajoutant que le m\u00e9morandum UE-Tunisie introduit des obligations de part et d\u2019autre.<\/p>\n\n\n\n<p><em>\u00abIl est tr\u00e8s important que notre objectif principal soit toujours de sauver des vies, d\u2019emp\u00eacher les gens d\u2019entreprendre ces voyages qui se terminent trop souvent par la mort, c\u2019est une priorit\u00e9\u00bb<\/em>, a ajout\u00e9 la commissaire europ\u00e9enne.<\/p>\n\n\n\n<p>Johansson a aussi insist\u00e9 sur le fait que les 105 millions d\u2019euros destin\u00e9s \u00e0 la migration seraient <em>\u00abprincipalement\u00bb<\/em> achemin\u00e9s par le biais d\u2019organisations internationales qui travaillent sur le terrain et apportent une aide aux demandeurs d\u2019asile, comme l\u2019Organisation internationale pour les migrations (OIM), tout en conc\u00e9dant que certains fonds seraient, en fait, fournis aux gardes tunisiens sous forme de navires de recherche et de sauvetage, et de radars.<\/p>\n\n\n\n<p><em>\u00abPermettez-moi de souligner : la Commission europ\u00e9enne, l\u2019UE, nous ne sommes impliqu\u00e9s dans aucun refoulement de ressortissants de pays tiers vers leur pays d\u2019origine. Ce que nous faisons, c\u2019est financer via l\u2019OIM les retours volontaires et la r\u00e9int\u00e9gration des ressortissants de pays tiers\u00bb<\/em>, a insist\u00e9 Johansson, laissant ainsi entendre que Bruxelles ne saurait \u00eatre tenue pour responsable des refoulements muscl\u00e9s qui seraient effectu\u00e9s par lesdits&#8230; pays tiers. <em>\u00abJe ne suis pas d\u2019accord avec la description que la Tunisie fait du chantage. Je pense que nous avons une bonne coop\u00e9ration avec la Tunisie mais il est \u00e9galement important de renforcer cette coop\u00e9ration et d\u2019intensifier le soutien \u00e0 la Tunisie. Et c\u2019est le but de ce protocole d\u2019accord\u00bb<\/em>, a-t-elle conclu.<\/p>\n\n\n\n<p>Johansson avait \u00e9t\u00e9 re\u00e7ue \u00e0 Tunis le 27 avril dernier par le ministre tunisien de l\u2019Int\u00e9rieur, Kamel Feki et son coll\u00e8gue des Affaires \u00e9trang\u00e8res, de la Migration et des Tunisiens \u00e0 l\u2019\u00e9tranger Nabil Ammar. Dans un communiqu\u00e9 \u00e0 propos de <a href=\"https:\/\/kapitalis.com\/tunisie\/2023\/04\/29\/tunisie-commission-europeenne-partenariat-operationnel-renforce-en-matiere-de-migration\/\" target=\"_blank\" rel=\"noreferrer noopener\">cette visite<\/a>, l&rsquo;UE a soulign\u00e9 l\u2019importance du partenariat dans le domaine de la migration avec la Tunisie et sa volont\u00e9 de l\u2019approfondir, en coop\u00e9ration avec les \u00c9tats membres&nbsp;<em>\u00abdans un esprit d\u2019\u00c9quipe Europe\u00bb<\/em>.<\/p>\n\n\n\n<p class=\"has-text-align-right\"><strong>I. B.<\/strong> <\/p>\n\n\n\n<figure class=\"wp-block-embed is-type-wp-embed is-provider-kapitalis wp-block-embed-kapitalis\"><div class=\"wp-block-embed__wrapper\">\n<blockquote class=\"wp-embedded-content\" data-secret=\"be4siaOhiE\"><a href=\"https:\/\/kapitalis.com\/tunisie\/2023\/04\/29\/tunisie-commission-europeenne-partenariat-operationnel-renforce-en-matiere-de-migration\/\">Tunisie-Commission europ\u00e9enne\u00a0: partenariat op\u00e9rationnel renforc\u00e9 en mati\u00e8re de migration \u00a0<\/a><\/blockquote><iframe loading=\"lazy\" class=\"wp-embedded-content\" sandbox=\"allow-scripts\" security=\"restricted\" style=\"position: absolute; clip: rect(1px, 1px, 1px, 1px);\" title=\"\u00ab\u00a0Tunisie-Commission europ\u00e9enne\u00a0: partenariat op\u00e9rationnel renforc\u00e9 en mati\u00e8re de migration \u00a0\u00a0\u00bb &#8212; Kapitalis\" src=\"https:\/\/kapitalis.com\/tunisie\/2023\/04\/29\/tunisie-commission-europeenne-partenariat-operationnel-renforce-en-matiere-de-migration\/embed\/#?secret=VmYAzOQmdE#?secret=be4siaOhiE\" data-secret=\"be4siaOhiE\" width=\"600\" height=\"338\" frameborder=\"0\" marginwidth=\"0\" marginheight=\"0\" scrolling=\"no\"><\/iframe>\n<\/div><\/figure>\n\n\n\n<p class=\"has-text-align-right\">&nbsp;<\/p>\n","protected":false},"excerpt":{"rendered":"<p>Une route fatale a \u00e9t\u00e9 cr\u00e9\u00e9e pour les migrants \u00e0 partir de la Tunisie, a d\u00e9clar\u00e9 le commissaire europ\u00e9enne aux Affaires int\u00e9rieures, Ylva Johansson. <\/p>\n","protected":false},"author":8,"featured_media":8938559,"comment_status":"open","ping_status":"open","sticky":false,"template":"","format":"standard","meta":{"footnotes":""},"categories":[997,2433],"tags":[90974,109198,76012,96161,109234,92415,62643,937,90803,81846],"class_list":["post-8938413","post","type-post","status-publish","format-standard","has-post-thumbnail","hentry","category-politique","category-tunisie","tag-flux-migratoires","tag-georgia-meloni","tag-kais-saied-2","tag-kamel-feki","tag-mark-rutte","tag-nabil-ammar","tag-tunisie","tag-union-europeenne","tag-ursula-van-der-leyen","tag-ylva-johansson"],"yoast_head":"<!-- This site is optimized with the Yoast SEO plugin v26.6 - https:\/\/yoast.com\/wordpress\/plugins\/seo\/ -->\n<title>Johansson : \u00abUne route fatale pour les migrants a \u00e9t\u00e9 cr\u00e9\u00e9e depuis la Tunisie\u00bb - Kapitalis<\/title>\n<meta name=\"robots\" content=\"index, follow, max-snippet:-1, max-image-preview:large, max-video-preview:-1\" \/>\n<link rel=\"canonical\" href=\"https:\/\/kapitalis.com\/tunisie\/2023\/07\/19\/johansson-une-route-fatale-pour-les-migrants-a-ete-creee-depuis-la-tunisie\/\" \/>\n<meta property=\"og:locale\" content=\"fr_FR\" \/>\n<meta property=\"og:type\" content=\"article\" \/>\n<meta property=\"og:title\" content=\"Johansson : \u00abUne route fatale pour les migrants a \u00e9t\u00e9 cr\u00e9\u00e9e depuis la Tunisie\u00bb - Kapitalis\" \/>\n<meta property=\"og:description\" content=\"Une route fatale a \u00e9t\u00e9 cr\u00e9\u00e9e pour les migrants \u00e0 partir de la Tunisie, a d\u00e9clar\u00e9 le commissaire europ\u00e9enne aux Affaires int\u00e9rieures, Ylva Johansson.\" \/>\n<meta property=\"og:url\" content=\"https:\/\/kapitalis.com\/tunisie\/2023\/07\/19\/johansson-une-route-fatale-pour-les-migrants-a-ete-creee-depuis-la-tunisie\/\" \/>\n<meta property=\"og:site_name\" content=\"Kapitalis\" \/>\n<meta property=\"article:publisher\" content=\"https:\/\/www.facebook.com\/KapitalisInfo\/\" \/>\n<meta property=\"article:published_time\" content=\"2023-07-19T08:57:09+00:00\" \/>\n<meta property=\"article:modified_time\" content=\"2023-07-19T11:33:33+00:00\" \/>\n<meta property=\"og:image\" content=\"https:\/\/kapitalis.com\/tunisie\/wp-content\/uploads\/2023\/07\/Ylva-Johansson.jpg\" \/>\n\t<meta property=\"og:image:width\" content=\"1200\" \/>\n\t<meta property=\"og:image:height\" content=\"630\" \/>\n\t<meta property=\"og:image:type\" content=\"image\/jpeg\" \/>\n<meta name=\"author\" content=\"webmaster kapitalis\" \/>\n<meta name=\"twitter:card\" content=\"summary_large_image\" \/>\n<meta name=\"twitter:creator\" content=\"@KapitalisInfo\" \/>\n<meta name=\"twitter:site\" content=\"@KapitalisInfo\" \/>\n<meta name=\"twitter:label1\" content=\"\u00c9crit par\" \/>\n\t<meta name=\"twitter:data1\" content=\"webmaster kapitalis\" \/>\n\t<meta name=\"twitter:label2\" content=\"Dur\u00e9e de lecture estim\u00e9e\" \/>\n\t<meta name=\"twitter:data2\" content=\"3 minutes\" \/>\n<script type=\"application\/ld+json\" class=\"yoast-schema-graph\">{\"@context\":\"https:\/\/schema.org\",\"@graph\":[{\"@type\":\"Article\",\"@id\":\"https:\/\/kapitalis.com\/tunisie\/2023\/07\/19\/johansson-une-route-fatale-pour-les-migrants-a-ete-creee-depuis-la-tunisie\/#article\",\"isPartOf\":{\"@id\":\"https:\/\/kapitalis.com\/tunisie\/2023\/07\/19\/johansson-une-route-fatale-pour-les-migrants-a-ete-creee-depuis-la-tunisie\/\"},\"author\":{\"name\":\"webmaster kapitalis\",\"@id\":\"https:\/\/kapitalis.com\/tunisie\/#\/schema\/person\/d71f33a9ca44f7bad4698210b480c8e9\"},\"headline\":\"Johansson : \u00abUne route fatale pour les migrants a \u00e9t\u00e9 cr\u00e9\u00e9e depuis la Tunisie\u00bb\",\"datePublished\":\"2023-07-19T08:57:09+00:00\",\"dateModified\":\"2023-07-19T11:33:33+00:00\",\"mainEntityOfPage\":{\"@id\":\"https:\/\/kapitalis.com\/tunisie\/2023\/07\/19\/johansson-une-route-fatale-pour-les-migrants-a-ete-creee-depuis-la-tunisie\/\"},\"wordCount\":662,\"commentCount\":2,\"publisher\":{\"@id\":\"https:\/\/kapitalis.com\/tunisie\/#organization\"},\"image\":{\"@id\":\"https:\/\/kapitalis.com\/tunisie\/2023\/07\/19\/johansson-une-route-fatale-pour-les-migrants-a-ete-creee-depuis-la-tunisie\/#primaryimage\"},\"thumbnailUrl\":\"https:\/\/kapitalis.com\/tunisie\/wp-content\/uploads\/2023\/07\/Ylva-Johansson.jpg\",\"keywords\":[\"flux migratoires\",\"Georgia Meloni\",\"Ka\u00efs Sa\u00efed\",\"Kamel Feki\",\"Mark Rutte\",\"Nabil Ammar\",\"Tunisie\",\"Union europ\u00e9enne\",\"Ursula van der Leyen\",\"Ylva Johansson\"],\"articleSection\":[\"POLITIQUE\",\"Tunisie\"],\"inLanguage\":\"fr-FR\",\"potentialAction\":[{\"@type\":\"CommentAction\",\"name\":\"Comment\",\"target\":[\"https:\/\/kapitalis.com\/tunisie\/2023\/07\/19\/johansson-une-route-fatale-pour-les-migrants-a-ete-creee-depuis-la-tunisie\/#respond\"]}]},{\"@type\":\"WebPage\",\"@id\":\"https:\/\/kapitalis.com\/tunisie\/2023\/07\/19\/johansson-une-route-fatale-pour-les-migrants-a-ete-creee-depuis-la-tunisie\/\",\"url\":\"https:\/\/kapitalis.com\/tunisie\/2023\/07\/19\/johansson-une-route-fatale-pour-les-migrants-a-ete-creee-depuis-la-tunisie\/\",\"name\":\"Johansson : \u00abUne route fatale pour les migrants a \u00e9t\u00e9 cr\u00e9\u00e9e depuis la Tunisie\u00bb - Kapitalis\",\"isPartOf\":{\"@id\":\"https:\/\/kapitalis.com\/tunisie\/#website\"},\"primaryImageOfPage\":{\"@id\":\"https:\/\/kapitalis.com\/tunisie\/2023\/07\/19\/johansson-une-route-fatale-pour-les-migrants-a-ete-creee-depuis-la-tunisie\/#primaryimage\"},\"image\":{\"@id\":\"https:\/\/kapitalis.com\/tunisie\/2023\/07\/19\/johansson-une-route-fatale-pour-les-migrants-a-ete-creee-depuis-la-tunisie\/#primaryimage\"},\"thumbnailUrl\":\"https:\/\/kapitalis.com\/tunisie\/wp-content\/uploads\/2023\/07\/Ylva-Johansson.jpg\",\"datePublished\":\"2023-07-19T08:57:09+00:00\",\"dateModified\":\"2023-07-19T11:33:33+00:00\",\"breadcrumb\":{\"@id\":\"https:\/\/kapitalis.com\/tunisie\/2023\/07\/19\/johansson-une-route-fatale-pour-les-migrants-a-ete-creee-depuis-la-tunisie\/#breadcrumb\"},\"inLanguage\":\"fr-FR\",\"potentialAction\":[{\"@type\":\"ReadAction\",\"target\":[\"https:\/\/kapitalis.com\/tunisie\/2023\/07\/19\/johansson-une-route-fatale-pour-les-migrants-a-ete-creee-depuis-la-tunisie\/\"]}]},{\"@type\":\"ImageObject\",\"inLanguage\":\"fr-FR\",\"@id\":\"https:\/\/kapitalis.com\/tunisie\/2023\/07\/19\/johansson-une-route-fatale-pour-les-migrants-a-ete-creee-depuis-la-tunisie\/#primaryimage\",\"url\":\"https:\/\/kapitalis.com\/tunisie\/wp-content\/uploads\/2023\/07\/Ylva-Johansson.jpg\",\"contentUrl\":\"https:\/\/kapitalis.com\/tunisie\/wp-content\/uploads\/2023\/07\/Ylva-Johansson.jpg\",\"width\":1200,\"height\":630},{\"@type\":\"BreadcrumbList\",\"@id\":\"https:\/\/kapitalis.com\/tunisie\/2023\/07\/19\/johansson-une-route-fatale-pour-les-migrants-a-ete-creee-depuis-la-tunisie\/#breadcrumb\",\"itemListElement\":[{\"@type\":\"ListItem\",\"position\":1,\"name\":\"Accueil\",\"item\":\"https:\/\/kapitalis.com\/tunisie\/\"},{\"@type\":\"ListItem\",\"position\":2,\"name\":\"Johansson : \u00abUne route fatale pour les migrants a \u00e9t\u00e9 cr\u00e9\u00e9e depuis la Tunisie\u00bb\"}]},{\"@type\":\"WebSite\",\"@id\":\"https:\/\/kapitalis.com\/tunisie\/#website\",\"url\":\"https:\/\/kapitalis.com\/tunisie\/\",\"name\":\"Kapitalis\",\"description\":\"L&#039;actualit\u00e9 en Tunisie et dans le monde\",\"publisher\":{\"@id\":\"https:\/\/kapitalis.com\/tunisie\/#organization\"},\"potentialAction\":[{\"@type\":\"SearchAction\",\"target\":{\"@type\":\"EntryPoint\",\"urlTemplate\":\"https:\/\/kapitalis.com\/tunisie\/?s={search_term_string}\"},\"query-input\":{\"@type\":\"PropertyValueSpecification\",\"valueRequired\":true,\"valueName\":\"search_term_string\"}}],\"inLanguage\":\"fr-FR\"},{\"@type\":\"Organization\",\"@id\":\"https:\/\/kapitalis.com\/tunisie\/#organization\",\"name\":\"Kapitalis\",\"url\":\"https:\/\/kapitalis.com\/tunisie\/\",\"logo\":{\"@type\":\"ImageObject\",\"inLanguage\":\"fr-FR\",\"@id\":\"https:\/\/kapitalis.com\/tunisie\/#\/schema\/logo\/image\/\",\"url\":\"https:\/\/kapitalis.com\/tunisie\/wp-content\/uploads\/2022\/05\/Kapitalis-big-size.png\",\"contentUrl\":\"https:\/\/kapitalis.com\/tunisie\/wp-content\/uploads\/2022\/05\/Kapitalis-big-size.png\",\"width\":5000,\"height\":1500,\"caption\":\"Kapitalis\"},\"image\":{\"@id\":\"https:\/\/kapitalis.com\/tunisie\/#\/schema\/logo\/image\/\"},\"sameAs\":[\"https:\/\/www.facebook.com\/KapitalisInfo\/\",\"https:\/\/x.com\/KapitalisInfo\",\"https:\/\/www.youtube.com\/channel\/UC-yDYrHyfFBWWZaOw3FPg9Q\"]},{\"@type\":\"Person\",\"@id\":\"https:\/\/kapitalis.com\/tunisie\/#\/schema\/person\/d71f33a9ca44f7bad4698210b480c8e9\",\"name\":\"webmaster kapitalis\",\"url\":\"https:\/\/kapitalis.com\/tunisie\/author\/webmaster-kapitalis\/\"}]}<\/script>\n<!-- \/ Yoast SEO plugin. -->","yoast_head_json":{"title":"Johansson : \u00abUne route fatale pour les migrants a \u00e9t\u00e9 cr\u00e9\u00e9e depuis la Tunisie\u00bb - Kapitalis","robots":{"index":"index","follow":"follow","max-snippet":"max-snippet:-1","max-image-preview":"max-image-preview:large","max-video-preview":"max-video-preview:-1"},"canonical":"https:\/\/kapitalis.com\/tunisie\/2023\/07\/19\/johansson-une-route-fatale-pour-les-migrants-a-ete-creee-depuis-la-tunisie\/","og_locale":"fr_FR","og_type":"article","og_title":"Johansson : \u00abUne route fatale pour les migrants a \u00e9t\u00e9 cr\u00e9\u00e9e depuis la Tunisie\u00bb - Kapitalis","og_description":"Une route fatale a \u00e9t\u00e9 cr\u00e9\u00e9e pour les migrants \u00e0 partir de la Tunisie, a d\u00e9clar\u00e9 le commissaire europ\u00e9enne aux Affaires int\u00e9rieures, Ylva Johansson.","og_url":"https:\/\/kapitalis.com\/tunisie\/2023\/07\/19\/johansson-une-route-fatale-pour-les-migrants-a-ete-creee-depuis-la-tunisie\/","og_site_name":"Kapitalis","article_publisher":"https:\/\/www.facebook.com\/KapitalisInfo\/","article_published_time":"2023-07-19T08:57:09+00:00","article_modified_time":"2023-07-19T11:33:33+00:00","og_image":[{"width":1200,"height":630,"url":"https:\/\/kapitalis.com\/tunisie\/wp-content\/uploads\/2023\/07\/Ylva-Johansson.jpg","type":"image\/jpeg"}],"author":"webmaster kapitalis","twitter_card":"summary_large_image","twitter_creator":"@KapitalisInfo","twitter_site":"@KapitalisInfo","twitter_misc":{"\u00c9crit par":"webmaster kapitalis","Dur\u00e9e de lecture estim\u00e9e":"3 minutes"},"schema":{"@context":"https:\/\/schema.org","@graph":[{"@type":"Article","@id":"https:\/\/kapitalis.com\/tunisie\/2023\/07\/19\/johansson-une-route-fatale-pour-les-migrants-a-ete-creee-depuis-la-tunisie\/#article","isPartOf":{"@id":"https:\/\/kapitalis.com\/tunisie\/2023\/07\/19\/johansson-une-route-fatale-pour-les-migrants-a-ete-creee-depuis-la-tunisie\/"},"author":{"name":"webmaster kapitalis","@id":"https:\/\/kapitalis.com\/tunisie\/#\/schema\/person\/d71f33a9ca44f7bad4698210b480c8e9"},"headline":"Johansson : \u00abUne route fatale pour les migrants a \u00e9t\u00e9 cr\u00e9\u00e9e depuis la Tunisie\u00bb","datePublished":"2023-07-19T08:57:09+00:00","dateModified":"2023-07-19T11:33:33+00:00","mainEntityOfPage":{"@id":"https:\/\/kapitalis.com\/tunisie\/2023\/07\/19\/johansson-une-route-fatale-pour-les-migrants-a-ete-creee-depuis-la-tunisie\/"},"wordCount":662,"commentCount":2,"publisher":{"@id":"https:\/\/kapitalis.com\/tunisie\/#organization"},"image":{"@id":"https:\/\/kapitalis.com\/tunisie\/2023\/07\/19\/johansson-une-route-fatale-pour-les-migrants-a-ete-creee-depuis-la-tunisie\/#primaryimage"},"thumbnailUrl":"https:\/\/kapitalis.com\/tunisie\/wp-content\/uploads\/2023\/07\/Ylva-Johansson.jpg","keywords":["flux migratoires","Georgia Meloni","Ka\u00efs Sa\u00efed","Kamel Feki","Mark Rutte","Nabil Ammar","Tunisie","Union europ\u00e9enne","Ursula van der Leyen","Ylva Johansson"],"articleSection":["POLITIQUE","Tunisie"],"inLanguage":"fr-FR","potentialAction":[{"@type":"CommentAction","name":"Comment","target":["https:\/\/kapitalis.com\/tunisie\/2023\/07\/19\/johansson-une-route-fatale-pour-les-migrants-a-ete-creee-depuis-la-tunisie\/#respond"]}]},{"@type":"WebPage","@id":"https:\/\/kapitalis.com\/tunisie\/2023\/07\/19\/johansson-une-route-fatale-pour-les-migrants-a-ete-creee-depuis-la-tunisie\/","url":"https:\/\/kapitalis.com\/tunisie\/2023\/07\/19\/johansson-une-route-fatale-pour-les-migrants-a-ete-creee-depuis-la-tunisie\/","name":"Johansson : \u00abUne route fatale pour les migrants a \u00e9t\u00e9 cr\u00e9\u00e9e depuis la Tunisie\u00bb - Kapitalis","isPartOf":{"@id":"https:\/\/kapitalis.com\/tunisie\/#website"},"primaryImageOfPage":{"@id":"https:\/\/kapitalis.com\/tunisie\/2023\/07\/19\/johansson-une-route-fatale-pour-les-migrants-a-ete-creee-depuis-la-tunisie\/#primaryimage"},"image":{"@id":"https:\/\/kapitalis.com\/tunisie\/2023\/07\/19\/johansson-une-route-fatale-pour-les-migrants-a-ete-creee-depuis-la-tunisie\/#primaryimage"},"thumbnailUrl":"https:\/\/kapitalis.com\/tunisie\/wp-content\/uploads\/2023\/07\/Ylva-Johansson.jpg","datePublished":"2023-07-19T08:57:09+00:00","dateModified":"2023-07-19T11:33:33+00:00","breadcrumb":{"@id":"https:\/\/kapitalis.com\/tunisie\/2023\/07\/19\/johansson-une-route-fatale-pour-les-migrants-a-ete-creee-depuis-la-tunisie\/#breadcrumb"},"inLanguage":"fr-FR","potentialAction":[{"@type":"ReadAction","target":["https:\/\/kapitalis.com\/tunisie\/2023\/07\/19\/johansson-une-route-fatale-pour-les-migrants-a-ete-creee-depuis-la-tunisie\/"]}]},{"@type":"ImageObject","inLanguage":"fr-FR","@id":"https:\/\/kapitalis.com\/tunisie\/2023\/07\/19\/johansson-une-route-fatale-pour-les-migrants-a-ete-creee-depuis-la-tunisie\/#primaryimage","url":"https:\/\/kapitalis.com\/tunisie\/wp-content\/uploads\/2023\/07\/Ylva-Johansson.jpg","contentUrl":"https:\/\/kapitalis.com\/tunisie\/wp-content\/uploads\/2023\/07\/Ylva-Johansson.jpg","width":1200,"height":630},{"@type":"BreadcrumbList","@id":"https:\/\/kapitalis.com\/tunisie\/2023\/07\/19\/johansson-une-route-fatale-pour-les-migrants-a-ete-creee-depuis-la-tunisie\/#breadcrumb","itemListElement":[{"@type":"ListItem","position":1,"name":"Accueil","item":"https:\/\/kapitalis.com\/tunisie\/"},{"@type":"ListItem","position":2,"name":"Johansson : \u00abUne route fatale pour les migrants a \u00e9t\u00e9 cr\u00e9\u00e9e depuis la Tunisie\u00bb"}]},{"@type":"WebSite","@id":"https:\/\/kapitalis.com\/tunisie\/#website","url":"https:\/\/kapitalis.com\/tunisie\/","name":"Kapitalis","description":"L&#039;actualit\u00e9 en Tunisie et dans le monde","publisher":{"@id":"https:\/\/kapitalis.com\/tunisie\/#organization"},"potentialAction":[{"@type":"SearchAction","target":{"@type":"EntryPoint","urlTemplate":"https:\/\/kapitalis.com\/tunisie\/?s={search_term_string}"},"query-input":{"@type":"PropertyValueSpecification","valueRequired":true,"valueName":"search_term_string"}}],"inLanguage":"fr-FR"},{"@type":"Organization","@id":"https:\/\/kapitalis.com\/tunisie\/#organization","name":"Kapitalis","url":"https:\/\/kapitalis.com\/tunisie\/","logo":{"@type":"ImageObject","inLanguage":"fr-FR","@id":"https:\/\/kapitalis.com\/tunisie\/#\/schema\/logo\/image\/","url":"https:\/\/kapitalis.com\/tunisie\/wp-content\/uploads\/2022\/05\/Kapitalis-big-size.png","contentUrl":"https:\/\/kapitalis.com\/tunisie\/wp-content\/uploads\/2022\/05\/Kapitalis-big-size.png","width":5000,"height":1500,"caption":"Kapitalis"},"image":{"@id":"https:\/\/kapitalis.com\/tunisie\/#\/schema\/logo\/image\/"},"sameAs":["https:\/\/www.facebook.com\/KapitalisInfo\/","https:\/\/x.com\/KapitalisInfo","https:\/\/www.youtube.com\/channel\/UC-yDYrHyfFBWWZaOw3FPg9Q"]},{"@type":"Person","@id":"https:\/\/kapitalis.com\/tunisie\/#\/schema\/person\/d71f33a9ca44f7bad4698210b480c8e9","name":"webmaster kapitalis","url":"https:\/\/kapitalis.com\/tunisie\/author\/webmaster-kapitalis\/"}]}},"_links":{"self":[{"href":"https:\/\/kapitalis.com\/tunisie\/wp-json\/wp\/v2\/posts\/8938413","targetHints":{"allow":["GET"]}}],"collection":[{"href":"https:\/\/kapitalis.com\/tunisie\/wp-json\/wp\/v2\/posts"}],"about":[{"href":"https:\/\/kapitalis.com\/tunisie\/wp-json\/wp\/v2\/types\/post"}],"author":[{"embeddable":true,"href":"https:\/\/kapitalis.com\/tunisie\/wp-json\/wp\/v2\/users\/8"}],"replies":[{"embeddable":true,"href":"https:\/\/kapitalis.com\/tunisie\/wp-json\/wp\/v2\/comments?post=8938413"}],"version-history":[{"count":2,"href":"https:\/\/kapitalis.com\/tunisie\/wp-json\/wp\/v2\/posts\/8938413\/revisions"}],"predecessor-version":[{"id":8939958,"href":"https:\/\/kapitalis.com\/tunisie\/wp-json\/wp\/v2\/posts\/8938413\/revisions\/8939958"}],"wp:featuredmedia":[{"embeddable":true,"href":"https:\/\/kapitalis.com\/tunisie\/wp-json\/wp\/v2\/media\/8938559"}],"wp:attachment":[{"href":"https:\/\/kapitalis.com\/tunisie\/wp-json\/wp\/v2\/media?parent=8938413"}],"wp:term":[{"taxonomy":"category","embeddable":true,"href":"https:\/\/kapitalis.com\/tunisie\/wp-json\/wp\/v2\/categories?post=8938413"},{"taxonomy":"post_tag","embeddable":true,"href":"https:\/\/kapitalis.com\/tunisie\/wp-json\/wp\/v2\/tags?post=8938413"}],"curies":[{"name":"wp","href":"https:\/\/api.w.org\/{rel}","templated":true}]}}