{"id":8941334,"date":"2023-07-19T16:03:48","date_gmt":"2023-07-19T15:03:48","guid":{"rendered":"https:\/\/kapitalis.com\/tunisie\/?p=8941334"},"modified":"2023-07-19T16:03:50","modified_gmt":"2023-07-19T15:03:50","slug":"lettrisme-artistique-en-tunisie-metissage-des-styles-au-musee-macam","status":"publish","type":"post","link":"https:\/\/kapitalis.com\/tunisie\/2023\/07\/19\/lettrisme-artistique-en-tunisie-metissage-des-styles-au-musee-macam\/","title":{"rendered":"\u00ab\u00a0Lettrisme artistique en Tunisie\u00a0\u00bb\u00a0: M\u00e9tissage des styles au Mus\u00e9e MACAM"},"content":{"rendered":"\n<p><em><strong>Le Mus\u00e9e Macam \u00e0 la Cit\u00e9 de la Culture de Tunis accueille d\u00e8s le jeudi 20 juillet l\u2019exposition \u00ab\u00a0Lettrisme artistique en Tunisie\u00a0: \u00e9closion et \u00e9volution\u00a0\u00bb regroupant pr\u00e8s de cent \u0153uvres r\u00e9alis\u00e9es depuis les ann\u00e9es 70.<\/strong><\/em><\/p>\n\n\n\n<!--more-->\n\n\n\n<p>La calligraphie et le lettrisme sont au coeur d\u2019une nouvelle exposition in\u00e9dite qui sera inaugur\u00e9e ce jeudi \u00e0 la salle des expositions temporaires du Mus\u00e9e d\u2019Art contemporain et moderne (Macam) o\u00f9 seront r\u00e9unis 88 \u0153uvres d\u2019une soixantaine d\u2019artistes ayant \u00e9t\u00e9 r\u00e9alis\u00e9es entre 1970 et 2020.<\/p>\n\n\n\n<p>L\u2019exposition met la lumi\u00e8re sur les exp\u00e9riences plastiques in\u00e9dites et engag\u00e9es dans l\u2019art de la calligraphie des grandes figures des arts plastiques en Tunisie comme<br>Nja Mahdaoui, Sami Ben Ameur, Imed Jemaiel, Fabio Roccheggiani, Nejib Belkhodja, Hedi Turki &#8230;<\/p>\n\n\n\n<p class=\"has-text-align-right\"><strong>F.B<\/strong><\/p>\n","protected":false},"excerpt":{"rendered":"<p>Le Mus\u00e9e Macam \u00e0 la Cit\u00e9 de la Culture de Tunis accueille d\u00e8s le jeudi 20 juillet l\u2019exposition \u00ab\u00a0Lettrisme artistique en Tunisie\u00a0: \u00e9closion et \u00e9volution\u00a0\u00bb regroupant pr\u00e8s de cent \u0153uvres r\u00e9alis\u00e9es depuis les ann\u00e9es 70.<\/p>\n","protected":false},"author":26,"featured_media":8941438,"comment_status":"open","ping_status":"open","sticky":false,"template":"","format":"standard","meta":{"footnotes":""},"categories":[994,2433],"tags":[11118,109982,99293,62643],"class_list":["post-8941334","post","type-post","status-publish","format-standard","has-post-thumbnail","hentry","category-culture","category-tunisie","tag-calligraphie","tag-lettrisme-artistique","tag-macam","tag-tunisie"],"yoast_head":"<!-- This site is optimized with the Yoast SEO plugin v26.6 - https:\/\/yoast.com\/wordpress\/plugins\/seo\/ -->\n<title>\u00ab\u00a0Lettrisme artistique en Tunisie\u00a0\u00bb\u00a0: M\u00e9tissage des styles au Mus\u00e9e MACAM - Kapitalis<\/title>\n<meta name=\"robots\" content=\"index, follow, max-snippet:-1, max-image-preview:large, max-video-preview:-1\" \/>\n<link rel=\"canonical\" href=\"https:\/\/kapitalis.com\/tunisie\/2023\/07\/19\/lettrisme-artistique-en-tunisie-metissage-des-styles-au-musee-macam\/\" \/>\n<meta property=\"og:locale\" content=\"fr_FR\" \/>\n<meta property=\"og:type\" content=\"article\" \/>\n<meta property=\"og:title\" content=\"\u00ab\u00a0Lettrisme artistique en Tunisie\u00a0\u00bb\u00a0: M\u00e9tissage des styles au Mus\u00e9e MACAM - Kapitalis\" \/>\n<meta property=\"og:description\" content=\"Le Mus\u00e9e Macam \u00e0 la Cit\u00e9 de la Culture de Tunis accueille d\u00e8s le jeudi 20 juillet l\u2019exposition \u00ab\u00a0Lettrisme artistique en Tunisie\u00a0: \u00e9closion et \u00e9volution\u00a0\u00bb regroupant pr\u00e8s de cent \u0153uvres r\u00e9alis\u00e9es depuis les ann\u00e9es 70.\" \/>\n<meta property=\"og:url\" content=\"https:\/\/kapitalis.com\/tunisie\/2023\/07\/19\/lettrisme-artistique-en-tunisie-metissage-des-styles-au-musee-macam\/\" \/>\n<meta property=\"og:site_name\" content=\"Kapitalis\" \/>\n<meta property=\"article:publisher\" content=\"https:\/\/www.facebook.com\/KapitalisInfo\/\" \/>\n<meta property=\"article:published_time\" content=\"2023-07-19T15:03:48+00:00\" \/>\n<meta property=\"article:modified_time\" content=\"2023-07-19T15:03:50+00:00\" \/>\n<meta property=\"og:image\" content=\"https:\/\/kapitalis.com\/tunisie\/wp-content\/uploads\/2023\/07\/Expo-calligraphie-musee-Macam.jpg\" \/>\n\t<meta property=\"og:image:width\" content=\"1200\" \/>\n\t<meta property=\"og:image:height\" content=\"630\" \/>\n\t<meta property=\"og:image:type\" content=\"image\/jpeg\" \/>\n<meta name=\"author\" content=\"Fawz BenAli\" \/>\n<meta name=\"twitter:card\" content=\"summary_large_image\" \/>\n<meta name=\"twitter:creator\" content=\"@KapitalisInfo\" \/>\n<meta name=\"twitter:site\" content=\"@KapitalisInfo\" \/>\n<meta name=\"twitter:label1\" content=\"\u00c9crit par\" \/>\n\t<meta name=\"twitter:data1\" content=\"Fawz BenAli\" \/>\n\t<meta name=\"twitter:label2\" content=\"Dur\u00e9e de lecture estim\u00e9e\" \/>\n\t<meta name=\"twitter:data2\" content=\"1 minute\" \/>\n<script type=\"application\/ld+json\" class=\"yoast-schema-graph\">{\"@context\":\"https:\/\/schema.org\",\"@graph\":[{\"@type\":\"Article\",\"@id\":\"https:\/\/kapitalis.com\/tunisie\/2023\/07\/19\/lettrisme-artistique-en-tunisie-metissage-des-styles-au-musee-macam\/#article\",\"isPartOf\":{\"@id\":\"https:\/\/kapitalis.com\/tunisie\/2023\/07\/19\/lettrisme-artistique-en-tunisie-metissage-des-styles-au-musee-macam\/\"},\"author\":{\"name\":\"Fawz BenAli\",\"@id\":\"https:\/\/kapitalis.com\/tunisie\/#\/schema\/person\/73a5ecc1f6ae540c6ed91342eadca948\"},\"headline\":\"\u00ab\u00a0Lettrisme artistique en Tunisie\u00a0\u00bb\u00a0: M\u00e9tissage des styles au Mus\u00e9e MACAM\",\"datePublished\":\"2023-07-19T15:03:48+00:00\",\"dateModified\":\"2023-07-19T15:03:50+00:00\",\"mainEntityOfPage\":{\"@id\":\"https:\/\/kapitalis.com\/tunisie\/2023\/07\/19\/lettrisme-artistique-en-tunisie-metissage-des-styles-au-musee-macam\/\"},\"wordCount\":147,\"commentCount\":0,\"publisher\":{\"@id\":\"https:\/\/kapitalis.com\/tunisie\/#organization\"},\"image\":{\"@id\":\"https:\/\/kapitalis.com\/tunisie\/2023\/07\/19\/lettrisme-artistique-en-tunisie-metissage-des-styles-au-musee-macam\/#primaryimage\"},\"thumbnailUrl\":\"https:\/\/kapitalis.com\/tunisie\/wp-content\/uploads\/2023\/07\/Expo-calligraphie-musee-Macam.jpg\",\"keywords\":[\"calligraphie\",\"lettrisme artistique\",\"Macam\",\"Tunisie\"],\"articleSection\":[\"CULTURE\",\"Tunisie\"],\"inLanguage\":\"fr-FR\",\"potentialAction\":[{\"@type\":\"CommentAction\",\"name\":\"Comment\",\"target\":[\"https:\/\/kapitalis.com\/tunisie\/2023\/07\/19\/lettrisme-artistique-en-tunisie-metissage-des-styles-au-musee-macam\/#respond\"]}]},{\"@type\":\"WebPage\",\"@id\":\"https:\/\/kapitalis.com\/tunisie\/2023\/07\/19\/lettrisme-artistique-en-tunisie-metissage-des-styles-au-musee-macam\/\",\"url\":\"https:\/\/kapitalis.com\/tunisie\/2023\/07\/19\/lettrisme-artistique-en-tunisie-metissage-des-styles-au-musee-macam\/\",\"name\":\"\u00ab\u00a0Lettrisme artistique en Tunisie\u00a0\u00bb\u00a0: M\u00e9tissage des styles au Mus\u00e9e MACAM - Kapitalis\",\"isPartOf\":{\"@id\":\"https:\/\/kapitalis.com\/tunisie\/#website\"},\"primaryImageOfPage\":{\"@id\":\"https:\/\/kapitalis.com\/tunisie\/2023\/07\/19\/lettrisme-artistique-en-tunisie-metissage-des-styles-au-musee-macam\/#primaryimage\"},\"image\":{\"@id\":\"https:\/\/kapitalis.com\/tunisie\/2023\/07\/19\/lettrisme-artistique-en-tunisie-metissage-des-styles-au-musee-macam\/#primaryimage\"},\"thumbnailUrl\":\"https:\/\/kapitalis.com\/tunisie\/wp-content\/uploads\/2023\/07\/Expo-calligraphie-musee-Macam.jpg\",\"datePublished\":\"2023-07-19T15:03:48+00:00\",\"dateModified\":\"2023-07-19T15:03:50+00:00\",\"breadcrumb\":{\"@id\":\"https:\/\/kapitalis.com\/tunisie\/2023\/07\/19\/lettrisme-artistique-en-tunisie-metissage-des-styles-au-musee-macam\/#breadcrumb\"},\"inLanguage\":\"fr-FR\",\"potentialAction\":[{\"@type\":\"ReadAction\",\"target\":[\"https:\/\/kapitalis.com\/tunisie\/2023\/07\/19\/lettrisme-artistique-en-tunisie-metissage-des-styles-au-musee-macam\/\"]}]},{\"@type\":\"ImageObject\",\"inLanguage\":\"fr-FR\",\"@id\":\"https:\/\/kapitalis.com\/tunisie\/2023\/07\/19\/lettrisme-artistique-en-tunisie-metissage-des-styles-au-musee-macam\/#primaryimage\",\"url\":\"https:\/\/kapitalis.com\/tunisie\/wp-content\/uploads\/2023\/07\/Expo-calligraphie-musee-Macam.jpg\",\"contentUrl\":\"https:\/\/kapitalis.com\/tunisie\/wp-content\/uploads\/2023\/07\/Expo-calligraphie-musee-Macam.jpg\",\"width\":1200,\"height\":630},{\"@type\":\"BreadcrumbList\",\"@id\":\"https:\/\/kapitalis.com\/tunisie\/2023\/07\/19\/lettrisme-artistique-en-tunisie-metissage-des-styles-au-musee-macam\/#breadcrumb\",\"itemListElement\":[{\"@type\":\"ListItem\",\"position\":1,\"name\":\"Accueil\",\"item\":\"https:\/\/kapitalis.com\/tunisie\/\"},{\"@type\":\"ListItem\",\"position\":2,\"name\":\"\u00ab\u00a0Lettrisme artistique en Tunisie\u00a0\u00bb\u00a0: M\u00e9tissage des styles au Mus\u00e9e MACAM\"}]},{\"@type\":\"WebSite\",\"@id\":\"https:\/\/kapitalis.com\/tunisie\/#website\",\"url\":\"https:\/\/kapitalis.com\/tunisie\/\",\"name\":\"Kapitalis\",\"description\":\"L&#039;actualit\u00e9 en Tunisie et dans le monde\",\"publisher\":{\"@id\":\"https:\/\/kapitalis.com\/tunisie\/#organization\"},\"potentialAction\":[{\"@type\":\"SearchAction\",\"target\":{\"@type\":\"EntryPoint\",\"urlTemplate\":\"https:\/\/kapitalis.com\/tunisie\/?s={search_term_string}\"},\"query-input\":{\"@type\":\"PropertyValueSpecification\",\"valueRequired\":true,\"valueName\":\"search_term_string\"}}],\"inLanguage\":\"fr-FR\"},{\"@type\":\"Organization\",\"@id\":\"https:\/\/kapitalis.com\/tunisie\/#organization\",\"name\":\"Kapitalis\",\"url\":\"https:\/\/kapitalis.com\/tunisie\/\",\"logo\":{\"@type\":\"ImageObject\",\"inLanguage\":\"fr-FR\",\"@id\":\"https:\/\/kapitalis.com\/tunisie\/#\/schema\/logo\/image\/\",\"url\":\"https:\/\/kapitalis.com\/tunisie\/wp-content\/uploads\/2022\/05\/Kapitalis-big-size.png\",\"contentUrl\":\"https:\/\/kapitalis.com\/tunisie\/wp-content\/uploads\/2022\/05\/Kapitalis-big-size.png\",\"width\":5000,\"height\":1500,\"caption\":\"Kapitalis\"},\"image\":{\"@id\":\"https:\/\/kapitalis.com\/tunisie\/#\/schema\/logo\/image\/\"},\"sameAs\":[\"https:\/\/www.facebook.com\/KapitalisInfo\/\",\"https:\/\/x.com\/KapitalisInfo\",\"https:\/\/www.youtube.com\/channel\/UC-yDYrHyfFBWWZaOw3FPg9Q\"]},{\"@type\":\"Person\",\"@id\":\"https:\/\/kapitalis.com\/tunisie\/#\/schema\/person\/73a5ecc1f6ae540c6ed91342eadca948\",\"name\":\"Fawz BenAli\",\"url\":\"https:\/\/kapitalis.com\/tunisie\/author\/fawz\/\"}]}<\/script>\n<!-- \/ Yoast SEO plugin. -->","yoast_head_json":{"title":"\u00ab\u00a0Lettrisme artistique en Tunisie\u00a0\u00bb\u00a0: M\u00e9tissage des styles au Mus\u00e9e MACAM - Kapitalis","robots":{"index":"index","follow":"follow","max-snippet":"max-snippet:-1","max-image-preview":"max-image-preview:large","max-video-preview":"max-video-preview:-1"},"canonical":"https:\/\/kapitalis.com\/tunisie\/2023\/07\/19\/lettrisme-artistique-en-tunisie-metissage-des-styles-au-musee-macam\/","og_locale":"fr_FR","og_type":"article","og_title":"\u00ab\u00a0Lettrisme artistique en Tunisie\u00a0\u00bb\u00a0: M\u00e9tissage des styles au Mus\u00e9e MACAM - Kapitalis","og_description":"Le Mus\u00e9e Macam \u00e0 la Cit\u00e9 de la Culture de Tunis accueille d\u00e8s le jeudi 20 juillet l\u2019exposition \u00ab\u00a0Lettrisme artistique en Tunisie\u00a0: \u00e9closion et \u00e9volution\u00a0\u00bb regroupant pr\u00e8s de cent \u0153uvres r\u00e9alis\u00e9es depuis les ann\u00e9es 70.","og_url":"https:\/\/kapitalis.com\/tunisie\/2023\/07\/19\/lettrisme-artistique-en-tunisie-metissage-des-styles-au-musee-macam\/","og_site_name":"Kapitalis","article_publisher":"https:\/\/www.facebook.com\/KapitalisInfo\/","article_published_time":"2023-07-19T15:03:48+00:00","article_modified_time":"2023-07-19T15:03:50+00:00","og_image":[{"width":1200,"height":630,"url":"https:\/\/kapitalis.com\/tunisie\/wp-content\/uploads\/2023\/07\/Expo-calligraphie-musee-Macam.jpg","type":"image\/jpeg"}],"author":"Fawz BenAli","twitter_card":"summary_large_image","twitter_creator":"@KapitalisInfo","twitter_site":"@KapitalisInfo","twitter_misc":{"\u00c9crit par":"Fawz BenAli","Dur\u00e9e de lecture estim\u00e9e":"1 minute"},"schema":{"@context":"https:\/\/schema.org","@graph":[{"@type":"Article","@id":"https:\/\/kapitalis.com\/tunisie\/2023\/07\/19\/lettrisme-artistique-en-tunisie-metissage-des-styles-au-musee-macam\/#article","isPartOf":{"@id":"https:\/\/kapitalis.com\/tunisie\/2023\/07\/19\/lettrisme-artistique-en-tunisie-metissage-des-styles-au-musee-macam\/"},"author":{"name":"Fawz BenAli","@id":"https:\/\/kapitalis.com\/tunisie\/#\/schema\/person\/73a5ecc1f6ae540c6ed91342eadca948"},"headline":"\u00ab\u00a0Lettrisme artistique en Tunisie\u00a0\u00bb\u00a0: M\u00e9tissage des styles au Mus\u00e9e MACAM","datePublished":"2023-07-19T15:03:48+00:00","dateModified":"2023-07-19T15:03:50+00:00","mainEntityOfPage":{"@id":"https:\/\/kapitalis.com\/tunisie\/2023\/07\/19\/lettrisme-artistique-en-tunisie-metissage-des-styles-au-musee-macam\/"},"wordCount":147,"commentCount":0,"publisher":{"@id":"https:\/\/kapitalis.com\/tunisie\/#organization"},"image":{"@id":"https:\/\/kapitalis.com\/tunisie\/2023\/07\/19\/lettrisme-artistique-en-tunisie-metissage-des-styles-au-musee-macam\/#primaryimage"},"thumbnailUrl":"https:\/\/kapitalis.com\/tunisie\/wp-content\/uploads\/2023\/07\/Expo-calligraphie-musee-Macam.jpg","keywords":["calligraphie","lettrisme artistique","Macam","Tunisie"],"articleSection":["CULTURE","Tunisie"],"inLanguage":"fr-FR","potentialAction":[{"@type":"CommentAction","name":"Comment","target":["https:\/\/kapitalis.com\/tunisie\/2023\/07\/19\/lettrisme-artistique-en-tunisie-metissage-des-styles-au-musee-macam\/#respond"]}]},{"@type":"WebPage","@id":"https:\/\/kapitalis.com\/tunisie\/2023\/07\/19\/lettrisme-artistique-en-tunisie-metissage-des-styles-au-musee-macam\/","url":"https:\/\/kapitalis.com\/tunisie\/2023\/07\/19\/lettrisme-artistique-en-tunisie-metissage-des-styles-au-musee-macam\/","name":"\u00ab\u00a0Lettrisme artistique en Tunisie\u00a0\u00bb\u00a0: M\u00e9tissage des styles au Mus\u00e9e MACAM - Kapitalis","isPartOf":{"@id":"https:\/\/kapitalis.com\/tunisie\/#website"},"primaryImageOfPage":{"@id":"https:\/\/kapitalis.com\/tunisie\/2023\/07\/19\/lettrisme-artistique-en-tunisie-metissage-des-styles-au-musee-macam\/#primaryimage"},"image":{"@id":"https:\/\/kapitalis.com\/tunisie\/2023\/07\/19\/lettrisme-artistique-en-tunisie-metissage-des-styles-au-musee-macam\/#primaryimage"},"thumbnailUrl":"https:\/\/kapitalis.com\/tunisie\/wp-content\/uploads\/2023\/07\/Expo-calligraphie-musee-Macam.jpg","datePublished":"2023-07-19T15:03:48+00:00","dateModified":"2023-07-19T15:03:50+00:00","breadcrumb":{"@id":"https:\/\/kapitalis.com\/tunisie\/2023\/07\/19\/lettrisme-artistique-en-tunisie-metissage-des-styles-au-musee-macam\/#breadcrumb"},"inLanguage":"fr-FR","potentialAction":[{"@type":"ReadAction","target":["https:\/\/kapitalis.com\/tunisie\/2023\/07\/19\/lettrisme-artistique-en-tunisie-metissage-des-styles-au-musee-macam\/"]}]},{"@type":"ImageObject","inLanguage":"fr-FR","@id":"https:\/\/kapitalis.com\/tunisie\/2023\/07\/19\/lettrisme-artistique-en-tunisie-metissage-des-styles-au-musee-macam\/#primaryimage","url":"https:\/\/kapitalis.com\/tunisie\/wp-content\/uploads\/2023\/07\/Expo-calligraphie-musee-Macam.jpg","contentUrl":"https:\/\/kapitalis.com\/tunisie\/wp-content\/uploads\/2023\/07\/Expo-calligraphie-musee-Macam.jpg","width":1200,"height":630},{"@type":"BreadcrumbList","@id":"https:\/\/kapitalis.com\/tunisie\/2023\/07\/19\/lettrisme-artistique-en-tunisie-metissage-des-styles-au-musee-macam\/#breadcrumb","itemListElement":[{"@type":"ListItem","position":1,"name":"Accueil","item":"https:\/\/kapitalis.com\/tunisie\/"},{"@type":"ListItem","position":2,"name":"\u00ab\u00a0Lettrisme artistique en Tunisie\u00a0\u00bb\u00a0: M\u00e9tissage des styles au Mus\u00e9e MACAM"}]},{"@type":"WebSite","@id":"https:\/\/kapitalis.com\/tunisie\/#website","url":"https:\/\/kapitalis.com\/tunisie\/","name":"Kapitalis","description":"L&#039;actualit\u00e9 en Tunisie et dans le monde","publisher":{"@id":"https:\/\/kapitalis.com\/tunisie\/#organization"},"potentialAction":[{"@type":"SearchAction","target":{"@type":"EntryPoint","urlTemplate":"https:\/\/kapitalis.com\/tunisie\/?s={search_term_string}"},"query-input":{"@type":"PropertyValueSpecification","valueRequired":true,"valueName":"search_term_string"}}],"inLanguage":"fr-FR"},{"@type":"Organization","@id":"https:\/\/kapitalis.com\/tunisie\/#organization","name":"Kapitalis","url":"https:\/\/kapitalis.com\/tunisie\/","logo":{"@type":"ImageObject","inLanguage":"fr-FR","@id":"https:\/\/kapitalis.com\/tunisie\/#\/schema\/logo\/image\/","url":"https:\/\/kapitalis.com\/tunisie\/wp-content\/uploads\/2022\/05\/Kapitalis-big-size.png","contentUrl":"https:\/\/kapitalis.com\/tunisie\/wp-content\/uploads\/2022\/05\/Kapitalis-big-size.png","width":5000,"height":1500,"caption":"Kapitalis"},"image":{"@id":"https:\/\/kapitalis.com\/tunisie\/#\/schema\/logo\/image\/"},"sameAs":["https:\/\/www.facebook.com\/KapitalisInfo\/","https:\/\/x.com\/KapitalisInfo","https:\/\/www.youtube.com\/channel\/UC-yDYrHyfFBWWZaOw3FPg9Q"]},{"@type":"Person","@id":"https:\/\/kapitalis.com\/tunisie\/#\/schema\/person\/73a5ecc1f6ae540c6ed91342eadca948","name":"Fawz BenAli","url":"https:\/\/kapitalis.com\/tunisie\/author\/fawz\/"}]}},"_links":{"self":[{"href":"https:\/\/kapitalis.com\/tunisie\/wp-json\/wp\/v2\/posts\/8941334","targetHints":{"allow":["GET"]}}],"collection":[{"href":"https:\/\/kapitalis.com\/tunisie\/wp-json\/wp\/v2\/posts"}],"about":[{"href":"https:\/\/kapitalis.com\/tunisie\/wp-json\/wp\/v2\/types\/post"}],"author":[{"embeddable":true,"href":"https:\/\/kapitalis.com\/tunisie\/wp-json\/wp\/v2\/users\/26"}],"replies":[{"embeddable":true,"href":"https:\/\/kapitalis.com\/tunisie\/wp-json\/wp\/v2\/comments?post=8941334"}],"version-history":[{"count":1,"href":"https:\/\/kapitalis.com\/tunisie\/wp-json\/wp\/v2\/posts\/8941334\/revisions"}],"predecessor-version":[{"id":8941443,"href":"https:\/\/kapitalis.com\/tunisie\/wp-json\/wp\/v2\/posts\/8941334\/revisions\/8941443"}],"wp:featuredmedia":[{"embeddable":true,"href":"https:\/\/kapitalis.com\/tunisie\/wp-json\/wp\/v2\/media\/8941438"}],"wp:attachment":[{"href":"https:\/\/kapitalis.com\/tunisie\/wp-json\/wp\/v2\/media?parent=8941334"}],"wp:term":[{"taxonomy":"category","embeddable":true,"href":"https:\/\/kapitalis.com\/tunisie\/wp-json\/wp\/v2\/categories?post=8941334"},{"taxonomy":"post_tag","embeddable":true,"href":"https:\/\/kapitalis.com\/tunisie\/wp-json\/wp\/v2\/tags?post=8941334"}],"curies":[{"name":"wp","href":"https:\/\/api.w.org\/{rel}","templated":true}]}}