{"id":8945186,"date":"2023-07-20T06:39:37","date_gmt":"2023-07-20T05:39:37","guid":{"rendered":"https:\/\/kapitalis.com\/tunisie\/?p=8945186"},"modified":"2023-07-20T06:39:38","modified_gmt":"2023-07-20T05:39:38","slug":"tunisie-pret-de-la-bad-pour-securiser-lapprovisionnement-en-cereales","status":"publish","type":"post","link":"https:\/\/kapitalis.com\/tunisie\/2023\/07\/20\/tunisie-pret-de-la-bad-pour-securiser-lapprovisionnement-en-cereales\/","title":{"rendered":"Tunisie\u00a0: pr\u00eat de la BAD pour s\u00e9curiser l\u2019approvisionnement en c\u00e9r\u00e9ales"},"content":{"rendered":"\n<p><strong><em>Un pr\u00eat, encore un pr\u00eat\u00a0? C\u2019est \u00e0 croire que les Tunisiens ne savent pas gagner leur vie \u00e0 la sueur de leur front. Alors, ils recourent \u00e0 leur drogue pr\u00e9f\u00e9r\u00e9e\u00a0: l\u2019argent des autres, quitte \u00e0 le payer ensuite ch\u00e8rement et \u00e0 hypoth\u00e9quer l\u2019avenir de leurs enfants et petits-enfants. \u00a0<\/em><\/strong><\/p>\n\n\n\n<!--more-->\n\n\n\n<p>En effet, il ne se passe pas une semaine sans qu\u2019un nouvel accord de pr\u00eat soit sign\u00e9 par l\u2019un des membres du gouvernement. Le dernier en date d\u2019un montant global de 87,1 millions de dollars (l\u2019\u00e9quivalent de 267,56 millions de dinars) servira \u00e0 financer le projet d\u2019appui au d\u00e9veloppement inclusif et durable de la fili\u00e8re c\u00e9r\u00e9ali\u00e8re (Padific). Il a \u00e9t\u00e9 sign\u00e9, mercredi 19 juillet 2023, \u00e0 Tunis, par le ministre de l\u2019Economie et de la Planification, Samir Saied et la directrice g\u00e9n\u00e9rale adjointe du bureau r\u00e9gional de l\u2019Afrique du Nord de la Banque africaine de d\u00e9veloppement (BAD), Malinne Blomberg.<\/p>\n\n\n\n<p>Lors de la c\u00e9r\u00e9monie de signature, le ministre a fait savoir que ce pr\u00eat, dont le remboursement se fera sur 24 ans (<em>\u00abYa min \u00e2ch\u00bb<\/em>, comme disent les Tunisiens) avec une p\u00e9riode gr\u00e2ce de 5 ans, permettra d\u2019augmenter les capacit\u00e9s de stockage strat\u00e9gique de c\u00e9r\u00e9ales, pour passer de deux \u00e0 trois mois de couverture des besoins et ce, \u00e0 travers la r\u00e9habilitation et la modernisation des silos portuaires de Rad\u00e8s et de Bizerte, la cr\u00e9ation d\u2019un nouveau silo \u00e0 Djebel Djelloud et la relance du transport c\u00e9r\u00e9alier par voies ferr\u00e9es.<\/p>\n\n\n\n<p>L\u2019objectif \u00e9tant de contribuer \u00e0 garantir \u00e0 court terme, avec le concours des autres partenaires au d\u00e9veloppement dont la Banque Mondiale (BM) et la Banque europ\u00e9enne pour la reconstruction et le d\u00e9veloppement (Berd), un approvisionnement sans rupture du march\u00e9 local en bl\u00e9 tendre et orge.<\/p>\n\n\n\n<figure class=\"wp-block-embed is-type-wp-embed is-provider-kapitalis wp-block-embed-kapitalis\"><div class=\"wp-block-embed__wrapper\">\n<blockquote class=\"wp-embedded-content\" data-secret=\"EvxGdkpEjz\"><a href=\"https:\/\/kapitalis.com\/tunisie\/2023\/05\/13\/soutien-financier-europeen-aux-petits-producteurs-de-cereales-en-tunisie\/\">Soutien financier europ\u00e9en aux petits producteurs de c\u00e9r\u00e9ales en Tunisie<\/a><\/blockquote><iframe loading=\"lazy\" class=\"wp-embedded-content\" sandbox=\"allow-scripts\" security=\"restricted\" style=\"position: absolute; clip: rect(1px, 1px, 1px, 1px);\" title=\"\u00ab\u00a0Soutien financier europ\u00e9en aux petits producteurs de c\u00e9r\u00e9ales en Tunisie\u00a0\u00bb &#8212; Kapitalis\" src=\"https:\/\/kapitalis.com\/tunisie\/2023\/05\/13\/soutien-financier-europeen-aux-petits-producteurs-de-cereales-en-tunisie\/embed\/#?secret=4Mqibh6x6g#?secret=EvxGdkpEjz\" data-secret=\"EvxGdkpEjz\" width=\"600\" height=\"338\" frameborder=\"0\" marginwidth=\"0\" marginheight=\"0\" scrolling=\"no\"><\/iframe>\n<\/div><\/figure>\n\n\n\n<p>Le ministre a, par ailleurs, soulign\u00e9 que le projet Padific rev\u00eat une importance particuli\u00e8re, en termes d\u2019investissements inclusifs et durables, ciblant l\u2019amont et l\u2019aval de la fili\u00e8re c\u00e9r\u00e9ali\u00e8re, une filiale dont on se rend compte, aujourd\u2019hui, qu\u2019elle se porte mal, tr\u00e8s mal, ce qui nous vaut des p\u00e9nuries de pain et de longues files d\u2019attente devant les boulangeries encore ouvertes.<\/p>\n\n\n\n<p>En plus des actions classiques visant l\u2019am\u00e9lioration de la production et la productivit\u00e9 c\u00e9r\u00e9ali\u00e8res, telles que le conseil agricole, la formation des agriculteurs g\u00e9r\u00e9s par la Banque tunisienne de solidarit\u00e9 (BTS), le Padific appuiera, aussi, des jeunes pour le d\u00e9veloppement de cinq startups dans la valorisation des sous-produits de la c\u00e9r\u00e9aliculture, indique le ministre. Et de rappeler que cet accord s\u2019inscrit dans une logique de consolidation des r\u00e9sultats du Projet d\u2019appui d\u2019urgence \u00e0 la s\u00e9curit\u00e9 alimentaire en Tunisie (Pausat), \u00e9galement financ\u00e9 par la BAD, qui vise \u00e0 renforcer la r\u00e9silience de la fili\u00e8re c\u00e9r\u00e9ali\u00e8re tunisienne face aux chocs ext\u00e9rieurs et aux changements climatiques, tout en s\u00e9curisant l\u2019approvisionnement en c\u00e9r\u00e9ales dans un contexte exceptionnel marqu\u00e9 par une crise alimentaire mondiale induite principalement, par la guerre en Ukraine et une s\u00e9cheresse persistance.<\/p>\n\n\n\n<p>Cette s\u00e9cheresse, a dit le ministre, a r\u00e9duit la r\u00e9colte \u00e0 250&nbsp;000 tonnes de c\u00e9r\u00e9ales contre un besoin national annuel de 3,4 millions de tonnes, et cela on fait semblant de l\u2019avoir d\u00e9couvert aujourd\u2019hui. Et l\u2019on se demande ce qui serait advenu de nous si les bailleurs de fonds internationaux n\u2019ont pas vol\u00e9 \u00e0 notre secours en anticipant les p\u00e9nuries que nous vivons aujourd\u2019hui dans notre pays et que ces chers ministres n\u2019ont pas vu venir.<\/p>\n\n\n\n<p>La directrice g\u00e9n\u00e9rale adjointe du bureau r\u00e9gional de l\u2019Afrique du Nord de la BAD a d\u00e9clar\u00e9 que les r\u00e9sultats escompt\u00e9s de ce projet se refl\u00e9teront par une production additionnelle estim\u00e9e \u00e0 1,6 million de quintaux de bl\u00e9 dur et 1,2 million de quintaux d\u2019orge ainsi qu\u2019une diminution des pertes li\u00e9es au stockage apr\u00e8s la r\u00e9colte qui g\u00e9n\u00e9rera des gains \u00e9valu\u00e9s \u00e0 115\u00a0000 quintaux de c\u00e9r\u00e9ales.<\/p>\n\n\n\n<figure class=\"wp-block-embed is-type-wp-embed is-provider-kapitalis wp-block-embed-kapitalis\"><div class=\"wp-block-embed__wrapper\">\n<blockquote class=\"wp-embedded-content\" data-secret=\"HUlOSOSKuR\"><a href=\"https:\/\/kapitalis.com\/tunisie\/2023\/04\/04\/tunisie-baisse-en-vue-des-recoltes-et-hausse-des-exportations-des-cereales\/\">Tunisie\u00a0: baisse en vue des r\u00e9coltes (et hausse des importations) des c\u00e9r\u00e9ales<\/a><\/blockquote><iframe loading=\"lazy\" class=\"wp-embedded-content\" sandbox=\"allow-scripts\" security=\"restricted\" style=\"position: absolute; clip: rect(1px, 1px, 1px, 1px);\" title=\"\u00ab\u00a0Tunisie\u00a0: baisse en vue des r\u00e9coltes (et hausse des importations) des c\u00e9r\u00e9ales\u00a0\u00bb &#8212; Kapitalis\" src=\"https:\/\/kapitalis.com\/tunisie\/2023\/04\/04\/tunisie-baisse-en-vue-des-recoltes-et-hausse-des-exportations-des-cereales\/embed\/#?secret=R3pBurIOZa#?secret=HUlOSOSKuR\" data-secret=\"HUlOSOSKuR\" width=\"600\" height=\"338\" frameborder=\"0\" marginwidth=\"0\" marginheight=\"0\" scrolling=\"no\"><\/iframe>\n<\/div><\/figure>\n\n\n\n<p>Ainsi, le Padific aura un impact r\u00e9el sur la s\u00e9curit\u00e9 alimentaire des populations notamment vuln\u00e9rables dont l\u2019alimentation est bas\u00e9e essentiellement, sur les produits \u00e0 base de c\u00e9r\u00e9ales ainsi que sur les acteurs de la cha\u00eene de transformation (minoteries, boulangeries, p\u00e2tisseries&#8230;). Il impactera aussi b\u00e9n\u00e9fiquement l\u2019alimentation du cheptel et la production animale, a-t-elle ajout\u00e9, soulignant que ce projet aidera la Tunisie, qui importera cette ann\u00e9e <a href=\"https:\/\/kapitalis.com\/tunisie\/2023\/03\/30\/la-tunisie-va-produire-cette-saison-5-a-6-de-ses-besoins-en-cereales\/\" target=\"_blank\" rel=\"noreferrer noopener\">95% de ses besoins en c\u00e9r\u00e9ales<\/a>, \u00e0 faire face aux impacts de la crise mondiale sur les prix des denr\u00e9es c\u00e9r\u00e9ali\u00e8res ainsi qu\u2019aux s\u00e9cheresses.\u00a0 <\/p>\n\n\n\n<p class=\"has-text-align-right\"><strong>I. B.<\/strong> (avec Tap).<\/p>\n","protected":false},"excerpt":{"rendered":"<p>Un nouveau pr\u00eat de la BAD permettra \u00e0 la Tunisie d\u2019augmenter ses capacit\u00e9s de stockage strat\u00e9gique de c\u00e9r\u00e9ales et \u00e0 garantir un approvisionnement sans rupture du march\u00e9 local en bl\u00e9 tendre et orge. <\/p>\n","protected":false},"author":8,"featured_media":8945204,"comment_status":"open","ping_status":"open","sticky":false,"template":"","format":"standard","meta":{"footnotes":""},"categories":[995,2433],"tags":[119,130,1952,1203,101562,109990,109991,10055,62643],"class_list":["post-8945186","post","type-post","status-publish","format-standard","has-post-thumbnail","hentry","category-economie","category-tunisie","tag-bad","tag-banque-mondiale","tag-berd","tag-cereales","tag-filiere-cerealiere","tag-malinne-blomberg","tag-padific","tag-samir-saied","tag-tunisie"],"yoast_head":"<!-- This site is optimized with the Yoast SEO plugin v26.6 - https:\/\/yoast.com\/wordpress\/plugins\/seo\/ -->\n<title>Tunisie\u00a0: pr\u00eat de la BAD pour s\u00e9curiser l\u2019approvisionnement en c\u00e9r\u00e9ales - Kapitalis<\/title>\n<meta name=\"robots\" content=\"index, follow, max-snippet:-1, max-image-preview:large, max-video-preview:-1\" \/>\n<link rel=\"canonical\" href=\"https:\/\/kapitalis.com\/tunisie\/2023\/07\/20\/tunisie-pret-de-la-bad-pour-securiser-lapprovisionnement-en-cereales\/\" \/>\n<meta property=\"og:locale\" content=\"fr_FR\" \/>\n<meta property=\"og:type\" content=\"article\" \/>\n<meta property=\"og:title\" content=\"Tunisie\u00a0: pr\u00eat de la BAD pour s\u00e9curiser l\u2019approvisionnement en c\u00e9r\u00e9ales - Kapitalis\" \/>\n<meta property=\"og:description\" content=\"Un nouveau pr\u00eat de la BAD permettra \u00e0 la Tunisie d\u2019augmenter ses capacit\u00e9s de stockage strat\u00e9gique de c\u00e9r\u00e9ales et \u00e0 garantir un approvisionnement sans rupture du march\u00e9 local en bl\u00e9 tendre et orge.\" \/>\n<meta property=\"og:url\" content=\"https:\/\/kapitalis.com\/tunisie\/2023\/07\/20\/tunisie-pret-de-la-bad-pour-securiser-lapprovisionnement-en-cereales\/\" \/>\n<meta property=\"og:site_name\" content=\"Kapitalis\" \/>\n<meta property=\"article:publisher\" content=\"https:\/\/www.facebook.com\/KapitalisInfo\/\" \/>\n<meta property=\"article:published_time\" content=\"2023-07-20T05:39:37+00:00\" \/>\n<meta property=\"article:modified_time\" content=\"2023-07-20T05:39:38+00:00\" \/>\n<meta property=\"og:image\" content=\"https:\/\/kapitalis.com\/tunisie\/wp-content\/uploads\/2023\/07\/Samur-Saied-Malinne-Blomberg-BAD.jpg\" \/>\n\t<meta property=\"og:image:width\" content=\"1200\" \/>\n\t<meta property=\"og:image:height\" content=\"630\" \/>\n\t<meta property=\"og:image:type\" content=\"image\/jpeg\" \/>\n<meta name=\"author\" content=\"webmaster kapitalis\" \/>\n<meta name=\"twitter:card\" content=\"summary_large_image\" \/>\n<meta name=\"twitter:creator\" content=\"@KapitalisInfo\" \/>\n<meta name=\"twitter:site\" content=\"@KapitalisInfo\" \/>\n<meta name=\"twitter:label1\" content=\"\u00c9crit par\" \/>\n\t<meta name=\"twitter:data1\" content=\"webmaster kapitalis\" \/>\n\t<meta name=\"twitter:label2\" content=\"Dur\u00e9e de lecture estim\u00e9e\" \/>\n\t<meta name=\"twitter:data2\" content=\"4 minutes\" \/>\n<script type=\"application\/ld+json\" class=\"yoast-schema-graph\">{\"@context\":\"https:\/\/schema.org\",\"@graph\":[{\"@type\":\"Article\",\"@id\":\"https:\/\/kapitalis.com\/tunisie\/2023\/07\/20\/tunisie-pret-de-la-bad-pour-securiser-lapprovisionnement-en-cereales\/#article\",\"isPartOf\":{\"@id\":\"https:\/\/kapitalis.com\/tunisie\/2023\/07\/20\/tunisie-pret-de-la-bad-pour-securiser-lapprovisionnement-en-cereales\/\"},\"author\":{\"name\":\"webmaster kapitalis\",\"@id\":\"https:\/\/kapitalis.com\/tunisie\/#\/schema\/person\/d71f33a9ca44f7bad4698210b480c8e9\"},\"headline\":\"Tunisie\u00a0: pr\u00eat de la BAD pour s\u00e9curiser l\u2019approvisionnement en c\u00e9r\u00e9ales\",\"datePublished\":\"2023-07-20T05:39:37+00:00\",\"dateModified\":\"2023-07-20T05:39:38+00:00\",\"mainEntityOfPage\":{\"@id\":\"https:\/\/kapitalis.com\/tunisie\/2023\/07\/20\/tunisie-pret-de-la-bad-pour-securiser-lapprovisionnement-en-cereales\/\"},\"wordCount\":840,\"commentCount\":0,\"publisher\":{\"@id\":\"https:\/\/kapitalis.com\/tunisie\/#organization\"},\"image\":{\"@id\":\"https:\/\/kapitalis.com\/tunisie\/2023\/07\/20\/tunisie-pret-de-la-bad-pour-securiser-lapprovisionnement-en-cereales\/#primaryimage\"},\"thumbnailUrl\":\"https:\/\/kapitalis.com\/tunisie\/wp-content\/uploads\/2023\/07\/Samur-Saied-Malinne-Blomberg-BAD.jpg\",\"keywords\":[\"BAD\",\"Banque Mondiale\",\"Berd\",\"c\u00e9r\u00e9ales\",\"fili\u00e8re c\u00e9r\u00e9ali\u00e8re\",\"Malinne Blomberg\",\"Padific\",\"Samir Saied\",\"Tunisie\"],\"articleSection\":[\"ECONOMIE\",\"Tunisie\"],\"inLanguage\":\"fr-FR\",\"potentialAction\":[{\"@type\":\"CommentAction\",\"name\":\"Comment\",\"target\":[\"https:\/\/kapitalis.com\/tunisie\/2023\/07\/20\/tunisie-pret-de-la-bad-pour-securiser-lapprovisionnement-en-cereales\/#respond\"]}]},{\"@type\":\"WebPage\",\"@id\":\"https:\/\/kapitalis.com\/tunisie\/2023\/07\/20\/tunisie-pret-de-la-bad-pour-securiser-lapprovisionnement-en-cereales\/\",\"url\":\"https:\/\/kapitalis.com\/tunisie\/2023\/07\/20\/tunisie-pret-de-la-bad-pour-securiser-lapprovisionnement-en-cereales\/\",\"name\":\"Tunisie\u00a0: pr\u00eat de la BAD pour s\u00e9curiser l\u2019approvisionnement en c\u00e9r\u00e9ales - Kapitalis\",\"isPartOf\":{\"@id\":\"https:\/\/kapitalis.com\/tunisie\/#website\"},\"primaryImageOfPage\":{\"@id\":\"https:\/\/kapitalis.com\/tunisie\/2023\/07\/20\/tunisie-pret-de-la-bad-pour-securiser-lapprovisionnement-en-cereales\/#primaryimage\"},\"image\":{\"@id\":\"https:\/\/kapitalis.com\/tunisie\/2023\/07\/20\/tunisie-pret-de-la-bad-pour-securiser-lapprovisionnement-en-cereales\/#primaryimage\"},\"thumbnailUrl\":\"https:\/\/kapitalis.com\/tunisie\/wp-content\/uploads\/2023\/07\/Samur-Saied-Malinne-Blomberg-BAD.jpg\",\"datePublished\":\"2023-07-20T05:39:37+00:00\",\"dateModified\":\"2023-07-20T05:39:38+00:00\",\"breadcrumb\":{\"@id\":\"https:\/\/kapitalis.com\/tunisie\/2023\/07\/20\/tunisie-pret-de-la-bad-pour-securiser-lapprovisionnement-en-cereales\/#breadcrumb\"},\"inLanguage\":\"fr-FR\",\"potentialAction\":[{\"@type\":\"ReadAction\",\"target\":[\"https:\/\/kapitalis.com\/tunisie\/2023\/07\/20\/tunisie-pret-de-la-bad-pour-securiser-lapprovisionnement-en-cereales\/\"]}]},{\"@type\":\"ImageObject\",\"inLanguage\":\"fr-FR\",\"@id\":\"https:\/\/kapitalis.com\/tunisie\/2023\/07\/20\/tunisie-pret-de-la-bad-pour-securiser-lapprovisionnement-en-cereales\/#primaryimage\",\"url\":\"https:\/\/kapitalis.com\/tunisie\/wp-content\/uploads\/2023\/07\/Samur-Saied-Malinne-Blomberg-BAD.jpg\",\"contentUrl\":\"https:\/\/kapitalis.com\/tunisie\/wp-content\/uploads\/2023\/07\/Samur-Saied-Malinne-Blomberg-BAD.jpg\",\"width\":1200,\"height\":630},{\"@type\":\"BreadcrumbList\",\"@id\":\"https:\/\/kapitalis.com\/tunisie\/2023\/07\/20\/tunisie-pret-de-la-bad-pour-securiser-lapprovisionnement-en-cereales\/#breadcrumb\",\"itemListElement\":[{\"@type\":\"ListItem\",\"position\":1,\"name\":\"Accueil\",\"item\":\"https:\/\/kapitalis.com\/tunisie\/\"},{\"@type\":\"ListItem\",\"position\":2,\"name\":\"Tunisie\u00a0: pr\u00eat de la BAD pour s\u00e9curiser l\u2019approvisionnement en c\u00e9r\u00e9ales\"}]},{\"@type\":\"WebSite\",\"@id\":\"https:\/\/kapitalis.com\/tunisie\/#website\",\"url\":\"https:\/\/kapitalis.com\/tunisie\/\",\"name\":\"Kapitalis\",\"description\":\"L&#039;actualit\u00e9 en Tunisie et dans le monde\",\"publisher\":{\"@id\":\"https:\/\/kapitalis.com\/tunisie\/#organization\"},\"potentialAction\":[{\"@type\":\"SearchAction\",\"target\":{\"@type\":\"EntryPoint\",\"urlTemplate\":\"https:\/\/kapitalis.com\/tunisie\/?s={search_term_string}\"},\"query-input\":{\"@type\":\"PropertyValueSpecification\",\"valueRequired\":true,\"valueName\":\"search_term_string\"}}],\"inLanguage\":\"fr-FR\"},{\"@type\":\"Organization\",\"@id\":\"https:\/\/kapitalis.com\/tunisie\/#organization\",\"name\":\"Kapitalis\",\"url\":\"https:\/\/kapitalis.com\/tunisie\/\",\"logo\":{\"@type\":\"ImageObject\",\"inLanguage\":\"fr-FR\",\"@id\":\"https:\/\/kapitalis.com\/tunisie\/#\/schema\/logo\/image\/\",\"url\":\"https:\/\/kapitalis.com\/tunisie\/wp-content\/uploads\/2022\/05\/Kapitalis-big-size.png\",\"contentUrl\":\"https:\/\/kapitalis.com\/tunisie\/wp-content\/uploads\/2022\/05\/Kapitalis-big-size.png\",\"width\":5000,\"height\":1500,\"caption\":\"Kapitalis\"},\"image\":{\"@id\":\"https:\/\/kapitalis.com\/tunisie\/#\/schema\/logo\/image\/\"},\"sameAs\":[\"https:\/\/www.facebook.com\/KapitalisInfo\/\",\"https:\/\/x.com\/KapitalisInfo\",\"https:\/\/www.youtube.com\/channel\/UC-yDYrHyfFBWWZaOw3FPg9Q\"]},{\"@type\":\"Person\",\"@id\":\"https:\/\/kapitalis.com\/tunisie\/#\/schema\/person\/d71f33a9ca44f7bad4698210b480c8e9\",\"name\":\"webmaster kapitalis\",\"url\":\"https:\/\/kapitalis.com\/tunisie\/author\/webmaster-kapitalis\/\"}]}<\/script>\n<!-- \/ Yoast SEO plugin. -->","yoast_head_json":{"title":"Tunisie\u00a0: pr\u00eat de la BAD pour s\u00e9curiser l\u2019approvisionnement en c\u00e9r\u00e9ales - Kapitalis","robots":{"index":"index","follow":"follow","max-snippet":"max-snippet:-1","max-image-preview":"max-image-preview:large","max-video-preview":"max-video-preview:-1"},"canonical":"https:\/\/kapitalis.com\/tunisie\/2023\/07\/20\/tunisie-pret-de-la-bad-pour-securiser-lapprovisionnement-en-cereales\/","og_locale":"fr_FR","og_type":"article","og_title":"Tunisie\u00a0: pr\u00eat de la BAD pour s\u00e9curiser l\u2019approvisionnement en c\u00e9r\u00e9ales - Kapitalis","og_description":"Un nouveau pr\u00eat de la BAD permettra \u00e0 la Tunisie d\u2019augmenter ses capacit\u00e9s de stockage strat\u00e9gique de c\u00e9r\u00e9ales et \u00e0 garantir un approvisionnement sans rupture du march\u00e9 local en bl\u00e9 tendre et orge.","og_url":"https:\/\/kapitalis.com\/tunisie\/2023\/07\/20\/tunisie-pret-de-la-bad-pour-securiser-lapprovisionnement-en-cereales\/","og_site_name":"Kapitalis","article_publisher":"https:\/\/www.facebook.com\/KapitalisInfo\/","article_published_time":"2023-07-20T05:39:37+00:00","article_modified_time":"2023-07-20T05:39:38+00:00","og_image":[{"width":1200,"height":630,"url":"https:\/\/kapitalis.com\/tunisie\/wp-content\/uploads\/2023\/07\/Samur-Saied-Malinne-Blomberg-BAD.jpg","type":"image\/jpeg"}],"author":"webmaster kapitalis","twitter_card":"summary_large_image","twitter_creator":"@KapitalisInfo","twitter_site":"@KapitalisInfo","twitter_misc":{"\u00c9crit par":"webmaster kapitalis","Dur\u00e9e de lecture estim\u00e9e":"4 minutes"},"schema":{"@context":"https:\/\/schema.org","@graph":[{"@type":"Article","@id":"https:\/\/kapitalis.com\/tunisie\/2023\/07\/20\/tunisie-pret-de-la-bad-pour-securiser-lapprovisionnement-en-cereales\/#article","isPartOf":{"@id":"https:\/\/kapitalis.com\/tunisie\/2023\/07\/20\/tunisie-pret-de-la-bad-pour-securiser-lapprovisionnement-en-cereales\/"},"author":{"name":"webmaster kapitalis","@id":"https:\/\/kapitalis.com\/tunisie\/#\/schema\/person\/d71f33a9ca44f7bad4698210b480c8e9"},"headline":"Tunisie\u00a0: pr\u00eat de la BAD pour s\u00e9curiser l\u2019approvisionnement en c\u00e9r\u00e9ales","datePublished":"2023-07-20T05:39:37+00:00","dateModified":"2023-07-20T05:39:38+00:00","mainEntityOfPage":{"@id":"https:\/\/kapitalis.com\/tunisie\/2023\/07\/20\/tunisie-pret-de-la-bad-pour-securiser-lapprovisionnement-en-cereales\/"},"wordCount":840,"commentCount":0,"publisher":{"@id":"https:\/\/kapitalis.com\/tunisie\/#organization"},"image":{"@id":"https:\/\/kapitalis.com\/tunisie\/2023\/07\/20\/tunisie-pret-de-la-bad-pour-securiser-lapprovisionnement-en-cereales\/#primaryimage"},"thumbnailUrl":"https:\/\/kapitalis.com\/tunisie\/wp-content\/uploads\/2023\/07\/Samur-Saied-Malinne-Blomberg-BAD.jpg","keywords":["BAD","Banque Mondiale","Berd","c\u00e9r\u00e9ales","fili\u00e8re c\u00e9r\u00e9ali\u00e8re","Malinne Blomberg","Padific","Samir Saied","Tunisie"],"articleSection":["ECONOMIE","Tunisie"],"inLanguage":"fr-FR","potentialAction":[{"@type":"CommentAction","name":"Comment","target":["https:\/\/kapitalis.com\/tunisie\/2023\/07\/20\/tunisie-pret-de-la-bad-pour-securiser-lapprovisionnement-en-cereales\/#respond"]}]},{"@type":"WebPage","@id":"https:\/\/kapitalis.com\/tunisie\/2023\/07\/20\/tunisie-pret-de-la-bad-pour-securiser-lapprovisionnement-en-cereales\/","url":"https:\/\/kapitalis.com\/tunisie\/2023\/07\/20\/tunisie-pret-de-la-bad-pour-securiser-lapprovisionnement-en-cereales\/","name":"Tunisie\u00a0: pr\u00eat de la BAD pour s\u00e9curiser l\u2019approvisionnement en c\u00e9r\u00e9ales - Kapitalis","isPartOf":{"@id":"https:\/\/kapitalis.com\/tunisie\/#website"},"primaryImageOfPage":{"@id":"https:\/\/kapitalis.com\/tunisie\/2023\/07\/20\/tunisie-pret-de-la-bad-pour-securiser-lapprovisionnement-en-cereales\/#primaryimage"},"image":{"@id":"https:\/\/kapitalis.com\/tunisie\/2023\/07\/20\/tunisie-pret-de-la-bad-pour-securiser-lapprovisionnement-en-cereales\/#primaryimage"},"thumbnailUrl":"https:\/\/kapitalis.com\/tunisie\/wp-content\/uploads\/2023\/07\/Samur-Saied-Malinne-Blomberg-BAD.jpg","datePublished":"2023-07-20T05:39:37+00:00","dateModified":"2023-07-20T05:39:38+00:00","breadcrumb":{"@id":"https:\/\/kapitalis.com\/tunisie\/2023\/07\/20\/tunisie-pret-de-la-bad-pour-securiser-lapprovisionnement-en-cereales\/#breadcrumb"},"inLanguage":"fr-FR","potentialAction":[{"@type":"ReadAction","target":["https:\/\/kapitalis.com\/tunisie\/2023\/07\/20\/tunisie-pret-de-la-bad-pour-securiser-lapprovisionnement-en-cereales\/"]}]},{"@type":"ImageObject","inLanguage":"fr-FR","@id":"https:\/\/kapitalis.com\/tunisie\/2023\/07\/20\/tunisie-pret-de-la-bad-pour-securiser-lapprovisionnement-en-cereales\/#primaryimage","url":"https:\/\/kapitalis.com\/tunisie\/wp-content\/uploads\/2023\/07\/Samur-Saied-Malinne-Blomberg-BAD.jpg","contentUrl":"https:\/\/kapitalis.com\/tunisie\/wp-content\/uploads\/2023\/07\/Samur-Saied-Malinne-Blomberg-BAD.jpg","width":1200,"height":630},{"@type":"BreadcrumbList","@id":"https:\/\/kapitalis.com\/tunisie\/2023\/07\/20\/tunisie-pret-de-la-bad-pour-securiser-lapprovisionnement-en-cereales\/#breadcrumb","itemListElement":[{"@type":"ListItem","position":1,"name":"Accueil","item":"https:\/\/kapitalis.com\/tunisie\/"},{"@type":"ListItem","position":2,"name":"Tunisie\u00a0: pr\u00eat de la BAD pour s\u00e9curiser l\u2019approvisionnement en c\u00e9r\u00e9ales"}]},{"@type":"WebSite","@id":"https:\/\/kapitalis.com\/tunisie\/#website","url":"https:\/\/kapitalis.com\/tunisie\/","name":"Kapitalis","description":"L&#039;actualit\u00e9 en Tunisie et dans le monde","publisher":{"@id":"https:\/\/kapitalis.com\/tunisie\/#organization"},"potentialAction":[{"@type":"SearchAction","target":{"@type":"EntryPoint","urlTemplate":"https:\/\/kapitalis.com\/tunisie\/?s={search_term_string}"},"query-input":{"@type":"PropertyValueSpecification","valueRequired":true,"valueName":"search_term_string"}}],"inLanguage":"fr-FR"},{"@type":"Organization","@id":"https:\/\/kapitalis.com\/tunisie\/#organization","name":"Kapitalis","url":"https:\/\/kapitalis.com\/tunisie\/","logo":{"@type":"ImageObject","inLanguage":"fr-FR","@id":"https:\/\/kapitalis.com\/tunisie\/#\/schema\/logo\/image\/","url":"https:\/\/kapitalis.com\/tunisie\/wp-content\/uploads\/2022\/05\/Kapitalis-big-size.png","contentUrl":"https:\/\/kapitalis.com\/tunisie\/wp-content\/uploads\/2022\/05\/Kapitalis-big-size.png","width":5000,"height":1500,"caption":"Kapitalis"},"image":{"@id":"https:\/\/kapitalis.com\/tunisie\/#\/schema\/logo\/image\/"},"sameAs":["https:\/\/www.facebook.com\/KapitalisInfo\/","https:\/\/x.com\/KapitalisInfo","https:\/\/www.youtube.com\/channel\/UC-yDYrHyfFBWWZaOw3FPg9Q"]},{"@type":"Person","@id":"https:\/\/kapitalis.com\/tunisie\/#\/schema\/person\/d71f33a9ca44f7bad4698210b480c8e9","name":"webmaster kapitalis","url":"https:\/\/kapitalis.com\/tunisie\/author\/webmaster-kapitalis\/"}]}},"_links":{"self":[{"href":"https:\/\/kapitalis.com\/tunisie\/wp-json\/wp\/v2\/posts\/8945186","targetHints":{"allow":["GET"]}}],"collection":[{"href":"https:\/\/kapitalis.com\/tunisie\/wp-json\/wp\/v2\/posts"}],"about":[{"href":"https:\/\/kapitalis.com\/tunisie\/wp-json\/wp\/v2\/types\/post"}],"author":[{"embeddable":true,"href":"https:\/\/kapitalis.com\/tunisie\/wp-json\/wp\/v2\/users\/8"}],"replies":[{"embeddable":true,"href":"https:\/\/kapitalis.com\/tunisie\/wp-json\/wp\/v2\/comments?post=8945186"}],"version-history":[{"count":1,"href":"https:\/\/kapitalis.com\/tunisie\/wp-json\/wp\/v2\/posts\/8945186\/revisions"}],"predecessor-version":[{"id":8945220,"href":"https:\/\/kapitalis.com\/tunisie\/wp-json\/wp\/v2\/posts\/8945186\/revisions\/8945220"}],"wp:featuredmedia":[{"embeddable":true,"href":"https:\/\/kapitalis.com\/tunisie\/wp-json\/wp\/v2\/media\/8945204"}],"wp:attachment":[{"href":"https:\/\/kapitalis.com\/tunisie\/wp-json\/wp\/v2\/media?parent=8945186"}],"wp:term":[{"taxonomy":"category","embeddable":true,"href":"https:\/\/kapitalis.com\/tunisie\/wp-json\/wp\/v2\/categories?post=8945186"},{"taxonomy":"post_tag","embeddable":true,"href":"https:\/\/kapitalis.com\/tunisie\/wp-json\/wp\/v2\/tags?post=8945186"}],"curies":[{"name":"wp","href":"https:\/\/api.w.org\/{rel}","templated":true}]}}