{"id":8945420,"date":"2023-07-20T07:17:30","date_gmt":"2023-07-20T06:17:30","guid":{"rendered":"https:\/\/kapitalis.com\/tunisie\/?p=8945420"},"modified":"2023-07-20T07:17:31","modified_gmt":"2023-07-20T06:17:31","slug":"les-recettes-dexportation-des-dattes-tunisiennes-en-baisse-de-23","status":"publish","type":"post","link":"https:\/\/kapitalis.com\/tunisie\/2023\/07\/20\/les-recettes-dexportation-des-dattes-tunisiennes-en-baisse-de-23\/","title":{"rendered":"Les recettes d\u2019exportation des dattes tunisiennes en baisse de 2,3%"},"content":{"rendered":"\n<p><em><strong>Les exportations de dattes tunisiennes ont atteint une valeur de 661,1 millions de dinars (MDT) depuis le d\u00e9but de la campagne en octobre 2022 jusqu\u2019\u00e0 la fin juin 2023, en baisse de 2,3% par rapport \u00e0 la m\u00eame p\u00e9riode de la campagne 2021-2022.<\/strong><\/em><\/p>\n\n\n\n<!--more-->\n\n\n\n<p>Selon les statistiques publi\u00e9es mardi 18 juillet par l&rsquo;Observatoire national de l&rsquo;agriculture (Onagri, les exportations nationales de dattes sont \u00e9galement en baisse de 4,2% en volume \u00e0 110 900 tonnes.<\/p>\n\n\n\n<p>Le prix moyen constat\u00e9 au cours des neuf premiers mois de la campagne a augment\u00e9 de 2 %, soit 5,96 DT\/kg, contre 5,84 DT\/kg durant la m\u00eame p\u00e9riode de la campagne pr\u00e9c\u00e9dente. La vari\u00e9t\u00e9 Deglet Ennour a repr\u00e9sent\u00e9 87,6% des quantit\u00e9s export\u00e9es soit 97&nbsp;200 tonnes pour une valeur de 627,6 MDT.<\/p>\n","protected":false},"excerpt":{"rendered":"<p>Les recettes des exportations de dattes tunisiennes  jusqu\u2019\u00e0 la fin juin 2023 ont baiss\u00e9 de 2,3% par rapport \u00e0 la m\u00eame p\u00e9riode de l&rsquo;ann\u00e9e 2022. <\/p>\n","protected":false},"author":8,"featured_media":4620467,"comment_status":"open","ping_status":"open","sticky":false,"template":"","format":"standard","meta":{"footnotes":""},"categories":[995,2433],"tags":[103866,106745,365,64509],"class_list":["post-8945420","post","type-post","status-publish","format-standard","has-post-thumbnail","hentry","category-economie","category-tunisie","tag-dattes-tunisiennes","tag-deglet-ennour","tag-exportations","tag-onagri"],"yoast_head":"<!-- This site is optimized with the Yoast SEO plugin v26.6 - https:\/\/yoast.com\/wordpress\/plugins\/seo\/ -->\n<title>Les recettes d\u2019exportation des dattes tunisiennes en baisse de 2,3% - Kapitalis<\/title>\n<meta name=\"robots\" content=\"index, follow, max-snippet:-1, max-image-preview:large, max-video-preview:-1\" \/>\n<link rel=\"canonical\" href=\"https:\/\/kapitalis.com\/tunisie\/2023\/07\/20\/les-recettes-dexportation-des-dattes-tunisiennes-en-baisse-de-23\/\" \/>\n<meta property=\"og:locale\" content=\"fr_FR\" \/>\n<meta property=\"og:type\" content=\"article\" \/>\n<meta property=\"og:title\" content=\"Les recettes d\u2019exportation des dattes tunisiennes en baisse de 2,3% - Kapitalis\" \/>\n<meta property=\"og:description\" content=\"Les recettes des exportations de dattes tunisiennes jusqu\u2019\u00e0 la fin juin 2023 ont baiss\u00e9 de 2,3% par rapport \u00e0 la m\u00eame p\u00e9riode de l&#039;ann\u00e9e 2022.\" \/>\n<meta property=\"og:url\" content=\"https:\/\/kapitalis.com\/tunisie\/2023\/07\/20\/les-recettes-dexportation-des-dattes-tunisiennes-en-baisse-de-23\/\" \/>\n<meta property=\"og:site_name\" content=\"Kapitalis\" \/>\n<meta property=\"article:publisher\" content=\"https:\/\/www.facebook.com\/KapitalisInfo\/\" \/>\n<meta property=\"article:published_time\" content=\"2023-07-20T06:17:30+00:00\" \/>\n<meta property=\"article:modified_time\" content=\"2023-07-20T06:17:31+00:00\" \/>\n<meta property=\"og:image\" content=\"https:\/\/kapitalis.com\/tunisie\/wp-content\/uploads\/2022\/10\/Dattes-tunisiennes.jpg\" \/>\n\t<meta property=\"og:image:width\" content=\"1200\" \/>\n\t<meta property=\"og:image:height\" content=\"630\" \/>\n\t<meta property=\"og:image:type\" content=\"image\/jpeg\" \/>\n<meta name=\"author\" content=\"webmaster kapitalis\" \/>\n<meta name=\"twitter:card\" content=\"summary_large_image\" \/>\n<meta name=\"twitter:creator\" content=\"@KapitalisInfo\" \/>\n<meta name=\"twitter:site\" content=\"@KapitalisInfo\" \/>\n<meta name=\"twitter:label1\" content=\"\u00c9crit par\" \/>\n\t<meta name=\"twitter:data1\" content=\"webmaster kapitalis\" \/>\n\t<meta name=\"twitter:label2\" content=\"Dur\u00e9e de lecture estim\u00e9e\" \/>\n\t<meta name=\"twitter:data2\" content=\"1 minute\" \/>\n<script type=\"application\/ld+json\" class=\"yoast-schema-graph\">{\"@context\":\"https:\/\/schema.org\",\"@graph\":[{\"@type\":\"Article\",\"@id\":\"https:\/\/kapitalis.com\/tunisie\/2023\/07\/20\/les-recettes-dexportation-des-dattes-tunisiennes-en-baisse-de-23\/#article\",\"isPartOf\":{\"@id\":\"https:\/\/kapitalis.com\/tunisie\/2023\/07\/20\/les-recettes-dexportation-des-dattes-tunisiennes-en-baisse-de-23\/\"},\"author\":{\"name\":\"webmaster kapitalis\",\"@id\":\"https:\/\/kapitalis.com\/tunisie\/#\/schema\/person\/d71f33a9ca44f7bad4698210b480c8e9\"},\"headline\":\"Les recettes d\u2019exportation des dattes tunisiennes en baisse de 2,3%\",\"datePublished\":\"2023-07-20T06:17:30+00:00\",\"dateModified\":\"2023-07-20T06:17:31+00:00\",\"mainEntityOfPage\":{\"@id\":\"https:\/\/kapitalis.com\/tunisie\/2023\/07\/20\/les-recettes-dexportation-des-dattes-tunisiennes-en-baisse-de-23\/\"},\"wordCount\":132,\"commentCount\":0,\"publisher\":{\"@id\":\"https:\/\/kapitalis.com\/tunisie\/#organization\"},\"image\":{\"@id\":\"https:\/\/kapitalis.com\/tunisie\/2023\/07\/20\/les-recettes-dexportation-des-dattes-tunisiennes-en-baisse-de-23\/#primaryimage\"},\"thumbnailUrl\":\"https:\/\/kapitalis.com\/tunisie\/wp-content\/uploads\/2022\/10\/Dattes-tunisiennes.jpg\",\"keywords\":[\"dattes tunisiennes\",\"Deglet Ennour\",\"exportations\",\"Onagri\"],\"articleSection\":[\"ECONOMIE\",\"Tunisie\"],\"inLanguage\":\"fr-FR\",\"potentialAction\":[{\"@type\":\"CommentAction\",\"name\":\"Comment\",\"target\":[\"https:\/\/kapitalis.com\/tunisie\/2023\/07\/20\/les-recettes-dexportation-des-dattes-tunisiennes-en-baisse-de-23\/#respond\"]}]},{\"@type\":\"WebPage\",\"@id\":\"https:\/\/kapitalis.com\/tunisie\/2023\/07\/20\/les-recettes-dexportation-des-dattes-tunisiennes-en-baisse-de-23\/\",\"url\":\"https:\/\/kapitalis.com\/tunisie\/2023\/07\/20\/les-recettes-dexportation-des-dattes-tunisiennes-en-baisse-de-23\/\",\"name\":\"Les recettes d\u2019exportation des dattes tunisiennes en baisse de 2,3% - Kapitalis\",\"isPartOf\":{\"@id\":\"https:\/\/kapitalis.com\/tunisie\/#website\"},\"primaryImageOfPage\":{\"@id\":\"https:\/\/kapitalis.com\/tunisie\/2023\/07\/20\/les-recettes-dexportation-des-dattes-tunisiennes-en-baisse-de-23\/#primaryimage\"},\"image\":{\"@id\":\"https:\/\/kapitalis.com\/tunisie\/2023\/07\/20\/les-recettes-dexportation-des-dattes-tunisiennes-en-baisse-de-23\/#primaryimage\"},\"thumbnailUrl\":\"https:\/\/kapitalis.com\/tunisie\/wp-content\/uploads\/2022\/10\/Dattes-tunisiennes.jpg\",\"datePublished\":\"2023-07-20T06:17:30+00:00\",\"dateModified\":\"2023-07-20T06:17:31+00:00\",\"breadcrumb\":{\"@id\":\"https:\/\/kapitalis.com\/tunisie\/2023\/07\/20\/les-recettes-dexportation-des-dattes-tunisiennes-en-baisse-de-23\/#breadcrumb\"},\"inLanguage\":\"fr-FR\",\"potentialAction\":[{\"@type\":\"ReadAction\",\"target\":[\"https:\/\/kapitalis.com\/tunisie\/2023\/07\/20\/les-recettes-dexportation-des-dattes-tunisiennes-en-baisse-de-23\/\"]}]},{\"@type\":\"ImageObject\",\"inLanguage\":\"fr-FR\",\"@id\":\"https:\/\/kapitalis.com\/tunisie\/2023\/07\/20\/les-recettes-dexportation-des-dattes-tunisiennes-en-baisse-de-23\/#primaryimage\",\"url\":\"https:\/\/kapitalis.com\/tunisie\/wp-content\/uploads\/2022\/10\/Dattes-tunisiennes.jpg\",\"contentUrl\":\"https:\/\/kapitalis.com\/tunisie\/wp-content\/uploads\/2022\/10\/Dattes-tunisiennes.jpg\",\"width\":1200,\"height\":630},{\"@type\":\"BreadcrumbList\",\"@id\":\"https:\/\/kapitalis.com\/tunisie\/2023\/07\/20\/les-recettes-dexportation-des-dattes-tunisiennes-en-baisse-de-23\/#breadcrumb\",\"itemListElement\":[{\"@type\":\"ListItem\",\"position\":1,\"name\":\"Accueil\",\"item\":\"https:\/\/kapitalis.com\/tunisie\/\"},{\"@type\":\"ListItem\",\"position\":2,\"name\":\"Les recettes d\u2019exportation des dattes tunisiennes en baisse de 2,3%\"}]},{\"@type\":\"WebSite\",\"@id\":\"https:\/\/kapitalis.com\/tunisie\/#website\",\"url\":\"https:\/\/kapitalis.com\/tunisie\/\",\"name\":\"Kapitalis\",\"description\":\"L&#039;actualit\u00e9 en Tunisie et dans le monde\",\"publisher\":{\"@id\":\"https:\/\/kapitalis.com\/tunisie\/#organization\"},\"potentialAction\":[{\"@type\":\"SearchAction\",\"target\":{\"@type\":\"EntryPoint\",\"urlTemplate\":\"https:\/\/kapitalis.com\/tunisie\/?s={search_term_string}\"},\"query-input\":{\"@type\":\"PropertyValueSpecification\",\"valueRequired\":true,\"valueName\":\"search_term_string\"}}],\"inLanguage\":\"fr-FR\"},{\"@type\":\"Organization\",\"@id\":\"https:\/\/kapitalis.com\/tunisie\/#organization\",\"name\":\"Kapitalis\",\"url\":\"https:\/\/kapitalis.com\/tunisie\/\",\"logo\":{\"@type\":\"ImageObject\",\"inLanguage\":\"fr-FR\",\"@id\":\"https:\/\/kapitalis.com\/tunisie\/#\/schema\/logo\/image\/\",\"url\":\"https:\/\/kapitalis.com\/tunisie\/wp-content\/uploads\/2022\/05\/Kapitalis-big-size.png\",\"contentUrl\":\"https:\/\/kapitalis.com\/tunisie\/wp-content\/uploads\/2022\/05\/Kapitalis-big-size.png\",\"width\":5000,\"height\":1500,\"caption\":\"Kapitalis\"},\"image\":{\"@id\":\"https:\/\/kapitalis.com\/tunisie\/#\/schema\/logo\/image\/\"},\"sameAs\":[\"https:\/\/www.facebook.com\/KapitalisInfo\/\",\"https:\/\/x.com\/KapitalisInfo\",\"https:\/\/www.youtube.com\/channel\/UC-yDYrHyfFBWWZaOw3FPg9Q\"]},{\"@type\":\"Person\",\"@id\":\"https:\/\/kapitalis.com\/tunisie\/#\/schema\/person\/d71f33a9ca44f7bad4698210b480c8e9\",\"name\":\"webmaster kapitalis\",\"url\":\"https:\/\/kapitalis.com\/tunisie\/author\/webmaster-kapitalis\/\"}]}<\/script>\n<!-- \/ Yoast SEO plugin. -->","yoast_head_json":{"title":"Les recettes d\u2019exportation des dattes tunisiennes en baisse de 2,3% - Kapitalis","robots":{"index":"index","follow":"follow","max-snippet":"max-snippet:-1","max-image-preview":"max-image-preview:large","max-video-preview":"max-video-preview:-1"},"canonical":"https:\/\/kapitalis.com\/tunisie\/2023\/07\/20\/les-recettes-dexportation-des-dattes-tunisiennes-en-baisse-de-23\/","og_locale":"fr_FR","og_type":"article","og_title":"Les recettes d\u2019exportation des dattes tunisiennes en baisse de 2,3% - Kapitalis","og_description":"Les recettes des exportations de dattes tunisiennes jusqu\u2019\u00e0 la fin juin 2023 ont baiss\u00e9 de 2,3% par rapport \u00e0 la m\u00eame p\u00e9riode de l'ann\u00e9e 2022.","og_url":"https:\/\/kapitalis.com\/tunisie\/2023\/07\/20\/les-recettes-dexportation-des-dattes-tunisiennes-en-baisse-de-23\/","og_site_name":"Kapitalis","article_publisher":"https:\/\/www.facebook.com\/KapitalisInfo\/","article_published_time":"2023-07-20T06:17:30+00:00","article_modified_time":"2023-07-20T06:17:31+00:00","og_image":[{"width":1200,"height":630,"url":"https:\/\/kapitalis.com\/tunisie\/wp-content\/uploads\/2022\/10\/Dattes-tunisiennes.jpg","type":"image\/jpeg"}],"author":"webmaster kapitalis","twitter_card":"summary_large_image","twitter_creator":"@KapitalisInfo","twitter_site":"@KapitalisInfo","twitter_misc":{"\u00c9crit par":"webmaster kapitalis","Dur\u00e9e de lecture estim\u00e9e":"1 minute"},"schema":{"@context":"https:\/\/schema.org","@graph":[{"@type":"Article","@id":"https:\/\/kapitalis.com\/tunisie\/2023\/07\/20\/les-recettes-dexportation-des-dattes-tunisiennes-en-baisse-de-23\/#article","isPartOf":{"@id":"https:\/\/kapitalis.com\/tunisie\/2023\/07\/20\/les-recettes-dexportation-des-dattes-tunisiennes-en-baisse-de-23\/"},"author":{"name":"webmaster kapitalis","@id":"https:\/\/kapitalis.com\/tunisie\/#\/schema\/person\/d71f33a9ca44f7bad4698210b480c8e9"},"headline":"Les recettes d\u2019exportation des dattes tunisiennes en baisse de 2,3%","datePublished":"2023-07-20T06:17:30+00:00","dateModified":"2023-07-20T06:17:31+00:00","mainEntityOfPage":{"@id":"https:\/\/kapitalis.com\/tunisie\/2023\/07\/20\/les-recettes-dexportation-des-dattes-tunisiennes-en-baisse-de-23\/"},"wordCount":132,"commentCount":0,"publisher":{"@id":"https:\/\/kapitalis.com\/tunisie\/#organization"},"image":{"@id":"https:\/\/kapitalis.com\/tunisie\/2023\/07\/20\/les-recettes-dexportation-des-dattes-tunisiennes-en-baisse-de-23\/#primaryimage"},"thumbnailUrl":"https:\/\/kapitalis.com\/tunisie\/wp-content\/uploads\/2022\/10\/Dattes-tunisiennes.jpg","keywords":["dattes tunisiennes","Deglet Ennour","exportations","Onagri"],"articleSection":["ECONOMIE","Tunisie"],"inLanguage":"fr-FR","potentialAction":[{"@type":"CommentAction","name":"Comment","target":["https:\/\/kapitalis.com\/tunisie\/2023\/07\/20\/les-recettes-dexportation-des-dattes-tunisiennes-en-baisse-de-23\/#respond"]}]},{"@type":"WebPage","@id":"https:\/\/kapitalis.com\/tunisie\/2023\/07\/20\/les-recettes-dexportation-des-dattes-tunisiennes-en-baisse-de-23\/","url":"https:\/\/kapitalis.com\/tunisie\/2023\/07\/20\/les-recettes-dexportation-des-dattes-tunisiennes-en-baisse-de-23\/","name":"Les recettes d\u2019exportation des dattes tunisiennes en baisse de 2,3% - Kapitalis","isPartOf":{"@id":"https:\/\/kapitalis.com\/tunisie\/#website"},"primaryImageOfPage":{"@id":"https:\/\/kapitalis.com\/tunisie\/2023\/07\/20\/les-recettes-dexportation-des-dattes-tunisiennes-en-baisse-de-23\/#primaryimage"},"image":{"@id":"https:\/\/kapitalis.com\/tunisie\/2023\/07\/20\/les-recettes-dexportation-des-dattes-tunisiennes-en-baisse-de-23\/#primaryimage"},"thumbnailUrl":"https:\/\/kapitalis.com\/tunisie\/wp-content\/uploads\/2022\/10\/Dattes-tunisiennes.jpg","datePublished":"2023-07-20T06:17:30+00:00","dateModified":"2023-07-20T06:17:31+00:00","breadcrumb":{"@id":"https:\/\/kapitalis.com\/tunisie\/2023\/07\/20\/les-recettes-dexportation-des-dattes-tunisiennes-en-baisse-de-23\/#breadcrumb"},"inLanguage":"fr-FR","potentialAction":[{"@type":"ReadAction","target":["https:\/\/kapitalis.com\/tunisie\/2023\/07\/20\/les-recettes-dexportation-des-dattes-tunisiennes-en-baisse-de-23\/"]}]},{"@type":"ImageObject","inLanguage":"fr-FR","@id":"https:\/\/kapitalis.com\/tunisie\/2023\/07\/20\/les-recettes-dexportation-des-dattes-tunisiennes-en-baisse-de-23\/#primaryimage","url":"https:\/\/kapitalis.com\/tunisie\/wp-content\/uploads\/2022\/10\/Dattes-tunisiennes.jpg","contentUrl":"https:\/\/kapitalis.com\/tunisie\/wp-content\/uploads\/2022\/10\/Dattes-tunisiennes.jpg","width":1200,"height":630},{"@type":"BreadcrumbList","@id":"https:\/\/kapitalis.com\/tunisie\/2023\/07\/20\/les-recettes-dexportation-des-dattes-tunisiennes-en-baisse-de-23\/#breadcrumb","itemListElement":[{"@type":"ListItem","position":1,"name":"Accueil","item":"https:\/\/kapitalis.com\/tunisie\/"},{"@type":"ListItem","position":2,"name":"Les recettes d\u2019exportation des dattes tunisiennes en baisse de 2,3%"}]},{"@type":"WebSite","@id":"https:\/\/kapitalis.com\/tunisie\/#website","url":"https:\/\/kapitalis.com\/tunisie\/","name":"Kapitalis","description":"L&#039;actualit\u00e9 en Tunisie et dans le monde","publisher":{"@id":"https:\/\/kapitalis.com\/tunisie\/#organization"},"potentialAction":[{"@type":"SearchAction","target":{"@type":"EntryPoint","urlTemplate":"https:\/\/kapitalis.com\/tunisie\/?s={search_term_string}"},"query-input":{"@type":"PropertyValueSpecification","valueRequired":true,"valueName":"search_term_string"}}],"inLanguage":"fr-FR"},{"@type":"Organization","@id":"https:\/\/kapitalis.com\/tunisie\/#organization","name":"Kapitalis","url":"https:\/\/kapitalis.com\/tunisie\/","logo":{"@type":"ImageObject","inLanguage":"fr-FR","@id":"https:\/\/kapitalis.com\/tunisie\/#\/schema\/logo\/image\/","url":"https:\/\/kapitalis.com\/tunisie\/wp-content\/uploads\/2022\/05\/Kapitalis-big-size.png","contentUrl":"https:\/\/kapitalis.com\/tunisie\/wp-content\/uploads\/2022\/05\/Kapitalis-big-size.png","width":5000,"height":1500,"caption":"Kapitalis"},"image":{"@id":"https:\/\/kapitalis.com\/tunisie\/#\/schema\/logo\/image\/"},"sameAs":["https:\/\/www.facebook.com\/KapitalisInfo\/","https:\/\/x.com\/KapitalisInfo","https:\/\/www.youtube.com\/channel\/UC-yDYrHyfFBWWZaOw3FPg9Q"]},{"@type":"Person","@id":"https:\/\/kapitalis.com\/tunisie\/#\/schema\/person\/d71f33a9ca44f7bad4698210b480c8e9","name":"webmaster kapitalis","url":"https:\/\/kapitalis.com\/tunisie\/author\/webmaster-kapitalis\/"}]}},"_links":{"self":[{"href":"https:\/\/kapitalis.com\/tunisie\/wp-json\/wp\/v2\/posts\/8945420","targetHints":{"allow":["GET"]}}],"collection":[{"href":"https:\/\/kapitalis.com\/tunisie\/wp-json\/wp\/v2\/posts"}],"about":[{"href":"https:\/\/kapitalis.com\/tunisie\/wp-json\/wp\/v2\/types\/post"}],"author":[{"embeddable":true,"href":"https:\/\/kapitalis.com\/tunisie\/wp-json\/wp\/v2\/users\/8"}],"replies":[{"embeddable":true,"href":"https:\/\/kapitalis.com\/tunisie\/wp-json\/wp\/v2\/comments?post=8945420"}],"version-history":[{"count":1,"href":"https:\/\/kapitalis.com\/tunisie\/wp-json\/wp\/v2\/posts\/8945420\/revisions"}],"predecessor-version":[{"id":8945444,"href":"https:\/\/kapitalis.com\/tunisie\/wp-json\/wp\/v2\/posts\/8945420\/revisions\/8945444"}],"wp:featuredmedia":[{"embeddable":true,"href":"https:\/\/kapitalis.com\/tunisie\/wp-json\/wp\/v2\/media\/4620467"}],"wp:attachment":[{"href":"https:\/\/kapitalis.com\/tunisie\/wp-json\/wp\/v2\/media?parent=8945420"}],"wp:term":[{"taxonomy":"category","embeddable":true,"href":"https:\/\/kapitalis.com\/tunisie\/wp-json\/wp\/v2\/categories?post=8945420"},{"taxonomy":"post_tag","embeddable":true,"href":"https:\/\/kapitalis.com\/tunisie\/wp-json\/wp\/v2\/tags?post=8945420"}],"curies":[{"name":"wp","href":"https:\/\/api.w.org\/{rel}","templated":true}]}}