{"id":8953138,"date":"2023-07-21T07:44:14","date_gmt":"2023-07-21T06:44:14","guid":{"rendered":"https:\/\/kapitalis.com\/tunisie\/?p=8953138"},"modified":"2023-07-21T12:47:14","modified_gmt":"2023-07-21T11:47:14","slug":"tunisie-lancement-du-centre-de-competences-neotex-industrie-4-0","status":"publish","type":"post","link":"https:\/\/kapitalis.com\/tunisie\/2023\/07\/21\/tunisie-lancement-du-centre-de-competences-neotex-industrie-4-0\/","title":{"rendered":"Tunisie\u00a0: lancement du centre de comp\u00e9tences Neotex 4.0"},"content":{"rendered":"\n<p><strong><em>La Tunisie a lanc\u00e9 jeudi 20 juillet 2023 le centre de comp\u00e9tences Neotex 4.0 dans le secteur textile, au centre de d\u00e9veloppement textile de Monastir, pour soutenir les services destin\u00e9s aux fabricants et aux professionnels dans le domaine du textile et de l\u2019habillement technique.<\/em><\/strong><\/p>\n\n\n\n<!--more-->\n\n\n\n<p>Le minist\u00e8re de l&rsquo;Industrie a soulign\u00e9 que la cr\u00e9ation de ce centre s\u2019inscrit dans sa strat\u00e9gie visant \u00e0 d\u00e9velopper l\u2019industrie textile industrielle nationale \u00e0 l\u2019horizon 2035, avec le soutien de la coop\u00e9ration allemande en Tunisie (GIZ), de l\u2019Organisation des Nations unies pour le d\u00e9veloppement industriel (Onudi) et de l\u2019Union europ\u00e9enne (UE).<\/p>\n\n\n\n<p>Cette initiative vise l\u2019int\u00e9gration dans l\u2019\u00e9conomie num\u00e9rique et l\u2019industrie intelligente, car ce sont les principaux m\u00e9canismes d\u2019am\u00e9lioration de la productivit\u00e9 des entreprises industrielles et d\u2019augmentation de leur comp\u00e9titivit\u00e9.<\/p>\n\n\n\n<p>Pr\u00e8s de 1 300 b\u00e9n\u00e9ficiaires ont b\u00e9n\u00e9fici\u00e9 de l\u2019accompagnement institutionnel apport\u00e9 dans le cadre de cette initiative, \u00e0 travers le d\u00e9veloppement de 39 solutions intelligentes, la cr\u00e9ation de partenariats internationaux, la sensibilisation de pr\u00e8s de 800 entreprises, la cr\u00e9ation de 30 startups dans le domaine de l\u2019industrie intelligente, et la contribution \u00e0 la cr\u00e9ation de 2 000 emplois.<\/p>\n\n\n\n<p>Depuis 2019, la Tunisie a vu la cr\u00e9ation de centres de comp\u00e9tences sp\u00e9cialis\u00e9s dans l\u2019industrie 4.0, qui sont des centres pilotes situ\u00e9s dans des hubs technologiques \u00e0 Sousse et Sfax.<\/p>\n\n\n\n<p>Le minist\u00e8re de l\u2019Industrie a mis en place des p\u00f4les de comp\u00e9tences sectoriels \u00e0 priorit\u00e9 \u00e9conomique, dans des p\u00f4les technologiques \u00e0 Bizerte sp\u00e9cialis\u00e9s dans les industries agroalimentaires, et \u00e0 Sidi Thabet, sp\u00e9cialis\u00e9s dans les industries pharmaceutiques.<\/p>\n\n\n\n<p>Le minist\u00e8re de l\u2019Industrie a soulign\u00e9 qu\u2019il a travaill\u00e9 \u00e0 la cr\u00e9ation d\u2019une unit\u00e9 industrielle 4.0 \u00e0 proximit\u00e9 du p\u00f4le technologique du gouvernorat de Sousse et \u00e0 la cr\u00e9ation de masters professionnels dans le domaine de l\u2019industrie 4.0, en plus de d\u00e9velopper le centre de formation professionnelle sp\u00e9cialis\u00e9 en \u00e9lectronique \u00e0 Sakiet Ezzit \u00e0 Sfax.<\/p>\n\n\n\n<p>Le minist\u00e8re travaille \u00e9galement \u00e0 l\u2019atteinte des objectifs fix\u00e9s dans la strat\u00e9gie nationale pour l\u2019industrie et l\u2019innovation \u00e0 l\u2019horizon 2035 sur la prochaine p\u00e9riode. <\/p>\n\n\n\n<p><strong><em>D\u2019apr\u00e8s Tap.<\/em><\/strong><\/p>\n\n\n\n<figure class=\"wp-block-embed is-type-wp-embed is-provider-kapitalis wp-block-embed-kapitalis\"><div class=\"wp-block-embed__wrapper\">\n<blockquote class=\"wp-embedded-content\" data-secret=\"7oYPxN8hLh\"><a href=\"https:\/\/kapitalis.com\/tunisie\/2022\/06\/29\/tunisie-1er-laboratoire-de-controle-de-conformite-de-textile-medical\/\">Tunisie\u00a0: 1er laboratoire de contr\u00f4le de conformit\u00e9 de textile m\u00e9dical<\/a><\/blockquote><iframe loading=\"lazy\" class=\"wp-embedded-content\" sandbox=\"allow-scripts\" security=\"restricted\" style=\"position: absolute; clip: rect(1px, 1px, 1px, 1px);\" title=\"\u00ab\u00a0Tunisie\u00a0: 1er laboratoire de contr\u00f4le de conformit\u00e9 de textile m\u00e9dical\u00a0\u00bb &#8212; Kapitalis\" src=\"https:\/\/kapitalis.com\/tunisie\/2022\/06\/29\/tunisie-1er-laboratoire-de-controle-de-conformite-de-textile-medical\/embed\/#?secret=kfjnBMB9QP#?secret=7oYPxN8hLh\" data-secret=\"7oYPxN8hLh\" width=\"600\" height=\"338\" frameborder=\"0\" marginwidth=\"0\" marginheight=\"0\" scrolling=\"no\"><\/iframe>\n<\/div><\/figure>\n","protected":false},"excerpt":{"rendered":"<p>La Tunisie a lanc\u00e9 le centre de comp\u00e9tences Neotex Industrie 4.0 dans le secteur textile.<\/p>\n","protected":false},"author":8,"featured_media":8953197,"comment_status":"open","ping_status":"open","sticky":false,"template":"","format":"standard","meta":{"footnotes":""},"categories":[995,2433],"tags":[302,5179,110021,633,110020,101034,1449,3119,62643],"class_list":["post-8953138","post","type-post","status-publish","format-standard","has-post-thumbnail","hentry","category-economie","category-tunisie","tag-economie-numerique","tag-giz","tag-industrie-intelligente","tag-monastir","tag-neotex-industrie-4-0","tag-neotex-monastir","tag-onudi","tag-textile","tag-tunisie"],"yoast_head":"<!-- This site is optimized with the Yoast SEO plugin v26.6 - https:\/\/yoast.com\/wordpress\/plugins\/seo\/ -->\n<title>Tunisie\u00a0: lancement du centre de comp\u00e9tences Neotex 4.0 - Kapitalis<\/title>\n<meta name=\"robots\" content=\"index, follow, max-snippet:-1, max-image-preview:large, max-video-preview:-1\" \/>\n<link rel=\"canonical\" href=\"https:\/\/kapitalis.com\/tunisie\/2023\/07\/21\/tunisie-lancement-du-centre-de-competences-neotex-industrie-4-0\/\" \/>\n<meta property=\"og:locale\" content=\"fr_FR\" \/>\n<meta property=\"og:type\" content=\"article\" \/>\n<meta property=\"og:title\" content=\"Tunisie\u00a0: lancement du centre de comp\u00e9tences Neotex 4.0 - Kapitalis\" \/>\n<meta property=\"og:description\" content=\"La Tunisie a lanc\u00e9 le centre de comp\u00e9tences Neotex Industrie 4.0 dans le secteur textile.\" \/>\n<meta property=\"og:url\" content=\"https:\/\/kapitalis.com\/tunisie\/2023\/07\/21\/tunisie-lancement-du-centre-de-competences-neotex-industrie-4-0\/\" \/>\n<meta property=\"og:site_name\" content=\"Kapitalis\" \/>\n<meta property=\"article:publisher\" content=\"https:\/\/www.facebook.com\/KapitalisInfo\/\" \/>\n<meta property=\"article:published_time\" content=\"2023-07-21T06:44:14+00:00\" \/>\n<meta property=\"article:modified_time\" content=\"2023-07-21T11:47:14+00:00\" \/>\n<meta property=\"og:image\" content=\"https:\/\/kapitalis.com\/tunisie\/wp-content\/uploads\/2023\/07\/Neotex.jpg\" \/>\n\t<meta property=\"og:image:width\" content=\"1200\" \/>\n\t<meta property=\"og:image:height\" content=\"630\" \/>\n\t<meta property=\"og:image:type\" content=\"image\/jpeg\" \/>\n<meta name=\"author\" content=\"webmaster kapitalis\" \/>\n<meta name=\"twitter:card\" content=\"summary_large_image\" \/>\n<meta name=\"twitter:creator\" content=\"@KapitalisInfo\" \/>\n<meta name=\"twitter:site\" content=\"@KapitalisInfo\" \/>\n<meta name=\"twitter:label1\" content=\"\u00c9crit par\" \/>\n\t<meta name=\"twitter:data1\" content=\"webmaster kapitalis\" \/>\n\t<meta name=\"twitter:label2\" content=\"Dur\u00e9e de lecture estim\u00e9e\" \/>\n\t<meta name=\"twitter:data2\" content=\"2 minutes\" \/>\n<script type=\"application\/ld+json\" class=\"yoast-schema-graph\">{\"@context\":\"https:\/\/schema.org\",\"@graph\":[{\"@type\":\"Article\",\"@id\":\"https:\/\/kapitalis.com\/tunisie\/2023\/07\/21\/tunisie-lancement-du-centre-de-competences-neotex-industrie-4-0\/#article\",\"isPartOf\":{\"@id\":\"https:\/\/kapitalis.com\/tunisie\/2023\/07\/21\/tunisie-lancement-du-centre-de-competences-neotex-industrie-4-0\/\"},\"author\":{\"name\":\"webmaster kapitalis\",\"@id\":\"https:\/\/kapitalis.com\/tunisie\/#\/schema\/person\/d71f33a9ca44f7bad4698210b480c8e9\"},\"headline\":\"Tunisie\u00a0: lancement du centre de comp\u00e9tences Neotex 4.0\",\"datePublished\":\"2023-07-21T06:44:14+00:00\",\"dateModified\":\"2023-07-21T11:47:14+00:00\",\"mainEntityOfPage\":{\"@id\":\"https:\/\/kapitalis.com\/tunisie\/2023\/07\/21\/tunisie-lancement-du-centre-de-competences-neotex-industrie-4-0\/\"},\"wordCount\":384,\"commentCount\":0,\"publisher\":{\"@id\":\"https:\/\/kapitalis.com\/tunisie\/#organization\"},\"image\":{\"@id\":\"https:\/\/kapitalis.com\/tunisie\/2023\/07\/21\/tunisie-lancement-du-centre-de-competences-neotex-industrie-4-0\/#primaryimage\"},\"thumbnailUrl\":\"https:\/\/kapitalis.com\/tunisie\/wp-content\/uploads\/2023\/07\/Neotex.jpg\",\"keywords\":[\"\u00e9conomie num\u00e9rique\",\"GIZ\",\"industrie intelligente\",\"Monastir\",\"Neotex Industrie 4.0\",\"Neotex Monastir\",\"Onudi\",\"textile\",\"Tunisie\"],\"articleSection\":[\"ECONOMIE\",\"Tunisie\"],\"inLanguage\":\"fr-FR\",\"potentialAction\":[{\"@type\":\"CommentAction\",\"name\":\"Comment\",\"target\":[\"https:\/\/kapitalis.com\/tunisie\/2023\/07\/21\/tunisie-lancement-du-centre-de-competences-neotex-industrie-4-0\/#respond\"]}]},{\"@type\":\"WebPage\",\"@id\":\"https:\/\/kapitalis.com\/tunisie\/2023\/07\/21\/tunisie-lancement-du-centre-de-competences-neotex-industrie-4-0\/\",\"url\":\"https:\/\/kapitalis.com\/tunisie\/2023\/07\/21\/tunisie-lancement-du-centre-de-competences-neotex-industrie-4-0\/\",\"name\":\"Tunisie\u00a0: lancement du centre de comp\u00e9tences Neotex 4.0 - Kapitalis\",\"isPartOf\":{\"@id\":\"https:\/\/kapitalis.com\/tunisie\/#website\"},\"primaryImageOfPage\":{\"@id\":\"https:\/\/kapitalis.com\/tunisie\/2023\/07\/21\/tunisie-lancement-du-centre-de-competences-neotex-industrie-4-0\/#primaryimage\"},\"image\":{\"@id\":\"https:\/\/kapitalis.com\/tunisie\/2023\/07\/21\/tunisie-lancement-du-centre-de-competences-neotex-industrie-4-0\/#primaryimage\"},\"thumbnailUrl\":\"https:\/\/kapitalis.com\/tunisie\/wp-content\/uploads\/2023\/07\/Neotex.jpg\",\"datePublished\":\"2023-07-21T06:44:14+00:00\",\"dateModified\":\"2023-07-21T11:47:14+00:00\",\"breadcrumb\":{\"@id\":\"https:\/\/kapitalis.com\/tunisie\/2023\/07\/21\/tunisie-lancement-du-centre-de-competences-neotex-industrie-4-0\/#breadcrumb\"},\"inLanguage\":\"fr-FR\",\"potentialAction\":[{\"@type\":\"ReadAction\",\"target\":[\"https:\/\/kapitalis.com\/tunisie\/2023\/07\/21\/tunisie-lancement-du-centre-de-competences-neotex-industrie-4-0\/\"]}]},{\"@type\":\"ImageObject\",\"inLanguage\":\"fr-FR\",\"@id\":\"https:\/\/kapitalis.com\/tunisie\/2023\/07\/21\/tunisie-lancement-du-centre-de-competences-neotex-industrie-4-0\/#primaryimage\",\"url\":\"https:\/\/kapitalis.com\/tunisie\/wp-content\/uploads\/2023\/07\/Neotex.jpg\",\"contentUrl\":\"https:\/\/kapitalis.com\/tunisie\/wp-content\/uploads\/2023\/07\/Neotex.jpg\",\"width\":1200,\"height\":630},{\"@type\":\"BreadcrumbList\",\"@id\":\"https:\/\/kapitalis.com\/tunisie\/2023\/07\/21\/tunisie-lancement-du-centre-de-competences-neotex-industrie-4-0\/#breadcrumb\",\"itemListElement\":[{\"@type\":\"ListItem\",\"position\":1,\"name\":\"Accueil\",\"item\":\"https:\/\/kapitalis.com\/tunisie\/\"},{\"@type\":\"ListItem\",\"position\":2,\"name\":\"Tunisie\u00a0: lancement du centre de comp\u00e9tences Neotex 4.0\"}]},{\"@type\":\"WebSite\",\"@id\":\"https:\/\/kapitalis.com\/tunisie\/#website\",\"url\":\"https:\/\/kapitalis.com\/tunisie\/\",\"name\":\"Kapitalis\",\"description\":\"L&#039;actualit\u00e9 en Tunisie et dans le monde\",\"publisher\":{\"@id\":\"https:\/\/kapitalis.com\/tunisie\/#organization\"},\"potentialAction\":[{\"@type\":\"SearchAction\",\"target\":{\"@type\":\"EntryPoint\",\"urlTemplate\":\"https:\/\/kapitalis.com\/tunisie\/?s={search_term_string}\"},\"query-input\":{\"@type\":\"PropertyValueSpecification\",\"valueRequired\":true,\"valueName\":\"search_term_string\"}}],\"inLanguage\":\"fr-FR\"},{\"@type\":\"Organization\",\"@id\":\"https:\/\/kapitalis.com\/tunisie\/#organization\",\"name\":\"Kapitalis\",\"url\":\"https:\/\/kapitalis.com\/tunisie\/\",\"logo\":{\"@type\":\"ImageObject\",\"inLanguage\":\"fr-FR\",\"@id\":\"https:\/\/kapitalis.com\/tunisie\/#\/schema\/logo\/image\/\",\"url\":\"https:\/\/kapitalis.com\/tunisie\/wp-content\/uploads\/2022\/05\/Kapitalis-big-size.png\",\"contentUrl\":\"https:\/\/kapitalis.com\/tunisie\/wp-content\/uploads\/2022\/05\/Kapitalis-big-size.png\",\"width\":5000,\"height\":1500,\"caption\":\"Kapitalis\"},\"image\":{\"@id\":\"https:\/\/kapitalis.com\/tunisie\/#\/schema\/logo\/image\/\"},\"sameAs\":[\"https:\/\/www.facebook.com\/KapitalisInfo\/\",\"https:\/\/x.com\/KapitalisInfo\",\"https:\/\/www.youtube.com\/channel\/UC-yDYrHyfFBWWZaOw3FPg9Q\"]},{\"@type\":\"Person\",\"@id\":\"https:\/\/kapitalis.com\/tunisie\/#\/schema\/person\/d71f33a9ca44f7bad4698210b480c8e9\",\"name\":\"webmaster kapitalis\",\"url\":\"https:\/\/kapitalis.com\/tunisie\/author\/webmaster-kapitalis\/\"}]}<\/script>\n<!-- \/ Yoast SEO plugin. -->","yoast_head_json":{"title":"Tunisie\u00a0: lancement du centre de comp\u00e9tences Neotex 4.0 - Kapitalis","robots":{"index":"index","follow":"follow","max-snippet":"max-snippet:-1","max-image-preview":"max-image-preview:large","max-video-preview":"max-video-preview:-1"},"canonical":"https:\/\/kapitalis.com\/tunisie\/2023\/07\/21\/tunisie-lancement-du-centre-de-competences-neotex-industrie-4-0\/","og_locale":"fr_FR","og_type":"article","og_title":"Tunisie\u00a0: lancement du centre de comp\u00e9tences Neotex 4.0 - Kapitalis","og_description":"La Tunisie a lanc\u00e9 le centre de comp\u00e9tences Neotex Industrie 4.0 dans le secteur textile.","og_url":"https:\/\/kapitalis.com\/tunisie\/2023\/07\/21\/tunisie-lancement-du-centre-de-competences-neotex-industrie-4-0\/","og_site_name":"Kapitalis","article_publisher":"https:\/\/www.facebook.com\/KapitalisInfo\/","article_published_time":"2023-07-21T06:44:14+00:00","article_modified_time":"2023-07-21T11:47:14+00:00","og_image":[{"width":1200,"height":630,"url":"https:\/\/kapitalis.com\/tunisie\/wp-content\/uploads\/2023\/07\/Neotex.jpg","type":"image\/jpeg"}],"author":"webmaster kapitalis","twitter_card":"summary_large_image","twitter_creator":"@KapitalisInfo","twitter_site":"@KapitalisInfo","twitter_misc":{"\u00c9crit par":"webmaster kapitalis","Dur\u00e9e de lecture estim\u00e9e":"2 minutes"},"schema":{"@context":"https:\/\/schema.org","@graph":[{"@type":"Article","@id":"https:\/\/kapitalis.com\/tunisie\/2023\/07\/21\/tunisie-lancement-du-centre-de-competences-neotex-industrie-4-0\/#article","isPartOf":{"@id":"https:\/\/kapitalis.com\/tunisie\/2023\/07\/21\/tunisie-lancement-du-centre-de-competences-neotex-industrie-4-0\/"},"author":{"name":"webmaster kapitalis","@id":"https:\/\/kapitalis.com\/tunisie\/#\/schema\/person\/d71f33a9ca44f7bad4698210b480c8e9"},"headline":"Tunisie\u00a0: lancement du centre de comp\u00e9tences Neotex 4.0","datePublished":"2023-07-21T06:44:14+00:00","dateModified":"2023-07-21T11:47:14+00:00","mainEntityOfPage":{"@id":"https:\/\/kapitalis.com\/tunisie\/2023\/07\/21\/tunisie-lancement-du-centre-de-competences-neotex-industrie-4-0\/"},"wordCount":384,"commentCount":0,"publisher":{"@id":"https:\/\/kapitalis.com\/tunisie\/#organization"},"image":{"@id":"https:\/\/kapitalis.com\/tunisie\/2023\/07\/21\/tunisie-lancement-du-centre-de-competences-neotex-industrie-4-0\/#primaryimage"},"thumbnailUrl":"https:\/\/kapitalis.com\/tunisie\/wp-content\/uploads\/2023\/07\/Neotex.jpg","keywords":["\u00e9conomie num\u00e9rique","GIZ","industrie intelligente","Monastir","Neotex Industrie 4.0","Neotex Monastir","Onudi","textile","Tunisie"],"articleSection":["ECONOMIE","Tunisie"],"inLanguage":"fr-FR","potentialAction":[{"@type":"CommentAction","name":"Comment","target":["https:\/\/kapitalis.com\/tunisie\/2023\/07\/21\/tunisie-lancement-du-centre-de-competences-neotex-industrie-4-0\/#respond"]}]},{"@type":"WebPage","@id":"https:\/\/kapitalis.com\/tunisie\/2023\/07\/21\/tunisie-lancement-du-centre-de-competences-neotex-industrie-4-0\/","url":"https:\/\/kapitalis.com\/tunisie\/2023\/07\/21\/tunisie-lancement-du-centre-de-competences-neotex-industrie-4-0\/","name":"Tunisie\u00a0: lancement du centre de comp\u00e9tences Neotex 4.0 - Kapitalis","isPartOf":{"@id":"https:\/\/kapitalis.com\/tunisie\/#website"},"primaryImageOfPage":{"@id":"https:\/\/kapitalis.com\/tunisie\/2023\/07\/21\/tunisie-lancement-du-centre-de-competences-neotex-industrie-4-0\/#primaryimage"},"image":{"@id":"https:\/\/kapitalis.com\/tunisie\/2023\/07\/21\/tunisie-lancement-du-centre-de-competences-neotex-industrie-4-0\/#primaryimage"},"thumbnailUrl":"https:\/\/kapitalis.com\/tunisie\/wp-content\/uploads\/2023\/07\/Neotex.jpg","datePublished":"2023-07-21T06:44:14+00:00","dateModified":"2023-07-21T11:47:14+00:00","breadcrumb":{"@id":"https:\/\/kapitalis.com\/tunisie\/2023\/07\/21\/tunisie-lancement-du-centre-de-competences-neotex-industrie-4-0\/#breadcrumb"},"inLanguage":"fr-FR","potentialAction":[{"@type":"ReadAction","target":["https:\/\/kapitalis.com\/tunisie\/2023\/07\/21\/tunisie-lancement-du-centre-de-competences-neotex-industrie-4-0\/"]}]},{"@type":"ImageObject","inLanguage":"fr-FR","@id":"https:\/\/kapitalis.com\/tunisie\/2023\/07\/21\/tunisie-lancement-du-centre-de-competences-neotex-industrie-4-0\/#primaryimage","url":"https:\/\/kapitalis.com\/tunisie\/wp-content\/uploads\/2023\/07\/Neotex.jpg","contentUrl":"https:\/\/kapitalis.com\/tunisie\/wp-content\/uploads\/2023\/07\/Neotex.jpg","width":1200,"height":630},{"@type":"BreadcrumbList","@id":"https:\/\/kapitalis.com\/tunisie\/2023\/07\/21\/tunisie-lancement-du-centre-de-competences-neotex-industrie-4-0\/#breadcrumb","itemListElement":[{"@type":"ListItem","position":1,"name":"Accueil","item":"https:\/\/kapitalis.com\/tunisie\/"},{"@type":"ListItem","position":2,"name":"Tunisie\u00a0: lancement du centre de comp\u00e9tences Neotex 4.0"}]},{"@type":"WebSite","@id":"https:\/\/kapitalis.com\/tunisie\/#website","url":"https:\/\/kapitalis.com\/tunisie\/","name":"Kapitalis","description":"L&#039;actualit\u00e9 en Tunisie et dans le monde","publisher":{"@id":"https:\/\/kapitalis.com\/tunisie\/#organization"},"potentialAction":[{"@type":"SearchAction","target":{"@type":"EntryPoint","urlTemplate":"https:\/\/kapitalis.com\/tunisie\/?s={search_term_string}"},"query-input":{"@type":"PropertyValueSpecification","valueRequired":true,"valueName":"search_term_string"}}],"inLanguage":"fr-FR"},{"@type":"Organization","@id":"https:\/\/kapitalis.com\/tunisie\/#organization","name":"Kapitalis","url":"https:\/\/kapitalis.com\/tunisie\/","logo":{"@type":"ImageObject","inLanguage":"fr-FR","@id":"https:\/\/kapitalis.com\/tunisie\/#\/schema\/logo\/image\/","url":"https:\/\/kapitalis.com\/tunisie\/wp-content\/uploads\/2022\/05\/Kapitalis-big-size.png","contentUrl":"https:\/\/kapitalis.com\/tunisie\/wp-content\/uploads\/2022\/05\/Kapitalis-big-size.png","width":5000,"height":1500,"caption":"Kapitalis"},"image":{"@id":"https:\/\/kapitalis.com\/tunisie\/#\/schema\/logo\/image\/"},"sameAs":["https:\/\/www.facebook.com\/KapitalisInfo\/","https:\/\/x.com\/KapitalisInfo","https:\/\/www.youtube.com\/channel\/UC-yDYrHyfFBWWZaOw3FPg9Q"]},{"@type":"Person","@id":"https:\/\/kapitalis.com\/tunisie\/#\/schema\/person\/d71f33a9ca44f7bad4698210b480c8e9","name":"webmaster kapitalis","url":"https:\/\/kapitalis.com\/tunisie\/author\/webmaster-kapitalis\/"}]}},"_links":{"self":[{"href":"https:\/\/kapitalis.com\/tunisie\/wp-json\/wp\/v2\/posts\/8953138","targetHints":{"allow":["GET"]}}],"collection":[{"href":"https:\/\/kapitalis.com\/tunisie\/wp-json\/wp\/v2\/posts"}],"about":[{"href":"https:\/\/kapitalis.com\/tunisie\/wp-json\/wp\/v2\/types\/post"}],"author":[{"embeddable":true,"href":"https:\/\/kapitalis.com\/tunisie\/wp-json\/wp\/v2\/users\/8"}],"replies":[{"embeddable":true,"href":"https:\/\/kapitalis.com\/tunisie\/wp-json\/wp\/v2\/comments?post=8953138"}],"version-history":[{"count":2,"href":"https:\/\/kapitalis.com\/tunisie\/wp-json\/wp\/v2\/posts\/8953138\/revisions"}],"predecessor-version":[{"id":8956011,"href":"https:\/\/kapitalis.com\/tunisie\/wp-json\/wp\/v2\/posts\/8953138\/revisions\/8956011"}],"wp:featuredmedia":[{"embeddable":true,"href":"https:\/\/kapitalis.com\/tunisie\/wp-json\/wp\/v2\/media\/8953197"}],"wp:attachment":[{"href":"https:\/\/kapitalis.com\/tunisie\/wp-json\/wp\/v2\/media?parent=8953138"}],"wp:term":[{"taxonomy":"category","embeddable":true,"href":"https:\/\/kapitalis.com\/tunisie\/wp-json\/wp\/v2\/categories?post=8953138"},{"taxonomy":"post_tag","embeddable":true,"href":"https:\/\/kapitalis.com\/tunisie\/wp-json\/wp\/v2\/tags?post=8953138"}],"curies":[{"name":"wp","href":"https:\/\/api.w.org\/{rel}","templated":true}]}}