{"id":8954761,"date":"2023-07-21T10:21:38","date_gmt":"2023-07-21T09:21:38","guid":{"rendered":"https:\/\/kapitalis.com\/tunisie\/?p=8954761"},"modified":"2023-07-21T10:21:39","modified_gmt":"2023-07-21T09:21:39","slug":"tunisie-216-capital-soutient-la-levee-de-fonds-dactum-group","status":"publish","type":"post","link":"https:\/\/kapitalis.com\/tunisie\/2023\/07\/21\/tunisie-216-capital-soutient-la-levee-de-fonds-dactum-group\/","title":{"rendered":"Tunisie\u00a0: 216 Capital soutient la lev\u00e9e de fonds d\u2019Actum Group"},"content":{"rendered":"\n<p><strong><em><a href=\"http:\/\/www.216capital.vc\" target=\"_blank\" rel=\"noreferrer noopener\">216 Capital<\/a> soutient dans sa lev\u00e9e de fonds <a href=\"https:\/\/events.actumgroup.com\/\" target=\"_blank\" rel=\"noreferrer noopener\">Actum Group<\/a>, sp\u00e9cialis\u00e9 dans l\u2019analyse financi\u00e8re pour les acteurs du capital-investissement, et qui contribue \u00e0 la r\u00e9volution du capital-investissement\u00a0(private equity) en Tunisie.<\/em><\/strong><\/p>\n\n\n\n<!--more-->\n\n\n\n<p>Actum Group, pr\u00e9sent en Angleterre et en Tunisie, est sp\u00e9cialis\u00e9 dans la gestion et l\u2019analyse de donn\u00e9es relatives au capital-investissement. Pour cela, l\u2019entreprise propose diff\u00e9rents types de services:<\/p>\n\n\n\n<p>&#8211; <strong><em>Deal News<\/em><\/strong>\u00a0: Actum pr\u00e9sente sous format condens\u00e9 les derni\u00e8res op\u00e9rations de capital-investissement et de capital-risque, enrichies de donn\u00e9es sur les transactions, les conseillers, les personnes, leurs relations dans le domaine des fusions et acquisitions et l\u2019historique des transactions.<\/p>\n\n\n\n<p>&#8211; <strong><em>Private Equity Platform<\/em><\/strong>\u00a0: la plateforme offre une combinaison unique de technologie, d\u2019analyse, de recherche granulaire et de donn\u00e9es, permettant d\u2019obtenir les informations les plus pertinentes sur la cr\u00e9ation de valeur pour l\u2019\u00e9cosyst\u00e8me du capital-investissement\u00a0:<\/p>\n\n\n\n<p>&#8211; <strong><em>Exclusive insights<\/em><\/strong>\u00a0: une \u00e9quipe d\u2019analystes financiers interroge les op\u00e9rateurs de capital-investissement et les \u00e9quipes de direction afin d\u2019analyser les principaux leviers de cr\u00e9ation de valeur.<\/p>\n\n\n\n<h2 class=\"wp-block-heading\">La contribution de 216 Capital \u00e0 l\u2019\u00e9volution d\u2019Actum Group&nbsp;<\/h2>\n\n\n\n<p><em>\u00abMes cofondateurs Ben Rumble, Paul McLoughlin et moi-m\u00eame sommes ravis de nous \u00eatre associ\u00e9s \u00e0 216 Capital. Pour nous, il \u00e9tait crucial d\u2019avoir un investisseur dynamique, engag\u00e9, ouvert d\u2019esprit et solidaire, et nous avons trouv\u00e9 cela en abondance dans l\u2019\u00e9quipe. L\u2019\u00e9quipe partage et incarne notre philosophie : construire des produits uniques et incontournables tout en contribuant et en rendant service aux \u00e9conomies en d\u00e9veloppement\u00bb<\/em>, d\u00e9clare Raouf Fria, cofondateur d\u2019Actum Group.&nbsp;<\/p>\n\n\n\n<p>Depuis son partenariat avec 216 Capital, Actum Group a r\u00e9ussi \u00e0 embaucher 9 membres de l\u2019\u00e9quipe en Tunisie, r\u00e9partis dans les domaines de la technologie et de la recherche et provenant de diff\u00e9rentes r\u00e9gions.<\/p>\n\n\n\n<p>Tout comme 216 Capital, Actum croit vraiment en la diversit\u00e9 et souhaite encourager, d\u00e9velopper et faire progresser les individus de toutes origines et de tous genres. D\u2019ailleurs 56% de l\u2019\u00e9quipe en Tunisie sont des femmes, ce qui est en accord avec l\u2019ensemble de l\u2019entreprise.<\/p>\n\n\n\n<p><em>\u00abNous ne consid\u00e9rons pas la Tunisie comme un centre de co\u00fbts, qui donne acc\u00e8s \u00e0 une main-d\u2019\u0153uvre rentable. La Tunisie offre une plate-forme fantastique pour l\u2019acc\u00e8s \u00e0 des personnes tr\u00e8s talentueuses, \u00e9duqu\u00e9es, multilingues et d\u00e9sireuses d\u2019apprendre et de se d\u00e9velopper. Nous sommes impatients de d\u00e9velopper nos activit\u00e9s dans les mois \u00e0 venir et dans un avenir pr\u00e9visible\u00bb<\/em>, a ajout\u00e9 Raouf Fria.<\/p>\n\n\n\n<p>Nul doute que nous entendrons prochainement parler d\u2019Actum Group qui pr\u00e9voit d\u00e9j\u00e0 son 2<sup>e<\/sup> tour de table \u00e0 la rentr\u00e9e.<\/p>\n\n\n\n<p>Fond\u00e9e \u00e0 Tunis en 2021 par une \u00e9quipe d\u2019entrepreneurs, d\u2019investisseurs et de cr\u00e9ateurs d\u2019entreprises, 216 Capital est une soci\u00e9t\u00e9 de capital-risque en seed et pre-seed sp\u00e9cialis\u00e9e dans les entreprises technologiques. 216 Capital investit aupr\u00e8s d\u2019entrepreneurs d\u00e9termin\u00e9s et cr\u00e9atifs qui construisent des entreprises disruptives.<\/p>\n\n\n\n<p><strong><em>Communiqu\u00e9.<\/em><\/strong><\/p>\n","protected":false},"excerpt":{"rendered":"<p>216 Capital soutient dans sa lev\u00e9e de fonds Actum Group, sp\u00e9cialis\u00e9 dans l\u2019analyse financi\u00e8re pour les acteurs du capital-investissement en Tunisie. <\/p>\n","protected":false},"author":8,"featured_media":8954801,"comment_status":"open","ping_status":"open","sticky":false,"template":"","format":"standard","meta":{"footnotes":""},"categories":[995,2433],"tags":[97415,110026,110028,110027,110029,95020,110030,62643],"class_list":["post-8954761","post","type-post","status-publish","format-standard","has-post-thumbnail","hentry","category-economie","category-tunisie","tag-216-capital","tag-actum-group","tag-ben-rumble","tag-capital-investissement","tag-paul-mcloughlin","tag-private-equity","tag-raouf-fria","tag-tunisie"],"yoast_head":"<!-- This site is optimized with the Yoast SEO plugin v26.6 - https:\/\/yoast.com\/wordpress\/plugins\/seo\/ -->\n<title>Tunisie\u00a0: 216 Capital soutient la lev\u00e9e de fonds d\u2019Actum Group - Kapitalis<\/title>\n<meta name=\"robots\" content=\"index, follow, max-snippet:-1, max-image-preview:large, max-video-preview:-1\" \/>\n<link rel=\"canonical\" href=\"https:\/\/kapitalis.com\/tunisie\/2023\/07\/21\/tunisie-216-capital-soutient-la-levee-de-fonds-dactum-group\/\" \/>\n<meta property=\"og:locale\" content=\"fr_FR\" \/>\n<meta property=\"og:type\" content=\"article\" \/>\n<meta property=\"og:title\" content=\"Tunisie\u00a0: 216 Capital soutient la lev\u00e9e de fonds d\u2019Actum Group - Kapitalis\" \/>\n<meta property=\"og:description\" content=\"216 Capital soutient dans sa lev\u00e9e de fonds Actum Group, sp\u00e9cialis\u00e9 dans l\u2019analyse financi\u00e8re pour les acteurs du capital-investissement en Tunisie.\" \/>\n<meta property=\"og:url\" content=\"https:\/\/kapitalis.com\/tunisie\/2023\/07\/21\/tunisie-216-capital-soutient-la-levee-de-fonds-dactum-group\/\" \/>\n<meta property=\"og:site_name\" content=\"Kapitalis\" \/>\n<meta property=\"article:publisher\" content=\"https:\/\/www.facebook.com\/KapitalisInfo\/\" \/>\n<meta property=\"article:published_time\" content=\"2023-07-21T09:21:38+00:00\" \/>\n<meta property=\"article:modified_time\" content=\"2023-07-21T09:21:39+00:00\" \/>\n<meta property=\"og:image\" content=\"https:\/\/kapitalis.com\/tunisie\/wp-content\/uploads\/2023\/07\/Actum-Group-216-Capital.jpg\" \/>\n\t<meta property=\"og:image:width\" content=\"1200\" \/>\n\t<meta property=\"og:image:height\" content=\"630\" \/>\n\t<meta property=\"og:image:type\" content=\"image\/jpeg\" \/>\n<meta name=\"author\" content=\"webmaster kapitalis\" \/>\n<meta name=\"twitter:card\" content=\"summary_large_image\" \/>\n<meta name=\"twitter:creator\" content=\"@KapitalisInfo\" \/>\n<meta name=\"twitter:site\" content=\"@KapitalisInfo\" \/>\n<meta name=\"twitter:label1\" content=\"\u00c9crit par\" \/>\n\t<meta name=\"twitter:data1\" content=\"webmaster kapitalis\" \/>\n\t<meta name=\"twitter:label2\" content=\"Dur\u00e9e de lecture estim\u00e9e\" \/>\n\t<meta name=\"twitter:data2\" content=\"3 minutes\" \/>\n<script type=\"application\/ld+json\" class=\"yoast-schema-graph\">{\"@context\":\"https:\/\/schema.org\",\"@graph\":[{\"@type\":\"Article\",\"@id\":\"https:\/\/kapitalis.com\/tunisie\/2023\/07\/21\/tunisie-216-capital-soutient-la-levee-de-fonds-dactum-group\/#article\",\"isPartOf\":{\"@id\":\"https:\/\/kapitalis.com\/tunisie\/2023\/07\/21\/tunisie-216-capital-soutient-la-levee-de-fonds-dactum-group\/\"},\"author\":{\"name\":\"webmaster kapitalis\",\"@id\":\"https:\/\/kapitalis.com\/tunisie\/#\/schema\/person\/d71f33a9ca44f7bad4698210b480c8e9\"},\"headline\":\"Tunisie\u00a0: 216 Capital soutient la lev\u00e9e de fonds d\u2019Actum Group\",\"datePublished\":\"2023-07-21T09:21:38+00:00\",\"dateModified\":\"2023-07-21T09:21:39+00:00\",\"mainEntityOfPage\":{\"@id\":\"https:\/\/kapitalis.com\/tunisie\/2023\/07\/21\/tunisie-216-capital-soutient-la-levee-de-fonds-dactum-group\/\"},\"wordCount\":512,\"commentCount\":0,\"publisher\":{\"@id\":\"https:\/\/kapitalis.com\/tunisie\/#organization\"},\"image\":{\"@id\":\"https:\/\/kapitalis.com\/tunisie\/2023\/07\/21\/tunisie-216-capital-soutient-la-levee-de-fonds-dactum-group\/#primaryimage\"},\"thumbnailUrl\":\"https:\/\/kapitalis.com\/tunisie\/wp-content\/uploads\/2023\/07\/Actum-Group-216-Capital.jpg\",\"keywords\":[\"216 Capital\",\"Actum Group\",\"Ben Rumble\",\"capital-investissement\",\"Paul McLoughlin\",\"private equity\",\"Raouf Fria\",\"Tunisie\"],\"articleSection\":[\"ECONOMIE\",\"Tunisie\"],\"inLanguage\":\"fr-FR\",\"potentialAction\":[{\"@type\":\"CommentAction\",\"name\":\"Comment\",\"target\":[\"https:\/\/kapitalis.com\/tunisie\/2023\/07\/21\/tunisie-216-capital-soutient-la-levee-de-fonds-dactum-group\/#respond\"]}]},{\"@type\":\"WebPage\",\"@id\":\"https:\/\/kapitalis.com\/tunisie\/2023\/07\/21\/tunisie-216-capital-soutient-la-levee-de-fonds-dactum-group\/\",\"url\":\"https:\/\/kapitalis.com\/tunisie\/2023\/07\/21\/tunisie-216-capital-soutient-la-levee-de-fonds-dactum-group\/\",\"name\":\"Tunisie\u00a0: 216 Capital soutient la lev\u00e9e de fonds d\u2019Actum Group - Kapitalis\",\"isPartOf\":{\"@id\":\"https:\/\/kapitalis.com\/tunisie\/#website\"},\"primaryImageOfPage\":{\"@id\":\"https:\/\/kapitalis.com\/tunisie\/2023\/07\/21\/tunisie-216-capital-soutient-la-levee-de-fonds-dactum-group\/#primaryimage\"},\"image\":{\"@id\":\"https:\/\/kapitalis.com\/tunisie\/2023\/07\/21\/tunisie-216-capital-soutient-la-levee-de-fonds-dactum-group\/#primaryimage\"},\"thumbnailUrl\":\"https:\/\/kapitalis.com\/tunisie\/wp-content\/uploads\/2023\/07\/Actum-Group-216-Capital.jpg\",\"datePublished\":\"2023-07-21T09:21:38+00:00\",\"dateModified\":\"2023-07-21T09:21:39+00:00\",\"breadcrumb\":{\"@id\":\"https:\/\/kapitalis.com\/tunisie\/2023\/07\/21\/tunisie-216-capital-soutient-la-levee-de-fonds-dactum-group\/#breadcrumb\"},\"inLanguage\":\"fr-FR\",\"potentialAction\":[{\"@type\":\"ReadAction\",\"target\":[\"https:\/\/kapitalis.com\/tunisie\/2023\/07\/21\/tunisie-216-capital-soutient-la-levee-de-fonds-dactum-group\/\"]}]},{\"@type\":\"ImageObject\",\"inLanguage\":\"fr-FR\",\"@id\":\"https:\/\/kapitalis.com\/tunisie\/2023\/07\/21\/tunisie-216-capital-soutient-la-levee-de-fonds-dactum-group\/#primaryimage\",\"url\":\"https:\/\/kapitalis.com\/tunisie\/wp-content\/uploads\/2023\/07\/Actum-Group-216-Capital.jpg\",\"contentUrl\":\"https:\/\/kapitalis.com\/tunisie\/wp-content\/uploads\/2023\/07\/Actum-Group-216-Capital.jpg\",\"width\":1200,\"height\":630},{\"@type\":\"BreadcrumbList\",\"@id\":\"https:\/\/kapitalis.com\/tunisie\/2023\/07\/21\/tunisie-216-capital-soutient-la-levee-de-fonds-dactum-group\/#breadcrumb\",\"itemListElement\":[{\"@type\":\"ListItem\",\"position\":1,\"name\":\"Accueil\",\"item\":\"https:\/\/kapitalis.com\/tunisie\/\"},{\"@type\":\"ListItem\",\"position\":2,\"name\":\"Tunisie\u00a0: 216 Capital soutient la lev\u00e9e de fonds d\u2019Actum Group\"}]},{\"@type\":\"WebSite\",\"@id\":\"https:\/\/kapitalis.com\/tunisie\/#website\",\"url\":\"https:\/\/kapitalis.com\/tunisie\/\",\"name\":\"Kapitalis\",\"description\":\"L&#039;actualit\u00e9 en Tunisie et dans le monde\",\"publisher\":{\"@id\":\"https:\/\/kapitalis.com\/tunisie\/#organization\"},\"potentialAction\":[{\"@type\":\"SearchAction\",\"target\":{\"@type\":\"EntryPoint\",\"urlTemplate\":\"https:\/\/kapitalis.com\/tunisie\/?s={search_term_string}\"},\"query-input\":{\"@type\":\"PropertyValueSpecification\",\"valueRequired\":true,\"valueName\":\"search_term_string\"}}],\"inLanguage\":\"fr-FR\"},{\"@type\":\"Organization\",\"@id\":\"https:\/\/kapitalis.com\/tunisie\/#organization\",\"name\":\"Kapitalis\",\"url\":\"https:\/\/kapitalis.com\/tunisie\/\",\"logo\":{\"@type\":\"ImageObject\",\"inLanguage\":\"fr-FR\",\"@id\":\"https:\/\/kapitalis.com\/tunisie\/#\/schema\/logo\/image\/\",\"url\":\"https:\/\/kapitalis.com\/tunisie\/wp-content\/uploads\/2022\/05\/Kapitalis-big-size.png\",\"contentUrl\":\"https:\/\/kapitalis.com\/tunisie\/wp-content\/uploads\/2022\/05\/Kapitalis-big-size.png\",\"width\":5000,\"height\":1500,\"caption\":\"Kapitalis\"},\"image\":{\"@id\":\"https:\/\/kapitalis.com\/tunisie\/#\/schema\/logo\/image\/\"},\"sameAs\":[\"https:\/\/www.facebook.com\/KapitalisInfo\/\",\"https:\/\/x.com\/KapitalisInfo\",\"https:\/\/www.youtube.com\/channel\/UC-yDYrHyfFBWWZaOw3FPg9Q\"]},{\"@type\":\"Person\",\"@id\":\"https:\/\/kapitalis.com\/tunisie\/#\/schema\/person\/d71f33a9ca44f7bad4698210b480c8e9\",\"name\":\"webmaster kapitalis\",\"url\":\"https:\/\/kapitalis.com\/tunisie\/author\/webmaster-kapitalis\/\"}]}<\/script>\n<!-- \/ Yoast SEO plugin. -->","yoast_head_json":{"title":"Tunisie\u00a0: 216 Capital soutient la lev\u00e9e de fonds d\u2019Actum Group - Kapitalis","robots":{"index":"index","follow":"follow","max-snippet":"max-snippet:-1","max-image-preview":"max-image-preview:large","max-video-preview":"max-video-preview:-1"},"canonical":"https:\/\/kapitalis.com\/tunisie\/2023\/07\/21\/tunisie-216-capital-soutient-la-levee-de-fonds-dactum-group\/","og_locale":"fr_FR","og_type":"article","og_title":"Tunisie\u00a0: 216 Capital soutient la lev\u00e9e de fonds d\u2019Actum Group - Kapitalis","og_description":"216 Capital soutient dans sa lev\u00e9e de fonds Actum Group, sp\u00e9cialis\u00e9 dans l\u2019analyse financi\u00e8re pour les acteurs du capital-investissement en Tunisie.","og_url":"https:\/\/kapitalis.com\/tunisie\/2023\/07\/21\/tunisie-216-capital-soutient-la-levee-de-fonds-dactum-group\/","og_site_name":"Kapitalis","article_publisher":"https:\/\/www.facebook.com\/KapitalisInfo\/","article_published_time":"2023-07-21T09:21:38+00:00","article_modified_time":"2023-07-21T09:21:39+00:00","og_image":[{"width":1200,"height":630,"url":"https:\/\/kapitalis.com\/tunisie\/wp-content\/uploads\/2023\/07\/Actum-Group-216-Capital.jpg","type":"image\/jpeg"}],"author":"webmaster kapitalis","twitter_card":"summary_large_image","twitter_creator":"@KapitalisInfo","twitter_site":"@KapitalisInfo","twitter_misc":{"\u00c9crit par":"webmaster kapitalis","Dur\u00e9e de lecture estim\u00e9e":"3 minutes"},"schema":{"@context":"https:\/\/schema.org","@graph":[{"@type":"Article","@id":"https:\/\/kapitalis.com\/tunisie\/2023\/07\/21\/tunisie-216-capital-soutient-la-levee-de-fonds-dactum-group\/#article","isPartOf":{"@id":"https:\/\/kapitalis.com\/tunisie\/2023\/07\/21\/tunisie-216-capital-soutient-la-levee-de-fonds-dactum-group\/"},"author":{"name":"webmaster kapitalis","@id":"https:\/\/kapitalis.com\/tunisie\/#\/schema\/person\/d71f33a9ca44f7bad4698210b480c8e9"},"headline":"Tunisie\u00a0: 216 Capital soutient la lev\u00e9e de fonds d\u2019Actum Group","datePublished":"2023-07-21T09:21:38+00:00","dateModified":"2023-07-21T09:21:39+00:00","mainEntityOfPage":{"@id":"https:\/\/kapitalis.com\/tunisie\/2023\/07\/21\/tunisie-216-capital-soutient-la-levee-de-fonds-dactum-group\/"},"wordCount":512,"commentCount":0,"publisher":{"@id":"https:\/\/kapitalis.com\/tunisie\/#organization"},"image":{"@id":"https:\/\/kapitalis.com\/tunisie\/2023\/07\/21\/tunisie-216-capital-soutient-la-levee-de-fonds-dactum-group\/#primaryimage"},"thumbnailUrl":"https:\/\/kapitalis.com\/tunisie\/wp-content\/uploads\/2023\/07\/Actum-Group-216-Capital.jpg","keywords":["216 Capital","Actum Group","Ben Rumble","capital-investissement","Paul McLoughlin","private equity","Raouf Fria","Tunisie"],"articleSection":["ECONOMIE","Tunisie"],"inLanguage":"fr-FR","potentialAction":[{"@type":"CommentAction","name":"Comment","target":["https:\/\/kapitalis.com\/tunisie\/2023\/07\/21\/tunisie-216-capital-soutient-la-levee-de-fonds-dactum-group\/#respond"]}]},{"@type":"WebPage","@id":"https:\/\/kapitalis.com\/tunisie\/2023\/07\/21\/tunisie-216-capital-soutient-la-levee-de-fonds-dactum-group\/","url":"https:\/\/kapitalis.com\/tunisie\/2023\/07\/21\/tunisie-216-capital-soutient-la-levee-de-fonds-dactum-group\/","name":"Tunisie\u00a0: 216 Capital soutient la lev\u00e9e de fonds d\u2019Actum Group - Kapitalis","isPartOf":{"@id":"https:\/\/kapitalis.com\/tunisie\/#website"},"primaryImageOfPage":{"@id":"https:\/\/kapitalis.com\/tunisie\/2023\/07\/21\/tunisie-216-capital-soutient-la-levee-de-fonds-dactum-group\/#primaryimage"},"image":{"@id":"https:\/\/kapitalis.com\/tunisie\/2023\/07\/21\/tunisie-216-capital-soutient-la-levee-de-fonds-dactum-group\/#primaryimage"},"thumbnailUrl":"https:\/\/kapitalis.com\/tunisie\/wp-content\/uploads\/2023\/07\/Actum-Group-216-Capital.jpg","datePublished":"2023-07-21T09:21:38+00:00","dateModified":"2023-07-21T09:21:39+00:00","breadcrumb":{"@id":"https:\/\/kapitalis.com\/tunisie\/2023\/07\/21\/tunisie-216-capital-soutient-la-levee-de-fonds-dactum-group\/#breadcrumb"},"inLanguage":"fr-FR","potentialAction":[{"@type":"ReadAction","target":["https:\/\/kapitalis.com\/tunisie\/2023\/07\/21\/tunisie-216-capital-soutient-la-levee-de-fonds-dactum-group\/"]}]},{"@type":"ImageObject","inLanguage":"fr-FR","@id":"https:\/\/kapitalis.com\/tunisie\/2023\/07\/21\/tunisie-216-capital-soutient-la-levee-de-fonds-dactum-group\/#primaryimage","url":"https:\/\/kapitalis.com\/tunisie\/wp-content\/uploads\/2023\/07\/Actum-Group-216-Capital.jpg","contentUrl":"https:\/\/kapitalis.com\/tunisie\/wp-content\/uploads\/2023\/07\/Actum-Group-216-Capital.jpg","width":1200,"height":630},{"@type":"BreadcrumbList","@id":"https:\/\/kapitalis.com\/tunisie\/2023\/07\/21\/tunisie-216-capital-soutient-la-levee-de-fonds-dactum-group\/#breadcrumb","itemListElement":[{"@type":"ListItem","position":1,"name":"Accueil","item":"https:\/\/kapitalis.com\/tunisie\/"},{"@type":"ListItem","position":2,"name":"Tunisie\u00a0: 216 Capital soutient la lev\u00e9e de fonds d\u2019Actum Group"}]},{"@type":"WebSite","@id":"https:\/\/kapitalis.com\/tunisie\/#website","url":"https:\/\/kapitalis.com\/tunisie\/","name":"Kapitalis","description":"L&#039;actualit\u00e9 en Tunisie et dans le monde","publisher":{"@id":"https:\/\/kapitalis.com\/tunisie\/#organization"},"potentialAction":[{"@type":"SearchAction","target":{"@type":"EntryPoint","urlTemplate":"https:\/\/kapitalis.com\/tunisie\/?s={search_term_string}"},"query-input":{"@type":"PropertyValueSpecification","valueRequired":true,"valueName":"search_term_string"}}],"inLanguage":"fr-FR"},{"@type":"Organization","@id":"https:\/\/kapitalis.com\/tunisie\/#organization","name":"Kapitalis","url":"https:\/\/kapitalis.com\/tunisie\/","logo":{"@type":"ImageObject","inLanguage":"fr-FR","@id":"https:\/\/kapitalis.com\/tunisie\/#\/schema\/logo\/image\/","url":"https:\/\/kapitalis.com\/tunisie\/wp-content\/uploads\/2022\/05\/Kapitalis-big-size.png","contentUrl":"https:\/\/kapitalis.com\/tunisie\/wp-content\/uploads\/2022\/05\/Kapitalis-big-size.png","width":5000,"height":1500,"caption":"Kapitalis"},"image":{"@id":"https:\/\/kapitalis.com\/tunisie\/#\/schema\/logo\/image\/"},"sameAs":["https:\/\/www.facebook.com\/KapitalisInfo\/","https:\/\/x.com\/KapitalisInfo","https:\/\/www.youtube.com\/channel\/UC-yDYrHyfFBWWZaOw3FPg9Q"]},{"@type":"Person","@id":"https:\/\/kapitalis.com\/tunisie\/#\/schema\/person\/d71f33a9ca44f7bad4698210b480c8e9","name":"webmaster kapitalis","url":"https:\/\/kapitalis.com\/tunisie\/author\/webmaster-kapitalis\/"}]}},"_links":{"self":[{"href":"https:\/\/kapitalis.com\/tunisie\/wp-json\/wp\/v2\/posts\/8954761","targetHints":{"allow":["GET"]}}],"collection":[{"href":"https:\/\/kapitalis.com\/tunisie\/wp-json\/wp\/v2\/posts"}],"about":[{"href":"https:\/\/kapitalis.com\/tunisie\/wp-json\/wp\/v2\/types\/post"}],"author":[{"embeddable":true,"href":"https:\/\/kapitalis.com\/tunisie\/wp-json\/wp\/v2\/users\/8"}],"replies":[{"embeddable":true,"href":"https:\/\/kapitalis.com\/tunisie\/wp-json\/wp\/v2\/comments?post=8954761"}],"version-history":[{"count":1,"href":"https:\/\/kapitalis.com\/tunisie\/wp-json\/wp\/v2\/posts\/8954761\/revisions"}],"predecessor-version":[{"id":8954806,"href":"https:\/\/kapitalis.com\/tunisie\/wp-json\/wp\/v2\/posts\/8954761\/revisions\/8954806"}],"wp:featuredmedia":[{"embeddable":true,"href":"https:\/\/kapitalis.com\/tunisie\/wp-json\/wp\/v2\/media\/8954801"}],"wp:attachment":[{"href":"https:\/\/kapitalis.com\/tunisie\/wp-json\/wp\/v2\/media?parent=8954761"}],"wp:term":[{"taxonomy":"category","embeddable":true,"href":"https:\/\/kapitalis.com\/tunisie\/wp-json\/wp\/v2\/categories?post=8954761"},{"taxonomy":"post_tag","embeddable":true,"href":"https:\/\/kapitalis.com\/tunisie\/wp-json\/wp\/v2\/tags?post=8954761"}],"curies":[{"name":"wp","href":"https:\/\/api.w.org\/{rel}","templated":true}]}}