{"id":89609,"date":"2017-04-03T17:43:55","date_gmt":"2017-04-03T16:43:55","guid":{"rendered":"http:\/\/kapitalis.com\/tunisie\/?p=89609"},"modified":"2017-04-03T17:43:55","modified_gmt":"2017-04-03T16:43:55","slug":"tataouine-des-ministres-a-la-rencontre-des-protestataires","status":"publish","type":"post","link":"https:\/\/kapitalis.com\/tunisie\/2017\/04\/03\/tataouine-des-ministres-a-la-rencontre-des-protestataires\/","title":{"rendered":"Tataouine : Des ministres \u00e0 la rencontre des protestataires"},"content":{"rendered":"<p style=\"text-align: center;\"><img loading=\"lazy\" decoding=\"async\" class=\"alignnone size-full wp-image-89614\" src=\"http:\/\/kapitalis.com\/tunisie\/wp-content\/uploads\/2017\/04\/Tataouine-manifestations.jpg\" alt=\"\" width=\"626\" height=\"380\" \/><\/p>\n<p><em><strong>Une d\u00e9l\u00e9gation minist\u00e9rielle se rendra \u00e0 Tataouine, demain, mardi 4 avril 2017, pour \u00e9couter ch\u00f4meurs, qui protestent depuis 2 semaines.<\/strong><\/em><\/p>\n<p><!--more--><\/p>\n<p>Les mouvements de protestation des jeunes ch\u00f4meurs vont crescendo \u00e0 Tataouine. Hier, ces derniers ont bloqu\u00e9 les routes reliant Tataouine \u00e0 Ben Guerdane et menant vers Remada, ne laissant passer aucun v\u00e9hicule, m\u00eame les camions transportant du p\u00e9trole des champs de la r\u00e9gion.<\/p>\n<p>Soutenus par l\u2019Union g\u00e9n\u00e9rale tunisienne du\u00a0travail (UGTT), les manifestants ont install\u00e9 des tentes dans diff\u00e9rentes zones, exigeant des emplois et des projets de d\u00e9veloppement pour leur r\u00e9gion.<\/p>\n<p>Ils d\u00e9noncent \u00e9galement la marginalisation de leur r\u00e9gion, exclue des diff\u00e9rents plans de d\u00e9veloppement mis en place par les gouvernements qui se sont succ\u00e9d\u00e9 depuis l&rsquo;ind\u00e9pendance du pays en 1956.<\/p>\n<p style=\"text-align: right;\"><strong>Y. N.<\/strong><\/p>\n","protected":false},"excerpt":{"rendered":"<p>Une d\u00e9l\u00e9gation minist\u00e9rielle se rendra \u00e0 Tataouine, demain, mardi 4 avril 2017, pour \u00e9couter ch\u00f4meurs, qui protestent depuis 2 semaines.<\/p>\n","protected":false},"author":6,"featured_media":89614,"comment_status":"open","ping_status":"open","sticky":false,"template":"","format":"standard","meta":{"footnotes":""},"categories":[998,2433],"tags":[1818,275,2146,709,1098,2926,3061,12808,1126],"class_list":["post-89609","post","type-post","status-publish","format-standard","has-post-thumbnail","hentry","category-societe","category-tunisie","tag-ben-guerdane","tag-developpement","tag-emplois","tag-petrole","tag-projets","tag-protestation","tag-remada","tag-routes-bloquees","tag-tataouine"],"yoast_head":"<!-- This site is optimized with the Yoast SEO plugin v26.6 - https:\/\/yoast.com\/wordpress\/plugins\/seo\/ -->\n<title>Tataouine : Des ministres \u00e0 la rencontre des protestataires - Kapitalis<\/title>\n<meta name=\"robots\" content=\"index, follow, max-snippet:-1, max-image-preview:large, max-video-preview:-1\" \/>\n<link rel=\"canonical\" href=\"https:\/\/kapitalis.com\/tunisie\/2017\/04\/03\/tataouine-des-ministres-a-la-rencontre-des-protestataires\/\" \/>\n<meta property=\"og:locale\" content=\"fr_FR\" \/>\n<meta property=\"og:type\" content=\"article\" \/>\n<meta property=\"og:title\" content=\"Tataouine : Des ministres \u00e0 la rencontre des protestataires - Kapitalis\" \/>\n<meta property=\"og:description\" content=\"Une d\u00e9l\u00e9gation minist\u00e9rielle se rendra \u00e0 Tataouine, demain, mardi 4 avril 2017, pour \u00e9couter ch\u00f4meurs, qui protestent depuis 2 semaines.\" \/>\n<meta property=\"og:url\" content=\"https:\/\/kapitalis.com\/tunisie\/2017\/04\/03\/tataouine-des-ministres-a-la-rencontre-des-protestataires\/\" \/>\n<meta property=\"og:site_name\" content=\"Kapitalis\" \/>\n<meta property=\"article:publisher\" content=\"https:\/\/www.facebook.com\/KapitalisInfo\/\" \/>\n<meta property=\"article:published_time\" content=\"2017-04-03T16:43:55+00:00\" \/>\n<meta property=\"og:image\" content=\"https:\/\/kapitalis.com\/tunisie\/wp-content\/uploads\/2022\/05\/kapitalis-logo-fb.png\" \/>\n\t<meta property=\"og:image:width\" content=\"1200\" \/>\n\t<meta property=\"og:image:height\" content=\"630\" \/>\n\t<meta property=\"og:image:type\" content=\"image\/png\" \/>\n<meta name=\"author\" content=\"Yusra NY\" \/>\n<meta name=\"twitter:card\" content=\"summary_large_image\" \/>\n<meta name=\"twitter:creator\" content=\"@KapitalisInfo\" \/>\n<meta name=\"twitter:site\" content=\"@KapitalisInfo\" \/>\n<meta name=\"twitter:label1\" content=\"\u00c9crit par\" \/>\n\t<meta name=\"twitter:data1\" content=\"Yusra NY\" \/>\n\t<meta name=\"twitter:label2\" content=\"Dur\u00e9e de lecture estim\u00e9e\" \/>\n\t<meta name=\"twitter:data2\" content=\"1 minute\" \/>\n<script type=\"application\/ld+json\" class=\"yoast-schema-graph\">{\"@context\":\"https:\/\/schema.org\",\"@graph\":[{\"@type\":\"Article\",\"@id\":\"https:\/\/kapitalis.com\/tunisie\/2017\/04\/03\/tataouine-des-ministres-a-la-rencontre-des-protestataires\/#article\",\"isPartOf\":{\"@id\":\"https:\/\/kapitalis.com\/tunisie\/2017\/04\/03\/tataouine-des-ministres-a-la-rencontre-des-protestataires\/\"},\"author\":{\"name\":\"Yusra NY\",\"@id\":\"https:\/\/kapitalis.com\/tunisie\/#\/schema\/person\/74bbde0154d49d790a92aaeac5bc01d5\"},\"headline\":\"Tataouine : Des ministres \u00e0 la rencontre des protestataires\",\"datePublished\":\"2017-04-03T16:43:55+00:00\",\"mainEntityOfPage\":{\"@id\":\"https:\/\/kapitalis.com\/tunisie\/2017\/04\/03\/tataouine-des-ministres-a-la-rencontre-des-protestataires\/\"},\"wordCount\":144,\"commentCount\":0,\"publisher\":{\"@id\":\"https:\/\/kapitalis.com\/tunisie\/#organization\"},\"image\":{\"@id\":\"https:\/\/kapitalis.com\/tunisie\/2017\/04\/03\/tataouine-des-ministres-a-la-rencontre-des-protestataires\/#primaryimage\"},\"thumbnailUrl\":\"\",\"keywords\":[\"Ben Guerdane\",\"d\u00e9veloppement\",\"emplois\",\"p\u00e9trole\",\"projets\",\"protestation\",\"Remada\",\"routes bloqu\u00e9es\",\"Tataouine\"],\"articleSection\":[\"SOCIETE\",\"Tunisie\"],\"inLanguage\":\"fr-FR\",\"potentialAction\":[{\"@type\":\"CommentAction\",\"name\":\"Comment\",\"target\":[\"https:\/\/kapitalis.com\/tunisie\/2017\/04\/03\/tataouine-des-ministres-a-la-rencontre-des-protestataires\/#respond\"]}]},{\"@type\":\"WebPage\",\"@id\":\"https:\/\/kapitalis.com\/tunisie\/2017\/04\/03\/tataouine-des-ministres-a-la-rencontre-des-protestataires\/\",\"url\":\"https:\/\/kapitalis.com\/tunisie\/2017\/04\/03\/tataouine-des-ministres-a-la-rencontre-des-protestataires\/\",\"name\":\"Tataouine : Des ministres \u00e0 la rencontre des protestataires - Kapitalis\",\"isPartOf\":{\"@id\":\"https:\/\/kapitalis.com\/tunisie\/#website\"},\"primaryImageOfPage\":{\"@id\":\"https:\/\/kapitalis.com\/tunisie\/2017\/04\/03\/tataouine-des-ministres-a-la-rencontre-des-protestataires\/#primaryimage\"},\"image\":{\"@id\":\"https:\/\/kapitalis.com\/tunisie\/2017\/04\/03\/tataouine-des-ministres-a-la-rencontre-des-protestataires\/#primaryimage\"},\"thumbnailUrl\":\"\",\"datePublished\":\"2017-04-03T16:43:55+00:00\",\"breadcrumb\":{\"@id\":\"https:\/\/kapitalis.com\/tunisie\/2017\/04\/03\/tataouine-des-ministres-a-la-rencontre-des-protestataires\/#breadcrumb\"},\"inLanguage\":\"fr-FR\",\"potentialAction\":[{\"@type\":\"ReadAction\",\"target\":[\"https:\/\/kapitalis.com\/tunisie\/2017\/04\/03\/tataouine-des-ministres-a-la-rencontre-des-protestataires\/\"]}]},{\"@type\":\"ImageObject\",\"inLanguage\":\"fr-FR\",\"@id\":\"https:\/\/kapitalis.com\/tunisie\/2017\/04\/03\/tataouine-des-ministres-a-la-rencontre-des-protestataires\/#primaryimage\",\"url\":\"\",\"contentUrl\":\"\"},{\"@type\":\"BreadcrumbList\",\"@id\":\"https:\/\/kapitalis.com\/tunisie\/2017\/04\/03\/tataouine-des-ministres-a-la-rencontre-des-protestataires\/#breadcrumb\",\"itemListElement\":[{\"@type\":\"ListItem\",\"position\":1,\"name\":\"Accueil\",\"item\":\"https:\/\/kapitalis.com\/tunisie\/\"},{\"@type\":\"ListItem\",\"position\":2,\"name\":\"Tataouine : Des ministres \u00e0 la rencontre des protestataires\"}]},{\"@type\":\"WebSite\",\"@id\":\"https:\/\/kapitalis.com\/tunisie\/#website\",\"url\":\"https:\/\/kapitalis.com\/tunisie\/\",\"name\":\"Kapitalis\",\"description\":\"L&#039;actualit\u00e9 en Tunisie et dans le monde\",\"publisher\":{\"@id\":\"https:\/\/kapitalis.com\/tunisie\/#organization\"},\"potentialAction\":[{\"@type\":\"SearchAction\",\"target\":{\"@type\":\"EntryPoint\",\"urlTemplate\":\"https:\/\/kapitalis.com\/tunisie\/?s={search_term_string}\"},\"query-input\":{\"@type\":\"PropertyValueSpecification\",\"valueRequired\":true,\"valueName\":\"search_term_string\"}}],\"inLanguage\":\"fr-FR\"},{\"@type\":\"Organization\",\"@id\":\"https:\/\/kapitalis.com\/tunisie\/#organization\",\"name\":\"Kapitalis\",\"url\":\"https:\/\/kapitalis.com\/tunisie\/\",\"logo\":{\"@type\":\"ImageObject\",\"inLanguage\":\"fr-FR\",\"@id\":\"https:\/\/kapitalis.com\/tunisie\/#\/schema\/logo\/image\/\",\"url\":\"https:\/\/kapitalis.com\/tunisie\/wp-content\/uploads\/2022\/05\/Kapitalis-big-size.png\",\"contentUrl\":\"https:\/\/kapitalis.com\/tunisie\/wp-content\/uploads\/2022\/05\/Kapitalis-big-size.png\",\"width\":5000,\"height\":1500,\"caption\":\"Kapitalis\"},\"image\":{\"@id\":\"https:\/\/kapitalis.com\/tunisie\/#\/schema\/logo\/image\/\"},\"sameAs\":[\"https:\/\/www.facebook.com\/KapitalisInfo\/\",\"https:\/\/x.com\/KapitalisInfo\",\"https:\/\/www.youtube.com\/channel\/UC-yDYrHyfFBWWZaOw3FPg9Q\"]},{\"@type\":\"Person\",\"@id\":\"https:\/\/kapitalis.com\/tunisie\/#\/schema\/person\/74bbde0154d49d790a92aaeac5bc01d5\",\"name\":\"Yusra NY\",\"url\":\"https:\/\/kapitalis.com\/tunisie\/author\/yuza_adam\/\"}]}<\/script>\n<!-- \/ Yoast SEO plugin. -->","yoast_head_json":{"title":"Tataouine : Des ministres \u00e0 la rencontre des protestataires - Kapitalis","robots":{"index":"index","follow":"follow","max-snippet":"max-snippet:-1","max-image-preview":"max-image-preview:large","max-video-preview":"max-video-preview:-1"},"canonical":"https:\/\/kapitalis.com\/tunisie\/2017\/04\/03\/tataouine-des-ministres-a-la-rencontre-des-protestataires\/","og_locale":"fr_FR","og_type":"article","og_title":"Tataouine : Des ministres \u00e0 la rencontre des protestataires - Kapitalis","og_description":"Une d\u00e9l\u00e9gation minist\u00e9rielle se rendra \u00e0 Tataouine, demain, mardi 4 avril 2017, pour \u00e9couter ch\u00f4meurs, qui protestent depuis 2 semaines.","og_url":"https:\/\/kapitalis.com\/tunisie\/2017\/04\/03\/tataouine-des-ministres-a-la-rencontre-des-protestataires\/","og_site_name":"Kapitalis","article_publisher":"https:\/\/www.facebook.com\/KapitalisInfo\/","article_published_time":"2017-04-03T16:43:55+00:00","og_image":[{"width":1200,"height":630,"url":"https:\/\/kapitalis.com\/tunisie\/wp-content\/uploads\/2022\/05\/kapitalis-logo-fb.png","type":"image\/png"}],"author":"Yusra NY","twitter_card":"summary_large_image","twitter_creator":"@KapitalisInfo","twitter_site":"@KapitalisInfo","twitter_misc":{"\u00c9crit par":"Yusra NY","Dur\u00e9e de lecture estim\u00e9e":"1 minute"},"schema":{"@context":"https:\/\/schema.org","@graph":[{"@type":"Article","@id":"https:\/\/kapitalis.com\/tunisie\/2017\/04\/03\/tataouine-des-ministres-a-la-rencontre-des-protestataires\/#article","isPartOf":{"@id":"https:\/\/kapitalis.com\/tunisie\/2017\/04\/03\/tataouine-des-ministres-a-la-rencontre-des-protestataires\/"},"author":{"name":"Yusra NY","@id":"https:\/\/kapitalis.com\/tunisie\/#\/schema\/person\/74bbde0154d49d790a92aaeac5bc01d5"},"headline":"Tataouine : Des ministres \u00e0 la rencontre des protestataires","datePublished":"2017-04-03T16:43:55+00:00","mainEntityOfPage":{"@id":"https:\/\/kapitalis.com\/tunisie\/2017\/04\/03\/tataouine-des-ministres-a-la-rencontre-des-protestataires\/"},"wordCount":144,"commentCount":0,"publisher":{"@id":"https:\/\/kapitalis.com\/tunisie\/#organization"},"image":{"@id":"https:\/\/kapitalis.com\/tunisie\/2017\/04\/03\/tataouine-des-ministres-a-la-rencontre-des-protestataires\/#primaryimage"},"thumbnailUrl":"","keywords":["Ben Guerdane","d\u00e9veloppement","emplois","p\u00e9trole","projets","protestation","Remada","routes bloqu\u00e9es","Tataouine"],"articleSection":["SOCIETE","Tunisie"],"inLanguage":"fr-FR","potentialAction":[{"@type":"CommentAction","name":"Comment","target":["https:\/\/kapitalis.com\/tunisie\/2017\/04\/03\/tataouine-des-ministres-a-la-rencontre-des-protestataires\/#respond"]}]},{"@type":"WebPage","@id":"https:\/\/kapitalis.com\/tunisie\/2017\/04\/03\/tataouine-des-ministres-a-la-rencontre-des-protestataires\/","url":"https:\/\/kapitalis.com\/tunisie\/2017\/04\/03\/tataouine-des-ministres-a-la-rencontre-des-protestataires\/","name":"Tataouine : Des ministres \u00e0 la rencontre des protestataires - Kapitalis","isPartOf":{"@id":"https:\/\/kapitalis.com\/tunisie\/#website"},"primaryImageOfPage":{"@id":"https:\/\/kapitalis.com\/tunisie\/2017\/04\/03\/tataouine-des-ministres-a-la-rencontre-des-protestataires\/#primaryimage"},"image":{"@id":"https:\/\/kapitalis.com\/tunisie\/2017\/04\/03\/tataouine-des-ministres-a-la-rencontre-des-protestataires\/#primaryimage"},"thumbnailUrl":"","datePublished":"2017-04-03T16:43:55+00:00","breadcrumb":{"@id":"https:\/\/kapitalis.com\/tunisie\/2017\/04\/03\/tataouine-des-ministres-a-la-rencontre-des-protestataires\/#breadcrumb"},"inLanguage":"fr-FR","potentialAction":[{"@type":"ReadAction","target":["https:\/\/kapitalis.com\/tunisie\/2017\/04\/03\/tataouine-des-ministres-a-la-rencontre-des-protestataires\/"]}]},{"@type":"ImageObject","inLanguage":"fr-FR","@id":"https:\/\/kapitalis.com\/tunisie\/2017\/04\/03\/tataouine-des-ministres-a-la-rencontre-des-protestataires\/#primaryimage","url":"","contentUrl":""},{"@type":"BreadcrumbList","@id":"https:\/\/kapitalis.com\/tunisie\/2017\/04\/03\/tataouine-des-ministres-a-la-rencontre-des-protestataires\/#breadcrumb","itemListElement":[{"@type":"ListItem","position":1,"name":"Accueil","item":"https:\/\/kapitalis.com\/tunisie\/"},{"@type":"ListItem","position":2,"name":"Tataouine : Des ministres \u00e0 la rencontre des protestataires"}]},{"@type":"WebSite","@id":"https:\/\/kapitalis.com\/tunisie\/#website","url":"https:\/\/kapitalis.com\/tunisie\/","name":"Kapitalis","description":"L&#039;actualit\u00e9 en Tunisie et dans le monde","publisher":{"@id":"https:\/\/kapitalis.com\/tunisie\/#organization"},"potentialAction":[{"@type":"SearchAction","target":{"@type":"EntryPoint","urlTemplate":"https:\/\/kapitalis.com\/tunisie\/?s={search_term_string}"},"query-input":{"@type":"PropertyValueSpecification","valueRequired":true,"valueName":"search_term_string"}}],"inLanguage":"fr-FR"},{"@type":"Organization","@id":"https:\/\/kapitalis.com\/tunisie\/#organization","name":"Kapitalis","url":"https:\/\/kapitalis.com\/tunisie\/","logo":{"@type":"ImageObject","inLanguage":"fr-FR","@id":"https:\/\/kapitalis.com\/tunisie\/#\/schema\/logo\/image\/","url":"https:\/\/kapitalis.com\/tunisie\/wp-content\/uploads\/2022\/05\/Kapitalis-big-size.png","contentUrl":"https:\/\/kapitalis.com\/tunisie\/wp-content\/uploads\/2022\/05\/Kapitalis-big-size.png","width":5000,"height":1500,"caption":"Kapitalis"},"image":{"@id":"https:\/\/kapitalis.com\/tunisie\/#\/schema\/logo\/image\/"},"sameAs":["https:\/\/www.facebook.com\/KapitalisInfo\/","https:\/\/x.com\/KapitalisInfo","https:\/\/www.youtube.com\/channel\/UC-yDYrHyfFBWWZaOw3FPg9Q"]},{"@type":"Person","@id":"https:\/\/kapitalis.com\/tunisie\/#\/schema\/person\/74bbde0154d49d790a92aaeac5bc01d5","name":"Yusra NY","url":"https:\/\/kapitalis.com\/tunisie\/author\/yuza_adam\/"}]}},"_links":{"self":[{"href":"https:\/\/kapitalis.com\/tunisie\/wp-json\/wp\/v2\/posts\/89609","targetHints":{"allow":["GET"]}}],"collection":[{"href":"https:\/\/kapitalis.com\/tunisie\/wp-json\/wp\/v2\/posts"}],"about":[{"href":"https:\/\/kapitalis.com\/tunisie\/wp-json\/wp\/v2\/types\/post"}],"author":[{"embeddable":true,"href":"https:\/\/kapitalis.com\/tunisie\/wp-json\/wp\/v2\/users\/6"}],"replies":[{"embeddable":true,"href":"https:\/\/kapitalis.com\/tunisie\/wp-json\/wp\/v2\/comments?post=89609"}],"version-history":[{"count":0,"href":"https:\/\/kapitalis.com\/tunisie\/wp-json\/wp\/v2\/posts\/89609\/revisions"}],"wp:featuredmedia":[{"embeddable":true,"href":"https:\/\/kapitalis.com\/tunisie\/wp-json\/wp\/v2\/media\/89614"}],"wp:attachment":[{"href":"https:\/\/kapitalis.com\/tunisie\/wp-json\/wp\/v2\/media?parent=89609"}],"wp:term":[{"taxonomy":"category","embeddable":true,"href":"https:\/\/kapitalis.com\/tunisie\/wp-json\/wp\/v2\/categories?post=89609"},{"taxonomy":"post_tag","embeddable":true,"href":"https:\/\/kapitalis.com\/tunisie\/wp-json\/wp\/v2\/tags?post=89609"}],"curies":[{"name":"wp","href":"https:\/\/api.w.org\/{rel}","templated":true}]}}