{"id":8970620,"date":"2023-07-22T07:21:31","date_gmt":"2023-07-22T06:21:31","guid":{"rendered":"https:\/\/kapitalis.com\/tunisie\/?p=8970620"},"modified":"2023-07-22T07:21:32","modified_gmt":"2023-07-22T06:21:32","slug":"crise-du-secteur-cerealier-en-tunisie-grande-crise-petites-mesures","status":"publish","type":"post","link":"https:\/\/kapitalis.com\/tunisie\/2023\/07\/22\/crise-du-secteur-cerealier-en-tunisie-grande-crise-petites-mesures\/","title":{"rendered":"Crise du secteur c\u00e9r\u00e9alier en Tunisie\u00a0: grande crise, petites mesures \u00a0"},"content":{"rendered":"\n<p><strong><em>Le secteur c\u00e9r\u00e9alier en Tunisie traverse une grave crise et au lieu de communiquer sur les solutions envisag\u00e9es pour y faire face au cours des mois et des ann\u00e9es \u00e0 venir, l\u2019Etat pr\u00e9f\u00e8rent communiquer sur les mesurettes qu\u2019il a d\u00e9j\u00e0 prises pour voler au secours de quelques agriculteurs. Trop peu et pas rassurant du tout\u2026 \u00a0\u00a0\u00a0<\/em><\/strong><\/p>\n\n\n\n<!--more-->\n\n\n\n<p>Les quantit\u00e9s de c\u00e9r\u00e9ales collect\u00e9es au cours de la campagne 2023 ont baiss\u00e9 de 60% par rapport \u00e0 2022, soit 2,7 millions de quintaux contre 7,5 millions de quintaux enregistr\u00e9s l\u2019an dernier.<\/p>\n\n\n\n<p>C\u2019est ce qu\u2019a indiqu\u00e9 vendredi 21 juillet 2023 Saloua Ben Hadid Zouari, directrice du d\u00e9veloppement et de la qualit\u00e9 \u00e0 l\u2019Office des c\u00e9r\u00e9ales.<\/p>\n\n\n\n<p>S\u2019exprimant lors de la conf\u00e9rence de presse tenue par le minist\u00e8re de l\u2019Agriculture, des Ressources hydrauliques et de la P\u00eache, la responsable a indiqu\u00e9 que cette baisse \u00e9tait due \u00e0 la s\u00e9cheresse enregistr\u00e9e lors des principales phases de production c\u00e9r\u00e9ali\u00e8re, qui a eu un impact sur les volumes de production, ajoutant que les pr\u00e9cipitations enregistr\u00e9es au d\u00e9but du mois de juin 2023 ont \u00e9galement eu un impact n\u00e9gatif sur la qualit\u00e9 des c\u00e9r\u00e9ales.<\/p>\n\n\n\n<p>Au cours de la campagne 2023, 2 596 227 quintaux de bl\u00e9 dur ont \u00e9t\u00e9 r\u00e9colt\u00e9s, contre 62 060 quintaux de bl\u00e9 tendre et 4 600 quintaux d\u2019orge. Les plus fortes quantit\u00e9s de c\u00e9r\u00e9ales collect\u00e9es ont \u00e9t\u00e9 enregistr\u00e9es dans les gouvernorats de Bizerte (35%), suivi de B\u00e9ja (25%), Kairouan (14%) et Jendouba (11,5%). En revanche, ces quantit\u00e9s sont en baisse dans les gouvernorats de Siliana, Kef et Zaghouan.<\/p>\n\n\n\n<figure class=\"wp-block-embed is-type-wp-embed is-provider-kapitalis wp-block-embed-kapitalis\"><div class=\"wp-block-embed__wrapper\">\n<blockquote class=\"wp-embedded-content\" data-secret=\"xPiRGBdtwZ\"><a href=\"https:\/\/kapitalis.com\/tunisie\/2023\/04\/19\/la-tunisie-doit-importer-24-millions-de-quintaux-de-cereales\/\">La Tunisie doit importer 24 millions de quintaux de c\u00e9r\u00e9ales<\/a><\/blockquote><iframe loading=\"lazy\" class=\"wp-embedded-content\" sandbox=\"allow-scripts\" security=\"restricted\" style=\"position: absolute; clip: rect(1px, 1px, 1px, 1px);\" title=\"\u00ab\u00a0La Tunisie doit importer 24 millions de quintaux de c\u00e9r\u00e9ales\u00a0\u00bb &#8212; Kapitalis\" src=\"https:\/\/kapitalis.com\/tunisie\/2023\/04\/19\/la-tunisie-doit-importer-24-millions-de-quintaux-de-cereales\/embed\/#?secret=LYGaM0cwE3#?secret=xPiRGBdtwZ\" data-secret=\"xPiRGBdtwZ\" width=\"600\" height=\"338\" frameborder=\"0\" marginwidth=\"0\" marginheight=\"0\" scrolling=\"no\"><\/iframe>\n<\/div><\/figure>\n\n\n\n<p>Les principales mesures exceptionnelles prises pour la campagne agricole 2023-2024 concernent la fourniture de 700 000 quintaux de semences aux agriculteurs pour la campagne 2023-2024, et la constitution d\u2019un stock strat\u00e9gique de 500 000 quintaux de bl\u00e9 dur pour r\u00e9pondre aux besoins en semences de la campagne 2024-2025.<\/p>\n\n\n\n<p>L\u2019objectif est \u00e9galement d\u2019augmenter les prix des c\u00e9r\u00e9ales au moment \u00e0 la production, en augmentant la prime d\u2019incitation \u00e0 court terme de 10 dinars pour tous les types de c\u00e9r\u00e9ales, dont l\u2019impact financier est de 3 millions de dinars (MDT), ainsi que l\u2019augmentation des primes et des marges pour les collecteurs, dont l\u2019impact financier est de 4,2 MDT.<\/p>\n\n\n\n<p>Il a \u00e9t\u00e9 de m\u00eame d\u00e9cid\u00e9 de r\u00e9viser le bar\u00e8me de classement en faveur des producteurs de c\u00e9r\u00e9ales en ignorant la plupart des \u00e9l\u00e9ments li\u00e9s \u00e0 la qualit\u00e9 retenus dans le bar\u00e8me actuel au moment de l\u2019achat. Cette mesure sera adopt\u00e9e exceptionnellement pour cette saison, a ajout\u00e9 le responsable, soulignant que l\u2019impact financier de cette mesure est de 9MDT.<\/p>\n\n\n\n<p>En outre, l\u2019indemnisation des dommages et le r\u00e9\u00e9chelonnement des dettes, ainsi que la prise en charge par l\u2019Etat de 3 points du taux d\u2019int\u00e9r\u00eat, lors du financement de la campagne de grandes cultures 2022-2023, soit des cr\u00e9dits de campagne de 89,138 MDT r\u00e9partis entre 82,813 MDT de la Banque nationale agricole (BNA) et 6,325 MDT de la Banque tunisienne de solidarit\u00e9 (BTS).<\/p>\n\n\n\n<p>En fait, la conf\u00e9rence de presse \u00e9tait consacr\u00e9e \u00e0 montrer ce que l\u2019Etat fait pour le secteur c\u00e9r\u00e9alier, qui est en crise, mais rien n\u2019a \u00e9t\u00e9 dit sur les sc\u00e9narios envisag\u00e9s pour trouver les 90 \u00e0 95% qui manquent pour combler les besoins de consommation de bl\u00e9 au cours des 12 prochains mois, alors que les prix du bl\u00e9 sur le march\u00e9 international continuent de flamber en raison de guerre russo-ukrainienne. C\u2019est \u00e0 se demander \u00a0si ces messieurs dames du minist\u00e8re de l\u2019Agriculture et de l\u2019Office des c\u00e9r\u00e9ales, qui monopolise l\u2019achat et la distribution des c\u00e9r\u00e9ales, savent ce qu\u2019ils vont faire pour faire face aux grosses p\u00e9nuries qui s\u2019annoncent\u2026 \u00a0\u00a0<\/p>\n\n\n\n<p class=\"has-text-align-right\"><strong>I. B.<\/strong> (avec Tap)<\/p>\n\n\n\n<figure class=\"wp-block-embed is-type-wp-embed is-provider-kapitalis wp-block-embed-kapitalis\"><div class=\"wp-block-embed__wrapper\">\n<blockquote class=\"wp-embedded-content\" data-secret=\"l43f7sVzRD\"><a href=\"https:\/\/kapitalis.com\/tunisie\/2023\/04\/04\/tunisie-baisse-en-vue-des-recoltes-et-hausse-des-exportations-des-cereales\/\">Tunisie\u00a0: baisse en vue des r\u00e9coltes (et hausse des importations) des c\u00e9r\u00e9ales<\/a><\/blockquote><iframe loading=\"lazy\" class=\"wp-embedded-content\" sandbox=\"allow-scripts\" security=\"restricted\" style=\"position: absolute; clip: rect(1px, 1px, 1px, 1px);\" title=\"\u00ab\u00a0Tunisie\u00a0: baisse en vue des r\u00e9coltes (et hausse des importations) des c\u00e9r\u00e9ales\u00a0\u00bb &#8212; Kapitalis\" src=\"https:\/\/kapitalis.com\/tunisie\/2023\/04\/04\/tunisie-baisse-en-vue-des-recoltes-et-hausse-des-exportations-des-cereales\/embed\/#?secret=DJoOxNHQ9G#?secret=l43f7sVzRD\" data-secret=\"l43f7sVzRD\" width=\"600\" height=\"338\" frameborder=\"0\" marginwidth=\"0\" marginheight=\"0\" scrolling=\"no\"><\/iframe>\n<\/div><\/figure>\n","protected":false},"excerpt":{"rendered":"<p>Le secteur c\u00e9r\u00e9alier en Tunisie traverse une grave crise et l&rsquo;Etat ne communique pas sur sur les solutions envisag\u00e9es pour y faire face au cours des mois et des ann\u00e9es \u00e0 venir. <\/p>\n","protected":false},"author":8,"featured_media":8970846,"comment_status":"open","ping_status":"open","sticky":false,"template":"","format":"standard","meta":{"footnotes":""},"categories":[995,2433],"tags":[47,154,16454,1203,80176,110037,62643],"class_list":["post-8970620","post","type-post","status-publish","format-standard","has-post-thumbnail","hentry","category-economie","category-tunisie","tag-agriculture","tag-bna","tag-bts","tag-cereales","tag-office-des-cereales","tag-saloua-ben-hadid-zouari","tag-tunisie"],"yoast_head":"<!-- This site is optimized with the Yoast SEO plugin v26.6 - https:\/\/yoast.com\/wordpress\/plugins\/seo\/ -->\n<title>Crise du secteur c\u00e9r\u00e9alier en Tunisie\u00a0: grande crise, petites mesures \u00a0 - Kapitalis<\/title>\n<meta name=\"robots\" content=\"index, follow, max-snippet:-1, max-image-preview:large, max-video-preview:-1\" \/>\n<link rel=\"canonical\" href=\"https:\/\/kapitalis.com\/tunisie\/2023\/07\/22\/crise-du-secteur-cerealier-en-tunisie-grande-crise-petites-mesures\/\" \/>\n<meta property=\"og:locale\" content=\"fr_FR\" \/>\n<meta property=\"og:type\" content=\"article\" \/>\n<meta property=\"og:title\" content=\"Crise du secteur c\u00e9r\u00e9alier en Tunisie\u00a0: grande crise, petites mesures \u00a0 - Kapitalis\" \/>\n<meta property=\"og:description\" content=\"Le secteur c\u00e9r\u00e9alier en Tunisie traverse une grave crise et l&#039;Etat ne communique pas sur sur les solutions envisag\u00e9es pour y faire face au cours des mois et des ann\u00e9es \u00e0 venir.\" \/>\n<meta property=\"og:url\" content=\"https:\/\/kapitalis.com\/tunisie\/2023\/07\/22\/crise-du-secteur-cerealier-en-tunisie-grande-crise-petites-mesures\/\" \/>\n<meta property=\"og:site_name\" content=\"Kapitalis\" \/>\n<meta property=\"article:publisher\" content=\"https:\/\/www.facebook.com\/KapitalisInfo\/\" \/>\n<meta property=\"article:published_time\" content=\"2023-07-22T06:21:31+00:00\" \/>\n<meta property=\"article:modified_time\" content=\"2023-07-22T06:21:32+00:00\" \/>\n<meta property=\"og:image\" content=\"https:\/\/kapitalis.com\/tunisie\/wp-content\/uploads\/2023\/07\/Recolte-cereale-2.jpg\" \/>\n\t<meta property=\"og:image:width\" content=\"1200\" \/>\n\t<meta property=\"og:image:height\" content=\"630\" \/>\n\t<meta property=\"og:image:type\" content=\"image\/jpeg\" \/>\n<meta name=\"author\" content=\"webmaster kapitalis\" \/>\n<meta name=\"twitter:card\" content=\"summary_large_image\" \/>\n<meta name=\"twitter:creator\" content=\"@KapitalisInfo\" \/>\n<meta name=\"twitter:site\" content=\"@KapitalisInfo\" \/>\n<meta name=\"twitter:label1\" content=\"\u00c9crit par\" \/>\n\t<meta name=\"twitter:data1\" content=\"webmaster kapitalis\" \/>\n\t<meta name=\"twitter:label2\" content=\"Dur\u00e9e de lecture estim\u00e9e\" \/>\n\t<meta name=\"twitter:data2\" content=\"4 minutes\" \/>\n<script type=\"application\/ld+json\" class=\"yoast-schema-graph\">{\"@context\":\"https:\/\/schema.org\",\"@graph\":[{\"@type\":\"Article\",\"@id\":\"https:\/\/kapitalis.com\/tunisie\/2023\/07\/22\/crise-du-secteur-cerealier-en-tunisie-grande-crise-petites-mesures\/#article\",\"isPartOf\":{\"@id\":\"https:\/\/kapitalis.com\/tunisie\/2023\/07\/22\/crise-du-secteur-cerealier-en-tunisie-grande-crise-petites-mesures\/\"},\"author\":{\"name\":\"webmaster kapitalis\",\"@id\":\"https:\/\/kapitalis.com\/tunisie\/#\/schema\/person\/d71f33a9ca44f7bad4698210b480c8e9\"},\"headline\":\"Crise du secteur c\u00e9r\u00e9alier en Tunisie\u00a0: grande crise, petites mesures \u00a0\",\"datePublished\":\"2023-07-22T06:21:31+00:00\",\"dateModified\":\"2023-07-22T06:21:32+00:00\",\"mainEntityOfPage\":{\"@id\":\"https:\/\/kapitalis.com\/tunisie\/2023\/07\/22\/crise-du-secteur-cerealier-en-tunisie-grande-crise-petites-mesures\/\"},\"wordCount\":670,\"commentCount\":0,\"publisher\":{\"@id\":\"https:\/\/kapitalis.com\/tunisie\/#organization\"},\"image\":{\"@id\":\"https:\/\/kapitalis.com\/tunisie\/2023\/07\/22\/crise-du-secteur-cerealier-en-tunisie-grande-crise-petites-mesures\/#primaryimage\"},\"thumbnailUrl\":\"https:\/\/kapitalis.com\/tunisie\/wp-content\/uploads\/2023\/07\/Recolte-cereale-2.jpg\",\"keywords\":[\"Agriculture\",\"BNA\",\"BTS\",\"c\u00e9r\u00e9ales\",\"Office des c\u00e9r\u00e9ales\",\"Saloua Ben Hadid Zouari\",\"Tunisie\"],\"articleSection\":[\"ECONOMIE\",\"Tunisie\"],\"inLanguage\":\"fr-FR\",\"potentialAction\":[{\"@type\":\"CommentAction\",\"name\":\"Comment\",\"target\":[\"https:\/\/kapitalis.com\/tunisie\/2023\/07\/22\/crise-du-secteur-cerealier-en-tunisie-grande-crise-petites-mesures\/#respond\"]}]},{\"@type\":\"WebPage\",\"@id\":\"https:\/\/kapitalis.com\/tunisie\/2023\/07\/22\/crise-du-secteur-cerealier-en-tunisie-grande-crise-petites-mesures\/\",\"url\":\"https:\/\/kapitalis.com\/tunisie\/2023\/07\/22\/crise-du-secteur-cerealier-en-tunisie-grande-crise-petites-mesures\/\",\"name\":\"Crise du secteur c\u00e9r\u00e9alier en Tunisie\u00a0: grande crise, petites mesures \u00a0 - Kapitalis\",\"isPartOf\":{\"@id\":\"https:\/\/kapitalis.com\/tunisie\/#website\"},\"primaryImageOfPage\":{\"@id\":\"https:\/\/kapitalis.com\/tunisie\/2023\/07\/22\/crise-du-secteur-cerealier-en-tunisie-grande-crise-petites-mesures\/#primaryimage\"},\"image\":{\"@id\":\"https:\/\/kapitalis.com\/tunisie\/2023\/07\/22\/crise-du-secteur-cerealier-en-tunisie-grande-crise-petites-mesures\/#primaryimage\"},\"thumbnailUrl\":\"https:\/\/kapitalis.com\/tunisie\/wp-content\/uploads\/2023\/07\/Recolte-cereale-2.jpg\",\"datePublished\":\"2023-07-22T06:21:31+00:00\",\"dateModified\":\"2023-07-22T06:21:32+00:00\",\"breadcrumb\":{\"@id\":\"https:\/\/kapitalis.com\/tunisie\/2023\/07\/22\/crise-du-secteur-cerealier-en-tunisie-grande-crise-petites-mesures\/#breadcrumb\"},\"inLanguage\":\"fr-FR\",\"potentialAction\":[{\"@type\":\"ReadAction\",\"target\":[\"https:\/\/kapitalis.com\/tunisie\/2023\/07\/22\/crise-du-secteur-cerealier-en-tunisie-grande-crise-petites-mesures\/\"]}]},{\"@type\":\"ImageObject\",\"inLanguage\":\"fr-FR\",\"@id\":\"https:\/\/kapitalis.com\/tunisie\/2023\/07\/22\/crise-du-secteur-cerealier-en-tunisie-grande-crise-petites-mesures\/#primaryimage\",\"url\":\"https:\/\/kapitalis.com\/tunisie\/wp-content\/uploads\/2023\/07\/Recolte-cereale-2.jpg\",\"contentUrl\":\"https:\/\/kapitalis.com\/tunisie\/wp-content\/uploads\/2023\/07\/Recolte-cereale-2.jpg\",\"width\":1200,\"height\":630},{\"@type\":\"BreadcrumbList\",\"@id\":\"https:\/\/kapitalis.com\/tunisie\/2023\/07\/22\/crise-du-secteur-cerealier-en-tunisie-grande-crise-petites-mesures\/#breadcrumb\",\"itemListElement\":[{\"@type\":\"ListItem\",\"position\":1,\"name\":\"Accueil\",\"item\":\"https:\/\/kapitalis.com\/tunisie\/\"},{\"@type\":\"ListItem\",\"position\":2,\"name\":\"Crise du secteur c\u00e9r\u00e9alier en Tunisie\u00a0: grande crise, petites mesures \u00a0\"}]},{\"@type\":\"WebSite\",\"@id\":\"https:\/\/kapitalis.com\/tunisie\/#website\",\"url\":\"https:\/\/kapitalis.com\/tunisie\/\",\"name\":\"Kapitalis\",\"description\":\"L&#039;actualit\u00e9 en Tunisie et dans le monde\",\"publisher\":{\"@id\":\"https:\/\/kapitalis.com\/tunisie\/#organization\"},\"potentialAction\":[{\"@type\":\"SearchAction\",\"target\":{\"@type\":\"EntryPoint\",\"urlTemplate\":\"https:\/\/kapitalis.com\/tunisie\/?s={search_term_string}\"},\"query-input\":{\"@type\":\"PropertyValueSpecification\",\"valueRequired\":true,\"valueName\":\"search_term_string\"}}],\"inLanguage\":\"fr-FR\"},{\"@type\":\"Organization\",\"@id\":\"https:\/\/kapitalis.com\/tunisie\/#organization\",\"name\":\"Kapitalis\",\"url\":\"https:\/\/kapitalis.com\/tunisie\/\",\"logo\":{\"@type\":\"ImageObject\",\"inLanguage\":\"fr-FR\",\"@id\":\"https:\/\/kapitalis.com\/tunisie\/#\/schema\/logo\/image\/\",\"url\":\"https:\/\/kapitalis.com\/tunisie\/wp-content\/uploads\/2022\/05\/Kapitalis-big-size.png\",\"contentUrl\":\"https:\/\/kapitalis.com\/tunisie\/wp-content\/uploads\/2022\/05\/Kapitalis-big-size.png\",\"width\":5000,\"height\":1500,\"caption\":\"Kapitalis\"},\"image\":{\"@id\":\"https:\/\/kapitalis.com\/tunisie\/#\/schema\/logo\/image\/\"},\"sameAs\":[\"https:\/\/www.facebook.com\/KapitalisInfo\/\",\"https:\/\/x.com\/KapitalisInfo\",\"https:\/\/www.youtube.com\/channel\/UC-yDYrHyfFBWWZaOw3FPg9Q\"]},{\"@type\":\"Person\",\"@id\":\"https:\/\/kapitalis.com\/tunisie\/#\/schema\/person\/d71f33a9ca44f7bad4698210b480c8e9\",\"name\":\"webmaster kapitalis\",\"url\":\"https:\/\/kapitalis.com\/tunisie\/author\/webmaster-kapitalis\/\"}]}<\/script>\n<!-- \/ Yoast SEO plugin. -->","yoast_head_json":{"title":"Crise du secteur c\u00e9r\u00e9alier en Tunisie\u00a0: grande crise, petites mesures \u00a0 - Kapitalis","robots":{"index":"index","follow":"follow","max-snippet":"max-snippet:-1","max-image-preview":"max-image-preview:large","max-video-preview":"max-video-preview:-1"},"canonical":"https:\/\/kapitalis.com\/tunisie\/2023\/07\/22\/crise-du-secteur-cerealier-en-tunisie-grande-crise-petites-mesures\/","og_locale":"fr_FR","og_type":"article","og_title":"Crise du secteur c\u00e9r\u00e9alier en Tunisie\u00a0: grande crise, petites mesures \u00a0 - Kapitalis","og_description":"Le secteur c\u00e9r\u00e9alier en Tunisie traverse une grave crise et l'Etat ne communique pas sur sur les solutions envisag\u00e9es pour y faire face au cours des mois et des ann\u00e9es \u00e0 venir.","og_url":"https:\/\/kapitalis.com\/tunisie\/2023\/07\/22\/crise-du-secteur-cerealier-en-tunisie-grande-crise-petites-mesures\/","og_site_name":"Kapitalis","article_publisher":"https:\/\/www.facebook.com\/KapitalisInfo\/","article_published_time":"2023-07-22T06:21:31+00:00","article_modified_time":"2023-07-22T06:21:32+00:00","og_image":[{"width":1200,"height":630,"url":"https:\/\/kapitalis.com\/tunisie\/wp-content\/uploads\/2023\/07\/Recolte-cereale-2.jpg","type":"image\/jpeg"}],"author":"webmaster kapitalis","twitter_card":"summary_large_image","twitter_creator":"@KapitalisInfo","twitter_site":"@KapitalisInfo","twitter_misc":{"\u00c9crit par":"webmaster kapitalis","Dur\u00e9e de lecture estim\u00e9e":"4 minutes"},"schema":{"@context":"https:\/\/schema.org","@graph":[{"@type":"Article","@id":"https:\/\/kapitalis.com\/tunisie\/2023\/07\/22\/crise-du-secteur-cerealier-en-tunisie-grande-crise-petites-mesures\/#article","isPartOf":{"@id":"https:\/\/kapitalis.com\/tunisie\/2023\/07\/22\/crise-du-secteur-cerealier-en-tunisie-grande-crise-petites-mesures\/"},"author":{"name":"webmaster kapitalis","@id":"https:\/\/kapitalis.com\/tunisie\/#\/schema\/person\/d71f33a9ca44f7bad4698210b480c8e9"},"headline":"Crise du secteur c\u00e9r\u00e9alier en Tunisie\u00a0: grande crise, petites mesures \u00a0","datePublished":"2023-07-22T06:21:31+00:00","dateModified":"2023-07-22T06:21:32+00:00","mainEntityOfPage":{"@id":"https:\/\/kapitalis.com\/tunisie\/2023\/07\/22\/crise-du-secteur-cerealier-en-tunisie-grande-crise-petites-mesures\/"},"wordCount":670,"commentCount":0,"publisher":{"@id":"https:\/\/kapitalis.com\/tunisie\/#organization"},"image":{"@id":"https:\/\/kapitalis.com\/tunisie\/2023\/07\/22\/crise-du-secteur-cerealier-en-tunisie-grande-crise-petites-mesures\/#primaryimage"},"thumbnailUrl":"https:\/\/kapitalis.com\/tunisie\/wp-content\/uploads\/2023\/07\/Recolte-cereale-2.jpg","keywords":["Agriculture","BNA","BTS","c\u00e9r\u00e9ales","Office des c\u00e9r\u00e9ales","Saloua Ben Hadid Zouari","Tunisie"],"articleSection":["ECONOMIE","Tunisie"],"inLanguage":"fr-FR","potentialAction":[{"@type":"CommentAction","name":"Comment","target":["https:\/\/kapitalis.com\/tunisie\/2023\/07\/22\/crise-du-secteur-cerealier-en-tunisie-grande-crise-petites-mesures\/#respond"]}]},{"@type":"WebPage","@id":"https:\/\/kapitalis.com\/tunisie\/2023\/07\/22\/crise-du-secteur-cerealier-en-tunisie-grande-crise-petites-mesures\/","url":"https:\/\/kapitalis.com\/tunisie\/2023\/07\/22\/crise-du-secteur-cerealier-en-tunisie-grande-crise-petites-mesures\/","name":"Crise du secteur c\u00e9r\u00e9alier en Tunisie\u00a0: grande crise, petites mesures \u00a0 - Kapitalis","isPartOf":{"@id":"https:\/\/kapitalis.com\/tunisie\/#website"},"primaryImageOfPage":{"@id":"https:\/\/kapitalis.com\/tunisie\/2023\/07\/22\/crise-du-secteur-cerealier-en-tunisie-grande-crise-petites-mesures\/#primaryimage"},"image":{"@id":"https:\/\/kapitalis.com\/tunisie\/2023\/07\/22\/crise-du-secteur-cerealier-en-tunisie-grande-crise-petites-mesures\/#primaryimage"},"thumbnailUrl":"https:\/\/kapitalis.com\/tunisie\/wp-content\/uploads\/2023\/07\/Recolte-cereale-2.jpg","datePublished":"2023-07-22T06:21:31+00:00","dateModified":"2023-07-22T06:21:32+00:00","breadcrumb":{"@id":"https:\/\/kapitalis.com\/tunisie\/2023\/07\/22\/crise-du-secteur-cerealier-en-tunisie-grande-crise-petites-mesures\/#breadcrumb"},"inLanguage":"fr-FR","potentialAction":[{"@type":"ReadAction","target":["https:\/\/kapitalis.com\/tunisie\/2023\/07\/22\/crise-du-secteur-cerealier-en-tunisie-grande-crise-petites-mesures\/"]}]},{"@type":"ImageObject","inLanguage":"fr-FR","@id":"https:\/\/kapitalis.com\/tunisie\/2023\/07\/22\/crise-du-secteur-cerealier-en-tunisie-grande-crise-petites-mesures\/#primaryimage","url":"https:\/\/kapitalis.com\/tunisie\/wp-content\/uploads\/2023\/07\/Recolte-cereale-2.jpg","contentUrl":"https:\/\/kapitalis.com\/tunisie\/wp-content\/uploads\/2023\/07\/Recolte-cereale-2.jpg","width":1200,"height":630},{"@type":"BreadcrumbList","@id":"https:\/\/kapitalis.com\/tunisie\/2023\/07\/22\/crise-du-secteur-cerealier-en-tunisie-grande-crise-petites-mesures\/#breadcrumb","itemListElement":[{"@type":"ListItem","position":1,"name":"Accueil","item":"https:\/\/kapitalis.com\/tunisie\/"},{"@type":"ListItem","position":2,"name":"Crise du secteur c\u00e9r\u00e9alier en Tunisie\u00a0: grande crise, petites mesures \u00a0"}]},{"@type":"WebSite","@id":"https:\/\/kapitalis.com\/tunisie\/#website","url":"https:\/\/kapitalis.com\/tunisie\/","name":"Kapitalis","description":"L&#039;actualit\u00e9 en Tunisie et dans le monde","publisher":{"@id":"https:\/\/kapitalis.com\/tunisie\/#organization"},"potentialAction":[{"@type":"SearchAction","target":{"@type":"EntryPoint","urlTemplate":"https:\/\/kapitalis.com\/tunisie\/?s={search_term_string}"},"query-input":{"@type":"PropertyValueSpecification","valueRequired":true,"valueName":"search_term_string"}}],"inLanguage":"fr-FR"},{"@type":"Organization","@id":"https:\/\/kapitalis.com\/tunisie\/#organization","name":"Kapitalis","url":"https:\/\/kapitalis.com\/tunisie\/","logo":{"@type":"ImageObject","inLanguage":"fr-FR","@id":"https:\/\/kapitalis.com\/tunisie\/#\/schema\/logo\/image\/","url":"https:\/\/kapitalis.com\/tunisie\/wp-content\/uploads\/2022\/05\/Kapitalis-big-size.png","contentUrl":"https:\/\/kapitalis.com\/tunisie\/wp-content\/uploads\/2022\/05\/Kapitalis-big-size.png","width":5000,"height":1500,"caption":"Kapitalis"},"image":{"@id":"https:\/\/kapitalis.com\/tunisie\/#\/schema\/logo\/image\/"},"sameAs":["https:\/\/www.facebook.com\/KapitalisInfo\/","https:\/\/x.com\/KapitalisInfo","https:\/\/www.youtube.com\/channel\/UC-yDYrHyfFBWWZaOw3FPg9Q"]},{"@type":"Person","@id":"https:\/\/kapitalis.com\/tunisie\/#\/schema\/person\/d71f33a9ca44f7bad4698210b480c8e9","name":"webmaster kapitalis","url":"https:\/\/kapitalis.com\/tunisie\/author\/webmaster-kapitalis\/"}]}},"_links":{"self":[{"href":"https:\/\/kapitalis.com\/tunisie\/wp-json\/wp\/v2\/posts\/8970620","targetHints":{"allow":["GET"]}}],"collection":[{"href":"https:\/\/kapitalis.com\/tunisie\/wp-json\/wp\/v2\/posts"}],"about":[{"href":"https:\/\/kapitalis.com\/tunisie\/wp-json\/wp\/v2\/types\/post"}],"author":[{"embeddable":true,"href":"https:\/\/kapitalis.com\/tunisie\/wp-json\/wp\/v2\/users\/8"}],"replies":[{"embeddable":true,"href":"https:\/\/kapitalis.com\/tunisie\/wp-json\/wp\/v2\/comments?post=8970620"}],"version-history":[{"count":1,"href":"https:\/\/kapitalis.com\/tunisie\/wp-json\/wp\/v2\/posts\/8970620\/revisions"}],"predecessor-version":[{"id":8970890,"href":"https:\/\/kapitalis.com\/tunisie\/wp-json\/wp\/v2\/posts\/8970620\/revisions\/8970890"}],"wp:featuredmedia":[{"embeddable":true,"href":"https:\/\/kapitalis.com\/tunisie\/wp-json\/wp\/v2\/media\/8970846"}],"wp:attachment":[{"href":"https:\/\/kapitalis.com\/tunisie\/wp-json\/wp\/v2\/media?parent=8970620"}],"wp:term":[{"taxonomy":"category","embeddable":true,"href":"https:\/\/kapitalis.com\/tunisie\/wp-json\/wp\/v2\/categories?post=8970620"},{"taxonomy":"post_tag","embeddable":true,"href":"https:\/\/kapitalis.com\/tunisie\/wp-json\/wp\/v2\/tags?post=8970620"}],"curies":[{"name":"wp","href":"https:\/\/api.w.org\/{rel}","templated":true}]}}