{"id":90109,"date":"2017-04-06T12:56:16","date_gmt":"2017-04-06T11:56:16","guid":{"rendered":"http:\/\/kapitalis.com\/tunisie\/?p=90109"},"modified":"2017-04-06T12:56:16","modified_gmt":"2017-04-06T11:56:16","slug":"conect-les-marches-publics-en-question","status":"publish","type":"post","link":"https:\/\/kapitalis.com\/tunisie\/2017\/04\/06\/conect-les-marches-publics-en-question\/","title":{"rendered":"Conect : Les march\u00e9s publics en question"},"content":{"rendered":"<p style=\"text-align: center;\"><img loading=\"lazy\" decoding=\"async\" class=\"alignnone size-full wp-image-90110\" src=\"http:\/\/kapitalis.com\/tunisie\/wp-content\/uploads\/2017\/04\/Conect-Marches-publics.jpg\" alt=\"\" width=\"626\" height=\"380\" \/><\/p>\n<p><em><strong>Les proc\u00e9dures de passation des march\u00e9s publics a fait l\u2019objet d\u2019un atelier de formation \u00e0 l\u2019intention d\u2019entrepreneurs membres de diff\u00e9rents secteurs.<\/strong> <\/em><\/p>\n<p><!--more--><\/p>\n<p><em>\u00abLes proc\u00e9dures des achats hors march\u00e9 via Tuneps et les proc\u00e9dures de recours en mati\u00e8re des march\u00e9s publics\u00bb<\/em> ont fait l\u2019objet d\u2019un atelier de formation, mercredi 5 avril 2017, au si\u00e8ge de la Conf\u00e9d\u00e9ration nationale d\u2019entreprises citoyenne de Tunisie (Conect).<\/p>\n<p>Cet atelier a \u00e9t\u00e9 organis\u00e9 par la Haute instance de la commande publique (Haicop) et la Conect, avec l\u2019appui de la Banque europ\u00e9enne pour la reconstruction et le d\u00e9veloppement (Berd), dans le but de contribuer \u00e0 la promotion de la bonne gouvernance et \u00e0 la lutte contre la corruption.<\/p>\n<p>Plusieurs entreprises membres de la Conect de diff\u00e9rents secteurs d\u2019activit\u00e9 \u00e9taient pr\u00e9sentes \u00e0 cette session assur\u00e9e par Sana Raddadi, contr\u00f4leur en chef de la Haicop accompagn\u00e9e de l\u2019\u00e9quipe technique de Tuneps, ainsi que Philip Engels et Olivier Moreau, experts de la Berd.<\/p>\n<p>L\u2019objectif \u00e9tant de faciliter les proc\u00e9dures de passation des march\u00e9s publics pour les entreprises publiques et priv\u00e9es afin de les rendre totalement transparentes gr\u00e2ce \u00e0 leur mise en ligne \u00e0 travers la plateforme Tuneps, l\u2019atelier de formation e-shopping mall a fait l\u2019objet d\u2019une pr\u00e9sentation de la plateforme d\u00e9j\u00e0 op\u00e9rationnelle et enti\u00e8rement s\u00e9curis\u00e9e ainsi que les proc\u00e9dures d\u2019enregistrement des fournisseurs suivie de cas pratiques visant la ma\u00eetrise des membres pour la passation des commandes ainsi que le suivi de l\u2019ex\u00e9cution.<\/p>\n<p>Cet outil permettra aux entreprises publiques de publier leurs appels d\u2019offres et d\u2019autre part aux entreprises priv\u00e9es d\u2019y r\u00e9pondre en toute s\u00e9curit\u00e9 avec des r\u00e8gles strictes qui r\u00e9giront toutes les transactions en ligne.<\/p>\n<p style=\"text-align: right;\"><strong>I. B.<\/strong> (avec communiqu\u00e9).<\/p>\n","protected":false},"excerpt":{"rendered":"<p>Les proc\u00e9dures de passation des march\u00e9s publics a fait l\u2019objet d\u2019un atelier de formation \u00e0 l\u2019intention d\u2019entrepreneurs membres de diff\u00e9rents secteurs.<\/p>\n","protected":false},"author":8,"featured_media":90110,"comment_status":"open","ping_status":"open","sticky":false,"template":"","format":"standard","meta":{"footnotes":""},"categories":[995,2433],"tags":[1952,2144,334],"class_list":["post-90109","post","type-post","status-publish","format-standard","has-post-thumbnail","hentry","category-economie","category-tunisie","tag-berd","tag-conect","tag-entreprises"],"yoast_head":"<!-- This site is optimized with the Yoast SEO plugin v26.6 - https:\/\/yoast.com\/wordpress\/plugins\/seo\/ -->\n<title>Conect : Les march\u00e9s publics en question - Kapitalis<\/title>\n<meta name=\"robots\" content=\"index, follow, max-snippet:-1, max-image-preview:large, max-video-preview:-1\" \/>\n<link rel=\"canonical\" href=\"https:\/\/kapitalis.com\/tunisie\/2017\/04\/06\/conect-les-marches-publics-en-question\/\" \/>\n<meta property=\"og:locale\" content=\"fr_FR\" \/>\n<meta property=\"og:type\" content=\"article\" \/>\n<meta property=\"og:title\" content=\"Conect : Les march\u00e9s publics en question - Kapitalis\" \/>\n<meta property=\"og:description\" content=\"Les proc\u00e9dures de passation des march\u00e9s publics a fait l\u2019objet d\u2019un atelier de formation \u00e0 l\u2019intention d\u2019entrepreneurs membres de diff\u00e9rents secteurs.\" \/>\n<meta property=\"og:url\" content=\"https:\/\/kapitalis.com\/tunisie\/2017\/04\/06\/conect-les-marches-publics-en-question\/\" \/>\n<meta property=\"og:site_name\" content=\"Kapitalis\" \/>\n<meta property=\"article:publisher\" content=\"https:\/\/www.facebook.com\/KapitalisInfo\/\" \/>\n<meta property=\"article:published_time\" content=\"2017-04-06T11:56:16+00:00\" \/>\n<meta property=\"og:image\" content=\"https:\/\/kapitalis.com\/tunisie\/wp-content\/uploads\/2022\/05\/kapitalis-logo-fb.png\" \/>\n\t<meta property=\"og:image:width\" content=\"1200\" \/>\n\t<meta property=\"og:image:height\" content=\"630\" \/>\n\t<meta property=\"og:image:type\" content=\"image\/png\" \/>\n<meta name=\"author\" content=\"webmaster kapitalis\" \/>\n<meta name=\"twitter:card\" content=\"summary_large_image\" \/>\n<meta name=\"twitter:creator\" content=\"@KapitalisInfo\" \/>\n<meta name=\"twitter:site\" content=\"@KapitalisInfo\" \/>\n<meta name=\"twitter:label1\" content=\"\u00c9crit par\" \/>\n\t<meta name=\"twitter:data1\" content=\"webmaster kapitalis\" \/>\n\t<meta name=\"twitter:label2\" content=\"Dur\u00e9e de lecture estim\u00e9e\" \/>\n\t<meta name=\"twitter:data2\" content=\"2 minutes\" \/>\n<script type=\"application\/ld+json\" class=\"yoast-schema-graph\">{\"@context\":\"https:\/\/schema.org\",\"@graph\":[{\"@type\":\"Article\",\"@id\":\"https:\/\/kapitalis.com\/tunisie\/2017\/04\/06\/conect-les-marches-publics-en-question\/#article\",\"isPartOf\":{\"@id\":\"https:\/\/kapitalis.com\/tunisie\/2017\/04\/06\/conect-les-marches-publics-en-question\/\"},\"author\":{\"name\":\"webmaster kapitalis\",\"@id\":\"https:\/\/kapitalis.com\/tunisie\/#\/schema\/person\/d71f33a9ca44f7bad4698210b480c8e9\"},\"headline\":\"Conect : Les march\u00e9s publics en question\",\"datePublished\":\"2017-04-06T11:56:16+00:00\",\"mainEntityOfPage\":{\"@id\":\"https:\/\/kapitalis.com\/tunisie\/2017\/04\/06\/conect-les-marches-publics-en-question\/\"},\"wordCount\":321,\"commentCount\":0,\"publisher\":{\"@id\":\"https:\/\/kapitalis.com\/tunisie\/#organization\"},\"image\":{\"@id\":\"https:\/\/kapitalis.com\/tunisie\/2017\/04\/06\/conect-les-marches-publics-en-question\/#primaryimage\"},\"thumbnailUrl\":\"\",\"keywords\":[\"Berd\",\"Conect\",\"entreprises\"],\"articleSection\":[\"ECONOMIE\",\"Tunisie\"],\"inLanguage\":\"fr-FR\",\"potentialAction\":[{\"@type\":\"CommentAction\",\"name\":\"Comment\",\"target\":[\"https:\/\/kapitalis.com\/tunisie\/2017\/04\/06\/conect-les-marches-publics-en-question\/#respond\"]}]},{\"@type\":\"WebPage\",\"@id\":\"https:\/\/kapitalis.com\/tunisie\/2017\/04\/06\/conect-les-marches-publics-en-question\/\",\"url\":\"https:\/\/kapitalis.com\/tunisie\/2017\/04\/06\/conect-les-marches-publics-en-question\/\",\"name\":\"Conect : Les march\u00e9s publics en question - Kapitalis\",\"isPartOf\":{\"@id\":\"https:\/\/kapitalis.com\/tunisie\/#website\"},\"primaryImageOfPage\":{\"@id\":\"https:\/\/kapitalis.com\/tunisie\/2017\/04\/06\/conect-les-marches-publics-en-question\/#primaryimage\"},\"image\":{\"@id\":\"https:\/\/kapitalis.com\/tunisie\/2017\/04\/06\/conect-les-marches-publics-en-question\/#primaryimage\"},\"thumbnailUrl\":\"\",\"datePublished\":\"2017-04-06T11:56:16+00:00\",\"breadcrumb\":{\"@id\":\"https:\/\/kapitalis.com\/tunisie\/2017\/04\/06\/conect-les-marches-publics-en-question\/#breadcrumb\"},\"inLanguage\":\"fr-FR\",\"potentialAction\":[{\"@type\":\"ReadAction\",\"target\":[\"https:\/\/kapitalis.com\/tunisie\/2017\/04\/06\/conect-les-marches-publics-en-question\/\"]}]},{\"@type\":\"ImageObject\",\"inLanguage\":\"fr-FR\",\"@id\":\"https:\/\/kapitalis.com\/tunisie\/2017\/04\/06\/conect-les-marches-publics-en-question\/#primaryimage\",\"url\":\"\",\"contentUrl\":\"\"},{\"@type\":\"BreadcrumbList\",\"@id\":\"https:\/\/kapitalis.com\/tunisie\/2017\/04\/06\/conect-les-marches-publics-en-question\/#breadcrumb\",\"itemListElement\":[{\"@type\":\"ListItem\",\"position\":1,\"name\":\"Accueil\",\"item\":\"https:\/\/kapitalis.com\/tunisie\/\"},{\"@type\":\"ListItem\",\"position\":2,\"name\":\"Conect : Les march\u00e9s publics en question\"}]},{\"@type\":\"WebSite\",\"@id\":\"https:\/\/kapitalis.com\/tunisie\/#website\",\"url\":\"https:\/\/kapitalis.com\/tunisie\/\",\"name\":\"Kapitalis\",\"description\":\"L&#039;actualit\u00e9 en Tunisie et dans le monde\",\"publisher\":{\"@id\":\"https:\/\/kapitalis.com\/tunisie\/#organization\"},\"potentialAction\":[{\"@type\":\"SearchAction\",\"target\":{\"@type\":\"EntryPoint\",\"urlTemplate\":\"https:\/\/kapitalis.com\/tunisie\/?s={search_term_string}\"},\"query-input\":{\"@type\":\"PropertyValueSpecification\",\"valueRequired\":true,\"valueName\":\"search_term_string\"}}],\"inLanguage\":\"fr-FR\"},{\"@type\":\"Organization\",\"@id\":\"https:\/\/kapitalis.com\/tunisie\/#organization\",\"name\":\"Kapitalis\",\"url\":\"https:\/\/kapitalis.com\/tunisie\/\",\"logo\":{\"@type\":\"ImageObject\",\"inLanguage\":\"fr-FR\",\"@id\":\"https:\/\/kapitalis.com\/tunisie\/#\/schema\/logo\/image\/\",\"url\":\"https:\/\/kapitalis.com\/tunisie\/wp-content\/uploads\/2022\/05\/Kapitalis-big-size.png\",\"contentUrl\":\"https:\/\/kapitalis.com\/tunisie\/wp-content\/uploads\/2022\/05\/Kapitalis-big-size.png\",\"width\":5000,\"height\":1500,\"caption\":\"Kapitalis\"},\"image\":{\"@id\":\"https:\/\/kapitalis.com\/tunisie\/#\/schema\/logo\/image\/\"},\"sameAs\":[\"https:\/\/www.facebook.com\/KapitalisInfo\/\",\"https:\/\/x.com\/KapitalisInfo\",\"https:\/\/www.youtube.com\/channel\/UC-yDYrHyfFBWWZaOw3FPg9Q\"]},{\"@type\":\"Person\",\"@id\":\"https:\/\/kapitalis.com\/tunisie\/#\/schema\/person\/d71f33a9ca44f7bad4698210b480c8e9\",\"name\":\"webmaster kapitalis\",\"url\":\"https:\/\/kapitalis.com\/tunisie\/author\/webmaster-kapitalis\/\"}]}<\/script>\n<!-- \/ Yoast SEO plugin. -->","yoast_head_json":{"title":"Conect : Les march\u00e9s publics en question - Kapitalis","robots":{"index":"index","follow":"follow","max-snippet":"max-snippet:-1","max-image-preview":"max-image-preview:large","max-video-preview":"max-video-preview:-1"},"canonical":"https:\/\/kapitalis.com\/tunisie\/2017\/04\/06\/conect-les-marches-publics-en-question\/","og_locale":"fr_FR","og_type":"article","og_title":"Conect : Les march\u00e9s publics en question - Kapitalis","og_description":"Les proc\u00e9dures de passation des march\u00e9s publics a fait l\u2019objet d\u2019un atelier de formation \u00e0 l\u2019intention d\u2019entrepreneurs membres de diff\u00e9rents secteurs.","og_url":"https:\/\/kapitalis.com\/tunisie\/2017\/04\/06\/conect-les-marches-publics-en-question\/","og_site_name":"Kapitalis","article_publisher":"https:\/\/www.facebook.com\/KapitalisInfo\/","article_published_time":"2017-04-06T11:56:16+00:00","og_image":[{"width":1200,"height":630,"url":"https:\/\/kapitalis.com\/tunisie\/wp-content\/uploads\/2022\/05\/kapitalis-logo-fb.png","type":"image\/png"}],"author":"webmaster kapitalis","twitter_card":"summary_large_image","twitter_creator":"@KapitalisInfo","twitter_site":"@KapitalisInfo","twitter_misc":{"\u00c9crit par":"webmaster kapitalis","Dur\u00e9e de lecture estim\u00e9e":"2 minutes"},"schema":{"@context":"https:\/\/schema.org","@graph":[{"@type":"Article","@id":"https:\/\/kapitalis.com\/tunisie\/2017\/04\/06\/conect-les-marches-publics-en-question\/#article","isPartOf":{"@id":"https:\/\/kapitalis.com\/tunisie\/2017\/04\/06\/conect-les-marches-publics-en-question\/"},"author":{"name":"webmaster kapitalis","@id":"https:\/\/kapitalis.com\/tunisie\/#\/schema\/person\/d71f33a9ca44f7bad4698210b480c8e9"},"headline":"Conect : Les march\u00e9s publics en question","datePublished":"2017-04-06T11:56:16+00:00","mainEntityOfPage":{"@id":"https:\/\/kapitalis.com\/tunisie\/2017\/04\/06\/conect-les-marches-publics-en-question\/"},"wordCount":321,"commentCount":0,"publisher":{"@id":"https:\/\/kapitalis.com\/tunisie\/#organization"},"image":{"@id":"https:\/\/kapitalis.com\/tunisie\/2017\/04\/06\/conect-les-marches-publics-en-question\/#primaryimage"},"thumbnailUrl":"","keywords":["Berd","Conect","entreprises"],"articleSection":["ECONOMIE","Tunisie"],"inLanguage":"fr-FR","potentialAction":[{"@type":"CommentAction","name":"Comment","target":["https:\/\/kapitalis.com\/tunisie\/2017\/04\/06\/conect-les-marches-publics-en-question\/#respond"]}]},{"@type":"WebPage","@id":"https:\/\/kapitalis.com\/tunisie\/2017\/04\/06\/conect-les-marches-publics-en-question\/","url":"https:\/\/kapitalis.com\/tunisie\/2017\/04\/06\/conect-les-marches-publics-en-question\/","name":"Conect : Les march\u00e9s publics en question - Kapitalis","isPartOf":{"@id":"https:\/\/kapitalis.com\/tunisie\/#website"},"primaryImageOfPage":{"@id":"https:\/\/kapitalis.com\/tunisie\/2017\/04\/06\/conect-les-marches-publics-en-question\/#primaryimage"},"image":{"@id":"https:\/\/kapitalis.com\/tunisie\/2017\/04\/06\/conect-les-marches-publics-en-question\/#primaryimage"},"thumbnailUrl":"","datePublished":"2017-04-06T11:56:16+00:00","breadcrumb":{"@id":"https:\/\/kapitalis.com\/tunisie\/2017\/04\/06\/conect-les-marches-publics-en-question\/#breadcrumb"},"inLanguage":"fr-FR","potentialAction":[{"@type":"ReadAction","target":["https:\/\/kapitalis.com\/tunisie\/2017\/04\/06\/conect-les-marches-publics-en-question\/"]}]},{"@type":"ImageObject","inLanguage":"fr-FR","@id":"https:\/\/kapitalis.com\/tunisie\/2017\/04\/06\/conect-les-marches-publics-en-question\/#primaryimage","url":"","contentUrl":""},{"@type":"BreadcrumbList","@id":"https:\/\/kapitalis.com\/tunisie\/2017\/04\/06\/conect-les-marches-publics-en-question\/#breadcrumb","itemListElement":[{"@type":"ListItem","position":1,"name":"Accueil","item":"https:\/\/kapitalis.com\/tunisie\/"},{"@type":"ListItem","position":2,"name":"Conect : Les march\u00e9s publics en question"}]},{"@type":"WebSite","@id":"https:\/\/kapitalis.com\/tunisie\/#website","url":"https:\/\/kapitalis.com\/tunisie\/","name":"Kapitalis","description":"L&#039;actualit\u00e9 en Tunisie et dans le monde","publisher":{"@id":"https:\/\/kapitalis.com\/tunisie\/#organization"},"potentialAction":[{"@type":"SearchAction","target":{"@type":"EntryPoint","urlTemplate":"https:\/\/kapitalis.com\/tunisie\/?s={search_term_string}"},"query-input":{"@type":"PropertyValueSpecification","valueRequired":true,"valueName":"search_term_string"}}],"inLanguage":"fr-FR"},{"@type":"Organization","@id":"https:\/\/kapitalis.com\/tunisie\/#organization","name":"Kapitalis","url":"https:\/\/kapitalis.com\/tunisie\/","logo":{"@type":"ImageObject","inLanguage":"fr-FR","@id":"https:\/\/kapitalis.com\/tunisie\/#\/schema\/logo\/image\/","url":"https:\/\/kapitalis.com\/tunisie\/wp-content\/uploads\/2022\/05\/Kapitalis-big-size.png","contentUrl":"https:\/\/kapitalis.com\/tunisie\/wp-content\/uploads\/2022\/05\/Kapitalis-big-size.png","width":5000,"height":1500,"caption":"Kapitalis"},"image":{"@id":"https:\/\/kapitalis.com\/tunisie\/#\/schema\/logo\/image\/"},"sameAs":["https:\/\/www.facebook.com\/KapitalisInfo\/","https:\/\/x.com\/KapitalisInfo","https:\/\/www.youtube.com\/channel\/UC-yDYrHyfFBWWZaOw3FPg9Q"]},{"@type":"Person","@id":"https:\/\/kapitalis.com\/tunisie\/#\/schema\/person\/d71f33a9ca44f7bad4698210b480c8e9","name":"webmaster kapitalis","url":"https:\/\/kapitalis.com\/tunisie\/author\/webmaster-kapitalis\/"}]}},"_links":{"self":[{"href":"https:\/\/kapitalis.com\/tunisie\/wp-json\/wp\/v2\/posts\/90109","targetHints":{"allow":["GET"]}}],"collection":[{"href":"https:\/\/kapitalis.com\/tunisie\/wp-json\/wp\/v2\/posts"}],"about":[{"href":"https:\/\/kapitalis.com\/tunisie\/wp-json\/wp\/v2\/types\/post"}],"author":[{"embeddable":true,"href":"https:\/\/kapitalis.com\/tunisie\/wp-json\/wp\/v2\/users\/8"}],"replies":[{"embeddable":true,"href":"https:\/\/kapitalis.com\/tunisie\/wp-json\/wp\/v2\/comments?post=90109"}],"version-history":[{"count":0,"href":"https:\/\/kapitalis.com\/tunisie\/wp-json\/wp\/v2\/posts\/90109\/revisions"}],"wp:featuredmedia":[{"embeddable":true,"href":"https:\/\/kapitalis.com\/tunisie\/wp-json\/wp\/v2\/media\/90110"}],"wp:attachment":[{"href":"https:\/\/kapitalis.com\/tunisie\/wp-json\/wp\/v2\/media?parent=90109"}],"wp:term":[{"taxonomy":"category","embeddable":true,"href":"https:\/\/kapitalis.com\/tunisie\/wp-json\/wp\/v2\/categories?post=90109"},{"taxonomy":"post_tag","embeddable":true,"href":"https:\/\/kapitalis.com\/tunisie\/wp-json\/wp\/v2\/tags?post=90109"}],"curies":[{"name":"wp","href":"https:\/\/api.w.org\/{rel}","templated":true}]}}