{"id":9023413,"date":"2023-07-24T11:51:20","date_gmt":"2023-07-24T10:51:20","guid":{"rendered":"https:\/\/kapitalis.com\/tunisie\/?p=9023413"},"modified":"2023-07-24T11:51:22","modified_gmt":"2023-07-24T10:51:22","slug":"la-romanciere-tunisienne-amira-ghenim-au-jury-international-du-festival-cinetoile","status":"publish","type":"post","link":"https:\/\/kapitalis.com\/tunisie\/2023\/07\/24\/la-romanciere-tunisienne-amira-ghenim-au-jury-international-du-festival-cinetoile\/","title":{"rendered":"La romanci\u00e8re tunisienne Amira Ghenim au jury international du Festival Cin\u00e9toile"},"content":{"rendered":"\n<p><em><strong>Le Festival international Cin\u00e9toile se tient en ce moment sur quatre plages tunisiennes. Plusieurs films sont en comp\u00e9tition nationale et internationale.<\/strong><\/em><\/p>\n\n\n\n<!--more-->\n\n\n\n<p>La 6<sup>e<\/sup> \u00e9dition du Festival international du court-m\u00e9trage Cin\u00e9toile propose cette ann\u00e9e une belle s\u00e9lection de films tunisiens et internationaux r\u00e9cents et moins r\u00e9cents dont la plupart ont \u00e9t\u00e9 prim\u00e9s et acclam\u00e9s par la critique.<\/p>\n\n\n\n<p>Le public d\u00e9couvre gr\u00e2ce \u00e0 cette initiative de projections gratuites sur les plages un aper\u00e7u de la production cin\u00e9matographique en format court qui n\u2019a pas la chance de sortir dans les salles cin\u00e9ma et qui sera jug\u00e9e par deux jurys diff\u00e9rents.<\/p>\n\n\n\n<p>Le jury national est compos\u00e9 cette ann\u00e9e de Fares Nanaa, Ghanem Zrelli et Manel Souissi. Le jury international est compos\u00e9 de Lars Henrik Gass, Amira Ghenim et Zouheir Gouja.<\/p>\n\n\n\n<p class=\"has-text-align-right\"><strong>F.B<\/strong><\/p>\n","protected":false},"excerpt":{"rendered":"<p>Le Festival international Cin\u00e9toile se tient en ce moment sur quatre plages tunisiennes. Plusieurs films sont en comp\u00e9tition nationale et internationale.<\/p>\n","protected":false},"author":26,"featured_media":9024063,"comment_status":"open","ping_status":"open","sticky":false,"template":"","format":"standard","meta":{"footnotes":""},"categories":[994,2433],"tags":[106406,95007,62643],"class_list":["post-9023413","post","type-post","status-publish","format-standard","has-post-thumbnail","hentry","category-culture","category-tunisie","tag-amira-ghenim","tag-cinetoile","tag-tunisie"],"yoast_head":"<!-- This site is optimized with the Yoast SEO plugin v26.6 - https:\/\/yoast.com\/wordpress\/plugins\/seo\/ -->\n<title>La romanci\u00e8re tunisienne Amira Ghenim au jury international du Festival Cin\u00e9toile - Kapitalis<\/title>\n<meta name=\"robots\" content=\"index, follow, max-snippet:-1, max-image-preview:large, max-video-preview:-1\" \/>\n<link rel=\"canonical\" href=\"https:\/\/kapitalis.com\/tunisie\/2023\/07\/24\/la-romanciere-tunisienne-amira-ghenim-au-jury-international-du-festival-cinetoile\/\" \/>\n<meta property=\"og:locale\" content=\"fr_FR\" \/>\n<meta property=\"og:type\" content=\"article\" \/>\n<meta property=\"og:title\" content=\"La romanci\u00e8re tunisienne Amira Ghenim au jury international du Festival Cin\u00e9toile - Kapitalis\" \/>\n<meta property=\"og:description\" content=\"Le Festival international Cin\u00e9toile se tient en ce moment sur quatre plages tunisiennes. Plusieurs films sont en comp\u00e9tition nationale et internationale.\" \/>\n<meta property=\"og:url\" content=\"https:\/\/kapitalis.com\/tunisie\/2023\/07\/24\/la-romanciere-tunisienne-amira-ghenim-au-jury-international-du-festival-cinetoile\/\" \/>\n<meta property=\"og:site_name\" content=\"Kapitalis\" \/>\n<meta property=\"article:publisher\" content=\"https:\/\/www.facebook.com\/KapitalisInfo\/\" \/>\n<meta property=\"article:published_time\" content=\"2023-07-24T10:51:20+00:00\" \/>\n<meta property=\"article:modified_time\" content=\"2023-07-24T10:51:22+00:00\" \/>\n<meta property=\"og:image\" content=\"https:\/\/kapitalis.com\/tunisie\/wp-content\/uploads\/2023\/07\/Amira-Ghenim-_-Cinetoile.jpg\" \/>\n\t<meta property=\"og:image:width\" content=\"1200\" \/>\n\t<meta property=\"og:image:height\" content=\"630\" \/>\n\t<meta property=\"og:image:type\" content=\"image\/jpeg\" \/>\n<meta name=\"author\" content=\"Fawz BenAli\" \/>\n<meta name=\"twitter:card\" content=\"summary_large_image\" \/>\n<meta name=\"twitter:creator\" content=\"@KapitalisInfo\" \/>\n<meta name=\"twitter:site\" content=\"@KapitalisInfo\" \/>\n<meta name=\"twitter:label1\" content=\"\u00c9crit par\" \/>\n\t<meta name=\"twitter:data1\" content=\"Fawz BenAli\" \/>\n\t<meta name=\"twitter:label2\" content=\"Dur\u00e9e de lecture estim\u00e9e\" \/>\n\t<meta name=\"twitter:data2\" content=\"1 minute\" \/>\n<script type=\"application\/ld+json\" class=\"yoast-schema-graph\">{\"@context\":\"https:\/\/schema.org\",\"@graph\":[{\"@type\":\"Article\",\"@id\":\"https:\/\/kapitalis.com\/tunisie\/2023\/07\/24\/la-romanciere-tunisienne-amira-ghenim-au-jury-international-du-festival-cinetoile\/#article\",\"isPartOf\":{\"@id\":\"https:\/\/kapitalis.com\/tunisie\/2023\/07\/24\/la-romanciere-tunisienne-amira-ghenim-au-jury-international-du-festival-cinetoile\/\"},\"author\":{\"name\":\"Fawz BenAli\",\"@id\":\"https:\/\/kapitalis.com\/tunisie\/#\/schema\/person\/73a5ecc1f6ae540c6ed91342eadca948\"},\"headline\":\"La romanci\u00e8re tunisienne Amira Ghenim au jury international du Festival Cin\u00e9toile\",\"datePublished\":\"2023-07-24T10:51:20+00:00\",\"dateModified\":\"2023-07-24T10:51:22+00:00\",\"mainEntityOfPage\":{\"@id\":\"https:\/\/kapitalis.com\/tunisie\/2023\/07\/24\/la-romanciere-tunisienne-amira-ghenim-au-jury-international-du-festival-cinetoile\/\"},\"wordCount\":159,\"commentCount\":0,\"publisher\":{\"@id\":\"https:\/\/kapitalis.com\/tunisie\/#organization\"},\"image\":{\"@id\":\"https:\/\/kapitalis.com\/tunisie\/2023\/07\/24\/la-romanciere-tunisienne-amira-ghenim-au-jury-international-du-festival-cinetoile\/#primaryimage\"},\"thumbnailUrl\":\"https:\/\/kapitalis.com\/tunisie\/wp-content\/uploads\/2023\/07\/Amira-Ghenim-_-Cinetoile.jpg\",\"keywords\":[\"Amira Ghenim\",\"Cin\u00e9toile\",\"Tunisie\"],\"articleSection\":[\"CULTURE\",\"Tunisie\"],\"inLanguage\":\"fr-FR\",\"potentialAction\":[{\"@type\":\"CommentAction\",\"name\":\"Comment\",\"target\":[\"https:\/\/kapitalis.com\/tunisie\/2023\/07\/24\/la-romanciere-tunisienne-amira-ghenim-au-jury-international-du-festival-cinetoile\/#respond\"]}]},{\"@type\":\"WebPage\",\"@id\":\"https:\/\/kapitalis.com\/tunisie\/2023\/07\/24\/la-romanciere-tunisienne-amira-ghenim-au-jury-international-du-festival-cinetoile\/\",\"url\":\"https:\/\/kapitalis.com\/tunisie\/2023\/07\/24\/la-romanciere-tunisienne-amira-ghenim-au-jury-international-du-festival-cinetoile\/\",\"name\":\"La romanci\u00e8re tunisienne Amira Ghenim au jury international du Festival Cin\u00e9toile - Kapitalis\",\"isPartOf\":{\"@id\":\"https:\/\/kapitalis.com\/tunisie\/#website\"},\"primaryImageOfPage\":{\"@id\":\"https:\/\/kapitalis.com\/tunisie\/2023\/07\/24\/la-romanciere-tunisienne-amira-ghenim-au-jury-international-du-festival-cinetoile\/#primaryimage\"},\"image\":{\"@id\":\"https:\/\/kapitalis.com\/tunisie\/2023\/07\/24\/la-romanciere-tunisienne-amira-ghenim-au-jury-international-du-festival-cinetoile\/#primaryimage\"},\"thumbnailUrl\":\"https:\/\/kapitalis.com\/tunisie\/wp-content\/uploads\/2023\/07\/Amira-Ghenim-_-Cinetoile.jpg\",\"datePublished\":\"2023-07-24T10:51:20+00:00\",\"dateModified\":\"2023-07-24T10:51:22+00:00\",\"breadcrumb\":{\"@id\":\"https:\/\/kapitalis.com\/tunisie\/2023\/07\/24\/la-romanciere-tunisienne-amira-ghenim-au-jury-international-du-festival-cinetoile\/#breadcrumb\"},\"inLanguage\":\"fr-FR\",\"potentialAction\":[{\"@type\":\"ReadAction\",\"target\":[\"https:\/\/kapitalis.com\/tunisie\/2023\/07\/24\/la-romanciere-tunisienne-amira-ghenim-au-jury-international-du-festival-cinetoile\/\"]}]},{\"@type\":\"ImageObject\",\"inLanguage\":\"fr-FR\",\"@id\":\"https:\/\/kapitalis.com\/tunisie\/2023\/07\/24\/la-romanciere-tunisienne-amira-ghenim-au-jury-international-du-festival-cinetoile\/#primaryimage\",\"url\":\"https:\/\/kapitalis.com\/tunisie\/wp-content\/uploads\/2023\/07\/Amira-Ghenim-_-Cinetoile.jpg\",\"contentUrl\":\"https:\/\/kapitalis.com\/tunisie\/wp-content\/uploads\/2023\/07\/Amira-Ghenim-_-Cinetoile.jpg\",\"width\":1200,\"height\":630},{\"@type\":\"BreadcrumbList\",\"@id\":\"https:\/\/kapitalis.com\/tunisie\/2023\/07\/24\/la-romanciere-tunisienne-amira-ghenim-au-jury-international-du-festival-cinetoile\/#breadcrumb\",\"itemListElement\":[{\"@type\":\"ListItem\",\"position\":1,\"name\":\"Accueil\",\"item\":\"https:\/\/kapitalis.com\/tunisie\/\"},{\"@type\":\"ListItem\",\"position\":2,\"name\":\"La romanci\u00e8re tunisienne Amira Ghenim au jury international du Festival Cin\u00e9toile\"}]},{\"@type\":\"WebSite\",\"@id\":\"https:\/\/kapitalis.com\/tunisie\/#website\",\"url\":\"https:\/\/kapitalis.com\/tunisie\/\",\"name\":\"Kapitalis\",\"description\":\"L&#039;actualit\u00e9 en Tunisie et dans le monde\",\"publisher\":{\"@id\":\"https:\/\/kapitalis.com\/tunisie\/#organization\"},\"potentialAction\":[{\"@type\":\"SearchAction\",\"target\":{\"@type\":\"EntryPoint\",\"urlTemplate\":\"https:\/\/kapitalis.com\/tunisie\/?s={search_term_string}\"},\"query-input\":{\"@type\":\"PropertyValueSpecification\",\"valueRequired\":true,\"valueName\":\"search_term_string\"}}],\"inLanguage\":\"fr-FR\"},{\"@type\":\"Organization\",\"@id\":\"https:\/\/kapitalis.com\/tunisie\/#organization\",\"name\":\"Kapitalis\",\"url\":\"https:\/\/kapitalis.com\/tunisie\/\",\"logo\":{\"@type\":\"ImageObject\",\"inLanguage\":\"fr-FR\",\"@id\":\"https:\/\/kapitalis.com\/tunisie\/#\/schema\/logo\/image\/\",\"url\":\"https:\/\/kapitalis.com\/tunisie\/wp-content\/uploads\/2022\/05\/Kapitalis-big-size.png\",\"contentUrl\":\"https:\/\/kapitalis.com\/tunisie\/wp-content\/uploads\/2022\/05\/Kapitalis-big-size.png\",\"width\":5000,\"height\":1500,\"caption\":\"Kapitalis\"},\"image\":{\"@id\":\"https:\/\/kapitalis.com\/tunisie\/#\/schema\/logo\/image\/\"},\"sameAs\":[\"https:\/\/www.facebook.com\/KapitalisInfo\/\",\"https:\/\/x.com\/KapitalisInfo\",\"https:\/\/www.youtube.com\/channel\/UC-yDYrHyfFBWWZaOw3FPg9Q\"]},{\"@type\":\"Person\",\"@id\":\"https:\/\/kapitalis.com\/tunisie\/#\/schema\/person\/73a5ecc1f6ae540c6ed91342eadca948\",\"name\":\"Fawz BenAli\",\"url\":\"https:\/\/kapitalis.com\/tunisie\/author\/fawz\/\"}]}<\/script>\n<!-- \/ Yoast SEO plugin. -->","yoast_head_json":{"title":"La romanci\u00e8re tunisienne Amira Ghenim au jury international du Festival Cin\u00e9toile - Kapitalis","robots":{"index":"index","follow":"follow","max-snippet":"max-snippet:-1","max-image-preview":"max-image-preview:large","max-video-preview":"max-video-preview:-1"},"canonical":"https:\/\/kapitalis.com\/tunisie\/2023\/07\/24\/la-romanciere-tunisienne-amira-ghenim-au-jury-international-du-festival-cinetoile\/","og_locale":"fr_FR","og_type":"article","og_title":"La romanci\u00e8re tunisienne Amira Ghenim au jury international du Festival Cin\u00e9toile - Kapitalis","og_description":"Le Festival international Cin\u00e9toile se tient en ce moment sur quatre plages tunisiennes. Plusieurs films sont en comp\u00e9tition nationale et internationale.","og_url":"https:\/\/kapitalis.com\/tunisie\/2023\/07\/24\/la-romanciere-tunisienne-amira-ghenim-au-jury-international-du-festival-cinetoile\/","og_site_name":"Kapitalis","article_publisher":"https:\/\/www.facebook.com\/KapitalisInfo\/","article_published_time":"2023-07-24T10:51:20+00:00","article_modified_time":"2023-07-24T10:51:22+00:00","og_image":[{"width":1200,"height":630,"url":"https:\/\/kapitalis.com\/tunisie\/wp-content\/uploads\/2023\/07\/Amira-Ghenim-_-Cinetoile.jpg","type":"image\/jpeg"}],"author":"Fawz BenAli","twitter_card":"summary_large_image","twitter_creator":"@KapitalisInfo","twitter_site":"@KapitalisInfo","twitter_misc":{"\u00c9crit par":"Fawz BenAli","Dur\u00e9e de lecture estim\u00e9e":"1 minute"},"schema":{"@context":"https:\/\/schema.org","@graph":[{"@type":"Article","@id":"https:\/\/kapitalis.com\/tunisie\/2023\/07\/24\/la-romanciere-tunisienne-amira-ghenim-au-jury-international-du-festival-cinetoile\/#article","isPartOf":{"@id":"https:\/\/kapitalis.com\/tunisie\/2023\/07\/24\/la-romanciere-tunisienne-amira-ghenim-au-jury-international-du-festival-cinetoile\/"},"author":{"name":"Fawz BenAli","@id":"https:\/\/kapitalis.com\/tunisie\/#\/schema\/person\/73a5ecc1f6ae540c6ed91342eadca948"},"headline":"La romanci\u00e8re tunisienne Amira Ghenim au jury international du Festival Cin\u00e9toile","datePublished":"2023-07-24T10:51:20+00:00","dateModified":"2023-07-24T10:51:22+00:00","mainEntityOfPage":{"@id":"https:\/\/kapitalis.com\/tunisie\/2023\/07\/24\/la-romanciere-tunisienne-amira-ghenim-au-jury-international-du-festival-cinetoile\/"},"wordCount":159,"commentCount":0,"publisher":{"@id":"https:\/\/kapitalis.com\/tunisie\/#organization"},"image":{"@id":"https:\/\/kapitalis.com\/tunisie\/2023\/07\/24\/la-romanciere-tunisienne-amira-ghenim-au-jury-international-du-festival-cinetoile\/#primaryimage"},"thumbnailUrl":"https:\/\/kapitalis.com\/tunisie\/wp-content\/uploads\/2023\/07\/Amira-Ghenim-_-Cinetoile.jpg","keywords":["Amira Ghenim","Cin\u00e9toile","Tunisie"],"articleSection":["CULTURE","Tunisie"],"inLanguage":"fr-FR","potentialAction":[{"@type":"CommentAction","name":"Comment","target":["https:\/\/kapitalis.com\/tunisie\/2023\/07\/24\/la-romanciere-tunisienne-amira-ghenim-au-jury-international-du-festival-cinetoile\/#respond"]}]},{"@type":"WebPage","@id":"https:\/\/kapitalis.com\/tunisie\/2023\/07\/24\/la-romanciere-tunisienne-amira-ghenim-au-jury-international-du-festival-cinetoile\/","url":"https:\/\/kapitalis.com\/tunisie\/2023\/07\/24\/la-romanciere-tunisienne-amira-ghenim-au-jury-international-du-festival-cinetoile\/","name":"La romanci\u00e8re tunisienne Amira Ghenim au jury international du Festival Cin\u00e9toile - Kapitalis","isPartOf":{"@id":"https:\/\/kapitalis.com\/tunisie\/#website"},"primaryImageOfPage":{"@id":"https:\/\/kapitalis.com\/tunisie\/2023\/07\/24\/la-romanciere-tunisienne-amira-ghenim-au-jury-international-du-festival-cinetoile\/#primaryimage"},"image":{"@id":"https:\/\/kapitalis.com\/tunisie\/2023\/07\/24\/la-romanciere-tunisienne-amira-ghenim-au-jury-international-du-festival-cinetoile\/#primaryimage"},"thumbnailUrl":"https:\/\/kapitalis.com\/tunisie\/wp-content\/uploads\/2023\/07\/Amira-Ghenim-_-Cinetoile.jpg","datePublished":"2023-07-24T10:51:20+00:00","dateModified":"2023-07-24T10:51:22+00:00","breadcrumb":{"@id":"https:\/\/kapitalis.com\/tunisie\/2023\/07\/24\/la-romanciere-tunisienne-amira-ghenim-au-jury-international-du-festival-cinetoile\/#breadcrumb"},"inLanguage":"fr-FR","potentialAction":[{"@type":"ReadAction","target":["https:\/\/kapitalis.com\/tunisie\/2023\/07\/24\/la-romanciere-tunisienne-amira-ghenim-au-jury-international-du-festival-cinetoile\/"]}]},{"@type":"ImageObject","inLanguage":"fr-FR","@id":"https:\/\/kapitalis.com\/tunisie\/2023\/07\/24\/la-romanciere-tunisienne-amira-ghenim-au-jury-international-du-festival-cinetoile\/#primaryimage","url":"https:\/\/kapitalis.com\/tunisie\/wp-content\/uploads\/2023\/07\/Amira-Ghenim-_-Cinetoile.jpg","contentUrl":"https:\/\/kapitalis.com\/tunisie\/wp-content\/uploads\/2023\/07\/Amira-Ghenim-_-Cinetoile.jpg","width":1200,"height":630},{"@type":"BreadcrumbList","@id":"https:\/\/kapitalis.com\/tunisie\/2023\/07\/24\/la-romanciere-tunisienne-amira-ghenim-au-jury-international-du-festival-cinetoile\/#breadcrumb","itemListElement":[{"@type":"ListItem","position":1,"name":"Accueil","item":"https:\/\/kapitalis.com\/tunisie\/"},{"@type":"ListItem","position":2,"name":"La romanci\u00e8re tunisienne Amira Ghenim au jury international du Festival Cin\u00e9toile"}]},{"@type":"WebSite","@id":"https:\/\/kapitalis.com\/tunisie\/#website","url":"https:\/\/kapitalis.com\/tunisie\/","name":"Kapitalis","description":"L&#039;actualit\u00e9 en Tunisie et dans le monde","publisher":{"@id":"https:\/\/kapitalis.com\/tunisie\/#organization"},"potentialAction":[{"@type":"SearchAction","target":{"@type":"EntryPoint","urlTemplate":"https:\/\/kapitalis.com\/tunisie\/?s={search_term_string}"},"query-input":{"@type":"PropertyValueSpecification","valueRequired":true,"valueName":"search_term_string"}}],"inLanguage":"fr-FR"},{"@type":"Organization","@id":"https:\/\/kapitalis.com\/tunisie\/#organization","name":"Kapitalis","url":"https:\/\/kapitalis.com\/tunisie\/","logo":{"@type":"ImageObject","inLanguage":"fr-FR","@id":"https:\/\/kapitalis.com\/tunisie\/#\/schema\/logo\/image\/","url":"https:\/\/kapitalis.com\/tunisie\/wp-content\/uploads\/2022\/05\/Kapitalis-big-size.png","contentUrl":"https:\/\/kapitalis.com\/tunisie\/wp-content\/uploads\/2022\/05\/Kapitalis-big-size.png","width":5000,"height":1500,"caption":"Kapitalis"},"image":{"@id":"https:\/\/kapitalis.com\/tunisie\/#\/schema\/logo\/image\/"},"sameAs":["https:\/\/www.facebook.com\/KapitalisInfo\/","https:\/\/x.com\/KapitalisInfo","https:\/\/www.youtube.com\/channel\/UC-yDYrHyfFBWWZaOw3FPg9Q"]},{"@type":"Person","@id":"https:\/\/kapitalis.com\/tunisie\/#\/schema\/person\/73a5ecc1f6ae540c6ed91342eadca948","name":"Fawz BenAli","url":"https:\/\/kapitalis.com\/tunisie\/author\/fawz\/"}]}},"_links":{"self":[{"href":"https:\/\/kapitalis.com\/tunisie\/wp-json\/wp\/v2\/posts\/9023413","targetHints":{"allow":["GET"]}}],"collection":[{"href":"https:\/\/kapitalis.com\/tunisie\/wp-json\/wp\/v2\/posts"}],"about":[{"href":"https:\/\/kapitalis.com\/tunisie\/wp-json\/wp\/v2\/types\/post"}],"author":[{"embeddable":true,"href":"https:\/\/kapitalis.com\/tunisie\/wp-json\/wp\/v2\/users\/26"}],"replies":[{"embeddable":true,"href":"https:\/\/kapitalis.com\/tunisie\/wp-json\/wp\/v2\/comments?post=9023413"}],"version-history":[{"count":1,"href":"https:\/\/kapitalis.com\/tunisie\/wp-json\/wp\/v2\/posts\/9023413\/revisions"}],"predecessor-version":[{"id":9024131,"href":"https:\/\/kapitalis.com\/tunisie\/wp-json\/wp\/v2\/posts\/9023413\/revisions\/9024131"}],"wp:featuredmedia":[{"embeddable":true,"href":"https:\/\/kapitalis.com\/tunisie\/wp-json\/wp\/v2\/media\/9024063"}],"wp:attachment":[{"href":"https:\/\/kapitalis.com\/tunisie\/wp-json\/wp\/v2\/media?parent=9023413"}],"wp:term":[{"taxonomy":"category","embeddable":true,"href":"https:\/\/kapitalis.com\/tunisie\/wp-json\/wp\/v2\/categories?post=9023413"},{"taxonomy":"post_tag","embeddable":true,"href":"https:\/\/kapitalis.com\/tunisie\/wp-json\/wp\/v2\/tags?post=9023413"}],"curies":[{"name":"wp","href":"https:\/\/api.w.org\/{rel}","templated":true}]}}