{"id":9033,"date":"2015-08-10T08:33:03","date_gmt":"2015-08-10T07:33:03","guid":{"rendered":"http:\/\/kapitalis.com\/tunisie\/?p=9033"},"modified":"2015-08-10T10:40:20","modified_gmt":"2015-08-10T09:40:20","slug":"joanna-d-underwood-la-tunisie-est-un-modele-dans-la-region-mena","status":"publish","type":"post","link":"https:\/\/kapitalis.com\/tunisie\/2015\/08\/10\/joanna-d-underwood-la-tunisie-est-un-modele-dans-la-region-mena\/","title":{"rendered":"Joanna D. Underwood: \u00abLa Tunisie est un mod\u00e8le dans la r\u00e9gion Mena\u00bb"},"content":{"rendered":"<p><img loading=\"lazy\" decoding=\"async\" class=\"aligncenter size-full wp-image-9034\" src=\"http:\/\/kapitalis.com\/tunisie\/wp-content\/uploads\/2015\/08\/Tunisiens1.jpg\" alt=\"Tunisiens\" width=\"626\" height=\"380\" \/><\/p>\n<p><em><strong>L\u2019activiste am\u00e9ricaine adh\u00e8re au plaidoyer de Mustapha Tlili dans son article \u00ab<a href=\"http:\/\/kapitalis.com\/tunisie\/2015\/08\/07\/sauver-la-tunisie-des-crocs-de-daech\/\" target=\"_blank\">Sauver la Tunisie des crocs de Da\u00each\u00bb<\/a>).<\/strong> <\/em><\/p>\n<p><!--more--><\/p>\n<p>Nous reproduisons ci-dessous la lettre de Joanna D. Underwood, pr\u00e9sidente d\u2019Energy Vision, une organisation de d\u00e9fense de l\u2019environnement \u00e0 but non-lucratif, publi\u00e9e par le <a href=\"http:\/\/www.nytimes.com\/2015\/08\/10\/opinion\/tunisia-deserves-support.html?_r=0\" target=\"_blank\"><em>\u2018\u2018New York Times\u2019\u2019<\/em><\/a>.<\/p>\n<p><em>\u00abOutre ce que Mustapha Tlili a pu dire dans sa tribune \u2018\u2018Saving Tunisia from ISIS\u2019\u2019, il y a plusieurs autres raisons pour lesquelles ce petit pays m\u00e9rite les soutiens de l\u2019Europe et des Etats-Unis. <\/em><\/p>\n<p><em>Etant de retour d\u2019un voyage r\u00e9cent que j\u2019ai fait dans ce pays, o\u00f9 j\u2019\u00e9tais invit\u00e9e pour pr\u00e9senter une communication sur la strat\u00e9gie de la production d\u2019\u00e9nergie \u00e0 partir de d\u00e9chets organiques, j\u2019ai d\u00e9couvert que ce pays est un v\u00e9ritable mod\u00e8le dans cette r\u00e9gion d\u2019Afrique du Nord et du Moyen Orient, dans plus d\u2019un domaine. <\/em><\/p>\n<p><em>Tenez, voici quelques exemples: sur les 217 membres du parlement, pr\u00e8s du tiers sont des femmes; la Tunisie est un fervent d\u00e9fenseur de la cause \u00e9cologiste. Sa constitution garantit le droit du citoyen \u00e0 un environnement sain; des fonds n\u00e9cessaires seront allou\u00e9s pour l\u2019\u00e9radication de la pollution; et le pays adh\u00e8re totalement aux conventions internationales de la lutte contre la d\u00e9gradation de l\u2019environnement plan\u00e9taire et le r\u00e9chauffement climatique\u2026<\/em><\/p>\n<p><em>Il n\u2019y a pas l\u2019ombre d\u2019un doute l\u00e0-dessus: la Tunisie est un bel exemple des possibilit\u00e9s qui peuvent exister pour changer le monde. Chaque jour, son peuple nous donne la preuve de ce que nous devons faire.\u00bb<\/em><\/p>\n<p style=\"text-align: right;\"><em>Traduit de l\u2019anglais par<\/em> <strong>Marwan Chahla<\/strong><\/p>\n","protected":false},"excerpt":{"rendered":"<p>L\u2019activiste am\u00e9ricaine adh\u00e8re au plaidoyer de Mustapha Tlili dans son article \u00abSauver la Tunisie des crocs de Da\u00each\u00bb).<\/p>\n","protected":false},"author":5,"featured_media":0,"comment_status":"open","ping_status":"open","sticky":false,"template":"","format":"standard","meta":{"footnotes":""},"categories":[997,2433],"tags":[4277,4278],"class_list":["post-9033","post","type-post","status-publish","format-standard","hentry","category-politique","category-tunisie","tag-afrique-du-nord","tag-moyen-orient"],"yoast_head":"<!-- This site is optimized with the Yoast SEO plugin v26.6 - https:\/\/yoast.com\/wordpress\/plugins\/seo\/ -->\n<title>Joanna D. Underwood: \u00abLa Tunisie est un mod\u00e8le dans la r\u00e9gion Mena\u00bb - Kapitalis<\/title>\n<meta name=\"robots\" content=\"index, follow, max-snippet:-1, max-image-preview:large, max-video-preview:-1\" \/>\n<link rel=\"canonical\" href=\"https:\/\/kapitalis.com\/tunisie\/2015\/08\/10\/joanna-d-underwood-la-tunisie-est-un-modele-dans-la-region-mena\/\" \/>\n<meta property=\"og:locale\" content=\"fr_FR\" \/>\n<meta property=\"og:type\" content=\"article\" \/>\n<meta property=\"og:title\" content=\"Joanna D. Underwood: \u00abLa Tunisie est un mod\u00e8le dans la r\u00e9gion Mena\u00bb - Kapitalis\" \/>\n<meta property=\"og:description\" content=\"L\u2019activiste am\u00e9ricaine adh\u00e8re au plaidoyer de Mustapha Tlili dans son article \u00abSauver la Tunisie des crocs de Da\u00each\u00bb).\" \/>\n<meta property=\"og:url\" content=\"https:\/\/kapitalis.com\/tunisie\/2015\/08\/10\/joanna-d-underwood-la-tunisie-est-un-modele-dans-la-region-mena\/\" \/>\n<meta property=\"og:site_name\" content=\"Kapitalis\" \/>\n<meta property=\"article:publisher\" content=\"https:\/\/www.facebook.com\/KapitalisInfo\/\" \/>\n<meta property=\"article:published_time\" content=\"2015-08-10T07:33:03+00:00\" \/>\n<meta property=\"article:modified_time\" content=\"2015-08-10T09:40:20+00:00\" \/>\n<meta property=\"og:image\" content=\"http:\/\/kapitalis.com\/tunisie\/wp-content\/uploads\/2015\/08\/Tunisiens1.jpg\" \/>\n<meta name=\"author\" content=\"Ridha Elkefi\" \/>\n<meta name=\"twitter:card\" content=\"summary_large_image\" \/>\n<meta name=\"twitter:creator\" content=\"@KapitalisInfo\" \/>\n<meta name=\"twitter:site\" content=\"@KapitalisInfo\" \/>\n<meta name=\"twitter:label1\" content=\"\u00c9crit par\" \/>\n\t<meta name=\"twitter:data1\" content=\"Ridha Elkefi\" \/>\n\t<meta name=\"twitter:label2\" content=\"Dur\u00e9e de lecture estim\u00e9e\" \/>\n\t<meta name=\"twitter:data2\" content=\"1 minute\" \/>\n<script type=\"application\/ld+json\" class=\"yoast-schema-graph\">{\"@context\":\"https:\/\/schema.org\",\"@graph\":[{\"@type\":\"Article\",\"@id\":\"https:\/\/kapitalis.com\/tunisie\/2015\/08\/10\/joanna-d-underwood-la-tunisie-est-un-modele-dans-la-region-mena\/#article\",\"isPartOf\":{\"@id\":\"https:\/\/kapitalis.com\/tunisie\/2015\/08\/10\/joanna-d-underwood-la-tunisie-est-un-modele-dans-la-region-mena\/\"},\"author\":{\"name\":\"Ridha Elkefi\",\"@id\":\"https:\/\/kapitalis.com\/tunisie\/#\/schema\/person\/16627fc9b2fc0116230e88af071eebab\"},\"headline\":\"Joanna D. Underwood: \u00abLa Tunisie est un mod\u00e8le dans la r\u00e9gion Mena\u00bb\",\"datePublished\":\"2015-08-10T07:33:03+00:00\",\"dateModified\":\"2015-08-10T09:40:20+00:00\",\"mainEntityOfPage\":{\"@id\":\"https:\/\/kapitalis.com\/tunisie\/2015\/08\/10\/joanna-d-underwood-la-tunisie-est-un-modele-dans-la-region-mena\/\"},\"wordCount\":297,\"commentCount\":0,\"publisher\":{\"@id\":\"https:\/\/kapitalis.com\/tunisie\/#organization\"},\"image\":{\"@id\":\"https:\/\/kapitalis.com\/tunisie\/2015\/08\/10\/joanna-d-underwood-la-tunisie-est-un-modele-dans-la-region-mena\/#primaryimage\"},\"thumbnailUrl\":\"http:\/\/kapitalis.com\/tunisie\/wp-content\/uploads\/2015\/08\/Tunisiens1.jpg\",\"keywords\":[\"Afrique du Nord\",\"Moyen Orient\"],\"articleSection\":[\"POLITIQUE\",\"Tunisie\"],\"inLanguage\":\"fr-FR\",\"potentialAction\":[{\"@type\":\"CommentAction\",\"name\":\"Comment\",\"target\":[\"https:\/\/kapitalis.com\/tunisie\/2015\/08\/10\/joanna-d-underwood-la-tunisie-est-un-modele-dans-la-region-mena\/#respond\"]}]},{\"@type\":\"WebPage\",\"@id\":\"https:\/\/kapitalis.com\/tunisie\/2015\/08\/10\/joanna-d-underwood-la-tunisie-est-un-modele-dans-la-region-mena\/\",\"url\":\"https:\/\/kapitalis.com\/tunisie\/2015\/08\/10\/joanna-d-underwood-la-tunisie-est-un-modele-dans-la-region-mena\/\",\"name\":\"Joanna D. Underwood: \u00abLa Tunisie est un mod\u00e8le dans la r\u00e9gion Mena\u00bb - Kapitalis\",\"isPartOf\":{\"@id\":\"https:\/\/kapitalis.com\/tunisie\/#website\"},\"primaryImageOfPage\":{\"@id\":\"https:\/\/kapitalis.com\/tunisie\/2015\/08\/10\/joanna-d-underwood-la-tunisie-est-un-modele-dans-la-region-mena\/#primaryimage\"},\"image\":{\"@id\":\"https:\/\/kapitalis.com\/tunisie\/2015\/08\/10\/joanna-d-underwood-la-tunisie-est-un-modele-dans-la-region-mena\/#primaryimage\"},\"thumbnailUrl\":\"http:\/\/kapitalis.com\/tunisie\/wp-content\/uploads\/2015\/08\/Tunisiens1.jpg\",\"datePublished\":\"2015-08-10T07:33:03+00:00\",\"dateModified\":\"2015-08-10T09:40:20+00:00\",\"breadcrumb\":{\"@id\":\"https:\/\/kapitalis.com\/tunisie\/2015\/08\/10\/joanna-d-underwood-la-tunisie-est-un-modele-dans-la-region-mena\/#breadcrumb\"},\"inLanguage\":\"fr-FR\",\"potentialAction\":[{\"@type\":\"ReadAction\",\"target\":[\"https:\/\/kapitalis.com\/tunisie\/2015\/08\/10\/joanna-d-underwood-la-tunisie-est-un-modele-dans-la-region-mena\/\"]}]},{\"@type\":\"ImageObject\",\"inLanguage\":\"fr-FR\",\"@id\":\"https:\/\/kapitalis.com\/tunisie\/2015\/08\/10\/joanna-d-underwood-la-tunisie-est-un-modele-dans-la-region-mena\/#primaryimage\",\"url\":\"http:\/\/kapitalis.com\/tunisie\/wp-content\/uploads\/2015\/08\/Tunisiens1.jpg\",\"contentUrl\":\"http:\/\/kapitalis.com\/tunisie\/wp-content\/uploads\/2015\/08\/Tunisiens1.jpg\"},{\"@type\":\"BreadcrumbList\",\"@id\":\"https:\/\/kapitalis.com\/tunisie\/2015\/08\/10\/joanna-d-underwood-la-tunisie-est-un-modele-dans-la-region-mena\/#breadcrumb\",\"itemListElement\":[{\"@type\":\"ListItem\",\"position\":1,\"name\":\"Accueil\",\"item\":\"https:\/\/kapitalis.com\/tunisie\/\"},{\"@type\":\"ListItem\",\"position\":2,\"name\":\"Joanna D. Underwood: \u00abLa Tunisie est un mod\u00e8le dans la r\u00e9gion Mena\u00bb\"}]},{\"@type\":\"WebSite\",\"@id\":\"https:\/\/kapitalis.com\/tunisie\/#website\",\"url\":\"https:\/\/kapitalis.com\/tunisie\/\",\"name\":\"Kapitalis\",\"description\":\"L&#039;actualit\u00e9 en Tunisie et dans le monde\",\"publisher\":{\"@id\":\"https:\/\/kapitalis.com\/tunisie\/#organization\"},\"potentialAction\":[{\"@type\":\"SearchAction\",\"target\":{\"@type\":\"EntryPoint\",\"urlTemplate\":\"https:\/\/kapitalis.com\/tunisie\/?s={search_term_string}\"},\"query-input\":{\"@type\":\"PropertyValueSpecification\",\"valueRequired\":true,\"valueName\":\"search_term_string\"}}],\"inLanguage\":\"fr-FR\"},{\"@type\":\"Organization\",\"@id\":\"https:\/\/kapitalis.com\/tunisie\/#organization\",\"name\":\"Kapitalis\",\"url\":\"https:\/\/kapitalis.com\/tunisie\/\",\"logo\":{\"@type\":\"ImageObject\",\"inLanguage\":\"fr-FR\",\"@id\":\"https:\/\/kapitalis.com\/tunisie\/#\/schema\/logo\/image\/\",\"url\":\"https:\/\/kapitalis.com\/tunisie\/wp-content\/uploads\/2022\/05\/Kapitalis-big-size.png\",\"contentUrl\":\"https:\/\/kapitalis.com\/tunisie\/wp-content\/uploads\/2022\/05\/Kapitalis-big-size.png\",\"width\":5000,\"height\":1500,\"caption\":\"Kapitalis\"},\"image\":{\"@id\":\"https:\/\/kapitalis.com\/tunisie\/#\/schema\/logo\/image\/\"},\"sameAs\":[\"https:\/\/www.facebook.com\/KapitalisInfo\/\",\"https:\/\/x.com\/KapitalisInfo\",\"https:\/\/www.youtube.com\/channel\/UC-yDYrHyfFBWWZaOw3FPg9Q\"]},{\"@type\":\"Person\",\"@id\":\"https:\/\/kapitalis.com\/tunisie\/#\/schema\/person\/16627fc9b2fc0116230e88af071eebab\",\"name\":\"Ridha Elkefi\",\"url\":\"https:\/\/kapitalis.com\/tunisie\/author\/ridha-kefi\/\"}]}<\/script>\n<!-- \/ Yoast SEO plugin. -->","yoast_head_json":{"title":"Joanna D. Underwood: \u00abLa Tunisie est un mod\u00e8le dans la r\u00e9gion Mena\u00bb - Kapitalis","robots":{"index":"index","follow":"follow","max-snippet":"max-snippet:-1","max-image-preview":"max-image-preview:large","max-video-preview":"max-video-preview:-1"},"canonical":"https:\/\/kapitalis.com\/tunisie\/2015\/08\/10\/joanna-d-underwood-la-tunisie-est-un-modele-dans-la-region-mena\/","og_locale":"fr_FR","og_type":"article","og_title":"Joanna D. Underwood: \u00abLa Tunisie est un mod\u00e8le dans la r\u00e9gion Mena\u00bb - Kapitalis","og_description":"L\u2019activiste am\u00e9ricaine adh\u00e8re au plaidoyer de Mustapha Tlili dans son article \u00abSauver la Tunisie des crocs de Da\u00each\u00bb).","og_url":"https:\/\/kapitalis.com\/tunisie\/2015\/08\/10\/joanna-d-underwood-la-tunisie-est-un-modele-dans-la-region-mena\/","og_site_name":"Kapitalis","article_publisher":"https:\/\/www.facebook.com\/KapitalisInfo\/","article_published_time":"2015-08-10T07:33:03+00:00","article_modified_time":"2015-08-10T09:40:20+00:00","og_image":[{"url":"http:\/\/kapitalis.com\/tunisie\/wp-content\/uploads\/2015\/08\/Tunisiens1.jpg","type":"","width":"","height":""}],"author":"Ridha Elkefi","twitter_card":"summary_large_image","twitter_creator":"@KapitalisInfo","twitter_site":"@KapitalisInfo","twitter_misc":{"\u00c9crit par":"Ridha Elkefi","Dur\u00e9e de lecture estim\u00e9e":"1 minute"},"schema":{"@context":"https:\/\/schema.org","@graph":[{"@type":"Article","@id":"https:\/\/kapitalis.com\/tunisie\/2015\/08\/10\/joanna-d-underwood-la-tunisie-est-un-modele-dans-la-region-mena\/#article","isPartOf":{"@id":"https:\/\/kapitalis.com\/tunisie\/2015\/08\/10\/joanna-d-underwood-la-tunisie-est-un-modele-dans-la-region-mena\/"},"author":{"name":"Ridha Elkefi","@id":"https:\/\/kapitalis.com\/tunisie\/#\/schema\/person\/16627fc9b2fc0116230e88af071eebab"},"headline":"Joanna D. Underwood: \u00abLa Tunisie est un mod\u00e8le dans la r\u00e9gion Mena\u00bb","datePublished":"2015-08-10T07:33:03+00:00","dateModified":"2015-08-10T09:40:20+00:00","mainEntityOfPage":{"@id":"https:\/\/kapitalis.com\/tunisie\/2015\/08\/10\/joanna-d-underwood-la-tunisie-est-un-modele-dans-la-region-mena\/"},"wordCount":297,"commentCount":0,"publisher":{"@id":"https:\/\/kapitalis.com\/tunisie\/#organization"},"image":{"@id":"https:\/\/kapitalis.com\/tunisie\/2015\/08\/10\/joanna-d-underwood-la-tunisie-est-un-modele-dans-la-region-mena\/#primaryimage"},"thumbnailUrl":"http:\/\/kapitalis.com\/tunisie\/wp-content\/uploads\/2015\/08\/Tunisiens1.jpg","keywords":["Afrique du Nord","Moyen Orient"],"articleSection":["POLITIQUE","Tunisie"],"inLanguage":"fr-FR","potentialAction":[{"@type":"CommentAction","name":"Comment","target":["https:\/\/kapitalis.com\/tunisie\/2015\/08\/10\/joanna-d-underwood-la-tunisie-est-un-modele-dans-la-region-mena\/#respond"]}]},{"@type":"WebPage","@id":"https:\/\/kapitalis.com\/tunisie\/2015\/08\/10\/joanna-d-underwood-la-tunisie-est-un-modele-dans-la-region-mena\/","url":"https:\/\/kapitalis.com\/tunisie\/2015\/08\/10\/joanna-d-underwood-la-tunisie-est-un-modele-dans-la-region-mena\/","name":"Joanna D. Underwood: \u00abLa Tunisie est un mod\u00e8le dans la r\u00e9gion Mena\u00bb - Kapitalis","isPartOf":{"@id":"https:\/\/kapitalis.com\/tunisie\/#website"},"primaryImageOfPage":{"@id":"https:\/\/kapitalis.com\/tunisie\/2015\/08\/10\/joanna-d-underwood-la-tunisie-est-un-modele-dans-la-region-mena\/#primaryimage"},"image":{"@id":"https:\/\/kapitalis.com\/tunisie\/2015\/08\/10\/joanna-d-underwood-la-tunisie-est-un-modele-dans-la-region-mena\/#primaryimage"},"thumbnailUrl":"http:\/\/kapitalis.com\/tunisie\/wp-content\/uploads\/2015\/08\/Tunisiens1.jpg","datePublished":"2015-08-10T07:33:03+00:00","dateModified":"2015-08-10T09:40:20+00:00","breadcrumb":{"@id":"https:\/\/kapitalis.com\/tunisie\/2015\/08\/10\/joanna-d-underwood-la-tunisie-est-un-modele-dans-la-region-mena\/#breadcrumb"},"inLanguage":"fr-FR","potentialAction":[{"@type":"ReadAction","target":["https:\/\/kapitalis.com\/tunisie\/2015\/08\/10\/joanna-d-underwood-la-tunisie-est-un-modele-dans-la-region-mena\/"]}]},{"@type":"ImageObject","inLanguage":"fr-FR","@id":"https:\/\/kapitalis.com\/tunisie\/2015\/08\/10\/joanna-d-underwood-la-tunisie-est-un-modele-dans-la-region-mena\/#primaryimage","url":"http:\/\/kapitalis.com\/tunisie\/wp-content\/uploads\/2015\/08\/Tunisiens1.jpg","contentUrl":"http:\/\/kapitalis.com\/tunisie\/wp-content\/uploads\/2015\/08\/Tunisiens1.jpg"},{"@type":"BreadcrumbList","@id":"https:\/\/kapitalis.com\/tunisie\/2015\/08\/10\/joanna-d-underwood-la-tunisie-est-un-modele-dans-la-region-mena\/#breadcrumb","itemListElement":[{"@type":"ListItem","position":1,"name":"Accueil","item":"https:\/\/kapitalis.com\/tunisie\/"},{"@type":"ListItem","position":2,"name":"Joanna D. Underwood: \u00abLa Tunisie est un mod\u00e8le dans la r\u00e9gion Mena\u00bb"}]},{"@type":"WebSite","@id":"https:\/\/kapitalis.com\/tunisie\/#website","url":"https:\/\/kapitalis.com\/tunisie\/","name":"Kapitalis","description":"L&#039;actualit\u00e9 en Tunisie et dans le monde","publisher":{"@id":"https:\/\/kapitalis.com\/tunisie\/#organization"},"potentialAction":[{"@type":"SearchAction","target":{"@type":"EntryPoint","urlTemplate":"https:\/\/kapitalis.com\/tunisie\/?s={search_term_string}"},"query-input":{"@type":"PropertyValueSpecification","valueRequired":true,"valueName":"search_term_string"}}],"inLanguage":"fr-FR"},{"@type":"Organization","@id":"https:\/\/kapitalis.com\/tunisie\/#organization","name":"Kapitalis","url":"https:\/\/kapitalis.com\/tunisie\/","logo":{"@type":"ImageObject","inLanguage":"fr-FR","@id":"https:\/\/kapitalis.com\/tunisie\/#\/schema\/logo\/image\/","url":"https:\/\/kapitalis.com\/tunisie\/wp-content\/uploads\/2022\/05\/Kapitalis-big-size.png","contentUrl":"https:\/\/kapitalis.com\/tunisie\/wp-content\/uploads\/2022\/05\/Kapitalis-big-size.png","width":5000,"height":1500,"caption":"Kapitalis"},"image":{"@id":"https:\/\/kapitalis.com\/tunisie\/#\/schema\/logo\/image\/"},"sameAs":["https:\/\/www.facebook.com\/KapitalisInfo\/","https:\/\/x.com\/KapitalisInfo","https:\/\/www.youtube.com\/channel\/UC-yDYrHyfFBWWZaOw3FPg9Q"]},{"@type":"Person","@id":"https:\/\/kapitalis.com\/tunisie\/#\/schema\/person\/16627fc9b2fc0116230e88af071eebab","name":"Ridha Elkefi","url":"https:\/\/kapitalis.com\/tunisie\/author\/ridha-kefi\/"}]}},"_links":{"self":[{"href":"https:\/\/kapitalis.com\/tunisie\/wp-json\/wp\/v2\/posts\/9033","targetHints":{"allow":["GET"]}}],"collection":[{"href":"https:\/\/kapitalis.com\/tunisie\/wp-json\/wp\/v2\/posts"}],"about":[{"href":"https:\/\/kapitalis.com\/tunisie\/wp-json\/wp\/v2\/types\/post"}],"author":[{"embeddable":true,"href":"https:\/\/kapitalis.com\/tunisie\/wp-json\/wp\/v2\/users\/5"}],"replies":[{"embeddable":true,"href":"https:\/\/kapitalis.com\/tunisie\/wp-json\/wp\/v2\/comments?post=9033"}],"version-history":[{"count":0,"href":"https:\/\/kapitalis.com\/tunisie\/wp-json\/wp\/v2\/posts\/9033\/revisions"}],"wp:attachment":[{"href":"https:\/\/kapitalis.com\/tunisie\/wp-json\/wp\/v2\/media?parent=9033"}],"wp:term":[{"taxonomy":"category","embeddable":true,"href":"https:\/\/kapitalis.com\/tunisie\/wp-json\/wp\/v2\/categories?post=9033"},{"taxonomy":"post_tag","embeddable":true,"href":"https:\/\/kapitalis.com\/tunisie\/wp-json\/wp\/v2\/tags?post=9033"}],"curies":[{"name":"wp","href":"https:\/\/api.w.org\/{rel}","templated":true}]}}