{"id":9034075,"date":"2023-07-24T18:59:07","date_gmt":"2023-07-24T17:59:07","guid":{"rendered":"https:\/\/kapitalis.com\/tunisie\/?p=9034075"},"modified":"2023-07-24T19:00:41","modified_gmt":"2023-07-24T18:00:41","slug":"incendie-a-melloula-cellule-de-crise-et-evacuation-des-habitants-photos","status":"publish","type":"post","link":"https:\/\/kapitalis.com\/tunisie\/2023\/07\/24\/incendie-a-melloula-cellule-de-crise-et-evacuation-des-habitants-photos\/","title":{"rendered":"Incendie \u00e0 Melloula : Cellule de crise et \u00e9vacuation des habitants (Photos)"},"content":{"rendered":"\n<p><strong><em>Un nouvel incendie s&rsquo;est d\u00e9clar\u00e9 ce lundi 24 juillet 2023 dans la zone de Melloula \u00e0 Tabarka (Jendouba), et les flammes se sont dangereusement approch\u00e9es des habitations. La protection civile, l&rsquo;arm\u00e9e, la garde nationale et les b\u00e9n\u00e9voles ont \u00e9vacu\u00e9s plus de 300 habitants par la mer\u2026<\/em><\/strong><\/p>\n\n\n\n<!--more-->\n\n\n\n<p>La priorit\u00e9 a \u00e9t\u00e9 donn\u00e9e \u00e0 l&rsquo;\u00e9vacuation des habitants alors que les secouristes poursuivent leurs efforts pour faire face \u00e0 la propagation des flammes, sachant que des agents de la protection civile en provenance d&rsquo;autres gouvernorats se sont rendus en renfort \u00e0 Jendouba, d&rsquo;autant que les vents et les temp\u00e9ratures exceptionnelles enregistr\u00e9es ce jour rendent la t\u00e2che extr\u00eamement difficile..<\/p>\n\n\n\n<figure class=\"wp-block-gallery aligncenter has-nested-images columns-2 is-cropped wp-block-gallery-1 is-layout-flex wp-block-gallery-is-layout-flex\">\n<figure class=\"wp-block-image size-large\"><img loading=\"lazy\" decoding=\"async\" width=\"1024\" height=\"768\" data-id=\"9034199\" src=\"https:\/\/kapitalis.com\/tunisie\/wp-content\/uploads\/2023\/07\/Melloula56-1024x768.jpg\" alt=\"\" class=\"wp-image-9034199\" srcset=\"https:\/\/kapitalis.com\/tunisie\/wp-content\/uploads\/2023\/07\/Melloula56-1024x768.jpg 1024w, https:\/\/kapitalis.com\/tunisie\/wp-content\/uploads\/2023\/07\/Melloula56-300x225.jpg 300w, https:\/\/kapitalis.com\/tunisie\/wp-content\/uploads\/2023\/07\/Melloula56-768x576.jpg 768w, https:\/\/kapitalis.com\/tunisie\/wp-content\/uploads\/2023\/07\/Melloula56-1536x1152.jpg 1536w, https:\/\/kapitalis.com\/tunisie\/wp-content\/uploads\/2023\/07\/Melloula56-580x435.jpg 580w, https:\/\/kapitalis.com\/tunisie\/wp-content\/uploads\/2023\/07\/Melloula56-860x645.jpg 860w, https:\/\/kapitalis.com\/tunisie\/wp-content\/uploads\/2023\/07\/Melloula56-1160x870.jpg 1160w, https:\/\/kapitalis.com\/tunisie\/wp-content\/uploads\/2023\/07\/Melloula56.jpg 2048w\" sizes=\"auto, (max-width: 1024px) 100vw, 1024px\" \/><\/figure>\n\n\n\n<figure class=\"wp-block-image size-large\"><img loading=\"lazy\" decoding=\"async\" width=\"1024\" height=\"768\" data-id=\"9034197\" src=\"https:\/\/kapitalis.com\/tunisie\/wp-content\/uploads\/2023\/07\/Melloula5-1024x768.jpg\" alt=\"\" class=\"wp-image-9034197\" srcset=\"https:\/\/kapitalis.com\/tunisie\/wp-content\/uploads\/2023\/07\/Melloula5-1024x768.jpg 1024w, https:\/\/kapitalis.com\/tunisie\/wp-content\/uploads\/2023\/07\/Melloula5-300x225.jpg 300w, https:\/\/kapitalis.com\/tunisie\/wp-content\/uploads\/2023\/07\/Melloula5-768x576.jpg 768w, https:\/\/kapitalis.com\/tunisie\/wp-content\/uploads\/2023\/07\/Melloula5-1536x1152.jpg 1536w, https:\/\/kapitalis.com\/tunisie\/wp-content\/uploads\/2023\/07\/Melloula5-580x435.jpg 580w, https:\/\/kapitalis.com\/tunisie\/wp-content\/uploads\/2023\/07\/Melloula5-860x645.jpg 860w, https:\/\/kapitalis.com\/tunisie\/wp-content\/uploads\/2023\/07\/Melloula5-1160x870.jpg 1160w, https:\/\/kapitalis.com\/tunisie\/wp-content\/uploads\/2023\/07\/Melloula5.jpg 2048w\" sizes=\"auto, (max-width: 1024px) 100vw, 1024px\" \/><\/figure>\n\n\n\n<figure class=\"wp-block-image size-large\"><img loading=\"lazy\" decoding=\"async\" width=\"1024\" height=\"768\" data-id=\"9034196\" src=\"https:\/\/kapitalis.com\/tunisie\/wp-content\/uploads\/2023\/07\/Melloula4-1024x768.jpg\" alt=\"\" class=\"wp-image-9034196\" srcset=\"https:\/\/kapitalis.com\/tunisie\/wp-content\/uploads\/2023\/07\/Melloula4-1024x768.jpg 1024w, https:\/\/kapitalis.com\/tunisie\/wp-content\/uploads\/2023\/07\/Melloula4-300x225.jpg 300w, https:\/\/kapitalis.com\/tunisie\/wp-content\/uploads\/2023\/07\/Melloula4-768x576.jpg 768w, https:\/\/kapitalis.com\/tunisie\/wp-content\/uploads\/2023\/07\/Melloula4-1536x1152.jpg 1536w, https:\/\/kapitalis.com\/tunisie\/wp-content\/uploads\/2023\/07\/Melloula4-580x435.jpg 580w, https:\/\/kapitalis.com\/tunisie\/wp-content\/uploads\/2023\/07\/Melloula4-860x645.jpg 860w, https:\/\/kapitalis.com\/tunisie\/wp-content\/uploads\/2023\/07\/Melloula4-1160x870.jpg 1160w, https:\/\/kapitalis.com\/tunisie\/wp-content\/uploads\/2023\/07\/Melloula4.jpg 2048w\" sizes=\"auto, (max-width: 1024px) 100vw, 1024px\" \/><\/figure>\n\n\n\n<figure class=\"wp-block-image size-large\"><img loading=\"lazy\" decoding=\"async\" width=\"1024\" height=\"768\" data-id=\"9034201\" src=\"https:\/\/kapitalis.com\/tunisie\/wp-content\/uploads\/2023\/07\/Melloula23-1024x768.jpg\" alt=\"\" class=\"wp-image-9034201\" srcset=\"https:\/\/kapitalis.com\/tunisie\/wp-content\/uploads\/2023\/07\/Melloula23-1024x768.jpg 1024w, https:\/\/kapitalis.com\/tunisie\/wp-content\/uploads\/2023\/07\/Melloula23-300x225.jpg 300w, https:\/\/kapitalis.com\/tunisie\/wp-content\/uploads\/2023\/07\/Melloula23-768x576.jpg 768w, https:\/\/kapitalis.com\/tunisie\/wp-content\/uploads\/2023\/07\/Melloula23-1536x1152.jpg 1536w, https:\/\/kapitalis.com\/tunisie\/wp-content\/uploads\/2023\/07\/Melloula23-580x435.jpg 580w, https:\/\/kapitalis.com\/tunisie\/wp-content\/uploads\/2023\/07\/Melloula23-860x645.jpg 860w, https:\/\/kapitalis.com\/tunisie\/wp-content\/uploads\/2023\/07\/Melloula23-1160x870.jpg 1160w, https:\/\/kapitalis.com\/tunisie\/wp-content\/uploads\/2023\/07\/Melloula23.jpg 2048w\" sizes=\"auto, (max-width: 1024px) 100vw, 1024px\" \/><\/figure>\n\n\n\n<figure class=\"wp-block-image size-large\"><img loading=\"lazy\" decoding=\"async\" width=\"1024\" height=\"768\" data-id=\"9034216\" src=\"https:\/\/kapitalis.com\/tunisie\/wp-content\/uploads\/2023\/07\/Melloula1-1024x768.jpg\" alt=\"\" class=\"wp-image-9034216\" srcset=\"https:\/\/kapitalis.com\/tunisie\/wp-content\/uploads\/2023\/07\/Melloula1-1024x768.jpg 1024w, https:\/\/kapitalis.com\/tunisie\/wp-content\/uploads\/2023\/07\/Melloula1-300x225.jpg 300w, https:\/\/kapitalis.com\/tunisie\/wp-content\/uploads\/2023\/07\/Melloula1-768x576.jpg 768w, https:\/\/kapitalis.com\/tunisie\/wp-content\/uploads\/2023\/07\/Melloula1-1536x1152.jpg 1536w, https:\/\/kapitalis.com\/tunisie\/wp-content\/uploads\/2023\/07\/Melloula1-580x435.jpg 580w, https:\/\/kapitalis.com\/tunisie\/wp-content\/uploads\/2023\/07\/Melloula1-860x645.jpg 860w, https:\/\/kapitalis.com\/tunisie\/wp-content\/uploads\/2023\/07\/Melloula1-1160x870.jpg 1160w, https:\/\/kapitalis.com\/tunisie\/wp-content\/uploads\/2023\/07\/Melloula1.jpg 2048w\" sizes=\"auto, (max-width: 1024px) 100vw, 1024px\" \/><\/figure>\n\n\n\n<figure class=\"wp-block-image size-large\"><img loading=\"lazy\" decoding=\"async\" width=\"1024\" height=\"768\" data-id=\"9034209\" src=\"https:\/\/kapitalis.com\/tunisie\/wp-content\/uploads\/2023\/07\/Melloula-1024x768.jpg\" alt=\"\" class=\"wp-image-9034209\" srcset=\"https:\/\/kapitalis.com\/tunisie\/wp-content\/uploads\/2023\/07\/Melloula-1024x768.jpg 1024w, https:\/\/kapitalis.com\/tunisie\/wp-content\/uploads\/2023\/07\/Melloula-300x225.jpg 300w, https:\/\/kapitalis.com\/tunisie\/wp-content\/uploads\/2023\/07\/Melloula-768x576.jpg 768w, https:\/\/kapitalis.com\/tunisie\/wp-content\/uploads\/2023\/07\/Melloula-1536x1152.jpg 1536w, https:\/\/kapitalis.com\/tunisie\/wp-content\/uploads\/2023\/07\/Melloula-580x435.jpg 580w, https:\/\/kapitalis.com\/tunisie\/wp-content\/uploads\/2023\/07\/Melloula-860x645.jpg 860w, https:\/\/kapitalis.com\/tunisie\/wp-content\/uploads\/2023\/07\/Melloula-1160x870.jpg 1160w, https:\/\/kapitalis.com\/tunisie\/wp-content\/uploads\/2023\/07\/Melloula.jpg 2048w\" sizes=\"auto, (max-width: 1024px) 100vw, 1024px\" \/><\/figure>\n<\/figure>\n\n\n\n<p>Le colonel major Moez Triaa porte-parole de la Protection civile a pr\u00e9cis\u00e9 que l&rsquo;incendie s&rsquo;est d\u00e9clar\u00e9 vers midi, que des h\u00e9licopt\u00e8res de l&rsquo;arm\u00e9e interviennent \u00e9galement en renfort afin de venir \u00e0 bout des flammes et que les \u00e9quipes des minist\u00e8res du Transport et de la Sant\u00e9 se sont \u00e9galement rendues sur les lieux.<\/p>\n\n\n\n<p>Une cellule de crise au sein de la pr\u00e9sidence du gouvernement a \u00e9t\u00e9 mise en place afin de suivre la situation de pr\u00e8s et de prendre les mesures d&rsquo;urgence pour prot\u00e9ger les habitants, indique pour sa part la pr\u00e9sidence.<\/p>\n\n\n\n<figure class=\"wp-block-gallery aligncenter has-nested-images columns-2 is-cropped wp-block-gallery-2 is-layout-flex wp-block-gallery-is-layout-flex\">\n<figure class=\"wp-block-image size-large\"><img loading=\"lazy\" decoding=\"async\" width=\"1024\" height=\"576\" data-id=\"9034207\" src=\"https:\/\/kapitalis.com\/tunisie\/wp-content\/uploads\/2023\/07\/Melloula12-1024x576.jpg\" alt=\"\" class=\"wp-image-9034207\" srcset=\"https:\/\/kapitalis.com\/tunisie\/wp-content\/uploads\/2023\/07\/Melloula12-1024x576.jpg 1024w, https:\/\/kapitalis.com\/tunisie\/wp-content\/uploads\/2023\/07\/Melloula12-300x169.jpg 300w, https:\/\/kapitalis.com\/tunisie\/wp-content\/uploads\/2023\/07\/Melloula12-768x432.jpg 768w, https:\/\/kapitalis.com\/tunisie\/wp-content\/uploads\/2023\/07\/Melloula12-580x326.jpg 580w, https:\/\/kapitalis.com\/tunisie\/wp-content\/uploads\/2023\/07\/Melloula12-860x484.jpg 860w, https:\/\/kapitalis.com\/tunisie\/wp-content\/uploads\/2023\/07\/Melloula12-1160x653.jpg 1160w, https:\/\/kapitalis.com\/tunisie\/wp-content\/uploads\/2023\/07\/Melloula12.jpg 1280w\" sizes=\"auto, (max-width: 1024px) 100vw, 1024px\" \/><\/figure>\n\n\n\n<figure class=\"wp-block-image size-large\"><img loading=\"lazy\" decoding=\"async\" width=\"1024\" height=\"768\" data-id=\"9034214\" src=\"https:\/\/kapitalis.com\/tunisie\/wp-content\/uploads\/2023\/07\/Melloula11-1024x768.jpg\" alt=\"\" class=\"wp-image-9034214\" srcset=\"https:\/\/kapitalis.com\/tunisie\/wp-content\/uploads\/2023\/07\/Melloula11-1024x768.jpg 1024w, https:\/\/kapitalis.com\/tunisie\/wp-content\/uploads\/2023\/07\/Melloula11-300x225.jpg 300w, https:\/\/kapitalis.com\/tunisie\/wp-content\/uploads\/2023\/07\/Melloula11-768x576.jpg 768w, https:\/\/kapitalis.com\/tunisie\/wp-content\/uploads\/2023\/07\/Melloula11-1536x1152.jpg 1536w, https:\/\/kapitalis.com\/tunisie\/wp-content\/uploads\/2023\/07\/Melloula11-580x435.jpg 580w, https:\/\/kapitalis.com\/tunisie\/wp-content\/uploads\/2023\/07\/Melloula11-860x645.jpg 860w, https:\/\/kapitalis.com\/tunisie\/wp-content\/uploads\/2023\/07\/Melloula11-1160x870.jpg 1160w, https:\/\/kapitalis.com\/tunisie\/wp-content\/uploads\/2023\/07\/Melloula11.jpg 2048w\" sizes=\"auto, (max-width: 1024px) 100vw, 1024px\" \/><\/figure>\n\n\n\n<figure class=\"wp-block-image size-large\"><img loading=\"lazy\" decoding=\"async\" width=\"1024\" height=\"768\" data-id=\"9034211\" src=\"https:\/\/kapitalis.com\/tunisie\/wp-content\/uploads\/2023\/07\/Melloula10-1024x768.jpg\" alt=\"\" class=\"wp-image-9034211\" srcset=\"https:\/\/kapitalis.com\/tunisie\/wp-content\/uploads\/2023\/07\/Melloula10-1024x768.jpg 1024w, https:\/\/kapitalis.com\/tunisie\/wp-content\/uploads\/2023\/07\/Melloula10-300x225.jpg 300w, https:\/\/kapitalis.com\/tunisie\/wp-content\/uploads\/2023\/07\/Melloula10-768x576.jpg 768w, https:\/\/kapitalis.com\/tunisie\/wp-content\/uploads\/2023\/07\/Melloula10-1536x1152.jpg 1536w, https:\/\/kapitalis.com\/tunisie\/wp-content\/uploads\/2023\/07\/Melloula10-580x435.jpg 580w, https:\/\/kapitalis.com\/tunisie\/wp-content\/uploads\/2023\/07\/Melloula10-860x645.jpg 860w, https:\/\/kapitalis.com\/tunisie\/wp-content\/uploads\/2023\/07\/Melloula10-1160x870.jpg 1160w, https:\/\/kapitalis.com\/tunisie\/wp-content\/uploads\/2023\/07\/Melloula10.jpg 2048w\" sizes=\"auto, (max-width: 1024px) 100vw, 1024px\" \/><\/figure>\n\n\n\n<figure class=\"wp-block-image size-large\"><img loading=\"lazy\" decoding=\"async\" width=\"1024\" height=\"768\" data-id=\"9034215\" src=\"https:\/\/kapitalis.com\/tunisie\/wp-content\/uploads\/2023\/07\/Melloula9-1024x768.jpg\" alt=\"\" class=\"wp-image-9034215\" srcset=\"https:\/\/kapitalis.com\/tunisie\/wp-content\/uploads\/2023\/07\/Melloula9-1024x768.jpg 1024w, https:\/\/kapitalis.com\/tunisie\/wp-content\/uploads\/2023\/07\/Melloula9-300x225.jpg 300w, https:\/\/kapitalis.com\/tunisie\/wp-content\/uploads\/2023\/07\/Melloula9-768x576.jpg 768w, https:\/\/kapitalis.com\/tunisie\/wp-content\/uploads\/2023\/07\/Melloula9-1536x1152.jpg 1536w, https:\/\/kapitalis.com\/tunisie\/wp-content\/uploads\/2023\/07\/Melloula9-580x435.jpg 580w, https:\/\/kapitalis.com\/tunisie\/wp-content\/uploads\/2023\/07\/Melloula9-860x645.jpg 860w, https:\/\/kapitalis.com\/tunisie\/wp-content\/uploads\/2023\/07\/Melloula9-1160x870.jpg 1160w, https:\/\/kapitalis.com\/tunisie\/wp-content\/uploads\/2023\/07\/Melloula9.jpg 2048w\" sizes=\"auto, (max-width: 1024px) 100vw, 1024px\" \/><\/figure>\n\n\n\n<figure class=\"wp-block-image size-large\"><img loading=\"lazy\" decoding=\"async\" width=\"1024\" height=\"768\" data-id=\"9034213\" src=\"https:\/\/kapitalis.com\/tunisie\/wp-content\/uploads\/2023\/07\/Melloula8-1024x768.jpg\" alt=\"\" class=\"wp-image-9034213\" srcset=\"https:\/\/kapitalis.com\/tunisie\/wp-content\/uploads\/2023\/07\/Melloula8-1024x768.jpg 1024w, https:\/\/kapitalis.com\/tunisie\/wp-content\/uploads\/2023\/07\/Melloula8-300x225.jpg 300w, https:\/\/kapitalis.com\/tunisie\/wp-content\/uploads\/2023\/07\/Melloula8-768x576.jpg 768w, https:\/\/kapitalis.com\/tunisie\/wp-content\/uploads\/2023\/07\/Melloula8-1536x1152.jpg 1536w, https:\/\/kapitalis.com\/tunisie\/wp-content\/uploads\/2023\/07\/Melloula8-580x435.jpg 580w, https:\/\/kapitalis.com\/tunisie\/wp-content\/uploads\/2023\/07\/Melloula8-860x645.jpg 860w, https:\/\/kapitalis.com\/tunisie\/wp-content\/uploads\/2023\/07\/Melloula8-1160x870.jpg 1160w, https:\/\/kapitalis.com\/tunisie\/wp-content\/uploads\/2023\/07\/Melloula8.jpg 2048w\" sizes=\"auto, (max-width: 1024px) 100vw, 1024px\" \/><\/figure>\n\n\n\n<figure class=\"wp-block-image size-large\"><img loading=\"lazy\" decoding=\"async\" width=\"1024\" height=\"768\" data-id=\"9034218\" src=\"https:\/\/kapitalis.com\/tunisie\/wp-content\/uploads\/2023\/07\/Melloula7-1024x768.jpg\" alt=\"\" class=\"wp-image-9034218\" srcset=\"https:\/\/kapitalis.com\/tunisie\/wp-content\/uploads\/2023\/07\/Melloula7-1024x768.jpg 1024w, https:\/\/kapitalis.com\/tunisie\/wp-content\/uploads\/2023\/07\/Melloula7-300x225.jpg 300w, https:\/\/kapitalis.com\/tunisie\/wp-content\/uploads\/2023\/07\/Melloula7-768x576.jpg 768w, https:\/\/kapitalis.com\/tunisie\/wp-content\/uploads\/2023\/07\/Melloula7-1536x1152.jpg 1536w, https:\/\/kapitalis.com\/tunisie\/wp-content\/uploads\/2023\/07\/Melloula7-580x435.jpg 580w, https:\/\/kapitalis.com\/tunisie\/wp-content\/uploads\/2023\/07\/Melloula7-860x645.jpg 860w, https:\/\/kapitalis.com\/tunisie\/wp-content\/uploads\/2023\/07\/Melloula7-1160x870.jpg 1160w, https:\/\/kapitalis.com\/tunisie\/wp-content\/uploads\/2023\/07\/Melloula7.jpg 2048w\" sizes=\"auto, (max-width: 1024px) 100vw, 1024px\" \/><\/figure>\n<\/figure>\n\n\n\n<p>Cette cellule restera r\u00e9unie de fa\u00e7on permanente jusqu\u2019\u00e0 ma\u00eetrise totale de l\u2019incendie, ajoute la m\u00eame source.<\/p>\n\n\n\n<p class=\"has-text-align-right\"><strong>Y. N.<\/strong><\/p>\n","protected":false},"excerpt":{"rendered":"<p>Incendie \u00e0 Melloula : Cellule de crise et \u00e9vacuation des habitants (Photos)<\/p>\n","protected":false},"author":6,"featured_media":9034335,"comment_status":"open","ping_status":"open","sticky":false,"template":"","format":"standard","meta":{"footnotes":""},"categories":[998,2433],"tags":[109082,6553,1035,110033,3699,62643],"class_list":["post-9034075","post","type-post","status-publish","format-standard","has-post-thumbnail","hentry","category-societe","category-tunisie","tag-cellule-de-crise","tag-evacuation","tag-incendie","tag-melloula","tag-tabarka","tag-tunisie"],"yoast_head":"<!-- This site is optimized with the Yoast SEO plugin v26.6 - https:\/\/yoast.com\/wordpress\/plugins\/seo\/ -->\n<title>Incendie \u00e0 Melloula : Cellule de crise et \u00e9vacuation des habitants (Photos) - Kapitalis<\/title>\n<meta name=\"description\" content=\"Un nouvel incendie s&#039;est d\u00e9clar\u00e9 ce lundi 24 juillet 2023 dans la zone de Melloula \u00e0 Tabarka (Jendouba), et les flammes se sont dangereusement approch\u00e9es des habitations. La protection civile, l&#039;arm\u00e9e, la garde nationale et les b\u00e9n\u00e9voles ont \u00e9vacu\u00e9s plus de 300 habitants par la mer\u2026\" \/>\n<meta name=\"robots\" content=\"index, follow, max-snippet:-1, max-image-preview:large, max-video-preview:-1\" \/>\n<link rel=\"canonical\" href=\"https:\/\/kapitalis.com\/tunisie\/2023\/07\/24\/incendie-a-melloula-cellule-de-crise-et-evacuation-des-habitants-photos\/\" \/>\n<meta property=\"og:locale\" content=\"fr_FR\" \/>\n<meta property=\"og:type\" content=\"article\" \/>\n<meta property=\"og:title\" content=\"Incendie \u00e0 Melloula : Cellule de crise et \u00e9vacuation des habitants (Photos) - Kapitalis\" \/>\n<meta property=\"og:description\" content=\"Un nouvel incendie s&#039;est d\u00e9clar\u00e9 ce lundi 24 juillet 2023 dans la zone de Melloula \u00e0 Tabarka (Jendouba), et les flammes se sont dangereusement approch\u00e9es des habitations. La protection civile, l&#039;arm\u00e9e, la garde nationale et les b\u00e9n\u00e9voles ont \u00e9vacu\u00e9s plus de 300 habitants par la mer\u2026\" \/>\n<meta property=\"og:url\" content=\"https:\/\/kapitalis.com\/tunisie\/2023\/07\/24\/incendie-a-melloula-cellule-de-crise-et-evacuation-des-habitants-photos\/\" \/>\n<meta property=\"og:site_name\" content=\"Kapitalis\" \/>\n<meta property=\"article:publisher\" content=\"https:\/\/www.facebook.com\/KapitalisInfo\/\" \/>\n<meta property=\"article:published_time\" content=\"2023-07-24T17:59:07+00:00\" \/>\n<meta property=\"article:modified_time\" content=\"2023-07-24T18:00:41+00:00\" \/>\n<meta property=\"og:image\" content=\"https:\/\/kapitalis.com\/tunisie\/wp-content\/uploads\/2023\/07\/Melloula-Tabarka-incendie.jpg\" \/>\n\t<meta property=\"og:image:width\" content=\"1200\" \/>\n\t<meta property=\"og:image:height\" content=\"630\" \/>\n\t<meta property=\"og:image:type\" content=\"image\/jpeg\" \/>\n<meta name=\"author\" content=\"Yusra NY\" \/>\n<meta name=\"twitter:card\" content=\"summary_large_image\" \/>\n<meta name=\"twitter:creator\" content=\"@KapitalisInfo\" \/>\n<meta name=\"twitter:site\" content=\"@KapitalisInfo\" \/>\n<meta name=\"twitter:label1\" content=\"\u00c9crit par\" \/>\n\t<meta name=\"twitter:data1\" content=\"Yusra NY\" \/>\n\t<meta name=\"twitter:label2\" content=\"Dur\u00e9e de lecture estim\u00e9e\" \/>\n\t<meta name=\"twitter:data2\" content=\"4 minutes\" \/>\n<script type=\"application\/ld+json\" class=\"yoast-schema-graph\">{\"@context\":\"https:\/\/schema.org\",\"@graph\":[{\"@type\":\"Article\",\"@id\":\"https:\/\/kapitalis.com\/tunisie\/2023\/07\/24\/incendie-a-melloula-cellule-de-crise-et-evacuation-des-habitants-photos\/#article\",\"isPartOf\":{\"@id\":\"https:\/\/kapitalis.com\/tunisie\/2023\/07\/24\/incendie-a-melloula-cellule-de-crise-et-evacuation-des-habitants-photos\/\"},\"author\":{\"name\":\"Yusra NY\",\"@id\":\"https:\/\/kapitalis.com\/tunisie\/#\/schema\/person\/74bbde0154d49d790a92aaeac5bc01d5\"},\"headline\":\"Incendie \u00e0 Melloula : Cellule de crise et \u00e9vacuation des habitants (Photos)\",\"datePublished\":\"2023-07-24T17:59:07+00:00\",\"dateModified\":\"2023-07-24T18:00:41+00:00\",\"mainEntityOfPage\":{\"@id\":\"https:\/\/kapitalis.com\/tunisie\/2023\/07\/24\/incendie-a-melloula-cellule-de-crise-et-evacuation-des-habitants-photos\/\"},\"wordCount\":244,\"commentCount\":0,\"publisher\":{\"@id\":\"https:\/\/kapitalis.com\/tunisie\/#organization\"},\"image\":{\"@id\":\"https:\/\/kapitalis.com\/tunisie\/2023\/07\/24\/incendie-a-melloula-cellule-de-crise-et-evacuation-des-habitants-photos\/#primaryimage\"},\"thumbnailUrl\":\"https:\/\/kapitalis.com\/tunisie\/wp-content\/uploads\/2023\/07\/Melloula-Tabarka-incendie.jpg\",\"keywords\":[\"cellule de crise\",\"\u00e9vacuation\",\"Incendie\",\"Melloula\",\"Tabarka\",\"Tunisie\"],\"articleSection\":[\"SOCIETE\",\"Tunisie\"],\"inLanguage\":\"fr-FR\",\"potentialAction\":[{\"@type\":\"CommentAction\",\"name\":\"Comment\",\"target\":[\"https:\/\/kapitalis.com\/tunisie\/2023\/07\/24\/incendie-a-melloula-cellule-de-crise-et-evacuation-des-habitants-photos\/#respond\"]}]},{\"@type\":\"WebPage\",\"@id\":\"https:\/\/kapitalis.com\/tunisie\/2023\/07\/24\/incendie-a-melloula-cellule-de-crise-et-evacuation-des-habitants-photos\/\",\"url\":\"https:\/\/kapitalis.com\/tunisie\/2023\/07\/24\/incendie-a-melloula-cellule-de-crise-et-evacuation-des-habitants-photos\/\",\"name\":\"Incendie \u00e0 Melloula : Cellule de crise et \u00e9vacuation des habitants (Photos) - Kapitalis\",\"isPartOf\":{\"@id\":\"https:\/\/kapitalis.com\/tunisie\/#website\"},\"primaryImageOfPage\":{\"@id\":\"https:\/\/kapitalis.com\/tunisie\/2023\/07\/24\/incendie-a-melloula-cellule-de-crise-et-evacuation-des-habitants-photos\/#primaryimage\"},\"image\":{\"@id\":\"https:\/\/kapitalis.com\/tunisie\/2023\/07\/24\/incendie-a-melloula-cellule-de-crise-et-evacuation-des-habitants-photos\/#primaryimage\"},\"thumbnailUrl\":\"https:\/\/kapitalis.com\/tunisie\/wp-content\/uploads\/2023\/07\/Melloula-Tabarka-incendie.jpg\",\"datePublished\":\"2023-07-24T17:59:07+00:00\",\"dateModified\":\"2023-07-24T18:00:41+00:00\",\"description\":\"Un nouvel incendie s'est d\u00e9clar\u00e9 ce lundi 24 juillet 2023 dans la zone de Melloula \u00e0 Tabarka (Jendouba), et les flammes se sont dangereusement approch\u00e9es des habitations. La protection civile, l'arm\u00e9e, la garde nationale et les b\u00e9n\u00e9voles ont \u00e9vacu\u00e9s plus de 300 habitants par la mer\u2026\",\"breadcrumb\":{\"@id\":\"https:\/\/kapitalis.com\/tunisie\/2023\/07\/24\/incendie-a-melloula-cellule-de-crise-et-evacuation-des-habitants-photos\/#breadcrumb\"},\"inLanguage\":\"fr-FR\",\"potentialAction\":[{\"@type\":\"ReadAction\",\"target\":[\"https:\/\/kapitalis.com\/tunisie\/2023\/07\/24\/incendie-a-melloula-cellule-de-crise-et-evacuation-des-habitants-photos\/\"]}]},{\"@type\":\"ImageObject\",\"inLanguage\":\"fr-FR\",\"@id\":\"https:\/\/kapitalis.com\/tunisie\/2023\/07\/24\/incendie-a-melloula-cellule-de-crise-et-evacuation-des-habitants-photos\/#primaryimage\",\"url\":\"https:\/\/kapitalis.com\/tunisie\/wp-content\/uploads\/2023\/07\/Melloula-Tabarka-incendie.jpg\",\"contentUrl\":\"https:\/\/kapitalis.com\/tunisie\/wp-content\/uploads\/2023\/07\/Melloula-Tabarka-incendie.jpg\",\"width\":1200,\"height\":630},{\"@type\":\"BreadcrumbList\",\"@id\":\"https:\/\/kapitalis.com\/tunisie\/2023\/07\/24\/incendie-a-melloula-cellule-de-crise-et-evacuation-des-habitants-photos\/#breadcrumb\",\"itemListElement\":[{\"@type\":\"ListItem\",\"position\":1,\"name\":\"Accueil\",\"item\":\"https:\/\/kapitalis.com\/tunisie\/\"},{\"@type\":\"ListItem\",\"position\":2,\"name\":\"Incendie \u00e0 Melloula : Cellule de crise et \u00e9vacuation des habitants (Photos)\"}]},{\"@type\":\"WebSite\",\"@id\":\"https:\/\/kapitalis.com\/tunisie\/#website\",\"url\":\"https:\/\/kapitalis.com\/tunisie\/\",\"name\":\"Kapitalis\",\"description\":\"L&#039;actualit\u00e9 en Tunisie et dans le monde\",\"publisher\":{\"@id\":\"https:\/\/kapitalis.com\/tunisie\/#organization\"},\"potentialAction\":[{\"@type\":\"SearchAction\",\"target\":{\"@type\":\"EntryPoint\",\"urlTemplate\":\"https:\/\/kapitalis.com\/tunisie\/?s={search_term_string}\"},\"query-input\":{\"@type\":\"PropertyValueSpecification\",\"valueRequired\":true,\"valueName\":\"search_term_string\"}}],\"inLanguage\":\"fr-FR\"},{\"@type\":\"Organization\",\"@id\":\"https:\/\/kapitalis.com\/tunisie\/#organization\",\"name\":\"Kapitalis\",\"url\":\"https:\/\/kapitalis.com\/tunisie\/\",\"logo\":{\"@type\":\"ImageObject\",\"inLanguage\":\"fr-FR\",\"@id\":\"https:\/\/kapitalis.com\/tunisie\/#\/schema\/logo\/image\/\",\"url\":\"https:\/\/kapitalis.com\/tunisie\/wp-content\/uploads\/2022\/05\/Kapitalis-big-size.png\",\"contentUrl\":\"https:\/\/kapitalis.com\/tunisie\/wp-content\/uploads\/2022\/05\/Kapitalis-big-size.png\",\"width\":5000,\"height\":1500,\"caption\":\"Kapitalis\"},\"image\":{\"@id\":\"https:\/\/kapitalis.com\/tunisie\/#\/schema\/logo\/image\/\"},\"sameAs\":[\"https:\/\/www.facebook.com\/KapitalisInfo\/\",\"https:\/\/x.com\/KapitalisInfo\",\"https:\/\/www.youtube.com\/channel\/UC-yDYrHyfFBWWZaOw3FPg9Q\"]},{\"@type\":\"Person\",\"@id\":\"https:\/\/kapitalis.com\/tunisie\/#\/schema\/person\/74bbde0154d49d790a92aaeac5bc01d5\",\"name\":\"Yusra NY\",\"url\":\"https:\/\/kapitalis.com\/tunisie\/author\/yuza_adam\/\"}]}<\/script>\n<!-- \/ Yoast SEO plugin. -->","yoast_head_json":{"title":"Incendie \u00e0 Melloula : Cellule de crise et \u00e9vacuation des habitants (Photos) - Kapitalis","description":"Un nouvel incendie s'est d\u00e9clar\u00e9 ce lundi 24 juillet 2023 dans la zone de Melloula \u00e0 Tabarka (Jendouba), et les flammes se sont dangereusement approch\u00e9es des habitations. La protection civile, l'arm\u00e9e, la garde nationale et les b\u00e9n\u00e9voles ont \u00e9vacu\u00e9s plus de 300 habitants par la mer\u2026","robots":{"index":"index","follow":"follow","max-snippet":"max-snippet:-1","max-image-preview":"max-image-preview:large","max-video-preview":"max-video-preview:-1"},"canonical":"https:\/\/kapitalis.com\/tunisie\/2023\/07\/24\/incendie-a-melloula-cellule-de-crise-et-evacuation-des-habitants-photos\/","og_locale":"fr_FR","og_type":"article","og_title":"Incendie \u00e0 Melloula : Cellule de crise et \u00e9vacuation des habitants (Photos) - Kapitalis","og_description":"Un nouvel incendie s'est d\u00e9clar\u00e9 ce lundi 24 juillet 2023 dans la zone de Melloula \u00e0 Tabarka (Jendouba), et les flammes se sont dangereusement approch\u00e9es des habitations. La protection civile, l'arm\u00e9e, la garde nationale et les b\u00e9n\u00e9voles ont \u00e9vacu\u00e9s plus de 300 habitants par la mer\u2026","og_url":"https:\/\/kapitalis.com\/tunisie\/2023\/07\/24\/incendie-a-melloula-cellule-de-crise-et-evacuation-des-habitants-photos\/","og_site_name":"Kapitalis","article_publisher":"https:\/\/www.facebook.com\/KapitalisInfo\/","article_published_time":"2023-07-24T17:59:07+00:00","article_modified_time":"2023-07-24T18:00:41+00:00","og_image":[{"width":1200,"height":630,"url":"https:\/\/kapitalis.com\/tunisie\/wp-content\/uploads\/2023\/07\/Melloula-Tabarka-incendie.jpg","type":"image\/jpeg"}],"author":"Yusra NY","twitter_card":"summary_large_image","twitter_creator":"@KapitalisInfo","twitter_site":"@KapitalisInfo","twitter_misc":{"\u00c9crit par":"Yusra NY","Dur\u00e9e de lecture estim\u00e9e":"4 minutes"},"schema":{"@context":"https:\/\/schema.org","@graph":[{"@type":"Article","@id":"https:\/\/kapitalis.com\/tunisie\/2023\/07\/24\/incendie-a-melloula-cellule-de-crise-et-evacuation-des-habitants-photos\/#article","isPartOf":{"@id":"https:\/\/kapitalis.com\/tunisie\/2023\/07\/24\/incendie-a-melloula-cellule-de-crise-et-evacuation-des-habitants-photos\/"},"author":{"name":"Yusra NY","@id":"https:\/\/kapitalis.com\/tunisie\/#\/schema\/person\/74bbde0154d49d790a92aaeac5bc01d5"},"headline":"Incendie \u00e0 Melloula : Cellule de crise et \u00e9vacuation des habitants (Photos)","datePublished":"2023-07-24T17:59:07+00:00","dateModified":"2023-07-24T18:00:41+00:00","mainEntityOfPage":{"@id":"https:\/\/kapitalis.com\/tunisie\/2023\/07\/24\/incendie-a-melloula-cellule-de-crise-et-evacuation-des-habitants-photos\/"},"wordCount":244,"commentCount":0,"publisher":{"@id":"https:\/\/kapitalis.com\/tunisie\/#organization"},"image":{"@id":"https:\/\/kapitalis.com\/tunisie\/2023\/07\/24\/incendie-a-melloula-cellule-de-crise-et-evacuation-des-habitants-photos\/#primaryimage"},"thumbnailUrl":"https:\/\/kapitalis.com\/tunisie\/wp-content\/uploads\/2023\/07\/Melloula-Tabarka-incendie.jpg","keywords":["cellule de crise","\u00e9vacuation","Incendie","Melloula","Tabarka","Tunisie"],"articleSection":["SOCIETE","Tunisie"],"inLanguage":"fr-FR","potentialAction":[{"@type":"CommentAction","name":"Comment","target":["https:\/\/kapitalis.com\/tunisie\/2023\/07\/24\/incendie-a-melloula-cellule-de-crise-et-evacuation-des-habitants-photos\/#respond"]}]},{"@type":"WebPage","@id":"https:\/\/kapitalis.com\/tunisie\/2023\/07\/24\/incendie-a-melloula-cellule-de-crise-et-evacuation-des-habitants-photos\/","url":"https:\/\/kapitalis.com\/tunisie\/2023\/07\/24\/incendie-a-melloula-cellule-de-crise-et-evacuation-des-habitants-photos\/","name":"Incendie \u00e0 Melloula : Cellule de crise et \u00e9vacuation des habitants (Photos) - Kapitalis","isPartOf":{"@id":"https:\/\/kapitalis.com\/tunisie\/#website"},"primaryImageOfPage":{"@id":"https:\/\/kapitalis.com\/tunisie\/2023\/07\/24\/incendie-a-melloula-cellule-de-crise-et-evacuation-des-habitants-photos\/#primaryimage"},"image":{"@id":"https:\/\/kapitalis.com\/tunisie\/2023\/07\/24\/incendie-a-melloula-cellule-de-crise-et-evacuation-des-habitants-photos\/#primaryimage"},"thumbnailUrl":"https:\/\/kapitalis.com\/tunisie\/wp-content\/uploads\/2023\/07\/Melloula-Tabarka-incendie.jpg","datePublished":"2023-07-24T17:59:07+00:00","dateModified":"2023-07-24T18:00:41+00:00","description":"Un nouvel incendie s'est d\u00e9clar\u00e9 ce lundi 24 juillet 2023 dans la zone de Melloula \u00e0 Tabarka (Jendouba), et les flammes se sont dangereusement approch\u00e9es des habitations. La protection civile, l'arm\u00e9e, la garde nationale et les b\u00e9n\u00e9voles ont \u00e9vacu\u00e9s plus de 300 habitants par la mer\u2026","breadcrumb":{"@id":"https:\/\/kapitalis.com\/tunisie\/2023\/07\/24\/incendie-a-melloula-cellule-de-crise-et-evacuation-des-habitants-photos\/#breadcrumb"},"inLanguage":"fr-FR","potentialAction":[{"@type":"ReadAction","target":["https:\/\/kapitalis.com\/tunisie\/2023\/07\/24\/incendie-a-melloula-cellule-de-crise-et-evacuation-des-habitants-photos\/"]}]},{"@type":"ImageObject","inLanguage":"fr-FR","@id":"https:\/\/kapitalis.com\/tunisie\/2023\/07\/24\/incendie-a-melloula-cellule-de-crise-et-evacuation-des-habitants-photos\/#primaryimage","url":"https:\/\/kapitalis.com\/tunisie\/wp-content\/uploads\/2023\/07\/Melloula-Tabarka-incendie.jpg","contentUrl":"https:\/\/kapitalis.com\/tunisie\/wp-content\/uploads\/2023\/07\/Melloula-Tabarka-incendie.jpg","width":1200,"height":630},{"@type":"BreadcrumbList","@id":"https:\/\/kapitalis.com\/tunisie\/2023\/07\/24\/incendie-a-melloula-cellule-de-crise-et-evacuation-des-habitants-photos\/#breadcrumb","itemListElement":[{"@type":"ListItem","position":1,"name":"Accueil","item":"https:\/\/kapitalis.com\/tunisie\/"},{"@type":"ListItem","position":2,"name":"Incendie \u00e0 Melloula : Cellule de crise et \u00e9vacuation des habitants (Photos)"}]},{"@type":"WebSite","@id":"https:\/\/kapitalis.com\/tunisie\/#website","url":"https:\/\/kapitalis.com\/tunisie\/","name":"Kapitalis","description":"L&#039;actualit\u00e9 en Tunisie et dans le monde","publisher":{"@id":"https:\/\/kapitalis.com\/tunisie\/#organization"},"potentialAction":[{"@type":"SearchAction","target":{"@type":"EntryPoint","urlTemplate":"https:\/\/kapitalis.com\/tunisie\/?s={search_term_string}"},"query-input":{"@type":"PropertyValueSpecification","valueRequired":true,"valueName":"search_term_string"}}],"inLanguage":"fr-FR"},{"@type":"Organization","@id":"https:\/\/kapitalis.com\/tunisie\/#organization","name":"Kapitalis","url":"https:\/\/kapitalis.com\/tunisie\/","logo":{"@type":"ImageObject","inLanguage":"fr-FR","@id":"https:\/\/kapitalis.com\/tunisie\/#\/schema\/logo\/image\/","url":"https:\/\/kapitalis.com\/tunisie\/wp-content\/uploads\/2022\/05\/Kapitalis-big-size.png","contentUrl":"https:\/\/kapitalis.com\/tunisie\/wp-content\/uploads\/2022\/05\/Kapitalis-big-size.png","width":5000,"height":1500,"caption":"Kapitalis"},"image":{"@id":"https:\/\/kapitalis.com\/tunisie\/#\/schema\/logo\/image\/"},"sameAs":["https:\/\/www.facebook.com\/KapitalisInfo\/","https:\/\/x.com\/KapitalisInfo","https:\/\/www.youtube.com\/channel\/UC-yDYrHyfFBWWZaOw3FPg9Q"]},{"@type":"Person","@id":"https:\/\/kapitalis.com\/tunisie\/#\/schema\/person\/74bbde0154d49d790a92aaeac5bc01d5","name":"Yusra NY","url":"https:\/\/kapitalis.com\/tunisie\/author\/yuza_adam\/"}]}},"_links":{"self":[{"href":"https:\/\/kapitalis.com\/tunisie\/wp-json\/wp\/v2\/posts\/9034075","targetHints":{"allow":["GET"]}}],"collection":[{"href":"https:\/\/kapitalis.com\/tunisie\/wp-json\/wp\/v2\/posts"}],"about":[{"href":"https:\/\/kapitalis.com\/tunisie\/wp-json\/wp\/v2\/types\/post"}],"author":[{"embeddable":true,"href":"https:\/\/kapitalis.com\/tunisie\/wp-json\/wp\/v2\/users\/6"}],"replies":[{"embeddable":true,"href":"https:\/\/kapitalis.com\/tunisie\/wp-json\/wp\/v2\/comments?post=9034075"}],"version-history":[{"count":3,"href":"https:\/\/kapitalis.com\/tunisie\/wp-json\/wp\/v2\/posts\/9034075\/revisions"}],"predecessor-version":[{"id":9034399,"href":"https:\/\/kapitalis.com\/tunisie\/wp-json\/wp\/v2\/posts\/9034075\/revisions\/9034399"}],"wp:featuredmedia":[{"embeddable":true,"href":"https:\/\/kapitalis.com\/tunisie\/wp-json\/wp\/v2\/media\/9034335"}],"wp:attachment":[{"href":"https:\/\/kapitalis.com\/tunisie\/wp-json\/wp\/v2\/media?parent=9034075"}],"wp:term":[{"taxonomy":"category","embeddable":true,"href":"https:\/\/kapitalis.com\/tunisie\/wp-json\/wp\/v2\/categories?post=9034075"},{"taxonomy":"post_tag","embeddable":true,"href":"https:\/\/kapitalis.com\/tunisie\/wp-json\/wp\/v2\/tags?post=9034075"}],"curies":[{"name":"wp","href":"https:\/\/api.w.org\/{rel}","templated":true}]}}