{"id":90352,"date":"2017-04-07T18:21:35","date_gmt":"2017-04-07T17:21:35","guid":{"rendered":"http:\/\/kapitalis.com\/tunisie\/?p=90352"},"modified":"2017-04-07T18:21:35","modified_gmt":"2017-04-07T17:21:35","slug":"sousse-presentation-du-journal-dun-apostat-danouar-el-fani","status":"publish","type":"post","link":"https:\/\/kapitalis.com\/tunisie\/2017\/04\/07\/sousse-presentation-du-journal-dun-apostat-danouar-el-fani\/","title":{"rendered":"Sousse : Pr\u00e9sentation du \u2018\u2018Journal d\u2019un apostat\u2019\u2019 d\u2019Anouar El Fani"},"content":{"rendered":"<p style=\"text-align: center;\"><img loading=\"lazy\" decoding=\"async\" class=\"alignnone size-full wp-image-90353\" src=\"http:\/\/kapitalis.com\/tunisie\/wp-content\/uploads\/2017\/04\/Anouar-El-Fani.jpg\" alt=\"\" width=\"626\" height=\"380\" \/><\/p>\n<p><em><strong>Anouar El Fani sera pr\u00e9sent, samedi 8 avril 2017, \u00e0 partir de 16h30, au Salon du Livre de Sousse, pour pr\u00e9senter son \u2018\u2018Journal d\u2019un apostat\u2019\u2019.<\/strong><\/em><\/p>\n<p><!--more--><\/p>\n<p><em>\u2018\u2018Journal d\u2019un apostat\u2019\u2019<\/em>, publi\u00e9 aux \u00e9ditions Arabesques, \u00e0 Tunis, est un hymne \u00e0 la libert\u00e9 d\u2019un homme qui a toujours rejet\u00e9 l\u2019ordre impos\u00e9 et les croyances suppos\u00e9es partag\u00e9es et \u00e9tablies depuis plusieurs si\u00e8cles.<\/p>\n<p>Anouar El Fani a d\u00e9j\u00e0 publi\u00e9, il y a deux ans, <em>\u2018\u2018Songes d\u2019une nuit d\u2019\u00e9t\u00e9\u2019\u2019<\/em>, un premier roman qui retrace la vie d\u2019un intellectuel libertaire et perp\u00e9tuel jouisseur de la vie \u00e9cras\u00e9 par la m\u00e9diocrit\u00e9 oppressante qui r\u00e8gne en ma\u00eetresse absolue dans nos contr\u00e9es.<\/p>\n<p>L\u2019\u00e9crivain et collaborateur au journal Kapitalis parlera de son roman pamphl\u00e9taire et d\u00e9dicacera son livre.<\/p>\n<p>La pr\u00e9sentation sera assur\u00e9e par notre coll\u00e8gue Hatem Bourial.<\/p>\n<p style=\"text-align: right;\"><strong>I. B.<\/strong><\/p>\n","protected":false},"excerpt":{"rendered":"<p>Anouar El Fani sera pr\u00e9sent, samedi 8 avril 2017, \u00e0 partir de 16h30, au Salon du Livre de Sousse, pour pr\u00e9senter son \u2018\u2018Journal d\u2019un apostat\u2019\u2019.<\/p>\n","protected":false},"author":8,"featured_media":90353,"comment_status":"open","ping_status":"open","sticky":false,"template":"","format":"standard","meta":{"footnotes":""},"categories":[994,2433],"tags":[17284],"class_list":["post-90352","post","type-post","status-publish","format-standard","has-post-thumbnail","hentry","category-culture","category-tunisie","tag-hatem-bourial"],"yoast_head":"<!-- This site is optimized with the Yoast SEO plugin v26.6 - https:\/\/yoast.com\/wordpress\/plugins\/seo\/ -->\n<title>Sousse : Pr\u00e9sentation du \u2018\u2018Journal d\u2019un apostat\u2019\u2019 d\u2019Anouar El Fani - Kapitalis<\/title>\n<meta name=\"robots\" content=\"index, follow, max-snippet:-1, max-image-preview:large, max-video-preview:-1\" \/>\n<link rel=\"canonical\" href=\"https:\/\/kapitalis.com\/tunisie\/2017\/04\/07\/sousse-presentation-du-journal-dun-apostat-danouar-el-fani\/\" \/>\n<meta property=\"og:locale\" content=\"fr_FR\" \/>\n<meta property=\"og:type\" content=\"article\" \/>\n<meta property=\"og:title\" content=\"Sousse : Pr\u00e9sentation du \u2018\u2018Journal d\u2019un apostat\u2019\u2019 d\u2019Anouar El Fani - Kapitalis\" \/>\n<meta property=\"og:description\" content=\"Anouar El Fani sera pr\u00e9sent, samedi 8 avril 2017, \u00e0 partir de 16h30, au Salon du Livre de Sousse, pour pr\u00e9senter son \u2018\u2018Journal d\u2019un apostat\u2019\u2019.\" \/>\n<meta property=\"og:url\" content=\"https:\/\/kapitalis.com\/tunisie\/2017\/04\/07\/sousse-presentation-du-journal-dun-apostat-danouar-el-fani\/\" \/>\n<meta property=\"og:site_name\" content=\"Kapitalis\" \/>\n<meta property=\"article:publisher\" content=\"https:\/\/www.facebook.com\/KapitalisInfo\/\" \/>\n<meta property=\"article:published_time\" content=\"2017-04-07T17:21:35+00:00\" \/>\n<meta property=\"og:image\" content=\"https:\/\/kapitalis.com\/tunisie\/wp-content\/uploads\/2022\/05\/kapitalis-logo-fb.png\" \/>\n\t<meta property=\"og:image:width\" content=\"1200\" \/>\n\t<meta property=\"og:image:height\" content=\"630\" \/>\n\t<meta property=\"og:image:type\" content=\"image\/png\" \/>\n<meta name=\"author\" content=\"webmaster kapitalis\" \/>\n<meta name=\"twitter:card\" content=\"summary_large_image\" \/>\n<meta name=\"twitter:creator\" content=\"@KapitalisInfo\" \/>\n<meta name=\"twitter:site\" content=\"@KapitalisInfo\" \/>\n<meta name=\"twitter:label1\" content=\"\u00c9crit par\" \/>\n\t<meta name=\"twitter:data1\" content=\"webmaster kapitalis\" \/>\n\t<meta name=\"twitter:label2\" content=\"Dur\u00e9e de lecture estim\u00e9e\" \/>\n\t<meta name=\"twitter:data2\" content=\"1 minute\" \/>\n<script type=\"application\/ld+json\" class=\"yoast-schema-graph\">{\"@context\":\"https:\/\/schema.org\",\"@graph\":[{\"@type\":\"Article\",\"@id\":\"https:\/\/kapitalis.com\/tunisie\/2017\/04\/07\/sousse-presentation-du-journal-dun-apostat-danouar-el-fani\/#article\",\"isPartOf\":{\"@id\":\"https:\/\/kapitalis.com\/tunisie\/2017\/04\/07\/sousse-presentation-du-journal-dun-apostat-danouar-el-fani\/\"},\"author\":{\"name\":\"webmaster kapitalis\",\"@id\":\"https:\/\/kapitalis.com\/tunisie\/#\/schema\/person\/d71f33a9ca44f7bad4698210b480c8e9\"},\"headline\":\"Sousse : Pr\u00e9sentation du \u2018\u2018Journal d\u2019un apostat\u2019\u2019 d\u2019Anouar El Fani\",\"datePublished\":\"2017-04-07T17:21:35+00:00\",\"mainEntityOfPage\":{\"@id\":\"https:\/\/kapitalis.com\/tunisie\/2017\/04\/07\/sousse-presentation-du-journal-dun-apostat-danouar-el-fani\/\"},\"wordCount\":159,\"commentCount\":5,\"publisher\":{\"@id\":\"https:\/\/kapitalis.com\/tunisie\/#organization\"},\"image\":{\"@id\":\"https:\/\/kapitalis.com\/tunisie\/2017\/04\/07\/sousse-presentation-du-journal-dun-apostat-danouar-el-fani\/#primaryimage\"},\"thumbnailUrl\":\"\",\"keywords\":[\"Hatem Bourial\"],\"articleSection\":[\"CULTURE\",\"Tunisie\"],\"inLanguage\":\"fr-FR\",\"potentialAction\":[{\"@type\":\"CommentAction\",\"name\":\"Comment\",\"target\":[\"https:\/\/kapitalis.com\/tunisie\/2017\/04\/07\/sousse-presentation-du-journal-dun-apostat-danouar-el-fani\/#respond\"]}]},{\"@type\":\"WebPage\",\"@id\":\"https:\/\/kapitalis.com\/tunisie\/2017\/04\/07\/sousse-presentation-du-journal-dun-apostat-danouar-el-fani\/\",\"url\":\"https:\/\/kapitalis.com\/tunisie\/2017\/04\/07\/sousse-presentation-du-journal-dun-apostat-danouar-el-fani\/\",\"name\":\"Sousse : Pr\u00e9sentation du \u2018\u2018Journal d\u2019un apostat\u2019\u2019 d\u2019Anouar El Fani - Kapitalis\",\"isPartOf\":{\"@id\":\"https:\/\/kapitalis.com\/tunisie\/#website\"},\"primaryImageOfPage\":{\"@id\":\"https:\/\/kapitalis.com\/tunisie\/2017\/04\/07\/sousse-presentation-du-journal-dun-apostat-danouar-el-fani\/#primaryimage\"},\"image\":{\"@id\":\"https:\/\/kapitalis.com\/tunisie\/2017\/04\/07\/sousse-presentation-du-journal-dun-apostat-danouar-el-fani\/#primaryimage\"},\"thumbnailUrl\":\"\",\"datePublished\":\"2017-04-07T17:21:35+00:00\",\"breadcrumb\":{\"@id\":\"https:\/\/kapitalis.com\/tunisie\/2017\/04\/07\/sousse-presentation-du-journal-dun-apostat-danouar-el-fani\/#breadcrumb\"},\"inLanguage\":\"fr-FR\",\"potentialAction\":[{\"@type\":\"ReadAction\",\"target\":[\"https:\/\/kapitalis.com\/tunisie\/2017\/04\/07\/sousse-presentation-du-journal-dun-apostat-danouar-el-fani\/\"]}]},{\"@type\":\"ImageObject\",\"inLanguage\":\"fr-FR\",\"@id\":\"https:\/\/kapitalis.com\/tunisie\/2017\/04\/07\/sousse-presentation-du-journal-dun-apostat-danouar-el-fani\/#primaryimage\",\"url\":\"\",\"contentUrl\":\"\"},{\"@type\":\"BreadcrumbList\",\"@id\":\"https:\/\/kapitalis.com\/tunisie\/2017\/04\/07\/sousse-presentation-du-journal-dun-apostat-danouar-el-fani\/#breadcrumb\",\"itemListElement\":[{\"@type\":\"ListItem\",\"position\":1,\"name\":\"Accueil\",\"item\":\"https:\/\/kapitalis.com\/tunisie\/\"},{\"@type\":\"ListItem\",\"position\":2,\"name\":\"Sousse : Pr\u00e9sentation du \u2018\u2018Journal d\u2019un apostat\u2019\u2019 d\u2019Anouar El Fani\"}]},{\"@type\":\"WebSite\",\"@id\":\"https:\/\/kapitalis.com\/tunisie\/#website\",\"url\":\"https:\/\/kapitalis.com\/tunisie\/\",\"name\":\"Kapitalis\",\"description\":\"L&#039;actualit\u00e9 en Tunisie et dans le monde\",\"publisher\":{\"@id\":\"https:\/\/kapitalis.com\/tunisie\/#organization\"},\"potentialAction\":[{\"@type\":\"SearchAction\",\"target\":{\"@type\":\"EntryPoint\",\"urlTemplate\":\"https:\/\/kapitalis.com\/tunisie\/?s={search_term_string}\"},\"query-input\":{\"@type\":\"PropertyValueSpecification\",\"valueRequired\":true,\"valueName\":\"search_term_string\"}}],\"inLanguage\":\"fr-FR\"},{\"@type\":\"Organization\",\"@id\":\"https:\/\/kapitalis.com\/tunisie\/#organization\",\"name\":\"Kapitalis\",\"url\":\"https:\/\/kapitalis.com\/tunisie\/\",\"logo\":{\"@type\":\"ImageObject\",\"inLanguage\":\"fr-FR\",\"@id\":\"https:\/\/kapitalis.com\/tunisie\/#\/schema\/logo\/image\/\",\"url\":\"https:\/\/kapitalis.com\/tunisie\/wp-content\/uploads\/2022\/05\/Kapitalis-big-size.png\",\"contentUrl\":\"https:\/\/kapitalis.com\/tunisie\/wp-content\/uploads\/2022\/05\/Kapitalis-big-size.png\",\"width\":5000,\"height\":1500,\"caption\":\"Kapitalis\"},\"image\":{\"@id\":\"https:\/\/kapitalis.com\/tunisie\/#\/schema\/logo\/image\/\"},\"sameAs\":[\"https:\/\/www.facebook.com\/KapitalisInfo\/\",\"https:\/\/x.com\/KapitalisInfo\",\"https:\/\/www.youtube.com\/channel\/UC-yDYrHyfFBWWZaOw3FPg9Q\"]},{\"@type\":\"Person\",\"@id\":\"https:\/\/kapitalis.com\/tunisie\/#\/schema\/person\/d71f33a9ca44f7bad4698210b480c8e9\",\"name\":\"webmaster kapitalis\",\"url\":\"https:\/\/kapitalis.com\/tunisie\/author\/webmaster-kapitalis\/\"}]}<\/script>\n<!-- \/ Yoast SEO plugin. -->","yoast_head_json":{"title":"Sousse : Pr\u00e9sentation du \u2018\u2018Journal d\u2019un apostat\u2019\u2019 d\u2019Anouar El Fani - Kapitalis","robots":{"index":"index","follow":"follow","max-snippet":"max-snippet:-1","max-image-preview":"max-image-preview:large","max-video-preview":"max-video-preview:-1"},"canonical":"https:\/\/kapitalis.com\/tunisie\/2017\/04\/07\/sousse-presentation-du-journal-dun-apostat-danouar-el-fani\/","og_locale":"fr_FR","og_type":"article","og_title":"Sousse : Pr\u00e9sentation du \u2018\u2018Journal d\u2019un apostat\u2019\u2019 d\u2019Anouar El Fani - Kapitalis","og_description":"Anouar El Fani sera pr\u00e9sent, samedi 8 avril 2017, \u00e0 partir de 16h30, au Salon du Livre de Sousse, pour pr\u00e9senter son \u2018\u2018Journal d\u2019un apostat\u2019\u2019.","og_url":"https:\/\/kapitalis.com\/tunisie\/2017\/04\/07\/sousse-presentation-du-journal-dun-apostat-danouar-el-fani\/","og_site_name":"Kapitalis","article_publisher":"https:\/\/www.facebook.com\/KapitalisInfo\/","article_published_time":"2017-04-07T17:21:35+00:00","og_image":[{"width":1200,"height":630,"url":"https:\/\/kapitalis.com\/tunisie\/wp-content\/uploads\/2022\/05\/kapitalis-logo-fb.png","type":"image\/png"}],"author":"webmaster kapitalis","twitter_card":"summary_large_image","twitter_creator":"@KapitalisInfo","twitter_site":"@KapitalisInfo","twitter_misc":{"\u00c9crit par":"webmaster kapitalis","Dur\u00e9e de lecture estim\u00e9e":"1 minute"},"schema":{"@context":"https:\/\/schema.org","@graph":[{"@type":"Article","@id":"https:\/\/kapitalis.com\/tunisie\/2017\/04\/07\/sousse-presentation-du-journal-dun-apostat-danouar-el-fani\/#article","isPartOf":{"@id":"https:\/\/kapitalis.com\/tunisie\/2017\/04\/07\/sousse-presentation-du-journal-dun-apostat-danouar-el-fani\/"},"author":{"name":"webmaster kapitalis","@id":"https:\/\/kapitalis.com\/tunisie\/#\/schema\/person\/d71f33a9ca44f7bad4698210b480c8e9"},"headline":"Sousse : Pr\u00e9sentation du \u2018\u2018Journal d\u2019un apostat\u2019\u2019 d\u2019Anouar El Fani","datePublished":"2017-04-07T17:21:35+00:00","mainEntityOfPage":{"@id":"https:\/\/kapitalis.com\/tunisie\/2017\/04\/07\/sousse-presentation-du-journal-dun-apostat-danouar-el-fani\/"},"wordCount":159,"commentCount":5,"publisher":{"@id":"https:\/\/kapitalis.com\/tunisie\/#organization"},"image":{"@id":"https:\/\/kapitalis.com\/tunisie\/2017\/04\/07\/sousse-presentation-du-journal-dun-apostat-danouar-el-fani\/#primaryimage"},"thumbnailUrl":"","keywords":["Hatem Bourial"],"articleSection":["CULTURE","Tunisie"],"inLanguage":"fr-FR","potentialAction":[{"@type":"CommentAction","name":"Comment","target":["https:\/\/kapitalis.com\/tunisie\/2017\/04\/07\/sousse-presentation-du-journal-dun-apostat-danouar-el-fani\/#respond"]}]},{"@type":"WebPage","@id":"https:\/\/kapitalis.com\/tunisie\/2017\/04\/07\/sousse-presentation-du-journal-dun-apostat-danouar-el-fani\/","url":"https:\/\/kapitalis.com\/tunisie\/2017\/04\/07\/sousse-presentation-du-journal-dun-apostat-danouar-el-fani\/","name":"Sousse : Pr\u00e9sentation du \u2018\u2018Journal d\u2019un apostat\u2019\u2019 d\u2019Anouar El Fani - Kapitalis","isPartOf":{"@id":"https:\/\/kapitalis.com\/tunisie\/#website"},"primaryImageOfPage":{"@id":"https:\/\/kapitalis.com\/tunisie\/2017\/04\/07\/sousse-presentation-du-journal-dun-apostat-danouar-el-fani\/#primaryimage"},"image":{"@id":"https:\/\/kapitalis.com\/tunisie\/2017\/04\/07\/sousse-presentation-du-journal-dun-apostat-danouar-el-fani\/#primaryimage"},"thumbnailUrl":"","datePublished":"2017-04-07T17:21:35+00:00","breadcrumb":{"@id":"https:\/\/kapitalis.com\/tunisie\/2017\/04\/07\/sousse-presentation-du-journal-dun-apostat-danouar-el-fani\/#breadcrumb"},"inLanguage":"fr-FR","potentialAction":[{"@type":"ReadAction","target":["https:\/\/kapitalis.com\/tunisie\/2017\/04\/07\/sousse-presentation-du-journal-dun-apostat-danouar-el-fani\/"]}]},{"@type":"ImageObject","inLanguage":"fr-FR","@id":"https:\/\/kapitalis.com\/tunisie\/2017\/04\/07\/sousse-presentation-du-journal-dun-apostat-danouar-el-fani\/#primaryimage","url":"","contentUrl":""},{"@type":"BreadcrumbList","@id":"https:\/\/kapitalis.com\/tunisie\/2017\/04\/07\/sousse-presentation-du-journal-dun-apostat-danouar-el-fani\/#breadcrumb","itemListElement":[{"@type":"ListItem","position":1,"name":"Accueil","item":"https:\/\/kapitalis.com\/tunisie\/"},{"@type":"ListItem","position":2,"name":"Sousse : Pr\u00e9sentation du \u2018\u2018Journal d\u2019un apostat\u2019\u2019 d\u2019Anouar El Fani"}]},{"@type":"WebSite","@id":"https:\/\/kapitalis.com\/tunisie\/#website","url":"https:\/\/kapitalis.com\/tunisie\/","name":"Kapitalis","description":"L&#039;actualit\u00e9 en Tunisie et dans le monde","publisher":{"@id":"https:\/\/kapitalis.com\/tunisie\/#organization"},"potentialAction":[{"@type":"SearchAction","target":{"@type":"EntryPoint","urlTemplate":"https:\/\/kapitalis.com\/tunisie\/?s={search_term_string}"},"query-input":{"@type":"PropertyValueSpecification","valueRequired":true,"valueName":"search_term_string"}}],"inLanguage":"fr-FR"},{"@type":"Organization","@id":"https:\/\/kapitalis.com\/tunisie\/#organization","name":"Kapitalis","url":"https:\/\/kapitalis.com\/tunisie\/","logo":{"@type":"ImageObject","inLanguage":"fr-FR","@id":"https:\/\/kapitalis.com\/tunisie\/#\/schema\/logo\/image\/","url":"https:\/\/kapitalis.com\/tunisie\/wp-content\/uploads\/2022\/05\/Kapitalis-big-size.png","contentUrl":"https:\/\/kapitalis.com\/tunisie\/wp-content\/uploads\/2022\/05\/Kapitalis-big-size.png","width":5000,"height":1500,"caption":"Kapitalis"},"image":{"@id":"https:\/\/kapitalis.com\/tunisie\/#\/schema\/logo\/image\/"},"sameAs":["https:\/\/www.facebook.com\/KapitalisInfo\/","https:\/\/x.com\/KapitalisInfo","https:\/\/www.youtube.com\/channel\/UC-yDYrHyfFBWWZaOw3FPg9Q"]},{"@type":"Person","@id":"https:\/\/kapitalis.com\/tunisie\/#\/schema\/person\/d71f33a9ca44f7bad4698210b480c8e9","name":"webmaster kapitalis","url":"https:\/\/kapitalis.com\/tunisie\/author\/webmaster-kapitalis\/"}]}},"_links":{"self":[{"href":"https:\/\/kapitalis.com\/tunisie\/wp-json\/wp\/v2\/posts\/90352","targetHints":{"allow":["GET"]}}],"collection":[{"href":"https:\/\/kapitalis.com\/tunisie\/wp-json\/wp\/v2\/posts"}],"about":[{"href":"https:\/\/kapitalis.com\/tunisie\/wp-json\/wp\/v2\/types\/post"}],"author":[{"embeddable":true,"href":"https:\/\/kapitalis.com\/tunisie\/wp-json\/wp\/v2\/users\/8"}],"replies":[{"embeddable":true,"href":"https:\/\/kapitalis.com\/tunisie\/wp-json\/wp\/v2\/comments?post=90352"}],"version-history":[{"count":0,"href":"https:\/\/kapitalis.com\/tunisie\/wp-json\/wp\/v2\/posts\/90352\/revisions"}],"wp:featuredmedia":[{"embeddable":true,"href":"https:\/\/kapitalis.com\/tunisie\/wp-json\/wp\/v2\/media\/90353"}],"wp:attachment":[{"href":"https:\/\/kapitalis.com\/tunisie\/wp-json\/wp\/v2\/media?parent=90352"}],"wp:term":[{"taxonomy":"category","embeddable":true,"href":"https:\/\/kapitalis.com\/tunisie\/wp-json\/wp\/v2\/categories?post=90352"},{"taxonomy":"post_tag","embeddable":true,"href":"https:\/\/kapitalis.com\/tunisie\/wp-json\/wp\/v2\/tags?post=90352"}],"curies":[{"name":"wp","href":"https:\/\/api.w.org\/{rel}","templated":true}]}}