{"id":9036360,"date":"2023-07-24T21:25:34","date_gmt":"2023-07-24T20:25:34","guid":{"rendered":"https:\/\/kapitalis.com\/tunisie\/?p=9036360"},"modified":"2023-07-25T06:47:40","modified_gmt":"2023-07-25T05:47:40","slug":"lancement-de-la-premiere-edition-de-ooredoo-music-fest-by-oppo","status":"publish","type":"post","link":"https:\/\/kapitalis.com\/tunisie\/2023\/07\/24\/lancement-de-la-premiere-edition-de-ooredoo-music-fest-by-oppo\/","title":{"rendered":"Lancement de la premi\u00e8re \u00e9dition de Ooredoo Music Fest"},"content":{"rendered":"\n<p><strong><em>Ayant une commune vision pour apporter le maximum de joie, de gaiet\u00e9 et de festivit\u00e9s aux Tunisiens, Ooredoo et OPPO s\u2019unissent autour de l\u2019organisation du plus grand festival de musique ouvert au public, le Ooredoo Music Fest by OPPO dans sa premi\u00e8re \u00e9dition.<\/em><\/strong><\/p>\n\n\n\n<!--more-->\n\n\n\n<p>Avec une tourn\u00e9e pr\u00e9vue dans plusieurs villes dont Mahdia, Monastir, Nabeul ou encore Djerba, le Ooredoo Music Fest by OPPO pr\u00e9voit une soir\u00e9e sensationnelle \u00e0 Sousse le 28 Juillet avec au programme Kafon, Zanfliga, Mortadha Fetiti, Hassen Doss, Maya ou encore Janjoun.<\/p>\n\n\n\n<p>La perle du Sahel brillera de mille feux pour le plus grand plaisir du public qui viendra profiter d\u2019un spectacle musical avec une programmation digne des plus grands festivals en r\u00e9pondant \u00e0 tous les go\u00fbts et genres musicaux, le tout en une soir\u00e9e qui s\u2019annonce m\u00e9morable.<\/p>\n\n\n\n<p>L\u2019union des deux leaders de la technologie mobile et des t\u00e9l\u00e9communications, s\u2019articule autour de leur projet commun d\u2019\u00eatre les fournisseurs par excellence de la joie des festivit\u00e9s estivales accessible \u00e0 tous les vacanciers et en satisfaisant les go\u00fbts et les pr\u00e9f\u00e9rences de chacun.<\/p>\n\n\n\n<p>Pour plus d\u2019informations sur les dates, les emplacements et le programme du Ooredoo Music Fest by OPPO rendez-vous sur nos r\u00e9seaux sociaux et stay tuned.<\/p>\n\n\n\n<p class=\"has-text-align-right\"><strong>Communiqu\u00e9<\/strong><\/p>\n","protected":false},"excerpt":{"rendered":"<p>Lancement de la premi\u00e8re \u00e9dition de Ooredoo Music Fest by OPPO<\/p>\n","protected":false},"author":6,"featured_media":9036402,"comment_status":"open","ping_status":"open","sticky":false,"template":"","format":"standard","meta":{"footnotes":""},"categories":[994,998,2433],"tags":[110088,565,633,650,678,110089,53258,62643],"class_list":["post-9036360","post","type-post","status-publish","format-standard","has-post-thumbnail","hentry","category-culture","category-societe","category-tunisie","tag-janjoun","tag-mahdia","tag-monastir","tag-nabeul","tag-ooredoo","tag-ooredoo-music-fest","tag-oppo","tag-tunisie"],"yoast_head":"<!-- This site is optimized with the Yoast SEO plugin v26.6 - https:\/\/yoast.com\/wordpress\/plugins\/seo\/ -->\n<title>Lancement de la premi\u00e8re \u00e9dition de Ooredoo Music Fest - Kapitalis<\/title>\n<meta name=\"description\" content=\"Ayant une commune vision pour apporter le maximum de joie, de gaiet\u00e9 et de festivit\u00e9s aux Tunisiens, Ooredoo et OPPO s\u2019unissent autour de l\u2019organisation du plus grand festival de musique ouvert au public, le Ooredoo Music Fest by OPPO dans sa premi\u00e8re \u00e9dition.\" \/>\n<meta name=\"robots\" content=\"index, follow, max-snippet:-1, max-image-preview:large, max-video-preview:-1\" \/>\n<link rel=\"canonical\" href=\"https:\/\/kapitalis.com\/tunisie\/2023\/07\/24\/lancement-de-la-premiere-edition-de-ooredoo-music-fest-by-oppo\/\" \/>\n<meta property=\"og:locale\" content=\"fr_FR\" \/>\n<meta property=\"og:type\" content=\"article\" \/>\n<meta property=\"og:title\" content=\"Lancement de la premi\u00e8re \u00e9dition de Ooredoo Music Fest - Kapitalis\" \/>\n<meta property=\"og:description\" content=\"Ayant une commune vision pour apporter le maximum de joie, de gaiet\u00e9 et de festivit\u00e9s aux Tunisiens, Ooredoo et OPPO s\u2019unissent autour de l\u2019organisation du plus grand festival de musique ouvert au public, le Ooredoo Music Fest by OPPO dans sa premi\u00e8re \u00e9dition.\" \/>\n<meta property=\"og:url\" content=\"https:\/\/kapitalis.com\/tunisie\/2023\/07\/24\/lancement-de-la-premiere-edition-de-ooredoo-music-fest-by-oppo\/\" \/>\n<meta property=\"og:site_name\" content=\"Kapitalis\" \/>\n<meta property=\"article:publisher\" content=\"https:\/\/www.facebook.com\/KapitalisInfo\/\" \/>\n<meta property=\"article:published_time\" content=\"2023-07-24T20:25:34+00:00\" \/>\n<meta property=\"article:modified_time\" content=\"2023-07-25T05:47:40+00:00\" \/>\n<meta property=\"og:image\" content=\"https:\/\/kapitalis.com\/tunisie\/wp-content\/uploads\/2023\/07\/Ooredoo-Music-Fest-by-OPPO.jpg\" \/>\n\t<meta property=\"og:image:width\" content=\"1200\" \/>\n\t<meta property=\"og:image:height\" content=\"630\" \/>\n\t<meta property=\"og:image:type\" content=\"image\/jpeg\" \/>\n<meta name=\"author\" content=\"Yusra NY\" \/>\n<meta name=\"twitter:card\" content=\"summary_large_image\" \/>\n<meta name=\"twitter:creator\" content=\"@KapitalisInfo\" \/>\n<meta name=\"twitter:site\" content=\"@KapitalisInfo\" \/>\n<meta name=\"twitter:label1\" content=\"\u00c9crit par\" \/>\n\t<meta name=\"twitter:data1\" content=\"Yusra NY\" \/>\n\t<meta name=\"twitter:label2\" content=\"Dur\u00e9e de lecture estim\u00e9e\" \/>\n\t<meta name=\"twitter:data2\" content=\"2 minutes\" \/>\n<script type=\"application\/ld+json\" class=\"yoast-schema-graph\">{\"@context\":\"https:\/\/schema.org\",\"@graph\":[{\"@type\":\"Article\",\"@id\":\"https:\/\/kapitalis.com\/tunisie\/2023\/07\/24\/lancement-de-la-premiere-edition-de-ooredoo-music-fest-by-oppo\/#article\",\"isPartOf\":{\"@id\":\"https:\/\/kapitalis.com\/tunisie\/2023\/07\/24\/lancement-de-la-premiere-edition-de-ooredoo-music-fest-by-oppo\/\"},\"author\":{\"name\":\"Yusra NY\",\"@id\":\"https:\/\/kapitalis.com\/tunisie\/#\/schema\/person\/74bbde0154d49d790a92aaeac5bc01d5\"},\"headline\":\"Lancement de la premi\u00e8re \u00e9dition de Ooredoo Music Fest\",\"datePublished\":\"2023-07-24T20:25:34+00:00\",\"dateModified\":\"2023-07-25T05:47:40+00:00\",\"mainEntityOfPage\":{\"@id\":\"https:\/\/kapitalis.com\/tunisie\/2023\/07\/24\/lancement-de-la-premiere-edition-de-ooredoo-music-fest-by-oppo\/\"},\"wordCount\":231,\"commentCount\":0,\"publisher\":{\"@id\":\"https:\/\/kapitalis.com\/tunisie\/#organization\"},\"image\":{\"@id\":\"https:\/\/kapitalis.com\/tunisie\/2023\/07\/24\/lancement-de-la-premiere-edition-de-ooredoo-music-fest-by-oppo\/#primaryimage\"},\"thumbnailUrl\":\"https:\/\/kapitalis.com\/tunisie\/wp-content\/uploads\/2023\/07\/Ooredoo-Music-Fest-by-OPPO.jpg\",\"keywords\":[\"Janjoun\",\"Mahdia\",\"Monastir\",\"Nabeul\",\"Ooredoo\",\"Ooredoo Music Fest\",\"Oppo\",\"Tunisie\"],\"articleSection\":[\"CULTURE\",\"SOCIETE\",\"Tunisie\"],\"inLanguage\":\"fr-FR\",\"potentialAction\":[{\"@type\":\"CommentAction\",\"name\":\"Comment\",\"target\":[\"https:\/\/kapitalis.com\/tunisie\/2023\/07\/24\/lancement-de-la-premiere-edition-de-ooredoo-music-fest-by-oppo\/#respond\"]}]},{\"@type\":\"WebPage\",\"@id\":\"https:\/\/kapitalis.com\/tunisie\/2023\/07\/24\/lancement-de-la-premiere-edition-de-ooredoo-music-fest-by-oppo\/\",\"url\":\"https:\/\/kapitalis.com\/tunisie\/2023\/07\/24\/lancement-de-la-premiere-edition-de-ooredoo-music-fest-by-oppo\/\",\"name\":\"Lancement de la premi\u00e8re \u00e9dition de Ooredoo Music Fest - Kapitalis\",\"isPartOf\":{\"@id\":\"https:\/\/kapitalis.com\/tunisie\/#website\"},\"primaryImageOfPage\":{\"@id\":\"https:\/\/kapitalis.com\/tunisie\/2023\/07\/24\/lancement-de-la-premiere-edition-de-ooredoo-music-fest-by-oppo\/#primaryimage\"},\"image\":{\"@id\":\"https:\/\/kapitalis.com\/tunisie\/2023\/07\/24\/lancement-de-la-premiere-edition-de-ooredoo-music-fest-by-oppo\/#primaryimage\"},\"thumbnailUrl\":\"https:\/\/kapitalis.com\/tunisie\/wp-content\/uploads\/2023\/07\/Ooredoo-Music-Fest-by-OPPO.jpg\",\"datePublished\":\"2023-07-24T20:25:34+00:00\",\"dateModified\":\"2023-07-25T05:47:40+00:00\",\"description\":\"Ayant une commune vision pour apporter le maximum de joie, de gaiet\u00e9 et de festivit\u00e9s aux Tunisiens, Ooredoo et OPPO s\u2019unissent autour de l\u2019organisation du plus grand festival de musique ouvert au public, le Ooredoo Music Fest by OPPO dans sa premi\u00e8re \u00e9dition.\",\"breadcrumb\":{\"@id\":\"https:\/\/kapitalis.com\/tunisie\/2023\/07\/24\/lancement-de-la-premiere-edition-de-ooredoo-music-fest-by-oppo\/#breadcrumb\"},\"inLanguage\":\"fr-FR\",\"potentialAction\":[{\"@type\":\"ReadAction\",\"target\":[\"https:\/\/kapitalis.com\/tunisie\/2023\/07\/24\/lancement-de-la-premiere-edition-de-ooredoo-music-fest-by-oppo\/\"]}]},{\"@type\":\"ImageObject\",\"inLanguage\":\"fr-FR\",\"@id\":\"https:\/\/kapitalis.com\/tunisie\/2023\/07\/24\/lancement-de-la-premiere-edition-de-ooredoo-music-fest-by-oppo\/#primaryimage\",\"url\":\"https:\/\/kapitalis.com\/tunisie\/wp-content\/uploads\/2023\/07\/Ooredoo-Music-Fest-by-OPPO.jpg\",\"contentUrl\":\"https:\/\/kapitalis.com\/tunisie\/wp-content\/uploads\/2023\/07\/Ooredoo-Music-Fest-by-OPPO.jpg\",\"width\":1200,\"height\":630},{\"@type\":\"BreadcrumbList\",\"@id\":\"https:\/\/kapitalis.com\/tunisie\/2023\/07\/24\/lancement-de-la-premiere-edition-de-ooredoo-music-fest-by-oppo\/#breadcrumb\",\"itemListElement\":[{\"@type\":\"ListItem\",\"position\":1,\"name\":\"Accueil\",\"item\":\"https:\/\/kapitalis.com\/tunisie\/\"},{\"@type\":\"ListItem\",\"position\":2,\"name\":\"Lancement de la premi\u00e8re \u00e9dition de Ooredoo Music Fest\"}]},{\"@type\":\"WebSite\",\"@id\":\"https:\/\/kapitalis.com\/tunisie\/#website\",\"url\":\"https:\/\/kapitalis.com\/tunisie\/\",\"name\":\"Kapitalis\",\"description\":\"L&#039;actualit\u00e9 en Tunisie et dans le monde\",\"publisher\":{\"@id\":\"https:\/\/kapitalis.com\/tunisie\/#organization\"},\"potentialAction\":[{\"@type\":\"SearchAction\",\"target\":{\"@type\":\"EntryPoint\",\"urlTemplate\":\"https:\/\/kapitalis.com\/tunisie\/?s={search_term_string}\"},\"query-input\":{\"@type\":\"PropertyValueSpecification\",\"valueRequired\":true,\"valueName\":\"search_term_string\"}}],\"inLanguage\":\"fr-FR\"},{\"@type\":\"Organization\",\"@id\":\"https:\/\/kapitalis.com\/tunisie\/#organization\",\"name\":\"Kapitalis\",\"url\":\"https:\/\/kapitalis.com\/tunisie\/\",\"logo\":{\"@type\":\"ImageObject\",\"inLanguage\":\"fr-FR\",\"@id\":\"https:\/\/kapitalis.com\/tunisie\/#\/schema\/logo\/image\/\",\"url\":\"https:\/\/kapitalis.com\/tunisie\/wp-content\/uploads\/2022\/05\/Kapitalis-big-size.png\",\"contentUrl\":\"https:\/\/kapitalis.com\/tunisie\/wp-content\/uploads\/2022\/05\/Kapitalis-big-size.png\",\"width\":5000,\"height\":1500,\"caption\":\"Kapitalis\"},\"image\":{\"@id\":\"https:\/\/kapitalis.com\/tunisie\/#\/schema\/logo\/image\/\"},\"sameAs\":[\"https:\/\/www.facebook.com\/KapitalisInfo\/\",\"https:\/\/x.com\/KapitalisInfo\",\"https:\/\/www.youtube.com\/channel\/UC-yDYrHyfFBWWZaOw3FPg9Q\"]},{\"@type\":\"Person\",\"@id\":\"https:\/\/kapitalis.com\/tunisie\/#\/schema\/person\/74bbde0154d49d790a92aaeac5bc01d5\",\"name\":\"Yusra NY\",\"url\":\"https:\/\/kapitalis.com\/tunisie\/author\/yuza_adam\/\"}]}<\/script>\n<!-- \/ Yoast SEO plugin. -->","yoast_head_json":{"title":"Lancement de la premi\u00e8re \u00e9dition de Ooredoo Music Fest - Kapitalis","description":"Ayant une commune vision pour apporter le maximum de joie, de gaiet\u00e9 et de festivit\u00e9s aux Tunisiens, Ooredoo et OPPO s\u2019unissent autour de l\u2019organisation du plus grand festival de musique ouvert au public, le Ooredoo Music Fest by OPPO dans sa premi\u00e8re \u00e9dition.","robots":{"index":"index","follow":"follow","max-snippet":"max-snippet:-1","max-image-preview":"max-image-preview:large","max-video-preview":"max-video-preview:-1"},"canonical":"https:\/\/kapitalis.com\/tunisie\/2023\/07\/24\/lancement-de-la-premiere-edition-de-ooredoo-music-fest-by-oppo\/","og_locale":"fr_FR","og_type":"article","og_title":"Lancement de la premi\u00e8re \u00e9dition de Ooredoo Music Fest - Kapitalis","og_description":"Ayant une commune vision pour apporter le maximum de joie, de gaiet\u00e9 et de festivit\u00e9s aux Tunisiens, Ooredoo et OPPO s\u2019unissent autour de l\u2019organisation du plus grand festival de musique ouvert au public, le Ooredoo Music Fest by OPPO dans sa premi\u00e8re \u00e9dition.","og_url":"https:\/\/kapitalis.com\/tunisie\/2023\/07\/24\/lancement-de-la-premiere-edition-de-ooredoo-music-fest-by-oppo\/","og_site_name":"Kapitalis","article_publisher":"https:\/\/www.facebook.com\/KapitalisInfo\/","article_published_time":"2023-07-24T20:25:34+00:00","article_modified_time":"2023-07-25T05:47:40+00:00","og_image":[{"width":1200,"height":630,"url":"https:\/\/kapitalis.com\/tunisie\/wp-content\/uploads\/2023\/07\/Ooredoo-Music-Fest-by-OPPO.jpg","type":"image\/jpeg"}],"author":"Yusra NY","twitter_card":"summary_large_image","twitter_creator":"@KapitalisInfo","twitter_site":"@KapitalisInfo","twitter_misc":{"\u00c9crit par":"Yusra NY","Dur\u00e9e de lecture estim\u00e9e":"2 minutes"},"schema":{"@context":"https:\/\/schema.org","@graph":[{"@type":"Article","@id":"https:\/\/kapitalis.com\/tunisie\/2023\/07\/24\/lancement-de-la-premiere-edition-de-ooredoo-music-fest-by-oppo\/#article","isPartOf":{"@id":"https:\/\/kapitalis.com\/tunisie\/2023\/07\/24\/lancement-de-la-premiere-edition-de-ooredoo-music-fest-by-oppo\/"},"author":{"name":"Yusra NY","@id":"https:\/\/kapitalis.com\/tunisie\/#\/schema\/person\/74bbde0154d49d790a92aaeac5bc01d5"},"headline":"Lancement de la premi\u00e8re \u00e9dition de Ooredoo Music Fest","datePublished":"2023-07-24T20:25:34+00:00","dateModified":"2023-07-25T05:47:40+00:00","mainEntityOfPage":{"@id":"https:\/\/kapitalis.com\/tunisie\/2023\/07\/24\/lancement-de-la-premiere-edition-de-ooredoo-music-fest-by-oppo\/"},"wordCount":231,"commentCount":0,"publisher":{"@id":"https:\/\/kapitalis.com\/tunisie\/#organization"},"image":{"@id":"https:\/\/kapitalis.com\/tunisie\/2023\/07\/24\/lancement-de-la-premiere-edition-de-ooredoo-music-fest-by-oppo\/#primaryimage"},"thumbnailUrl":"https:\/\/kapitalis.com\/tunisie\/wp-content\/uploads\/2023\/07\/Ooredoo-Music-Fest-by-OPPO.jpg","keywords":["Janjoun","Mahdia","Monastir","Nabeul","Ooredoo","Ooredoo Music Fest","Oppo","Tunisie"],"articleSection":["CULTURE","SOCIETE","Tunisie"],"inLanguage":"fr-FR","potentialAction":[{"@type":"CommentAction","name":"Comment","target":["https:\/\/kapitalis.com\/tunisie\/2023\/07\/24\/lancement-de-la-premiere-edition-de-ooredoo-music-fest-by-oppo\/#respond"]}]},{"@type":"WebPage","@id":"https:\/\/kapitalis.com\/tunisie\/2023\/07\/24\/lancement-de-la-premiere-edition-de-ooredoo-music-fest-by-oppo\/","url":"https:\/\/kapitalis.com\/tunisie\/2023\/07\/24\/lancement-de-la-premiere-edition-de-ooredoo-music-fest-by-oppo\/","name":"Lancement de la premi\u00e8re \u00e9dition de Ooredoo Music Fest - Kapitalis","isPartOf":{"@id":"https:\/\/kapitalis.com\/tunisie\/#website"},"primaryImageOfPage":{"@id":"https:\/\/kapitalis.com\/tunisie\/2023\/07\/24\/lancement-de-la-premiere-edition-de-ooredoo-music-fest-by-oppo\/#primaryimage"},"image":{"@id":"https:\/\/kapitalis.com\/tunisie\/2023\/07\/24\/lancement-de-la-premiere-edition-de-ooredoo-music-fest-by-oppo\/#primaryimage"},"thumbnailUrl":"https:\/\/kapitalis.com\/tunisie\/wp-content\/uploads\/2023\/07\/Ooredoo-Music-Fest-by-OPPO.jpg","datePublished":"2023-07-24T20:25:34+00:00","dateModified":"2023-07-25T05:47:40+00:00","description":"Ayant une commune vision pour apporter le maximum de joie, de gaiet\u00e9 et de festivit\u00e9s aux Tunisiens, Ooredoo et OPPO s\u2019unissent autour de l\u2019organisation du plus grand festival de musique ouvert au public, le Ooredoo Music Fest by OPPO dans sa premi\u00e8re \u00e9dition.","breadcrumb":{"@id":"https:\/\/kapitalis.com\/tunisie\/2023\/07\/24\/lancement-de-la-premiere-edition-de-ooredoo-music-fest-by-oppo\/#breadcrumb"},"inLanguage":"fr-FR","potentialAction":[{"@type":"ReadAction","target":["https:\/\/kapitalis.com\/tunisie\/2023\/07\/24\/lancement-de-la-premiere-edition-de-ooredoo-music-fest-by-oppo\/"]}]},{"@type":"ImageObject","inLanguage":"fr-FR","@id":"https:\/\/kapitalis.com\/tunisie\/2023\/07\/24\/lancement-de-la-premiere-edition-de-ooredoo-music-fest-by-oppo\/#primaryimage","url":"https:\/\/kapitalis.com\/tunisie\/wp-content\/uploads\/2023\/07\/Ooredoo-Music-Fest-by-OPPO.jpg","contentUrl":"https:\/\/kapitalis.com\/tunisie\/wp-content\/uploads\/2023\/07\/Ooredoo-Music-Fest-by-OPPO.jpg","width":1200,"height":630},{"@type":"BreadcrumbList","@id":"https:\/\/kapitalis.com\/tunisie\/2023\/07\/24\/lancement-de-la-premiere-edition-de-ooredoo-music-fest-by-oppo\/#breadcrumb","itemListElement":[{"@type":"ListItem","position":1,"name":"Accueil","item":"https:\/\/kapitalis.com\/tunisie\/"},{"@type":"ListItem","position":2,"name":"Lancement de la premi\u00e8re \u00e9dition de Ooredoo Music Fest"}]},{"@type":"WebSite","@id":"https:\/\/kapitalis.com\/tunisie\/#website","url":"https:\/\/kapitalis.com\/tunisie\/","name":"Kapitalis","description":"L&#039;actualit\u00e9 en Tunisie et dans le monde","publisher":{"@id":"https:\/\/kapitalis.com\/tunisie\/#organization"},"potentialAction":[{"@type":"SearchAction","target":{"@type":"EntryPoint","urlTemplate":"https:\/\/kapitalis.com\/tunisie\/?s={search_term_string}"},"query-input":{"@type":"PropertyValueSpecification","valueRequired":true,"valueName":"search_term_string"}}],"inLanguage":"fr-FR"},{"@type":"Organization","@id":"https:\/\/kapitalis.com\/tunisie\/#organization","name":"Kapitalis","url":"https:\/\/kapitalis.com\/tunisie\/","logo":{"@type":"ImageObject","inLanguage":"fr-FR","@id":"https:\/\/kapitalis.com\/tunisie\/#\/schema\/logo\/image\/","url":"https:\/\/kapitalis.com\/tunisie\/wp-content\/uploads\/2022\/05\/Kapitalis-big-size.png","contentUrl":"https:\/\/kapitalis.com\/tunisie\/wp-content\/uploads\/2022\/05\/Kapitalis-big-size.png","width":5000,"height":1500,"caption":"Kapitalis"},"image":{"@id":"https:\/\/kapitalis.com\/tunisie\/#\/schema\/logo\/image\/"},"sameAs":["https:\/\/www.facebook.com\/KapitalisInfo\/","https:\/\/x.com\/KapitalisInfo","https:\/\/www.youtube.com\/channel\/UC-yDYrHyfFBWWZaOw3FPg9Q"]},{"@type":"Person","@id":"https:\/\/kapitalis.com\/tunisie\/#\/schema\/person\/74bbde0154d49d790a92aaeac5bc01d5","name":"Yusra NY","url":"https:\/\/kapitalis.com\/tunisie\/author\/yuza_adam\/"}]}},"_links":{"self":[{"href":"https:\/\/kapitalis.com\/tunisie\/wp-json\/wp\/v2\/posts\/9036360","targetHints":{"allow":["GET"]}}],"collection":[{"href":"https:\/\/kapitalis.com\/tunisie\/wp-json\/wp\/v2\/posts"}],"about":[{"href":"https:\/\/kapitalis.com\/tunisie\/wp-json\/wp\/v2\/types\/post"}],"author":[{"embeddable":true,"href":"https:\/\/kapitalis.com\/tunisie\/wp-json\/wp\/v2\/users\/6"}],"replies":[{"embeddable":true,"href":"https:\/\/kapitalis.com\/tunisie\/wp-json\/wp\/v2\/comments?post=9036360"}],"version-history":[{"count":2,"href":"https:\/\/kapitalis.com\/tunisie\/wp-json\/wp\/v2\/posts\/9036360\/revisions"}],"predecessor-version":[{"id":9043086,"href":"https:\/\/kapitalis.com\/tunisie\/wp-json\/wp\/v2\/posts\/9036360\/revisions\/9043086"}],"wp:featuredmedia":[{"embeddable":true,"href":"https:\/\/kapitalis.com\/tunisie\/wp-json\/wp\/v2\/media\/9036402"}],"wp:attachment":[{"href":"https:\/\/kapitalis.com\/tunisie\/wp-json\/wp\/v2\/media?parent=9036360"}],"wp:term":[{"taxonomy":"category","embeddable":true,"href":"https:\/\/kapitalis.com\/tunisie\/wp-json\/wp\/v2\/categories?post=9036360"},{"taxonomy":"post_tag","embeddable":true,"href":"https:\/\/kapitalis.com\/tunisie\/wp-json\/wp\/v2\/tags?post=9036360"}],"curies":[{"name":"wp","href":"https:\/\/api.w.org\/{rel}","templated":true}]}}