{"id":90541,"date":"2017-04-09T12:07:43","date_gmt":"2017-04-09T11:07:43","guid":{"rendered":"http:\/\/kapitalis.com\/tunisie\/?p=90541"},"modified":"2017-04-09T12:29:50","modified_gmt":"2017-04-09T11:29:50","slug":"ouverture-des-jmc-le-passe-recompose","status":"publish","type":"post","link":"https:\/\/kapitalis.com\/tunisie\/2017\/04\/09\/ouverture-des-jmc-le-passe-recompose\/","title":{"rendered":"Ouverture des JMC : Le pass\u00e9 recompos\u00e9"},"content":{"rendered":"<p style=\"text-align: center;\"><img loading=\"lazy\" decoding=\"async\" class=\"alignnone size-full wp-image-90542\" src=\"http:\/\/kapitalis.com\/tunisie\/wp-content\/uploads\/2017\/04\/Raoudha-Abdallah-Gottayti.jpg\" alt=\"\" width=\"626\" height=\"380\" \/><\/p>\n<p style=\"text-align: center;\"><em>Raoudha Abdallah.<\/em><\/p>\n<p><em><strong>La 4e \u00e9dition des Journ\u00e9es musicales de Carthage (JMC) a d\u00e9marr\u00e9 hier soir, samedi 8 avril 2017, au palais des congr\u00e8s, \u00e0 Tunis.<\/strong> <\/em><\/p>\n<p><!--more--><\/p>\n<p>La soir\u00e9e a commenc\u00e9 par la projection d\u2019un spot de la pr\u00e9c\u00e9dente \u00e9dition, qui montre l\u2019ambiance joyeuse et color\u00e9e des concerts de rue.<\/p>\n<p>Juste apr\u00e8s le mot de bienvenue, les pr\u00e9sentateurs de la soir\u00e9e, Wael Toukabri et Peeka ont rendu hommages aux artistes disparus cette ann\u00e9e : Raja Ben Ammar, Mohamed Allem, H\u00e9di Tounsi et Mohamed Ahmed.<\/p>\n<p><img loading=\"lazy\" decoding=\"async\" class=\"wp-image-90545 aligncenter\" src=\"http:\/\/kapitalis.com\/tunisie\/wp-content\/uploads\/2017\/04\/HHAMDI-MAKHLOUF.jpg\" alt=\"Hamdi Makhlouf\" width=\"500\" height=\"334\" \/><\/p>\n<p style=\"text-align: center;\"><em>Hamdi Makhlouf, directeur de la 4e \u00e9dition.<\/em><\/p>\n<p>Le directeur des JMC, Hamdi Makhlouf, a donn\u00e9 le coup d\u2019envoi officiel de l\u2019\u00e9dition 2017 que le ministre des Affaires culturelles, Mohamed Zinelabidine a chaleureusement encourag\u00e9e.<\/p>\n<p>Puis on a proc\u00e9d\u00e9 \u00e0 la pr\u00e9sentation des membres des jurys. Celui de la comp\u00e9tition officielle est compos\u00e9 de Mamdouh Bahri, guitariste, compositeur et p\u00e9dagogue (Tunisie), Rabii Zammouri, compositeur, musicien et producteur (Tunisie), Raja Chebbi, po\u00e9tesse (Tunisie), Lena Chamamyan, chanteuse et compositrice (Syrie) et Smockey, musicien de hip-hop, rappeur, acteur et militant politique (Burkina Faso).<\/p>\n<p style=\"text-align: center;\"><img loading=\"lazy\" decoding=\"async\" class=\"alignnone size-full wp-image-90547\" src=\"http:\/\/kapitalis.com\/tunisie\/wp-content\/uploads\/2017\/04\/Mohamed-Zinelabidine-JMC-2017.jpg\" alt=\"\" width=\"500\" height=\"300\" \/><\/p>\n<p style=\"text-align: center;\"><em>Mohamed Zinelabidine.<\/em><\/p>\n<p>Le jury \u00abEnfant cr\u00e9ateur\u00bb se compose de Mehdi Trabelsi, pianiste et musicologue (Tunisie), Wahid Triki, guitariste, p\u00e9dagogue et homme de culture (Tunisie) et Remi Bendali, chanteuse pour enfants (Liban). La pr\u00e9sidente du jury n\u2019est autre que la c\u00e9l\u00e8bre chanteuse tunisienne Soulef.<\/p>\n<p style=\"text-align: center;\"><img loading=\"lazy\" decoding=\"async\" class=\"alignnone size-full wp-image-90546\" src=\"http:\/\/kapitalis.com\/tunisie\/wp-content\/uploads\/2017\/04\/Jury-JMC-2017.jpg\" alt=\"\" width=\"500\" height=\"300\" \/><\/p>\n<p style=\"text-align: center;\"><em>Les jurys des JMC 2017.<\/em><\/p>\n<p><strong>Raoudha Abdallah \u00abtresse\u00bb les sonorit\u00e9s du patrimoine<\/strong><\/p>\n<p>Le concert d\u2019ouverture a \u00e9t\u00e9 assur\u00e9 par Raoudha Abdallah avec son spectacle <em>\u2018\u2018Gottayti\u2019\u2019<\/em> (\u00ab<em>Ma tresse<\/em>\u00bb), aux sonorit\u00e9s inspir\u00e9es du patrimoine tunisien. Ce fut aussi une v\u00e9ritable tresse entre la musique et le visuel.<\/p>\n<p>Raoudha Abdallah a su tresser, en 8 chansons, un lien entre le temps et l\u2019espace, entre la nostalgie d\u2019antan et l\u2019espoir en l\u2019avenir.<\/p>\n<p>Nostalgie de l\u2019enfance, des amours d\u2019adolescence, des souvenirs qui impriment notre m\u00e9moire \u00e0 tout jamais.<\/p>\n<p style=\"text-align: center;\"><img loading=\"lazy\" decoding=\"async\" class=\"alignnone size-full wp-image-90548\" src=\"http:\/\/kapitalis.com\/tunisie\/wp-content\/uploads\/2017\/04\/Gottayti.jpg\" alt=\"\" width=\"500\" height=\"300\" \/><\/p>\n<p style=\"text-align: center;\"><em>Le patrimoine revisit\u00e9.\u00a0<\/em><\/p>\n<p style=\"text-align: left;\">Un parfum d\u2019<em>\u2018\u2018Elli fet\u2019\u2019<\/em>, de nostalgie des rythmes b\u00e9douins qui sortent de la terre et du fin fond des \u00e2mes de chacun de nous, qui <em>\u2018\u2018Saat\u2019\u2019 <\/em>(Des fois) nous emm\u00e8ne <em>\u2018\u2018Bin el-wedyen\u2019\u2019,<\/em> entre les fleuves musicaux.<\/p>\n<p>Le spectacle <em>\u2018\u2018Gottayti\u2019\u2019<\/em> a \u00e9t\u00e9 comme un cordon emmenant le public vers des rythmes africains du Mali et du Niger, tout en gardant des sonorit\u00e9s tunisiennes et en faisant faire aux corps des danseurs vers des mouvements du temps pass\u00e9.<\/p>\n<p style=\"text-align: right;\"><strong>I. B.<\/strong> (avec communiqu\u00e9).<\/p>\n","protected":false},"excerpt":{"rendered":"<p>Raoudha Abdallah. La 4e \u00e9dition des Journ\u00e9es musicales de Carthage (JMC) a d\u00e9marr\u00e9 hier soir, samedi 8 avril 2017, au palais des congr\u00e8s, \u00e0 Tunis.<\/p>\n","protected":false},"author":8,"featured_media":90542,"comment_status":"open","ping_status":"open","sticky":false,"template":"","format":"standard","meta":{"footnotes":""},"categories":[994,2433],"tags":[10705,10704,14831],"class_list":["post-90541","post","type-post","status-publish","format-standard","has-post-thumbnail","hentry","category-culture","category-tunisie","tag-jmc","tag-journees-musicales-de-carthage","tag-mohamed-zinelabidine"],"yoast_head":"<!-- This site is optimized with the Yoast SEO plugin v26.6 - https:\/\/yoast.com\/wordpress\/plugins\/seo\/ -->\n<title>Ouverture des JMC : Le pass\u00e9 recompos\u00e9 - Kapitalis<\/title>\n<meta name=\"robots\" content=\"index, follow, max-snippet:-1, max-image-preview:large, max-video-preview:-1\" \/>\n<link rel=\"canonical\" href=\"https:\/\/kapitalis.com\/tunisie\/2017\/04\/09\/ouverture-des-jmc-le-passe-recompose\/\" \/>\n<meta property=\"og:locale\" content=\"fr_FR\" \/>\n<meta property=\"og:type\" content=\"article\" \/>\n<meta property=\"og:title\" content=\"Ouverture des JMC : Le pass\u00e9 recompos\u00e9 - Kapitalis\" \/>\n<meta property=\"og:description\" content=\"Raoudha Abdallah. La 4e \u00e9dition des Journ\u00e9es musicales de Carthage (JMC) a d\u00e9marr\u00e9 hier soir, samedi 8 avril 2017, au palais des congr\u00e8s, \u00e0 Tunis.\" \/>\n<meta property=\"og:url\" content=\"https:\/\/kapitalis.com\/tunisie\/2017\/04\/09\/ouverture-des-jmc-le-passe-recompose\/\" \/>\n<meta property=\"og:site_name\" content=\"Kapitalis\" \/>\n<meta property=\"article:publisher\" content=\"https:\/\/www.facebook.com\/KapitalisInfo\/\" \/>\n<meta property=\"article:published_time\" content=\"2017-04-09T11:07:43+00:00\" \/>\n<meta property=\"article:modified_time\" content=\"2017-04-09T11:29:50+00:00\" \/>\n<meta property=\"og:image\" content=\"https:\/\/kapitalis.com\/tunisie\/wp-content\/uploads\/2022\/05\/kapitalis-logo-fb.png\" \/>\n\t<meta property=\"og:image:width\" content=\"1200\" \/>\n\t<meta property=\"og:image:height\" content=\"630\" \/>\n\t<meta property=\"og:image:type\" content=\"image\/png\" \/>\n<meta name=\"author\" content=\"webmaster kapitalis\" \/>\n<meta name=\"twitter:card\" content=\"summary_large_image\" \/>\n<meta name=\"twitter:creator\" content=\"@KapitalisInfo\" \/>\n<meta name=\"twitter:site\" content=\"@KapitalisInfo\" \/>\n<meta name=\"twitter:label1\" content=\"\u00c9crit par\" \/>\n\t<meta name=\"twitter:data1\" content=\"webmaster kapitalis\" \/>\n\t<meta name=\"twitter:label2\" content=\"Dur\u00e9e de lecture estim\u00e9e\" \/>\n\t<meta name=\"twitter:data2\" content=\"2 minutes\" \/>\n<script type=\"application\/ld+json\" class=\"yoast-schema-graph\">{\"@context\":\"https:\/\/schema.org\",\"@graph\":[{\"@type\":\"Article\",\"@id\":\"https:\/\/kapitalis.com\/tunisie\/2017\/04\/09\/ouverture-des-jmc-le-passe-recompose\/#article\",\"isPartOf\":{\"@id\":\"https:\/\/kapitalis.com\/tunisie\/2017\/04\/09\/ouverture-des-jmc-le-passe-recompose\/\"},\"author\":{\"name\":\"webmaster kapitalis\",\"@id\":\"https:\/\/kapitalis.com\/tunisie\/#\/schema\/person\/d71f33a9ca44f7bad4698210b480c8e9\"},\"headline\":\"Ouverture des JMC : Le pass\u00e9 recompos\u00e9\",\"datePublished\":\"2017-04-09T11:07:43+00:00\",\"dateModified\":\"2017-04-09T11:29:50+00:00\",\"mainEntityOfPage\":{\"@id\":\"https:\/\/kapitalis.com\/tunisie\/2017\/04\/09\/ouverture-des-jmc-le-passe-recompose\/\"},\"wordCount\":420,\"commentCount\":0,\"publisher\":{\"@id\":\"https:\/\/kapitalis.com\/tunisie\/#organization\"},\"image\":{\"@id\":\"https:\/\/kapitalis.com\/tunisie\/2017\/04\/09\/ouverture-des-jmc-le-passe-recompose\/#primaryimage\"},\"thumbnailUrl\":\"\",\"keywords\":[\"JMC\",\"Journ\u00e9es musicales de Carthage\",\"Mohamed Zinelabidine\"],\"articleSection\":[\"CULTURE\",\"Tunisie\"],\"inLanguage\":\"fr-FR\",\"potentialAction\":[{\"@type\":\"CommentAction\",\"name\":\"Comment\",\"target\":[\"https:\/\/kapitalis.com\/tunisie\/2017\/04\/09\/ouverture-des-jmc-le-passe-recompose\/#respond\"]}]},{\"@type\":\"WebPage\",\"@id\":\"https:\/\/kapitalis.com\/tunisie\/2017\/04\/09\/ouverture-des-jmc-le-passe-recompose\/\",\"url\":\"https:\/\/kapitalis.com\/tunisie\/2017\/04\/09\/ouverture-des-jmc-le-passe-recompose\/\",\"name\":\"Ouverture des JMC : Le pass\u00e9 recompos\u00e9 - Kapitalis\",\"isPartOf\":{\"@id\":\"https:\/\/kapitalis.com\/tunisie\/#website\"},\"primaryImageOfPage\":{\"@id\":\"https:\/\/kapitalis.com\/tunisie\/2017\/04\/09\/ouverture-des-jmc-le-passe-recompose\/#primaryimage\"},\"image\":{\"@id\":\"https:\/\/kapitalis.com\/tunisie\/2017\/04\/09\/ouverture-des-jmc-le-passe-recompose\/#primaryimage\"},\"thumbnailUrl\":\"\",\"datePublished\":\"2017-04-09T11:07:43+00:00\",\"dateModified\":\"2017-04-09T11:29:50+00:00\",\"breadcrumb\":{\"@id\":\"https:\/\/kapitalis.com\/tunisie\/2017\/04\/09\/ouverture-des-jmc-le-passe-recompose\/#breadcrumb\"},\"inLanguage\":\"fr-FR\",\"potentialAction\":[{\"@type\":\"ReadAction\",\"target\":[\"https:\/\/kapitalis.com\/tunisie\/2017\/04\/09\/ouverture-des-jmc-le-passe-recompose\/\"]}]},{\"@type\":\"ImageObject\",\"inLanguage\":\"fr-FR\",\"@id\":\"https:\/\/kapitalis.com\/tunisie\/2017\/04\/09\/ouverture-des-jmc-le-passe-recompose\/#primaryimage\",\"url\":\"\",\"contentUrl\":\"\"},{\"@type\":\"BreadcrumbList\",\"@id\":\"https:\/\/kapitalis.com\/tunisie\/2017\/04\/09\/ouverture-des-jmc-le-passe-recompose\/#breadcrumb\",\"itemListElement\":[{\"@type\":\"ListItem\",\"position\":1,\"name\":\"Accueil\",\"item\":\"https:\/\/kapitalis.com\/tunisie\/\"},{\"@type\":\"ListItem\",\"position\":2,\"name\":\"Ouverture des JMC : Le pass\u00e9 recompos\u00e9\"}]},{\"@type\":\"WebSite\",\"@id\":\"https:\/\/kapitalis.com\/tunisie\/#website\",\"url\":\"https:\/\/kapitalis.com\/tunisie\/\",\"name\":\"Kapitalis\",\"description\":\"L&#039;actualit\u00e9 en Tunisie et dans le monde\",\"publisher\":{\"@id\":\"https:\/\/kapitalis.com\/tunisie\/#organization\"},\"potentialAction\":[{\"@type\":\"SearchAction\",\"target\":{\"@type\":\"EntryPoint\",\"urlTemplate\":\"https:\/\/kapitalis.com\/tunisie\/?s={search_term_string}\"},\"query-input\":{\"@type\":\"PropertyValueSpecification\",\"valueRequired\":true,\"valueName\":\"search_term_string\"}}],\"inLanguage\":\"fr-FR\"},{\"@type\":\"Organization\",\"@id\":\"https:\/\/kapitalis.com\/tunisie\/#organization\",\"name\":\"Kapitalis\",\"url\":\"https:\/\/kapitalis.com\/tunisie\/\",\"logo\":{\"@type\":\"ImageObject\",\"inLanguage\":\"fr-FR\",\"@id\":\"https:\/\/kapitalis.com\/tunisie\/#\/schema\/logo\/image\/\",\"url\":\"https:\/\/kapitalis.com\/tunisie\/wp-content\/uploads\/2022\/05\/Kapitalis-big-size.png\",\"contentUrl\":\"https:\/\/kapitalis.com\/tunisie\/wp-content\/uploads\/2022\/05\/Kapitalis-big-size.png\",\"width\":5000,\"height\":1500,\"caption\":\"Kapitalis\"},\"image\":{\"@id\":\"https:\/\/kapitalis.com\/tunisie\/#\/schema\/logo\/image\/\"},\"sameAs\":[\"https:\/\/www.facebook.com\/KapitalisInfo\/\",\"https:\/\/x.com\/KapitalisInfo\",\"https:\/\/www.youtube.com\/channel\/UC-yDYrHyfFBWWZaOw3FPg9Q\"]},{\"@type\":\"Person\",\"@id\":\"https:\/\/kapitalis.com\/tunisie\/#\/schema\/person\/d71f33a9ca44f7bad4698210b480c8e9\",\"name\":\"webmaster kapitalis\",\"url\":\"https:\/\/kapitalis.com\/tunisie\/author\/webmaster-kapitalis\/\"}]}<\/script>\n<!-- \/ Yoast SEO plugin. -->","yoast_head_json":{"title":"Ouverture des JMC : Le pass\u00e9 recompos\u00e9 - Kapitalis","robots":{"index":"index","follow":"follow","max-snippet":"max-snippet:-1","max-image-preview":"max-image-preview:large","max-video-preview":"max-video-preview:-1"},"canonical":"https:\/\/kapitalis.com\/tunisie\/2017\/04\/09\/ouverture-des-jmc-le-passe-recompose\/","og_locale":"fr_FR","og_type":"article","og_title":"Ouverture des JMC : Le pass\u00e9 recompos\u00e9 - Kapitalis","og_description":"Raoudha Abdallah. La 4e \u00e9dition des Journ\u00e9es musicales de Carthage (JMC) a d\u00e9marr\u00e9 hier soir, samedi 8 avril 2017, au palais des congr\u00e8s, \u00e0 Tunis.","og_url":"https:\/\/kapitalis.com\/tunisie\/2017\/04\/09\/ouverture-des-jmc-le-passe-recompose\/","og_site_name":"Kapitalis","article_publisher":"https:\/\/www.facebook.com\/KapitalisInfo\/","article_published_time":"2017-04-09T11:07:43+00:00","article_modified_time":"2017-04-09T11:29:50+00:00","og_image":[{"width":1200,"height":630,"url":"https:\/\/kapitalis.com\/tunisie\/wp-content\/uploads\/2022\/05\/kapitalis-logo-fb.png","type":"image\/png"}],"author":"webmaster kapitalis","twitter_card":"summary_large_image","twitter_creator":"@KapitalisInfo","twitter_site":"@KapitalisInfo","twitter_misc":{"\u00c9crit par":"webmaster kapitalis","Dur\u00e9e de lecture estim\u00e9e":"2 minutes"},"schema":{"@context":"https:\/\/schema.org","@graph":[{"@type":"Article","@id":"https:\/\/kapitalis.com\/tunisie\/2017\/04\/09\/ouverture-des-jmc-le-passe-recompose\/#article","isPartOf":{"@id":"https:\/\/kapitalis.com\/tunisie\/2017\/04\/09\/ouverture-des-jmc-le-passe-recompose\/"},"author":{"name":"webmaster kapitalis","@id":"https:\/\/kapitalis.com\/tunisie\/#\/schema\/person\/d71f33a9ca44f7bad4698210b480c8e9"},"headline":"Ouverture des JMC : Le pass\u00e9 recompos\u00e9","datePublished":"2017-04-09T11:07:43+00:00","dateModified":"2017-04-09T11:29:50+00:00","mainEntityOfPage":{"@id":"https:\/\/kapitalis.com\/tunisie\/2017\/04\/09\/ouverture-des-jmc-le-passe-recompose\/"},"wordCount":420,"commentCount":0,"publisher":{"@id":"https:\/\/kapitalis.com\/tunisie\/#organization"},"image":{"@id":"https:\/\/kapitalis.com\/tunisie\/2017\/04\/09\/ouverture-des-jmc-le-passe-recompose\/#primaryimage"},"thumbnailUrl":"","keywords":["JMC","Journ\u00e9es musicales de Carthage","Mohamed Zinelabidine"],"articleSection":["CULTURE","Tunisie"],"inLanguage":"fr-FR","potentialAction":[{"@type":"CommentAction","name":"Comment","target":["https:\/\/kapitalis.com\/tunisie\/2017\/04\/09\/ouverture-des-jmc-le-passe-recompose\/#respond"]}]},{"@type":"WebPage","@id":"https:\/\/kapitalis.com\/tunisie\/2017\/04\/09\/ouverture-des-jmc-le-passe-recompose\/","url":"https:\/\/kapitalis.com\/tunisie\/2017\/04\/09\/ouverture-des-jmc-le-passe-recompose\/","name":"Ouverture des JMC : Le pass\u00e9 recompos\u00e9 - Kapitalis","isPartOf":{"@id":"https:\/\/kapitalis.com\/tunisie\/#website"},"primaryImageOfPage":{"@id":"https:\/\/kapitalis.com\/tunisie\/2017\/04\/09\/ouverture-des-jmc-le-passe-recompose\/#primaryimage"},"image":{"@id":"https:\/\/kapitalis.com\/tunisie\/2017\/04\/09\/ouverture-des-jmc-le-passe-recompose\/#primaryimage"},"thumbnailUrl":"","datePublished":"2017-04-09T11:07:43+00:00","dateModified":"2017-04-09T11:29:50+00:00","breadcrumb":{"@id":"https:\/\/kapitalis.com\/tunisie\/2017\/04\/09\/ouverture-des-jmc-le-passe-recompose\/#breadcrumb"},"inLanguage":"fr-FR","potentialAction":[{"@type":"ReadAction","target":["https:\/\/kapitalis.com\/tunisie\/2017\/04\/09\/ouverture-des-jmc-le-passe-recompose\/"]}]},{"@type":"ImageObject","inLanguage":"fr-FR","@id":"https:\/\/kapitalis.com\/tunisie\/2017\/04\/09\/ouverture-des-jmc-le-passe-recompose\/#primaryimage","url":"","contentUrl":""},{"@type":"BreadcrumbList","@id":"https:\/\/kapitalis.com\/tunisie\/2017\/04\/09\/ouverture-des-jmc-le-passe-recompose\/#breadcrumb","itemListElement":[{"@type":"ListItem","position":1,"name":"Accueil","item":"https:\/\/kapitalis.com\/tunisie\/"},{"@type":"ListItem","position":2,"name":"Ouverture des JMC : Le pass\u00e9 recompos\u00e9"}]},{"@type":"WebSite","@id":"https:\/\/kapitalis.com\/tunisie\/#website","url":"https:\/\/kapitalis.com\/tunisie\/","name":"Kapitalis","description":"L&#039;actualit\u00e9 en Tunisie et dans le monde","publisher":{"@id":"https:\/\/kapitalis.com\/tunisie\/#organization"},"potentialAction":[{"@type":"SearchAction","target":{"@type":"EntryPoint","urlTemplate":"https:\/\/kapitalis.com\/tunisie\/?s={search_term_string}"},"query-input":{"@type":"PropertyValueSpecification","valueRequired":true,"valueName":"search_term_string"}}],"inLanguage":"fr-FR"},{"@type":"Organization","@id":"https:\/\/kapitalis.com\/tunisie\/#organization","name":"Kapitalis","url":"https:\/\/kapitalis.com\/tunisie\/","logo":{"@type":"ImageObject","inLanguage":"fr-FR","@id":"https:\/\/kapitalis.com\/tunisie\/#\/schema\/logo\/image\/","url":"https:\/\/kapitalis.com\/tunisie\/wp-content\/uploads\/2022\/05\/Kapitalis-big-size.png","contentUrl":"https:\/\/kapitalis.com\/tunisie\/wp-content\/uploads\/2022\/05\/Kapitalis-big-size.png","width":5000,"height":1500,"caption":"Kapitalis"},"image":{"@id":"https:\/\/kapitalis.com\/tunisie\/#\/schema\/logo\/image\/"},"sameAs":["https:\/\/www.facebook.com\/KapitalisInfo\/","https:\/\/x.com\/KapitalisInfo","https:\/\/www.youtube.com\/channel\/UC-yDYrHyfFBWWZaOw3FPg9Q"]},{"@type":"Person","@id":"https:\/\/kapitalis.com\/tunisie\/#\/schema\/person\/d71f33a9ca44f7bad4698210b480c8e9","name":"webmaster kapitalis","url":"https:\/\/kapitalis.com\/tunisie\/author\/webmaster-kapitalis\/"}]}},"_links":{"self":[{"href":"https:\/\/kapitalis.com\/tunisie\/wp-json\/wp\/v2\/posts\/90541","targetHints":{"allow":["GET"]}}],"collection":[{"href":"https:\/\/kapitalis.com\/tunisie\/wp-json\/wp\/v2\/posts"}],"about":[{"href":"https:\/\/kapitalis.com\/tunisie\/wp-json\/wp\/v2\/types\/post"}],"author":[{"embeddable":true,"href":"https:\/\/kapitalis.com\/tunisie\/wp-json\/wp\/v2\/users\/8"}],"replies":[{"embeddable":true,"href":"https:\/\/kapitalis.com\/tunisie\/wp-json\/wp\/v2\/comments?post=90541"}],"version-history":[{"count":0,"href":"https:\/\/kapitalis.com\/tunisie\/wp-json\/wp\/v2\/posts\/90541\/revisions"}],"wp:featuredmedia":[{"embeddable":true,"href":"https:\/\/kapitalis.com\/tunisie\/wp-json\/wp\/v2\/media\/90542"}],"wp:attachment":[{"href":"https:\/\/kapitalis.com\/tunisie\/wp-json\/wp\/v2\/media?parent=90541"}],"wp:term":[{"taxonomy":"category","embeddable":true,"href":"https:\/\/kapitalis.com\/tunisie\/wp-json\/wp\/v2\/categories?post=90541"},{"taxonomy":"post_tag","embeddable":true,"href":"https:\/\/kapitalis.com\/tunisie\/wp-json\/wp\/v2\/tags?post=90541"}],"curies":[{"name":"wp","href":"https:\/\/api.w.org\/{rel}","templated":true}]}}