{"id":9056594,"date":"2023-07-26T09:41:18","date_gmt":"2023-07-26T08:41:18","guid":{"rendered":"https:\/\/kapitalis.com\/tunisie\/?p=9056594"},"modified":"2023-07-26T09:41:22","modified_gmt":"2023-07-26T08:41:22","slug":"le-cinema-tunisien-fortement-present-au-festival-international-damman","status":"publish","type":"post","link":"https:\/\/kapitalis.com\/tunisie\/2023\/07\/26\/le-cinema-tunisien-fortement-present-au-festival-international-damman\/","title":{"rendered":"Le cin\u00e9ma tunisien fortement pr\u00e9sent au Festival international d\u2019Amman"},"content":{"rendered":"\n<p><em><strong>Plusieurs films tunisiens font cette ann\u00e9e partie du Amman international Film Festival, et ce, dans les diff\u00e9rentes sections du programme.<\/strong><\/em><\/p>\n\n\n\n<!--more-->\n\n\n\n<p>La quatri\u00e8me \u00e9dition du Festival international du Film d\u2019Amman aura lieu du 15 au 22 ao\u00fbt. Cette jeune manifestation cin\u00e9matographique met la lumi\u00e8re sur les derni\u00e8res productions arabes et met en comp\u00e9tition le meilleur du cin\u00e9ma d\u2019auteur arabe.<\/p>\n\n\n\n<p>Le cin\u00e9ma tunisien y sera repr\u00e9sent\u00e9 dans toutes les sections de la comp\u00e9tition officielle\u00a0: \u00ab\u00a0<em>Trinou<\/em>\u00a0\u00bb de N\u00e9jib Kthiri, \u00ab<em>\u00a0Road el Kef\u00a0<\/em>\u00bb d\u2019Ihsen Kammoun et \u00ab\u00a0<em>Awama<\/em>\u00a0\u00bb de Mourad Kalai (comp\u00e9tition des courts-m\u00e9trages), \u00ab\u00a0<em>Je reviendrai l\u00e0-bas<\/em>\u00a0\u00bb de Yassine Redissi (comp\u00e9tition des longs-m\u00e9trages documentaires), \u00ab\u00a0<em>Ashkal<\/em>\u00a0\u00bb de Youssef Chebbi (comp\u00e9tition des longs-m\u00e9trages de fiction).<\/p>\n\n\n\n<p>Dans la section non comp\u00e9titive \u00ab\u00a0Franco-arab rendez-vous\u00a0\u00bb, on trouve \u00e9galement \u00ab\u00a0<em>Harka<\/em>\u00a0\u00bb de Lotfy Nathan et \u00ab\u00a0<em>Sous les figues<\/em>\u00a0\u00bb d\u2019Erige Sehiri.<\/p>\n\n\n\n<p class=\"has-text-align-right\"><strong>F.B<\/strong><\/p>\n","protected":false},"excerpt":{"rendered":"<p>Plusieurs films tunisiens font cette ann\u00e9e partie du Amman international Film Festival, et ce, dans les diff\u00e9rentes sections du programme.<\/p>\n","protected":false},"author":26,"featured_media":9056782,"comment_status":"open","ping_status":"open","sticky":false,"template":"","format":"standard","meta":{"footnotes":""},"categories":[994,2433],"tags":[110116,9668,62643],"class_list":["post-9056594","post","type-post","status-publish","format-standard","has-post-thumbnail","hentry","category-culture","category-tunisie","tag-amman-festival","tag-cinema-tunisien","tag-tunisie"],"yoast_head":"<!-- This site is optimized with the Yoast SEO plugin v26.6 - https:\/\/yoast.com\/wordpress\/plugins\/seo\/ -->\n<title>Le cin\u00e9ma tunisien fortement pr\u00e9sent au Festival international d\u2019Amman - Kapitalis<\/title>\n<meta name=\"robots\" content=\"index, follow, max-snippet:-1, max-image-preview:large, max-video-preview:-1\" \/>\n<link rel=\"canonical\" href=\"https:\/\/kapitalis.com\/tunisie\/2023\/07\/26\/le-cinema-tunisien-fortement-present-au-festival-international-damman\/\" \/>\n<meta property=\"og:locale\" content=\"fr_FR\" \/>\n<meta property=\"og:type\" content=\"article\" \/>\n<meta property=\"og:title\" content=\"Le cin\u00e9ma tunisien fortement pr\u00e9sent au Festival international d\u2019Amman - Kapitalis\" \/>\n<meta property=\"og:description\" content=\"Plusieurs films tunisiens font cette ann\u00e9e partie du Amman international Film Festival, et ce, dans les diff\u00e9rentes sections du programme.\" \/>\n<meta property=\"og:url\" content=\"https:\/\/kapitalis.com\/tunisie\/2023\/07\/26\/le-cinema-tunisien-fortement-present-au-festival-international-damman\/\" \/>\n<meta property=\"og:site_name\" content=\"Kapitalis\" \/>\n<meta property=\"article:publisher\" content=\"https:\/\/www.facebook.com\/KapitalisInfo\/\" \/>\n<meta property=\"article:published_time\" content=\"2023-07-26T08:41:18+00:00\" \/>\n<meta property=\"article:modified_time\" content=\"2023-07-26T08:41:22+00:00\" \/>\n<meta property=\"og:image\" content=\"https:\/\/kapitalis.com\/tunisie\/wp-content\/uploads\/2023\/07\/Amman-Film-Festival.jpg\" \/>\n\t<meta property=\"og:image:width\" content=\"1200\" \/>\n\t<meta property=\"og:image:height\" content=\"630\" \/>\n\t<meta property=\"og:image:type\" content=\"image\/jpeg\" \/>\n<meta name=\"author\" content=\"Fawz BenAli\" \/>\n<meta name=\"twitter:card\" content=\"summary_large_image\" \/>\n<meta name=\"twitter:creator\" content=\"@KapitalisInfo\" \/>\n<meta name=\"twitter:site\" content=\"@KapitalisInfo\" \/>\n<meta name=\"twitter:label1\" content=\"\u00c9crit par\" \/>\n\t<meta name=\"twitter:data1\" content=\"Fawz BenAli\" \/>\n\t<meta name=\"twitter:label2\" content=\"Dur\u00e9e de lecture estim\u00e9e\" \/>\n\t<meta name=\"twitter:data2\" content=\"1 minute\" \/>\n<script type=\"application\/ld+json\" class=\"yoast-schema-graph\">{\"@context\":\"https:\/\/schema.org\",\"@graph\":[{\"@type\":\"Article\",\"@id\":\"https:\/\/kapitalis.com\/tunisie\/2023\/07\/26\/le-cinema-tunisien-fortement-present-au-festival-international-damman\/#article\",\"isPartOf\":{\"@id\":\"https:\/\/kapitalis.com\/tunisie\/2023\/07\/26\/le-cinema-tunisien-fortement-present-au-festival-international-damman\/\"},\"author\":{\"name\":\"Fawz BenAli\",\"@id\":\"https:\/\/kapitalis.com\/tunisie\/#\/schema\/person\/73a5ecc1f6ae540c6ed91342eadca948\"},\"headline\":\"Le cin\u00e9ma tunisien fortement pr\u00e9sent au Festival international d\u2019Amman\",\"datePublished\":\"2023-07-26T08:41:18+00:00\",\"dateModified\":\"2023-07-26T08:41:22+00:00\",\"mainEntityOfPage\":{\"@id\":\"https:\/\/kapitalis.com\/tunisie\/2023\/07\/26\/le-cinema-tunisien-fortement-present-au-festival-international-damman\/\"},\"wordCount\":165,\"commentCount\":0,\"publisher\":{\"@id\":\"https:\/\/kapitalis.com\/tunisie\/#organization\"},\"image\":{\"@id\":\"https:\/\/kapitalis.com\/tunisie\/2023\/07\/26\/le-cinema-tunisien-fortement-present-au-festival-international-damman\/#primaryimage\"},\"thumbnailUrl\":\"https:\/\/kapitalis.com\/tunisie\/wp-content\/uploads\/2023\/07\/Amman-Film-Festival.jpg\",\"keywords\":[\"Amman Festival\",\"cin\u00e9ma tunisien\",\"Tunisie\"],\"articleSection\":[\"CULTURE\",\"Tunisie\"],\"inLanguage\":\"fr-FR\",\"potentialAction\":[{\"@type\":\"CommentAction\",\"name\":\"Comment\",\"target\":[\"https:\/\/kapitalis.com\/tunisie\/2023\/07\/26\/le-cinema-tunisien-fortement-present-au-festival-international-damman\/#respond\"]}]},{\"@type\":\"WebPage\",\"@id\":\"https:\/\/kapitalis.com\/tunisie\/2023\/07\/26\/le-cinema-tunisien-fortement-present-au-festival-international-damman\/\",\"url\":\"https:\/\/kapitalis.com\/tunisie\/2023\/07\/26\/le-cinema-tunisien-fortement-present-au-festival-international-damman\/\",\"name\":\"Le cin\u00e9ma tunisien fortement pr\u00e9sent au Festival international d\u2019Amman - Kapitalis\",\"isPartOf\":{\"@id\":\"https:\/\/kapitalis.com\/tunisie\/#website\"},\"primaryImageOfPage\":{\"@id\":\"https:\/\/kapitalis.com\/tunisie\/2023\/07\/26\/le-cinema-tunisien-fortement-present-au-festival-international-damman\/#primaryimage\"},\"image\":{\"@id\":\"https:\/\/kapitalis.com\/tunisie\/2023\/07\/26\/le-cinema-tunisien-fortement-present-au-festival-international-damman\/#primaryimage\"},\"thumbnailUrl\":\"https:\/\/kapitalis.com\/tunisie\/wp-content\/uploads\/2023\/07\/Amman-Film-Festival.jpg\",\"datePublished\":\"2023-07-26T08:41:18+00:00\",\"dateModified\":\"2023-07-26T08:41:22+00:00\",\"breadcrumb\":{\"@id\":\"https:\/\/kapitalis.com\/tunisie\/2023\/07\/26\/le-cinema-tunisien-fortement-present-au-festival-international-damman\/#breadcrumb\"},\"inLanguage\":\"fr-FR\",\"potentialAction\":[{\"@type\":\"ReadAction\",\"target\":[\"https:\/\/kapitalis.com\/tunisie\/2023\/07\/26\/le-cinema-tunisien-fortement-present-au-festival-international-damman\/\"]}]},{\"@type\":\"ImageObject\",\"inLanguage\":\"fr-FR\",\"@id\":\"https:\/\/kapitalis.com\/tunisie\/2023\/07\/26\/le-cinema-tunisien-fortement-present-au-festival-international-damman\/#primaryimage\",\"url\":\"https:\/\/kapitalis.com\/tunisie\/wp-content\/uploads\/2023\/07\/Amman-Film-Festival.jpg\",\"contentUrl\":\"https:\/\/kapitalis.com\/tunisie\/wp-content\/uploads\/2023\/07\/Amman-Film-Festival.jpg\",\"width\":1200,\"height\":630},{\"@type\":\"BreadcrumbList\",\"@id\":\"https:\/\/kapitalis.com\/tunisie\/2023\/07\/26\/le-cinema-tunisien-fortement-present-au-festival-international-damman\/#breadcrumb\",\"itemListElement\":[{\"@type\":\"ListItem\",\"position\":1,\"name\":\"Accueil\",\"item\":\"https:\/\/kapitalis.com\/tunisie\/\"},{\"@type\":\"ListItem\",\"position\":2,\"name\":\"Le cin\u00e9ma tunisien fortement pr\u00e9sent au Festival international d\u2019Amman\"}]},{\"@type\":\"WebSite\",\"@id\":\"https:\/\/kapitalis.com\/tunisie\/#website\",\"url\":\"https:\/\/kapitalis.com\/tunisie\/\",\"name\":\"Kapitalis\",\"description\":\"L&#039;actualit\u00e9 en Tunisie et dans le monde\",\"publisher\":{\"@id\":\"https:\/\/kapitalis.com\/tunisie\/#organization\"},\"potentialAction\":[{\"@type\":\"SearchAction\",\"target\":{\"@type\":\"EntryPoint\",\"urlTemplate\":\"https:\/\/kapitalis.com\/tunisie\/?s={search_term_string}\"},\"query-input\":{\"@type\":\"PropertyValueSpecification\",\"valueRequired\":true,\"valueName\":\"search_term_string\"}}],\"inLanguage\":\"fr-FR\"},{\"@type\":\"Organization\",\"@id\":\"https:\/\/kapitalis.com\/tunisie\/#organization\",\"name\":\"Kapitalis\",\"url\":\"https:\/\/kapitalis.com\/tunisie\/\",\"logo\":{\"@type\":\"ImageObject\",\"inLanguage\":\"fr-FR\",\"@id\":\"https:\/\/kapitalis.com\/tunisie\/#\/schema\/logo\/image\/\",\"url\":\"https:\/\/kapitalis.com\/tunisie\/wp-content\/uploads\/2022\/05\/Kapitalis-big-size.png\",\"contentUrl\":\"https:\/\/kapitalis.com\/tunisie\/wp-content\/uploads\/2022\/05\/Kapitalis-big-size.png\",\"width\":5000,\"height\":1500,\"caption\":\"Kapitalis\"},\"image\":{\"@id\":\"https:\/\/kapitalis.com\/tunisie\/#\/schema\/logo\/image\/\"},\"sameAs\":[\"https:\/\/www.facebook.com\/KapitalisInfo\/\",\"https:\/\/x.com\/KapitalisInfo\",\"https:\/\/www.youtube.com\/channel\/UC-yDYrHyfFBWWZaOw3FPg9Q\"]},{\"@type\":\"Person\",\"@id\":\"https:\/\/kapitalis.com\/tunisie\/#\/schema\/person\/73a5ecc1f6ae540c6ed91342eadca948\",\"name\":\"Fawz BenAli\",\"url\":\"https:\/\/kapitalis.com\/tunisie\/author\/fawz\/\"}]}<\/script>\n<!-- \/ Yoast SEO plugin. -->","yoast_head_json":{"title":"Le cin\u00e9ma tunisien fortement pr\u00e9sent au Festival international d\u2019Amman - Kapitalis","robots":{"index":"index","follow":"follow","max-snippet":"max-snippet:-1","max-image-preview":"max-image-preview:large","max-video-preview":"max-video-preview:-1"},"canonical":"https:\/\/kapitalis.com\/tunisie\/2023\/07\/26\/le-cinema-tunisien-fortement-present-au-festival-international-damman\/","og_locale":"fr_FR","og_type":"article","og_title":"Le cin\u00e9ma tunisien fortement pr\u00e9sent au Festival international d\u2019Amman - Kapitalis","og_description":"Plusieurs films tunisiens font cette ann\u00e9e partie du Amman international Film Festival, et ce, dans les diff\u00e9rentes sections du programme.","og_url":"https:\/\/kapitalis.com\/tunisie\/2023\/07\/26\/le-cinema-tunisien-fortement-present-au-festival-international-damman\/","og_site_name":"Kapitalis","article_publisher":"https:\/\/www.facebook.com\/KapitalisInfo\/","article_published_time":"2023-07-26T08:41:18+00:00","article_modified_time":"2023-07-26T08:41:22+00:00","og_image":[{"width":1200,"height":630,"url":"https:\/\/kapitalis.com\/tunisie\/wp-content\/uploads\/2023\/07\/Amman-Film-Festival.jpg","type":"image\/jpeg"}],"author":"Fawz BenAli","twitter_card":"summary_large_image","twitter_creator":"@KapitalisInfo","twitter_site":"@KapitalisInfo","twitter_misc":{"\u00c9crit par":"Fawz BenAli","Dur\u00e9e de lecture estim\u00e9e":"1 minute"},"schema":{"@context":"https:\/\/schema.org","@graph":[{"@type":"Article","@id":"https:\/\/kapitalis.com\/tunisie\/2023\/07\/26\/le-cinema-tunisien-fortement-present-au-festival-international-damman\/#article","isPartOf":{"@id":"https:\/\/kapitalis.com\/tunisie\/2023\/07\/26\/le-cinema-tunisien-fortement-present-au-festival-international-damman\/"},"author":{"name":"Fawz BenAli","@id":"https:\/\/kapitalis.com\/tunisie\/#\/schema\/person\/73a5ecc1f6ae540c6ed91342eadca948"},"headline":"Le cin\u00e9ma tunisien fortement pr\u00e9sent au Festival international d\u2019Amman","datePublished":"2023-07-26T08:41:18+00:00","dateModified":"2023-07-26T08:41:22+00:00","mainEntityOfPage":{"@id":"https:\/\/kapitalis.com\/tunisie\/2023\/07\/26\/le-cinema-tunisien-fortement-present-au-festival-international-damman\/"},"wordCount":165,"commentCount":0,"publisher":{"@id":"https:\/\/kapitalis.com\/tunisie\/#organization"},"image":{"@id":"https:\/\/kapitalis.com\/tunisie\/2023\/07\/26\/le-cinema-tunisien-fortement-present-au-festival-international-damman\/#primaryimage"},"thumbnailUrl":"https:\/\/kapitalis.com\/tunisie\/wp-content\/uploads\/2023\/07\/Amman-Film-Festival.jpg","keywords":["Amman Festival","cin\u00e9ma tunisien","Tunisie"],"articleSection":["CULTURE","Tunisie"],"inLanguage":"fr-FR","potentialAction":[{"@type":"CommentAction","name":"Comment","target":["https:\/\/kapitalis.com\/tunisie\/2023\/07\/26\/le-cinema-tunisien-fortement-present-au-festival-international-damman\/#respond"]}]},{"@type":"WebPage","@id":"https:\/\/kapitalis.com\/tunisie\/2023\/07\/26\/le-cinema-tunisien-fortement-present-au-festival-international-damman\/","url":"https:\/\/kapitalis.com\/tunisie\/2023\/07\/26\/le-cinema-tunisien-fortement-present-au-festival-international-damman\/","name":"Le cin\u00e9ma tunisien fortement pr\u00e9sent au Festival international d\u2019Amman - Kapitalis","isPartOf":{"@id":"https:\/\/kapitalis.com\/tunisie\/#website"},"primaryImageOfPage":{"@id":"https:\/\/kapitalis.com\/tunisie\/2023\/07\/26\/le-cinema-tunisien-fortement-present-au-festival-international-damman\/#primaryimage"},"image":{"@id":"https:\/\/kapitalis.com\/tunisie\/2023\/07\/26\/le-cinema-tunisien-fortement-present-au-festival-international-damman\/#primaryimage"},"thumbnailUrl":"https:\/\/kapitalis.com\/tunisie\/wp-content\/uploads\/2023\/07\/Amman-Film-Festival.jpg","datePublished":"2023-07-26T08:41:18+00:00","dateModified":"2023-07-26T08:41:22+00:00","breadcrumb":{"@id":"https:\/\/kapitalis.com\/tunisie\/2023\/07\/26\/le-cinema-tunisien-fortement-present-au-festival-international-damman\/#breadcrumb"},"inLanguage":"fr-FR","potentialAction":[{"@type":"ReadAction","target":["https:\/\/kapitalis.com\/tunisie\/2023\/07\/26\/le-cinema-tunisien-fortement-present-au-festival-international-damman\/"]}]},{"@type":"ImageObject","inLanguage":"fr-FR","@id":"https:\/\/kapitalis.com\/tunisie\/2023\/07\/26\/le-cinema-tunisien-fortement-present-au-festival-international-damman\/#primaryimage","url":"https:\/\/kapitalis.com\/tunisie\/wp-content\/uploads\/2023\/07\/Amman-Film-Festival.jpg","contentUrl":"https:\/\/kapitalis.com\/tunisie\/wp-content\/uploads\/2023\/07\/Amman-Film-Festival.jpg","width":1200,"height":630},{"@type":"BreadcrumbList","@id":"https:\/\/kapitalis.com\/tunisie\/2023\/07\/26\/le-cinema-tunisien-fortement-present-au-festival-international-damman\/#breadcrumb","itemListElement":[{"@type":"ListItem","position":1,"name":"Accueil","item":"https:\/\/kapitalis.com\/tunisie\/"},{"@type":"ListItem","position":2,"name":"Le cin\u00e9ma tunisien fortement pr\u00e9sent au Festival international d\u2019Amman"}]},{"@type":"WebSite","@id":"https:\/\/kapitalis.com\/tunisie\/#website","url":"https:\/\/kapitalis.com\/tunisie\/","name":"Kapitalis","description":"L&#039;actualit\u00e9 en Tunisie et dans le monde","publisher":{"@id":"https:\/\/kapitalis.com\/tunisie\/#organization"},"potentialAction":[{"@type":"SearchAction","target":{"@type":"EntryPoint","urlTemplate":"https:\/\/kapitalis.com\/tunisie\/?s={search_term_string}"},"query-input":{"@type":"PropertyValueSpecification","valueRequired":true,"valueName":"search_term_string"}}],"inLanguage":"fr-FR"},{"@type":"Organization","@id":"https:\/\/kapitalis.com\/tunisie\/#organization","name":"Kapitalis","url":"https:\/\/kapitalis.com\/tunisie\/","logo":{"@type":"ImageObject","inLanguage":"fr-FR","@id":"https:\/\/kapitalis.com\/tunisie\/#\/schema\/logo\/image\/","url":"https:\/\/kapitalis.com\/tunisie\/wp-content\/uploads\/2022\/05\/Kapitalis-big-size.png","contentUrl":"https:\/\/kapitalis.com\/tunisie\/wp-content\/uploads\/2022\/05\/Kapitalis-big-size.png","width":5000,"height":1500,"caption":"Kapitalis"},"image":{"@id":"https:\/\/kapitalis.com\/tunisie\/#\/schema\/logo\/image\/"},"sameAs":["https:\/\/www.facebook.com\/KapitalisInfo\/","https:\/\/x.com\/KapitalisInfo","https:\/\/www.youtube.com\/channel\/UC-yDYrHyfFBWWZaOw3FPg9Q"]},{"@type":"Person","@id":"https:\/\/kapitalis.com\/tunisie\/#\/schema\/person\/73a5ecc1f6ae540c6ed91342eadca948","name":"Fawz BenAli","url":"https:\/\/kapitalis.com\/tunisie\/author\/fawz\/"}]}},"_links":{"self":[{"href":"https:\/\/kapitalis.com\/tunisie\/wp-json\/wp\/v2\/posts\/9056594","targetHints":{"allow":["GET"]}}],"collection":[{"href":"https:\/\/kapitalis.com\/tunisie\/wp-json\/wp\/v2\/posts"}],"about":[{"href":"https:\/\/kapitalis.com\/tunisie\/wp-json\/wp\/v2\/types\/post"}],"author":[{"embeddable":true,"href":"https:\/\/kapitalis.com\/tunisie\/wp-json\/wp\/v2\/users\/26"}],"replies":[{"embeddable":true,"href":"https:\/\/kapitalis.com\/tunisie\/wp-json\/wp\/v2\/comments?post=9056594"}],"version-history":[{"count":1,"href":"https:\/\/kapitalis.com\/tunisie\/wp-json\/wp\/v2\/posts\/9056594\/revisions"}],"predecessor-version":[{"id":9056788,"href":"https:\/\/kapitalis.com\/tunisie\/wp-json\/wp\/v2\/posts\/9056594\/revisions\/9056788"}],"wp:featuredmedia":[{"embeddable":true,"href":"https:\/\/kapitalis.com\/tunisie\/wp-json\/wp\/v2\/media\/9056782"}],"wp:attachment":[{"href":"https:\/\/kapitalis.com\/tunisie\/wp-json\/wp\/v2\/media?parent=9056594"}],"wp:term":[{"taxonomy":"category","embeddable":true,"href":"https:\/\/kapitalis.com\/tunisie\/wp-json\/wp\/v2\/categories?post=9056594"},{"taxonomy":"post_tag","embeddable":true,"href":"https:\/\/kapitalis.com\/tunisie\/wp-json\/wp\/v2\/tags?post=9056594"}],"curies":[{"name":"wp","href":"https:\/\/api.w.org\/{rel}","templated":true}]}}