{"id":9056811,"date":"2023-07-26T09:58:09","date_gmt":"2023-07-26T08:58:09","guid":{"rendered":"https:\/\/kapitalis.com\/tunisie\/?p=9056811"},"modified":"2023-07-26T10:24:08","modified_gmt":"2023-07-26T09:24:08","slug":"tunisie-une-republique-a-bout-de-souffle","status":"publish","type":"post","link":"https:\/\/kapitalis.com\/tunisie\/2023\/07\/26\/tunisie-une-republique-a-bout-de-souffle\/","title":{"rendered":"Tunisie\u00a0: une r\u00e9publique \u00e0 bout de souffle"},"content":{"rendered":"\n<p><strong><em>La c\u00e9l\u00e9bration du 25-Juillet a traduit le grand malaise que vit la sc\u00e8ne politique tunisienne depuis 2019, avec un pouvoir qui glisse irr\u00e9versiblement vers une forme d\u2019autoritarisme, de dictature ou de pouvoir personnel, selon les diff\u00e9rentes d\u00e9finitions des analystes, avec, en face, une opposition divis\u00e9e, \u00e9clat\u00e9e et incapable de donner le change.<\/em><\/strong><\/p>\n\n\n\n<p>Par <strong>Imed Bahri<\/strong><\/p>\n\n\n\n<!--more-->\n\n\n\n<p>Hier, mardi 25 juillet 2023, il n\u2019y a pas eu de c\u00e9l\u00e9bration officielle du 66<sup>e<\/sup> anniversaire de la proclamation de la r\u00e9publique, comme cela se faisait syst\u00e9matiquement avant l\u2019accession de Ka\u00efs Sa\u00efed \u00e0 la pr\u00e9sidence de la r\u00e9publique. Est-ce \u00e0 dire que ce dernier cherche \u00e0 minimiser l\u2019importance de cet \u00e9v\u00e9nement historique ou qu\u2019il soit en train de r\u00e9\u00e9crire l\u2019histoire de la Tunisie pour effacer l&rsquo;\u0153uvre de ses pr\u00e9d\u00e9cesseurs et y imprimer ce qu&rsquo;il croit \u00eatre la sienne ?<\/p>\n\n\n\n<p>Quoi qu\u2019il en soit, beaucoup de Tunisiens ont craint que le chef de l\u2019Etat, pour asseoir sa l\u00e9gitimit\u00e9 historique, ne soit amen\u00e9 \u00e0 remplacer la c\u00e9l\u00e9bration de l\u2019anniversaire de la proclamation de la r\u00e9publique, le 25 juillet 1957, par la c\u00e9l\u00e9bration de l\u2019anniversaire de la proclamation de l\u2019\u00e9tat d\u2019exception, le 25 juillet 2021, qui lui permit de prendre en main tous les leviers du pouvoir et d\u2019instaurer son pouvoir personnel.<\/p>\n\n\n\n<h2 class=\"wp-block-heading\">Gu\u00e9guerre d\u2019images &nbsp;<\/h2>\n\n\n\n<p>Cette crainte \u00e9tait d\u2019autant plus justifi\u00e9e&nbsp;qu\u2019il y a eu des ant\u00e9c\u00e9dents&nbsp;: Ben Ali n\u2019a-t-il pas impos\u00e9 la c\u00e9l\u00e9bration annuelle de la date de sa prise du pouvoir, le 7 novembre 1987&nbsp;? Mais cette crainte \u00e9tait n\u00e9anmoins exag\u00e9r\u00e9e. Et pour cause&nbsp;: Ka\u00efs Sa\u00efed n\u2019a certes pas cru devoir c\u00e9l\u00e9brer en grande pompe l\u2019anniversaire de la r\u00e9publique, comme le faisaient tous ses pr\u00e9d\u00e9cesseurs, mais il n\u2019a pas (ou pas encore) impos\u00e9 la c\u00e9l\u00e9bration de la date de sa prise de pouvoir.<\/p>\n\n\n\n<figure class=\"wp-block-embed is-type-wp-embed is-provider-kapitalis wp-block-embed-kapitalis\"><div class=\"wp-block-embed__wrapper\">\n<blockquote class=\"wp-embedded-content\" data-secret=\"RCuhLrmTc6\"><a href=\"https:\/\/kapitalis.com\/tunisie\/2023\/07\/26\/tunisie-kais-saied-un-bain-de-foule-et-apres\/\">Tunisie\u00a0: Ka\u00efs Sa\u00efed, un bain de foule et apr\u00e8s\u00a0?<\/a><\/blockquote><iframe loading=\"lazy\" class=\"wp-embedded-content\" sandbox=\"allow-scripts\" security=\"restricted\" style=\"position: absolute; clip: rect(1px, 1px, 1px, 1px);\" title=\"\u00ab\u00a0Tunisie\u00a0: Ka\u00efs Sa\u00efed, un bain de foule et apr\u00e8s\u00a0?\u00a0\u00bb &#8212; Kapitalis\" src=\"https:\/\/kapitalis.com\/tunisie\/2023\/07\/26\/tunisie-kais-saied-un-bain-de-foule-et-apres\/embed\/#?secret=JiE4B0FimZ#?secret=RCuhLrmTc6\" data-secret=\"RCuhLrmTc6\" width=\"600\" height=\"338\" frameborder=\"0\" marginwidth=\"0\" marginheight=\"0\" scrolling=\"no\"><\/iframe>\n<\/div><\/figure>\n\n\n\n<p>Cependant, et pour marquer cet \u00e9v\u00e9nement, il n\u2019a pas r\u00e9sist\u00e9 au plaisir de se payer un bain de foule, au centre-ville de Tunis, qui plus est, sur les lieux m\u00eame o\u00f9, quelques heures auparavant, des formations de l\u2019opposition avaient organis\u00e9 des sit-in de protestation pour d\u00e9noncer son pouvoir personnel et appeler \u00e0 lib\u00e9rer les d\u00e9tenus politiques poursuivis pour complot contre la s\u00fbret\u00e9 de l\u2019\u00c9tat. \u00a0\u00a0<\/p>\n\n\n\n<p>S\u2019adressant \u00e0 ses partisans devant le th\u00e9\u00e2tre municipal de Tunis, sous un soleil de plomb, par une temp\u00e9rature de 45 degr\u00e9s, le pr\u00e9sident du Front de salut national, Ahmed Nejib Chebbi, qui \u00e9tait accompagn\u00e9 de diverses personnalit\u00e9s du FSN , dont Samir Dilou, Imed Khemiri, Ajmi Lourimi et Riadh Chaibi, a d\u00e9nonc\u00e9 <em>\u00abla faillite et l\u2019\u00e9chec total\u00bb<\/em> du gouvernement Sa\u00efed, qui, selon lui, a emp\u00each\u00e9 tout accord entre la Tunisie et le Fonds mon\u00e9taire international (FMI) pour un pr\u00eat de 1,9 milliard de dollars dont le pays a vivement besoin pour redresser ses finances publiques.<\/p>\n\n\n\n<p>Les manifestants ont scand\u00e9 des slogans hostiles contre le pouvoir en place et le pr\u00e9sident, d\u00e9non\u00e7ant le m\u00e9morandum d&rsquo;entente sur la migration r\u00e9cemment sign\u00e9 entre la Tunisie et l\u2019Union europ\u00e9enne. Parmi les slogans scand\u00e9s, <em>\u00abA bas le putsch\u00bb, \u00abLibert\u00e9 pour tous les opposants\u00bb, \u00abVous les affam\u00e9s ! Sachez que vous avez \u00e9t\u00e9 vendu aux Italiens\u00bb<\/em>.<\/p>\n\n\n\n<p>Le front d\u00e9mocratique, constitu\u00e9 de plusieurs partis de centre-gauche (Courant d\u00e9mocrate, Parti r\u00e9publicain, P\u00f4le d\u00e9mocratique et progressiste, Parti des travailleurs) a \u00e9galement organis\u00e9 une marche \u00e0 Tunis, \u00e0 laquelle ont particip\u00e9 des dizaines de sympathisants. Les manifestants brandissaient des banderoles sur lesquelles on pouvait lire <em>\u00abLibert\u00e9&#8230; Libert\u00e9&#8230; l\u2019Etat policier est fini\u00bb<\/em> et <em>\u00abLibert\u00e9 pour l&rsquo;opposition tunisienne\u00bb<\/em>.<\/p>\n\n\n\n<h2 class=\"wp-block-heading\">Grand malaise<\/h2>\n\n\n\n<p>De son c\u00f4t\u00e9, Abir Moussi, pr\u00e9sidente du Parti destourien libre, a, lors d\u2019un rassemblement \u00e0 Tunis (\u064d<a href=\"https:\/\/www.facebook.com\/AbirMoussiOfficielle\/videos\/1041853786976380?locale=ar_AR\" target=\"_blank\" rel=\"noreferrer noopener\">Vid\u00e9o<\/a>), accus\u00e9 le pr\u00e9sident Ka\u00efs Sa\u00efed de <em>\u00abchanger le syst\u00e8me politique vers le pire\u00bb<\/em>. Devant quelque 300 partisans de son parti, Moussi a appel\u00e9 \u00e0 la fin des mesures exceptionnelles et \u00e0 l\u2019organisation d\u2019une \u00e9lection pr\u00e9sidentielle <em>\u00abhonn\u00eate\u00bb<\/em> et <em>\u00abtransparente\u00bb<\/em>, en r\u00e9it\u00e9rant ses r\u00e9serves sur la commission \u00e9lectorale dont les membres ont tous \u00e9t\u00e9 d\u00e9sign\u00e9s par le chef de l\u2019Etat. Et en annon\u00e7ant qu\u2019elle sera la candidate de son parti aux prochaines \u00e9lections pr\u00e9sidentielles, dont les dates n\u2019ont pas encore \u00e9t\u00e9 annonc\u00e9es.<\/p>\n\n\n\n<p>La crise politique d\u00e9clench\u00e9e par la prise du pouvoir par Sa\u00efed, initialement soutenu par de nombreux Tunisiens, inqui\u00e8te les ONG tunisiennes et internationales, qui d\u00e9plorent une r\u00e9gression des libert\u00e9s dans le pays.<\/p>\n\n\n\n<p>Au final, la c\u00e9l\u00e9bration du 25-Juillet a traduit le grand malaise que vit la sc\u00e8ne politique tunisienne depuis 2019, avec un pouvoir qui glisse irr\u00e9versiblement vers une forme d\u2019autoritarisme, de dictature ou de pouvoir personnel, selon les d\u00e9finitions des analystes, avec, en face, une opposition divis\u00e9e, \u00e9clat\u00e9e et incapable de donner le change, victime de l\u2019\u00e9gocentrisme de ses dirigeants et de leurs vaines querelles de leadership, ouvrant ainsi, \u00e0 l\u2019insu de leur propre gr\u00e9, un v\u00e9ritable boulevard devant un pr\u00e9sident qui, malgr\u00e9 son bilan catastrophique dans tous les domaines, demeure la personnalit\u00e9 politique la plus populaire et qui inspire le plus confiance aux citoyens.<\/p>\n","protected":false},"excerpt":{"rendered":"<p>La c\u00e9l\u00e9bration du 25-Juillet a traduit le grand malaise que vit la sc\u00e8ne politique tunisienne depuis 2019. <\/p>\n","protected":false},"author":8,"featured_media":9056951,"comment_status":"open","ping_status":"open","sticky":false,"template":"","format":"standard","meta":{"footnotes":""},"categories":[992,997,2433],"tags":[15144,87155,67134,81038,99029,76012,5337,19272,2589,62643],"class_list":["post-9056811","post","type-post","status-publish","format-standard","has-post-thumbnail","hentry","category-a-la-une","category-politique","category-tunisie","tag-abir-moussi","tag-ahmed-nejib-chebbi-2","tag-courant-democrate","tag-etat-dexception-2","tag-front-de-salut-national","tag-kais-saied-2","tag-parti-des-travailleurs","tag-parti-republicain","tag-republique","tag-tunisie"],"yoast_head":"<!-- This site is optimized with the Yoast SEO plugin v26.6 - https:\/\/yoast.com\/wordpress\/plugins\/seo\/ -->\n<title>Tunisie\u00a0: une r\u00e9publique \u00e0 bout de souffle - Kapitalis<\/title>\n<meta name=\"robots\" content=\"index, follow, max-snippet:-1, max-image-preview:large, max-video-preview:-1\" \/>\n<link rel=\"canonical\" href=\"https:\/\/kapitalis.com\/tunisie\/2023\/07\/26\/tunisie-une-republique-a-bout-de-souffle\/\" \/>\n<meta property=\"og:locale\" content=\"fr_FR\" \/>\n<meta property=\"og:type\" content=\"article\" \/>\n<meta property=\"og:title\" content=\"Tunisie\u00a0: une r\u00e9publique \u00e0 bout de souffle - Kapitalis\" \/>\n<meta property=\"og:description\" content=\"La c\u00e9l\u00e9bration du 25-Juillet a traduit le grand malaise que vit la sc\u00e8ne politique tunisienne depuis 2019.\" \/>\n<meta property=\"og:url\" content=\"https:\/\/kapitalis.com\/tunisie\/2023\/07\/26\/tunisie-une-republique-a-bout-de-souffle\/\" \/>\n<meta property=\"og:site_name\" content=\"Kapitalis\" \/>\n<meta property=\"article:publisher\" content=\"https:\/\/www.facebook.com\/KapitalisInfo\/\" \/>\n<meta property=\"article:published_time\" content=\"2023-07-26T08:58:09+00:00\" \/>\n<meta property=\"article:modified_time\" content=\"2023-07-26T09:24:08+00:00\" \/>\n<meta property=\"og:image\" content=\"https:\/\/kapitalis.com\/tunisie\/wp-content\/uploads\/2023\/07\/25-juillet-2023.jpg\" \/>\n\t<meta property=\"og:image:width\" content=\"1200\" \/>\n\t<meta property=\"og:image:height\" content=\"630\" \/>\n\t<meta property=\"og:image:type\" content=\"image\/jpeg\" \/>\n<meta name=\"author\" content=\"webmaster kapitalis\" \/>\n<meta name=\"twitter:card\" content=\"summary_large_image\" \/>\n<meta name=\"twitter:creator\" content=\"@KapitalisInfo\" \/>\n<meta name=\"twitter:site\" content=\"@KapitalisInfo\" \/>\n<meta name=\"twitter:label1\" content=\"\u00c9crit par\" \/>\n\t<meta name=\"twitter:data1\" content=\"webmaster kapitalis\" \/>\n\t<meta name=\"twitter:label2\" content=\"Dur\u00e9e de lecture estim\u00e9e\" \/>\n\t<meta name=\"twitter:data2\" content=\"5 minutes\" \/>\n<script type=\"application\/ld+json\" class=\"yoast-schema-graph\">{\"@context\":\"https:\/\/schema.org\",\"@graph\":[{\"@type\":\"Article\",\"@id\":\"https:\/\/kapitalis.com\/tunisie\/2023\/07\/26\/tunisie-une-republique-a-bout-de-souffle\/#article\",\"isPartOf\":{\"@id\":\"https:\/\/kapitalis.com\/tunisie\/2023\/07\/26\/tunisie-une-republique-a-bout-de-souffle\/\"},\"author\":{\"name\":\"webmaster kapitalis\",\"@id\":\"https:\/\/kapitalis.com\/tunisie\/#\/schema\/person\/d71f33a9ca44f7bad4698210b480c8e9\"},\"headline\":\"Tunisie\u00a0: une r\u00e9publique \u00e0 bout de souffle\",\"datePublished\":\"2023-07-26T08:58:09+00:00\",\"dateModified\":\"2023-07-26T09:24:08+00:00\",\"mainEntityOfPage\":{\"@id\":\"https:\/\/kapitalis.com\/tunisie\/2023\/07\/26\/tunisie-une-republique-a-bout-de-souffle\/\"},\"wordCount\":924,\"commentCount\":7,\"publisher\":{\"@id\":\"https:\/\/kapitalis.com\/tunisie\/#organization\"},\"image\":{\"@id\":\"https:\/\/kapitalis.com\/tunisie\/2023\/07\/26\/tunisie-une-republique-a-bout-de-souffle\/#primaryimage\"},\"thumbnailUrl\":\"https:\/\/kapitalis.com\/tunisie\/wp-content\/uploads\/2023\/07\/25-juillet-2023.jpg\",\"keywords\":[\"Abir Moussi\",\"Ahmed Nejib Chebbi\",\"Courant d\u00e9mocrate\",\"\u00e9tat d&#039;exception\",\"Front de salut national\",\"Ka\u00efs Sa\u00efed\",\"Parti des travailleurs\",\"Parti r\u00e9publicain\",\"r\u00e9publique\",\"Tunisie\"],\"articleSection\":[\"A LA UNE\",\"POLITIQUE\",\"Tunisie\"],\"inLanguage\":\"fr-FR\",\"potentialAction\":[{\"@type\":\"CommentAction\",\"name\":\"Comment\",\"target\":[\"https:\/\/kapitalis.com\/tunisie\/2023\/07\/26\/tunisie-une-republique-a-bout-de-souffle\/#respond\"]}]},{\"@type\":\"WebPage\",\"@id\":\"https:\/\/kapitalis.com\/tunisie\/2023\/07\/26\/tunisie-une-republique-a-bout-de-souffle\/\",\"url\":\"https:\/\/kapitalis.com\/tunisie\/2023\/07\/26\/tunisie-une-republique-a-bout-de-souffle\/\",\"name\":\"Tunisie\u00a0: une r\u00e9publique \u00e0 bout de souffle - Kapitalis\",\"isPartOf\":{\"@id\":\"https:\/\/kapitalis.com\/tunisie\/#website\"},\"primaryImageOfPage\":{\"@id\":\"https:\/\/kapitalis.com\/tunisie\/2023\/07\/26\/tunisie-une-republique-a-bout-de-souffle\/#primaryimage\"},\"image\":{\"@id\":\"https:\/\/kapitalis.com\/tunisie\/2023\/07\/26\/tunisie-une-republique-a-bout-de-souffle\/#primaryimage\"},\"thumbnailUrl\":\"https:\/\/kapitalis.com\/tunisie\/wp-content\/uploads\/2023\/07\/25-juillet-2023.jpg\",\"datePublished\":\"2023-07-26T08:58:09+00:00\",\"dateModified\":\"2023-07-26T09:24:08+00:00\",\"breadcrumb\":{\"@id\":\"https:\/\/kapitalis.com\/tunisie\/2023\/07\/26\/tunisie-une-republique-a-bout-de-souffle\/#breadcrumb\"},\"inLanguage\":\"fr-FR\",\"potentialAction\":[{\"@type\":\"ReadAction\",\"target\":[\"https:\/\/kapitalis.com\/tunisie\/2023\/07\/26\/tunisie-une-republique-a-bout-de-souffle\/\"]}]},{\"@type\":\"ImageObject\",\"inLanguage\":\"fr-FR\",\"@id\":\"https:\/\/kapitalis.com\/tunisie\/2023\/07\/26\/tunisie-une-republique-a-bout-de-souffle\/#primaryimage\",\"url\":\"https:\/\/kapitalis.com\/tunisie\/wp-content\/uploads\/2023\/07\/25-juillet-2023.jpg\",\"contentUrl\":\"https:\/\/kapitalis.com\/tunisie\/wp-content\/uploads\/2023\/07\/25-juillet-2023.jpg\",\"width\":1200,\"height\":630},{\"@type\":\"BreadcrumbList\",\"@id\":\"https:\/\/kapitalis.com\/tunisie\/2023\/07\/26\/tunisie-une-republique-a-bout-de-souffle\/#breadcrumb\",\"itemListElement\":[{\"@type\":\"ListItem\",\"position\":1,\"name\":\"Accueil\",\"item\":\"https:\/\/kapitalis.com\/tunisie\/\"},{\"@type\":\"ListItem\",\"position\":2,\"name\":\"Tunisie\u00a0: une r\u00e9publique \u00e0 bout de souffle\"}]},{\"@type\":\"WebSite\",\"@id\":\"https:\/\/kapitalis.com\/tunisie\/#website\",\"url\":\"https:\/\/kapitalis.com\/tunisie\/\",\"name\":\"Kapitalis\",\"description\":\"L&#039;actualit\u00e9 en Tunisie et dans le monde\",\"publisher\":{\"@id\":\"https:\/\/kapitalis.com\/tunisie\/#organization\"},\"potentialAction\":[{\"@type\":\"SearchAction\",\"target\":{\"@type\":\"EntryPoint\",\"urlTemplate\":\"https:\/\/kapitalis.com\/tunisie\/?s={search_term_string}\"},\"query-input\":{\"@type\":\"PropertyValueSpecification\",\"valueRequired\":true,\"valueName\":\"search_term_string\"}}],\"inLanguage\":\"fr-FR\"},{\"@type\":\"Organization\",\"@id\":\"https:\/\/kapitalis.com\/tunisie\/#organization\",\"name\":\"Kapitalis\",\"url\":\"https:\/\/kapitalis.com\/tunisie\/\",\"logo\":{\"@type\":\"ImageObject\",\"inLanguage\":\"fr-FR\",\"@id\":\"https:\/\/kapitalis.com\/tunisie\/#\/schema\/logo\/image\/\",\"url\":\"https:\/\/kapitalis.com\/tunisie\/wp-content\/uploads\/2022\/05\/Kapitalis-big-size.png\",\"contentUrl\":\"https:\/\/kapitalis.com\/tunisie\/wp-content\/uploads\/2022\/05\/Kapitalis-big-size.png\",\"width\":5000,\"height\":1500,\"caption\":\"Kapitalis\"},\"image\":{\"@id\":\"https:\/\/kapitalis.com\/tunisie\/#\/schema\/logo\/image\/\"},\"sameAs\":[\"https:\/\/www.facebook.com\/KapitalisInfo\/\",\"https:\/\/x.com\/KapitalisInfo\",\"https:\/\/www.youtube.com\/channel\/UC-yDYrHyfFBWWZaOw3FPg9Q\"]},{\"@type\":\"Person\",\"@id\":\"https:\/\/kapitalis.com\/tunisie\/#\/schema\/person\/d71f33a9ca44f7bad4698210b480c8e9\",\"name\":\"webmaster kapitalis\",\"url\":\"https:\/\/kapitalis.com\/tunisie\/author\/webmaster-kapitalis\/\"}]}<\/script>\n<!-- \/ Yoast SEO plugin. -->","yoast_head_json":{"title":"Tunisie\u00a0: une r\u00e9publique \u00e0 bout de souffle - Kapitalis","robots":{"index":"index","follow":"follow","max-snippet":"max-snippet:-1","max-image-preview":"max-image-preview:large","max-video-preview":"max-video-preview:-1"},"canonical":"https:\/\/kapitalis.com\/tunisie\/2023\/07\/26\/tunisie-une-republique-a-bout-de-souffle\/","og_locale":"fr_FR","og_type":"article","og_title":"Tunisie\u00a0: une r\u00e9publique \u00e0 bout de souffle - Kapitalis","og_description":"La c\u00e9l\u00e9bration du 25-Juillet a traduit le grand malaise que vit la sc\u00e8ne politique tunisienne depuis 2019.","og_url":"https:\/\/kapitalis.com\/tunisie\/2023\/07\/26\/tunisie-une-republique-a-bout-de-souffle\/","og_site_name":"Kapitalis","article_publisher":"https:\/\/www.facebook.com\/KapitalisInfo\/","article_published_time":"2023-07-26T08:58:09+00:00","article_modified_time":"2023-07-26T09:24:08+00:00","og_image":[{"width":1200,"height":630,"url":"https:\/\/kapitalis.com\/tunisie\/wp-content\/uploads\/2023\/07\/25-juillet-2023.jpg","type":"image\/jpeg"}],"author":"webmaster kapitalis","twitter_card":"summary_large_image","twitter_creator":"@KapitalisInfo","twitter_site":"@KapitalisInfo","twitter_misc":{"\u00c9crit par":"webmaster kapitalis","Dur\u00e9e de lecture estim\u00e9e":"5 minutes"},"schema":{"@context":"https:\/\/schema.org","@graph":[{"@type":"Article","@id":"https:\/\/kapitalis.com\/tunisie\/2023\/07\/26\/tunisie-une-republique-a-bout-de-souffle\/#article","isPartOf":{"@id":"https:\/\/kapitalis.com\/tunisie\/2023\/07\/26\/tunisie-une-republique-a-bout-de-souffle\/"},"author":{"name":"webmaster kapitalis","@id":"https:\/\/kapitalis.com\/tunisie\/#\/schema\/person\/d71f33a9ca44f7bad4698210b480c8e9"},"headline":"Tunisie\u00a0: une r\u00e9publique \u00e0 bout de souffle","datePublished":"2023-07-26T08:58:09+00:00","dateModified":"2023-07-26T09:24:08+00:00","mainEntityOfPage":{"@id":"https:\/\/kapitalis.com\/tunisie\/2023\/07\/26\/tunisie-une-republique-a-bout-de-souffle\/"},"wordCount":924,"commentCount":7,"publisher":{"@id":"https:\/\/kapitalis.com\/tunisie\/#organization"},"image":{"@id":"https:\/\/kapitalis.com\/tunisie\/2023\/07\/26\/tunisie-une-republique-a-bout-de-souffle\/#primaryimage"},"thumbnailUrl":"https:\/\/kapitalis.com\/tunisie\/wp-content\/uploads\/2023\/07\/25-juillet-2023.jpg","keywords":["Abir Moussi","Ahmed Nejib Chebbi","Courant d\u00e9mocrate","\u00e9tat d&#039;exception","Front de salut national","Ka\u00efs Sa\u00efed","Parti des travailleurs","Parti r\u00e9publicain","r\u00e9publique","Tunisie"],"articleSection":["A LA UNE","POLITIQUE","Tunisie"],"inLanguage":"fr-FR","potentialAction":[{"@type":"CommentAction","name":"Comment","target":["https:\/\/kapitalis.com\/tunisie\/2023\/07\/26\/tunisie-une-republique-a-bout-de-souffle\/#respond"]}]},{"@type":"WebPage","@id":"https:\/\/kapitalis.com\/tunisie\/2023\/07\/26\/tunisie-une-republique-a-bout-de-souffle\/","url":"https:\/\/kapitalis.com\/tunisie\/2023\/07\/26\/tunisie-une-republique-a-bout-de-souffle\/","name":"Tunisie\u00a0: une r\u00e9publique \u00e0 bout de souffle - Kapitalis","isPartOf":{"@id":"https:\/\/kapitalis.com\/tunisie\/#website"},"primaryImageOfPage":{"@id":"https:\/\/kapitalis.com\/tunisie\/2023\/07\/26\/tunisie-une-republique-a-bout-de-souffle\/#primaryimage"},"image":{"@id":"https:\/\/kapitalis.com\/tunisie\/2023\/07\/26\/tunisie-une-republique-a-bout-de-souffle\/#primaryimage"},"thumbnailUrl":"https:\/\/kapitalis.com\/tunisie\/wp-content\/uploads\/2023\/07\/25-juillet-2023.jpg","datePublished":"2023-07-26T08:58:09+00:00","dateModified":"2023-07-26T09:24:08+00:00","breadcrumb":{"@id":"https:\/\/kapitalis.com\/tunisie\/2023\/07\/26\/tunisie-une-republique-a-bout-de-souffle\/#breadcrumb"},"inLanguage":"fr-FR","potentialAction":[{"@type":"ReadAction","target":["https:\/\/kapitalis.com\/tunisie\/2023\/07\/26\/tunisie-une-republique-a-bout-de-souffle\/"]}]},{"@type":"ImageObject","inLanguage":"fr-FR","@id":"https:\/\/kapitalis.com\/tunisie\/2023\/07\/26\/tunisie-une-republique-a-bout-de-souffle\/#primaryimage","url":"https:\/\/kapitalis.com\/tunisie\/wp-content\/uploads\/2023\/07\/25-juillet-2023.jpg","contentUrl":"https:\/\/kapitalis.com\/tunisie\/wp-content\/uploads\/2023\/07\/25-juillet-2023.jpg","width":1200,"height":630},{"@type":"BreadcrumbList","@id":"https:\/\/kapitalis.com\/tunisie\/2023\/07\/26\/tunisie-une-republique-a-bout-de-souffle\/#breadcrumb","itemListElement":[{"@type":"ListItem","position":1,"name":"Accueil","item":"https:\/\/kapitalis.com\/tunisie\/"},{"@type":"ListItem","position":2,"name":"Tunisie\u00a0: une r\u00e9publique \u00e0 bout de souffle"}]},{"@type":"WebSite","@id":"https:\/\/kapitalis.com\/tunisie\/#website","url":"https:\/\/kapitalis.com\/tunisie\/","name":"Kapitalis","description":"L&#039;actualit\u00e9 en Tunisie et dans le monde","publisher":{"@id":"https:\/\/kapitalis.com\/tunisie\/#organization"},"potentialAction":[{"@type":"SearchAction","target":{"@type":"EntryPoint","urlTemplate":"https:\/\/kapitalis.com\/tunisie\/?s={search_term_string}"},"query-input":{"@type":"PropertyValueSpecification","valueRequired":true,"valueName":"search_term_string"}}],"inLanguage":"fr-FR"},{"@type":"Organization","@id":"https:\/\/kapitalis.com\/tunisie\/#organization","name":"Kapitalis","url":"https:\/\/kapitalis.com\/tunisie\/","logo":{"@type":"ImageObject","inLanguage":"fr-FR","@id":"https:\/\/kapitalis.com\/tunisie\/#\/schema\/logo\/image\/","url":"https:\/\/kapitalis.com\/tunisie\/wp-content\/uploads\/2022\/05\/Kapitalis-big-size.png","contentUrl":"https:\/\/kapitalis.com\/tunisie\/wp-content\/uploads\/2022\/05\/Kapitalis-big-size.png","width":5000,"height":1500,"caption":"Kapitalis"},"image":{"@id":"https:\/\/kapitalis.com\/tunisie\/#\/schema\/logo\/image\/"},"sameAs":["https:\/\/www.facebook.com\/KapitalisInfo\/","https:\/\/x.com\/KapitalisInfo","https:\/\/www.youtube.com\/channel\/UC-yDYrHyfFBWWZaOw3FPg9Q"]},{"@type":"Person","@id":"https:\/\/kapitalis.com\/tunisie\/#\/schema\/person\/d71f33a9ca44f7bad4698210b480c8e9","name":"webmaster kapitalis","url":"https:\/\/kapitalis.com\/tunisie\/author\/webmaster-kapitalis\/"}]}},"_links":{"self":[{"href":"https:\/\/kapitalis.com\/tunisie\/wp-json\/wp\/v2\/posts\/9056811","targetHints":{"allow":["GET"]}}],"collection":[{"href":"https:\/\/kapitalis.com\/tunisie\/wp-json\/wp\/v2\/posts"}],"about":[{"href":"https:\/\/kapitalis.com\/tunisie\/wp-json\/wp\/v2\/types\/post"}],"author":[{"embeddable":true,"href":"https:\/\/kapitalis.com\/tunisie\/wp-json\/wp\/v2\/users\/8"}],"replies":[{"embeddable":true,"href":"https:\/\/kapitalis.com\/tunisie\/wp-json\/wp\/v2\/comments?post=9056811"}],"version-history":[{"count":3,"href":"https:\/\/kapitalis.com\/tunisie\/wp-json\/wp\/v2\/posts\/9056811\/revisions"}],"predecessor-version":[{"id":9057306,"href":"https:\/\/kapitalis.com\/tunisie\/wp-json\/wp\/v2\/posts\/9056811\/revisions\/9057306"}],"wp:featuredmedia":[{"embeddable":true,"href":"https:\/\/kapitalis.com\/tunisie\/wp-json\/wp\/v2\/media\/9056951"}],"wp:attachment":[{"href":"https:\/\/kapitalis.com\/tunisie\/wp-json\/wp\/v2\/media?parent=9056811"}],"wp:term":[{"taxonomy":"category","embeddable":true,"href":"https:\/\/kapitalis.com\/tunisie\/wp-json\/wp\/v2\/categories?post=9056811"},{"taxonomy":"post_tag","embeddable":true,"href":"https:\/\/kapitalis.com\/tunisie\/wp-json\/wp\/v2\/tags?post=9056811"}],"curies":[{"name":"wp","href":"https:\/\/api.w.org\/{rel}","templated":true}]}}