{"id":90594,"date":"2017-04-10T09:13:47","date_gmt":"2017-04-10T08:13:47","guid":{"rendered":"http:\/\/kapitalis.com\/tunisie\/?p=90594"},"modified":"2017-04-10T09:13:47","modified_gmt":"2017-04-10T08:13:47","slug":"biennale-de-venise-un-pavillon-tunisien-sur-la-migration","status":"publish","type":"post","link":"https:\/\/kapitalis.com\/tunisie\/2017\/04\/10\/biennale-de-venise-un-pavillon-tunisien-sur-la-migration\/","title":{"rendered":"Biennale de Venise : Un pavillon tunisien sur la migration"},"content":{"rendered":"<p style=\"text-align: center;\"><img loading=\"lazy\" decoding=\"async\" class=\"alignnone size-full wp-image-90596\" src=\"http:\/\/kapitalis.com\/tunisie\/wp-content\/uploads\/2017\/04\/Lina-Lazaar.jpg\" alt=\"\" width=\"626\" height=\"380\" \/><\/p>\n<p style=\"text-align: center;\"><em>Lina Lazaar.<\/em><\/p>\n<p><em><strong>Pour sa premi\u00e8re participation \u00e0 la Biennale de Venise, la Tunisie a choisi le th\u00e8me de la migration et la libert\u00e9 de circulation des personnes\u2026<\/strong><\/em><\/p>\n<p><!--more--><\/p>\n<p>Pour cette pr\u00e9sence \u00e0 l\u2019\u00e9dition 2017 de l\u2019Exposition internationale d\u2019art contemporain de la Biennale de Venise, notre pays a opt\u00e9 pour la sensibilisation \u00e0 l\u2019importance de la question migratoire et de l\u2019id\u00e9e de la libre circulation des hommes, notamment par le moyen de <em>\u00abdocuments de voyage\u00bb<\/em> qui seront distribu\u00e9s aux visiteurs de la Biennale par des ressortissants tunisiens qui seront pr\u00e9sents sur trois sites de l\u2019Exposition internationale, qui se tiendra du 13 mai au 26 novembre 2017.<\/p>\n<p><em>\u00abLe pavillon de la Tunisie constituera une mise \u00e0 nu du nationalisme et plaidera la cause d\u2019un monde plus global et plus humanitaire. Ce qui est fascinant dans ce projet tunisien, c\u2019est que ce sera le seul endroit au monde et le seul moment o\u00f9 les gens auront le droit de se d\u00e9placer d\u2019une nation \u00e0 une autre en toute libert\u00e9 \u2013 bien s\u00fbr, symboliquement\u00bb<\/em>, revendique Lina Lazaar, une ancienne employ\u00e9e de la Sotheby\u2019s, la soci\u00e9t\u00e9 internationale de vente aux ench\u00e8res d\u2019\u0153uvres d\u2019art, qui est \u00e0 l\u2019origine de cette initiative baptis\u00e9e <em>\u2018\u2018L\u2019absence de voies\u2019\u2019 (\u2018\u2018The Absence of Paths\u2019\u2019<\/em>).<\/p>\n<p>Lina Lazaar avertit les visiteurs de la Biennale de Venise qu\u2019<em>\u00abil n\u2019y aura pas d\u2019artistes<\/em> [dans le pavillon de Tunisie]. <em>Vous n\u2019y trouverez que des candidats \u00e0 l\u2019immigration, c\u2019est-\u00e0-dire des personnes qui sont \u00e0 la recherche l\u00e9gitime de meilleures conditions de vie\u2026<\/em>\u00bb<\/p>\n<p>Cette op\u00e9ration de sensibilisation, qui a obtenu l\u2019aval de la pr\u00e9sidence de la r\u00e9publique et du minist\u00e8re de la Culture, est \u00e9galement soutenue par des sponsors priv\u00e9s.<\/p>\n<p style=\"text-align: right;\"><strong>Marwan Chahla<\/strong><\/p>\n<p>http:\/\/theartnewspaper.com\/news\/news\/venice-biennale-visitors-to-be-issued-with-travel-documents-by-migrants-for-tunisia-pavilion-project\/<\/p>\n","protected":false},"excerpt":{"rendered":"<p>Lina Lazaar. Pour sa premi\u00e8re participation \u00e0 la Biennale de Venise, la Tunisie a choisi le th\u00e8me de la migration et la libert\u00e9 de circulation des personnes\u2026<\/p>\n","protected":false},"author":8,"featured_media":90596,"comment_status":"open","ping_status":"open","sticky":false,"template":"","format":"standard","meta":{"footnotes":""},"categories":[994,2433],"tags":[5548],"class_list":["post-90594","post","type-post","status-publish","format-standard","has-post-thumbnail","hentry","category-culture","category-tunisie","tag-migration"],"yoast_head":"<!-- This site is optimized with the Yoast SEO plugin v26.6 - https:\/\/yoast.com\/wordpress\/plugins\/seo\/ -->\n<title>Biennale de Venise : Un pavillon tunisien sur la migration - Kapitalis<\/title>\n<meta name=\"robots\" content=\"index, follow, max-snippet:-1, max-image-preview:large, max-video-preview:-1\" \/>\n<link rel=\"canonical\" href=\"https:\/\/kapitalis.com\/tunisie\/2017\/04\/10\/biennale-de-venise-un-pavillon-tunisien-sur-la-migration\/\" \/>\n<meta property=\"og:locale\" content=\"fr_FR\" \/>\n<meta property=\"og:type\" content=\"article\" \/>\n<meta property=\"og:title\" content=\"Biennale de Venise : Un pavillon tunisien sur la migration - Kapitalis\" \/>\n<meta property=\"og:description\" content=\"Lina Lazaar. Pour sa premi\u00e8re participation \u00e0 la Biennale de Venise, la Tunisie a choisi le th\u00e8me de la migration et la libert\u00e9 de circulation des personnes\u2026\" \/>\n<meta property=\"og:url\" content=\"https:\/\/kapitalis.com\/tunisie\/2017\/04\/10\/biennale-de-venise-un-pavillon-tunisien-sur-la-migration\/\" \/>\n<meta property=\"og:site_name\" content=\"Kapitalis\" \/>\n<meta property=\"article:publisher\" content=\"https:\/\/www.facebook.com\/KapitalisInfo\/\" \/>\n<meta property=\"article:published_time\" content=\"2017-04-10T08:13:47+00:00\" \/>\n<meta property=\"og:image\" content=\"https:\/\/kapitalis.com\/tunisie\/wp-content\/uploads\/2022\/05\/kapitalis-logo-fb.png\" \/>\n\t<meta property=\"og:image:width\" content=\"1200\" \/>\n\t<meta property=\"og:image:height\" content=\"630\" \/>\n\t<meta property=\"og:image:type\" content=\"image\/png\" \/>\n<meta name=\"author\" content=\"webmaster kapitalis\" \/>\n<meta name=\"twitter:card\" content=\"summary_large_image\" \/>\n<meta name=\"twitter:creator\" content=\"@KapitalisInfo\" \/>\n<meta name=\"twitter:site\" content=\"@KapitalisInfo\" \/>\n<meta name=\"twitter:label1\" content=\"\u00c9crit par\" \/>\n\t<meta name=\"twitter:data1\" content=\"webmaster kapitalis\" \/>\n\t<meta name=\"twitter:label2\" content=\"Dur\u00e9e de lecture estim\u00e9e\" \/>\n\t<meta name=\"twitter:data2\" content=\"2 minutes\" \/>\n<script type=\"application\/ld+json\" class=\"yoast-schema-graph\">{\"@context\":\"https:\/\/schema.org\",\"@graph\":[{\"@type\":\"Article\",\"@id\":\"https:\/\/kapitalis.com\/tunisie\/2017\/04\/10\/biennale-de-venise-un-pavillon-tunisien-sur-la-migration\/#article\",\"isPartOf\":{\"@id\":\"https:\/\/kapitalis.com\/tunisie\/2017\/04\/10\/biennale-de-venise-un-pavillon-tunisien-sur-la-migration\/\"},\"author\":{\"name\":\"webmaster kapitalis\",\"@id\":\"https:\/\/kapitalis.com\/tunisie\/#\/schema\/person\/d71f33a9ca44f7bad4698210b480c8e9\"},\"headline\":\"Biennale de Venise : Un pavillon tunisien sur la migration\",\"datePublished\":\"2017-04-10T08:13:47+00:00\",\"mainEntityOfPage\":{\"@id\":\"https:\/\/kapitalis.com\/tunisie\/2017\/04\/10\/biennale-de-venise-un-pavillon-tunisien-sur-la-migration\/\"},\"wordCount\":315,\"commentCount\":0,\"publisher\":{\"@id\":\"https:\/\/kapitalis.com\/tunisie\/#organization\"},\"image\":{\"@id\":\"https:\/\/kapitalis.com\/tunisie\/2017\/04\/10\/biennale-de-venise-un-pavillon-tunisien-sur-la-migration\/#primaryimage\"},\"thumbnailUrl\":\"\",\"keywords\":[\"migration\"],\"articleSection\":[\"CULTURE\",\"Tunisie\"],\"inLanguage\":\"fr-FR\",\"potentialAction\":[{\"@type\":\"CommentAction\",\"name\":\"Comment\",\"target\":[\"https:\/\/kapitalis.com\/tunisie\/2017\/04\/10\/biennale-de-venise-un-pavillon-tunisien-sur-la-migration\/#respond\"]}]},{\"@type\":\"WebPage\",\"@id\":\"https:\/\/kapitalis.com\/tunisie\/2017\/04\/10\/biennale-de-venise-un-pavillon-tunisien-sur-la-migration\/\",\"url\":\"https:\/\/kapitalis.com\/tunisie\/2017\/04\/10\/biennale-de-venise-un-pavillon-tunisien-sur-la-migration\/\",\"name\":\"Biennale de Venise : Un pavillon tunisien sur la migration - Kapitalis\",\"isPartOf\":{\"@id\":\"https:\/\/kapitalis.com\/tunisie\/#website\"},\"primaryImageOfPage\":{\"@id\":\"https:\/\/kapitalis.com\/tunisie\/2017\/04\/10\/biennale-de-venise-un-pavillon-tunisien-sur-la-migration\/#primaryimage\"},\"image\":{\"@id\":\"https:\/\/kapitalis.com\/tunisie\/2017\/04\/10\/biennale-de-venise-un-pavillon-tunisien-sur-la-migration\/#primaryimage\"},\"thumbnailUrl\":\"\",\"datePublished\":\"2017-04-10T08:13:47+00:00\",\"breadcrumb\":{\"@id\":\"https:\/\/kapitalis.com\/tunisie\/2017\/04\/10\/biennale-de-venise-un-pavillon-tunisien-sur-la-migration\/#breadcrumb\"},\"inLanguage\":\"fr-FR\",\"potentialAction\":[{\"@type\":\"ReadAction\",\"target\":[\"https:\/\/kapitalis.com\/tunisie\/2017\/04\/10\/biennale-de-venise-un-pavillon-tunisien-sur-la-migration\/\"]}]},{\"@type\":\"ImageObject\",\"inLanguage\":\"fr-FR\",\"@id\":\"https:\/\/kapitalis.com\/tunisie\/2017\/04\/10\/biennale-de-venise-un-pavillon-tunisien-sur-la-migration\/#primaryimage\",\"url\":\"\",\"contentUrl\":\"\"},{\"@type\":\"BreadcrumbList\",\"@id\":\"https:\/\/kapitalis.com\/tunisie\/2017\/04\/10\/biennale-de-venise-un-pavillon-tunisien-sur-la-migration\/#breadcrumb\",\"itemListElement\":[{\"@type\":\"ListItem\",\"position\":1,\"name\":\"Accueil\",\"item\":\"https:\/\/kapitalis.com\/tunisie\/\"},{\"@type\":\"ListItem\",\"position\":2,\"name\":\"Biennale de Venise : Un pavillon tunisien sur la migration\"}]},{\"@type\":\"WebSite\",\"@id\":\"https:\/\/kapitalis.com\/tunisie\/#website\",\"url\":\"https:\/\/kapitalis.com\/tunisie\/\",\"name\":\"Kapitalis\",\"description\":\"L&#039;actualit\u00e9 en Tunisie et dans le monde\",\"publisher\":{\"@id\":\"https:\/\/kapitalis.com\/tunisie\/#organization\"},\"potentialAction\":[{\"@type\":\"SearchAction\",\"target\":{\"@type\":\"EntryPoint\",\"urlTemplate\":\"https:\/\/kapitalis.com\/tunisie\/?s={search_term_string}\"},\"query-input\":{\"@type\":\"PropertyValueSpecification\",\"valueRequired\":true,\"valueName\":\"search_term_string\"}}],\"inLanguage\":\"fr-FR\"},{\"@type\":\"Organization\",\"@id\":\"https:\/\/kapitalis.com\/tunisie\/#organization\",\"name\":\"Kapitalis\",\"url\":\"https:\/\/kapitalis.com\/tunisie\/\",\"logo\":{\"@type\":\"ImageObject\",\"inLanguage\":\"fr-FR\",\"@id\":\"https:\/\/kapitalis.com\/tunisie\/#\/schema\/logo\/image\/\",\"url\":\"https:\/\/kapitalis.com\/tunisie\/wp-content\/uploads\/2022\/05\/Kapitalis-big-size.png\",\"contentUrl\":\"https:\/\/kapitalis.com\/tunisie\/wp-content\/uploads\/2022\/05\/Kapitalis-big-size.png\",\"width\":5000,\"height\":1500,\"caption\":\"Kapitalis\"},\"image\":{\"@id\":\"https:\/\/kapitalis.com\/tunisie\/#\/schema\/logo\/image\/\"},\"sameAs\":[\"https:\/\/www.facebook.com\/KapitalisInfo\/\",\"https:\/\/x.com\/KapitalisInfo\",\"https:\/\/www.youtube.com\/channel\/UC-yDYrHyfFBWWZaOw3FPg9Q\"]},{\"@type\":\"Person\",\"@id\":\"https:\/\/kapitalis.com\/tunisie\/#\/schema\/person\/d71f33a9ca44f7bad4698210b480c8e9\",\"name\":\"webmaster kapitalis\",\"url\":\"https:\/\/kapitalis.com\/tunisie\/author\/webmaster-kapitalis\/\"}]}<\/script>\n<!-- \/ Yoast SEO plugin. -->","yoast_head_json":{"title":"Biennale de Venise : Un pavillon tunisien sur la migration - Kapitalis","robots":{"index":"index","follow":"follow","max-snippet":"max-snippet:-1","max-image-preview":"max-image-preview:large","max-video-preview":"max-video-preview:-1"},"canonical":"https:\/\/kapitalis.com\/tunisie\/2017\/04\/10\/biennale-de-venise-un-pavillon-tunisien-sur-la-migration\/","og_locale":"fr_FR","og_type":"article","og_title":"Biennale de Venise : Un pavillon tunisien sur la migration - Kapitalis","og_description":"Lina Lazaar. Pour sa premi\u00e8re participation \u00e0 la Biennale de Venise, la Tunisie a choisi le th\u00e8me de la migration et la libert\u00e9 de circulation des personnes\u2026","og_url":"https:\/\/kapitalis.com\/tunisie\/2017\/04\/10\/biennale-de-venise-un-pavillon-tunisien-sur-la-migration\/","og_site_name":"Kapitalis","article_publisher":"https:\/\/www.facebook.com\/KapitalisInfo\/","article_published_time":"2017-04-10T08:13:47+00:00","og_image":[{"width":1200,"height":630,"url":"https:\/\/kapitalis.com\/tunisie\/wp-content\/uploads\/2022\/05\/kapitalis-logo-fb.png","type":"image\/png"}],"author":"webmaster kapitalis","twitter_card":"summary_large_image","twitter_creator":"@KapitalisInfo","twitter_site":"@KapitalisInfo","twitter_misc":{"\u00c9crit par":"webmaster kapitalis","Dur\u00e9e de lecture estim\u00e9e":"2 minutes"},"schema":{"@context":"https:\/\/schema.org","@graph":[{"@type":"Article","@id":"https:\/\/kapitalis.com\/tunisie\/2017\/04\/10\/biennale-de-venise-un-pavillon-tunisien-sur-la-migration\/#article","isPartOf":{"@id":"https:\/\/kapitalis.com\/tunisie\/2017\/04\/10\/biennale-de-venise-un-pavillon-tunisien-sur-la-migration\/"},"author":{"name":"webmaster kapitalis","@id":"https:\/\/kapitalis.com\/tunisie\/#\/schema\/person\/d71f33a9ca44f7bad4698210b480c8e9"},"headline":"Biennale de Venise : Un pavillon tunisien sur la migration","datePublished":"2017-04-10T08:13:47+00:00","mainEntityOfPage":{"@id":"https:\/\/kapitalis.com\/tunisie\/2017\/04\/10\/biennale-de-venise-un-pavillon-tunisien-sur-la-migration\/"},"wordCount":315,"commentCount":0,"publisher":{"@id":"https:\/\/kapitalis.com\/tunisie\/#organization"},"image":{"@id":"https:\/\/kapitalis.com\/tunisie\/2017\/04\/10\/biennale-de-venise-un-pavillon-tunisien-sur-la-migration\/#primaryimage"},"thumbnailUrl":"","keywords":["migration"],"articleSection":["CULTURE","Tunisie"],"inLanguage":"fr-FR","potentialAction":[{"@type":"CommentAction","name":"Comment","target":["https:\/\/kapitalis.com\/tunisie\/2017\/04\/10\/biennale-de-venise-un-pavillon-tunisien-sur-la-migration\/#respond"]}]},{"@type":"WebPage","@id":"https:\/\/kapitalis.com\/tunisie\/2017\/04\/10\/biennale-de-venise-un-pavillon-tunisien-sur-la-migration\/","url":"https:\/\/kapitalis.com\/tunisie\/2017\/04\/10\/biennale-de-venise-un-pavillon-tunisien-sur-la-migration\/","name":"Biennale de Venise : Un pavillon tunisien sur la migration - Kapitalis","isPartOf":{"@id":"https:\/\/kapitalis.com\/tunisie\/#website"},"primaryImageOfPage":{"@id":"https:\/\/kapitalis.com\/tunisie\/2017\/04\/10\/biennale-de-venise-un-pavillon-tunisien-sur-la-migration\/#primaryimage"},"image":{"@id":"https:\/\/kapitalis.com\/tunisie\/2017\/04\/10\/biennale-de-venise-un-pavillon-tunisien-sur-la-migration\/#primaryimage"},"thumbnailUrl":"","datePublished":"2017-04-10T08:13:47+00:00","breadcrumb":{"@id":"https:\/\/kapitalis.com\/tunisie\/2017\/04\/10\/biennale-de-venise-un-pavillon-tunisien-sur-la-migration\/#breadcrumb"},"inLanguage":"fr-FR","potentialAction":[{"@type":"ReadAction","target":["https:\/\/kapitalis.com\/tunisie\/2017\/04\/10\/biennale-de-venise-un-pavillon-tunisien-sur-la-migration\/"]}]},{"@type":"ImageObject","inLanguage":"fr-FR","@id":"https:\/\/kapitalis.com\/tunisie\/2017\/04\/10\/biennale-de-venise-un-pavillon-tunisien-sur-la-migration\/#primaryimage","url":"","contentUrl":""},{"@type":"BreadcrumbList","@id":"https:\/\/kapitalis.com\/tunisie\/2017\/04\/10\/biennale-de-venise-un-pavillon-tunisien-sur-la-migration\/#breadcrumb","itemListElement":[{"@type":"ListItem","position":1,"name":"Accueil","item":"https:\/\/kapitalis.com\/tunisie\/"},{"@type":"ListItem","position":2,"name":"Biennale de Venise : Un pavillon tunisien sur la migration"}]},{"@type":"WebSite","@id":"https:\/\/kapitalis.com\/tunisie\/#website","url":"https:\/\/kapitalis.com\/tunisie\/","name":"Kapitalis","description":"L&#039;actualit\u00e9 en Tunisie et dans le monde","publisher":{"@id":"https:\/\/kapitalis.com\/tunisie\/#organization"},"potentialAction":[{"@type":"SearchAction","target":{"@type":"EntryPoint","urlTemplate":"https:\/\/kapitalis.com\/tunisie\/?s={search_term_string}"},"query-input":{"@type":"PropertyValueSpecification","valueRequired":true,"valueName":"search_term_string"}}],"inLanguage":"fr-FR"},{"@type":"Organization","@id":"https:\/\/kapitalis.com\/tunisie\/#organization","name":"Kapitalis","url":"https:\/\/kapitalis.com\/tunisie\/","logo":{"@type":"ImageObject","inLanguage":"fr-FR","@id":"https:\/\/kapitalis.com\/tunisie\/#\/schema\/logo\/image\/","url":"https:\/\/kapitalis.com\/tunisie\/wp-content\/uploads\/2022\/05\/Kapitalis-big-size.png","contentUrl":"https:\/\/kapitalis.com\/tunisie\/wp-content\/uploads\/2022\/05\/Kapitalis-big-size.png","width":5000,"height":1500,"caption":"Kapitalis"},"image":{"@id":"https:\/\/kapitalis.com\/tunisie\/#\/schema\/logo\/image\/"},"sameAs":["https:\/\/www.facebook.com\/KapitalisInfo\/","https:\/\/x.com\/KapitalisInfo","https:\/\/www.youtube.com\/channel\/UC-yDYrHyfFBWWZaOw3FPg9Q"]},{"@type":"Person","@id":"https:\/\/kapitalis.com\/tunisie\/#\/schema\/person\/d71f33a9ca44f7bad4698210b480c8e9","name":"webmaster kapitalis","url":"https:\/\/kapitalis.com\/tunisie\/author\/webmaster-kapitalis\/"}]}},"_links":{"self":[{"href":"https:\/\/kapitalis.com\/tunisie\/wp-json\/wp\/v2\/posts\/90594","targetHints":{"allow":["GET"]}}],"collection":[{"href":"https:\/\/kapitalis.com\/tunisie\/wp-json\/wp\/v2\/posts"}],"about":[{"href":"https:\/\/kapitalis.com\/tunisie\/wp-json\/wp\/v2\/types\/post"}],"author":[{"embeddable":true,"href":"https:\/\/kapitalis.com\/tunisie\/wp-json\/wp\/v2\/users\/8"}],"replies":[{"embeddable":true,"href":"https:\/\/kapitalis.com\/tunisie\/wp-json\/wp\/v2\/comments?post=90594"}],"version-history":[{"count":0,"href":"https:\/\/kapitalis.com\/tunisie\/wp-json\/wp\/v2\/posts\/90594\/revisions"}],"wp:featuredmedia":[{"embeddable":true,"href":"https:\/\/kapitalis.com\/tunisie\/wp-json\/wp\/v2\/media\/90596"}],"wp:attachment":[{"href":"https:\/\/kapitalis.com\/tunisie\/wp-json\/wp\/v2\/media?parent=90594"}],"wp:term":[{"taxonomy":"category","embeddable":true,"href":"https:\/\/kapitalis.com\/tunisie\/wp-json\/wp\/v2\/categories?post=90594"},{"taxonomy":"post_tag","embeddable":true,"href":"https:\/\/kapitalis.com\/tunisie\/wp-json\/wp\/v2\/tags?post=90594"}],"curies":[{"name":"wp","href":"https:\/\/api.w.org\/{rel}","templated":true}]}}