{"id":9061069,"date":"2023-07-26T16:48:35","date_gmt":"2023-07-26T15:48:35","guid":{"rendered":"https:\/\/kapitalis.com\/tunisie\/?p=9061069"},"modified":"2023-07-26T17:00:08","modified_gmt":"2023-07-26T16:00:08","slug":"date-du-lancement-des-soldes-dete-2023-en-tunisie","status":"publish","type":"post","link":"https:\/\/kapitalis.com\/tunisie\/2023\/07\/26\/date-du-lancement-des-soldes-dete-2023-en-tunisie\/","title":{"rendered":"Date du lancement des soldes d&rsquo;\u00e9t\u00e9 2023 en Tunisie"},"content":{"rendered":"\n<p><strong><em>Le minist\u00e8re du Commerce a annonc\u00e9, aujourd&rsquo;hui mercredi 26 juillet 2023, la date du lancement des soldes d\u2019\u00e9t\u00e9 pour cette saison en Tunisie.<\/em><\/strong><\/p>\n\n\n\n<!--more-->\n\n\n\n<p>Les soldes d\u00e9marreront le 7 ao\u00fbt et se poursuivront jusqu\u2019au 17 septembre, pr\u00e9cise le minist\u00e8re, en esp\u00e9rant une forte participation des commer\u00e7ants afin de dynamiser l\u2019activit\u00e9 commerciale et soutenir le pouvoir d\u2019achat des citoyens.<\/p>\n\n\n\n<p>Dans son communiqu\u00e9, le minist\u00e8re rappelle que toute infraction ne respectant pas la d\u00e9cision fixant la date et la p\u00e9riode des soldes est passible de poursuites conform\u00e9ment \u00e0 la loi n\u00b040 de 1998 aux Techniques de ventes et \u00e0 la publicit\u00e9 commerciale.<\/p>\n\n\n\n<p class=\"has-text-align-right\"><strong>Y. N.<\/strong><\/p>\n","protected":false},"excerpt":{"rendered":"<p>Date du lancement des soldes d&rsquo;\u00e9t\u00e9 2023 en Tunisie<\/p>\n","protected":false},"author":6,"featured_media":2403377,"comment_status":"open","ping_status":"open","sticky":false,"template":"","format":"standard","meta":{"footnotes":""},"categories":[993,998,2433],"tags":[2400,6033,83405,87290,62643],"class_list":["post-9061069","post","type-post","status-publish","format-standard","has-post-thumbnail","hentry","category-conso","category-societe","category-tunisie","tag-commercants","tag-commerces","tag-pouvoir-dachat-2","tag-soldes","tag-tunisie"],"yoast_head":"<!-- This site is optimized with the Yoast SEO plugin v26.6 - https:\/\/yoast.com\/wordpress\/plugins\/seo\/ -->\n<title>Date du lancement des soldes d&#039;\u00e9t\u00e9 2023 en Tunisie - Kapitalis<\/title>\n<meta name=\"description\" content=\"Le minist\u00e8re du Commerce a annonc\u00e9, aujourd&#039;hui mercredi 26 juillet 2023, la date du lancement des soldes d\u2019\u00e9t\u00e9 pour cette saison en Tunisie.\" \/>\n<meta name=\"robots\" content=\"index, follow, max-snippet:-1, max-image-preview:large, max-video-preview:-1\" \/>\n<link rel=\"canonical\" href=\"https:\/\/kapitalis.com\/tunisie\/2023\/07\/26\/date-du-lancement-des-soldes-dete-2023-en-tunisie\/\" \/>\n<meta property=\"og:locale\" content=\"fr_FR\" \/>\n<meta property=\"og:type\" content=\"article\" \/>\n<meta property=\"og:title\" content=\"Date du lancement des soldes d&#039;\u00e9t\u00e9 2023 en Tunisie - Kapitalis\" \/>\n<meta property=\"og:description\" content=\"Le minist\u00e8re du Commerce a annonc\u00e9, aujourd&#039;hui mercredi 26 juillet 2023, la date du lancement des soldes d\u2019\u00e9t\u00e9 pour cette saison en Tunisie.\" \/>\n<meta property=\"og:url\" content=\"https:\/\/kapitalis.com\/tunisie\/2023\/07\/26\/date-du-lancement-des-soldes-dete-2023-en-tunisie\/\" \/>\n<meta property=\"og:site_name\" content=\"Kapitalis\" \/>\n<meta property=\"article:publisher\" content=\"https:\/\/www.facebook.com\/KapitalisInfo\/\" \/>\n<meta property=\"article:published_time\" content=\"2023-07-26T15:48:35+00:00\" \/>\n<meta property=\"article:modified_time\" content=\"2023-07-26T16:00:08+00:00\" \/>\n<meta property=\"og:image\" content=\"https:\/\/kapitalis.com\/tunisie\/wp-content\/uploads\/2022\/07\/soldes-ete.jpg\" \/>\n\t<meta property=\"og:image:width\" content=\"1200\" \/>\n\t<meta property=\"og:image:height\" content=\"630\" \/>\n\t<meta property=\"og:image:type\" content=\"image\/jpeg\" \/>\n<meta name=\"author\" content=\"Yusra NY\" \/>\n<meta name=\"twitter:card\" content=\"summary_large_image\" \/>\n<meta name=\"twitter:creator\" content=\"@KapitalisInfo\" \/>\n<meta name=\"twitter:site\" content=\"@KapitalisInfo\" \/>\n<meta name=\"twitter:label1\" content=\"\u00c9crit par\" \/>\n\t<meta name=\"twitter:data1\" content=\"Yusra NY\" \/>\n\t<meta name=\"twitter:label2\" content=\"Dur\u00e9e de lecture estim\u00e9e\" \/>\n\t<meta name=\"twitter:data2\" content=\"1 minute\" \/>\n<script type=\"application\/ld+json\" class=\"yoast-schema-graph\">{\"@context\":\"https:\/\/schema.org\",\"@graph\":[{\"@type\":\"Article\",\"@id\":\"https:\/\/kapitalis.com\/tunisie\/2023\/07\/26\/date-du-lancement-des-soldes-dete-2023-en-tunisie\/#article\",\"isPartOf\":{\"@id\":\"https:\/\/kapitalis.com\/tunisie\/2023\/07\/26\/date-du-lancement-des-soldes-dete-2023-en-tunisie\/\"},\"author\":{\"name\":\"Yusra NY\",\"@id\":\"https:\/\/kapitalis.com\/tunisie\/#\/schema\/person\/74bbde0154d49d790a92aaeac5bc01d5\"},\"headline\":\"Date du lancement des soldes d&rsquo;\u00e9t\u00e9 2023 en Tunisie\",\"datePublished\":\"2023-07-26T15:48:35+00:00\",\"dateModified\":\"2023-07-26T16:00:08+00:00\",\"mainEntityOfPage\":{\"@id\":\"https:\/\/kapitalis.com\/tunisie\/2023\/07\/26\/date-du-lancement-des-soldes-dete-2023-en-tunisie\/\"},\"wordCount\":118,\"commentCount\":0,\"publisher\":{\"@id\":\"https:\/\/kapitalis.com\/tunisie\/#organization\"},\"image\":{\"@id\":\"https:\/\/kapitalis.com\/tunisie\/2023\/07\/26\/date-du-lancement-des-soldes-dete-2023-en-tunisie\/#primaryimage\"},\"thumbnailUrl\":\"https:\/\/kapitalis.com\/tunisie\/wp-content\/uploads\/2022\/07\/soldes-ete.jpg\",\"keywords\":[\"commer\u00e7ants\",\"commerces\",\"pouvoir d\u2019achat\",\"soldes\",\"Tunisie\"],\"articleSection\":[\"CONSO\",\"SOCIETE\",\"Tunisie\"],\"inLanguage\":\"fr-FR\",\"potentialAction\":[{\"@type\":\"CommentAction\",\"name\":\"Comment\",\"target\":[\"https:\/\/kapitalis.com\/tunisie\/2023\/07\/26\/date-du-lancement-des-soldes-dete-2023-en-tunisie\/#respond\"]}]},{\"@type\":\"WebPage\",\"@id\":\"https:\/\/kapitalis.com\/tunisie\/2023\/07\/26\/date-du-lancement-des-soldes-dete-2023-en-tunisie\/\",\"url\":\"https:\/\/kapitalis.com\/tunisie\/2023\/07\/26\/date-du-lancement-des-soldes-dete-2023-en-tunisie\/\",\"name\":\"Date du lancement des soldes d'\u00e9t\u00e9 2023 en Tunisie - Kapitalis\",\"isPartOf\":{\"@id\":\"https:\/\/kapitalis.com\/tunisie\/#website\"},\"primaryImageOfPage\":{\"@id\":\"https:\/\/kapitalis.com\/tunisie\/2023\/07\/26\/date-du-lancement-des-soldes-dete-2023-en-tunisie\/#primaryimage\"},\"image\":{\"@id\":\"https:\/\/kapitalis.com\/tunisie\/2023\/07\/26\/date-du-lancement-des-soldes-dete-2023-en-tunisie\/#primaryimage\"},\"thumbnailUrl\":\"https:\/\/kapitalis.com\/tunisie\/wp-content\/uploads\/2022\/07\/soldes-ete.jpg\",\"datePublished\":\"2023-07-26T15:48:35+00:00\",\"dateModified\":\"2023-07-26T16:00:08+00:00\",\"description\":\"Le minist\u00e8re du Commerce a annonc\u00e9, aujourd'hui mercredi 26 juillet 2023, la date du lancement des soldes d\u2019\u00e9t\u00e9 pour cette saison en Tunisie.\",\"breadcrumb\":{\"@id\":\"https:\/\/kapitalis.com\/tunisie\/2023\/07\/26\/date-du-lancement-des-soldes-dete-2023-en-tunisie\/#breadcrumb\"},\"inLanguage\":\"fr-FR\",\"potentialAction\":[{\"@type\":\"ReadAction\",\"target\":[\"https:\/\/kapitalis.com\/tunisie\/2023\/07\/26\/date-du-lancement-des-soldes-dete-2023-en-tunisie\/\"]}]},{\"@type\":\"ImageObject\",\"inLanguage\":\"fr-FR\",\"@id\":\"https:\/\/kapitalis.com\/tunisie\/2023\/07\/26\/date-du-lancement-des-soldes-dete-2023-en-tunisie\/#primaryimage\",\"url\":\"https:\/\/kapitalis.com\/tunisie\/wp-content\/uploads\/2022\/07\/soldes-ete.jpg\",\"contentUrl\":\"https:\/\/kapitalis.com\/tunisie\/wp-content\/uploads\/2022\/07\/soldes-ete.jpg\",\"width\":1200,\"height\":630},{\"@type\":\"BreadcrumbList\",\"@id\":\"https:\/\/kapitalis.com\/tunisie\/2023\/07\/26\/date-du-lancement-des-soldes-dete-2023-en-tunisie\/#breadcrumb\",\"itemListElement\":[{\"@type\":\"ListItem\",\"position\":1,\"name\":\"Accueil\",\"item\":\"https:\/\/kapitalis.com\/tunisie\/\"},{\"@type\":\"ListItem\",\"position\":2,\"name\":\"Date du lancement des soldes d&rsquo;\u00e9t\u00e9 2023 en Tunisie\"}]},{\"@type\":\"WebSite\",\"@id\":\"https:\/\/kapitalis.com\/tunisie\/#website\",\"url\":\"https:\/\/kapitalis.com\/tunisie\/\",\"name\":\"Kapitalis\",\"description\":\"L&#039;actualit\u00e9 en Tunisie et dans le monde\",\"publisher\":{\"@id\":\"https:\/\/kapitalis.com\/tunisie\/#organization\"},\"potentialAction\":[{\"@type\":\"SearchAction\",\"target\":{\"@type\":\"EntryPoint\",\"urlTemplate\":\"https:\/\/kapitalis.com\/tunisie\/?s={search_term_string}\"},\"query-input\":{\"@type\":\"PropertyValueSpecification\",\"valueRequired\":true,\"valueName\":\"search_term_string\"}}],\"inLanguage\":\"fr-FR\"},{\"@type\":\"Organization\",\"@id\":\"https:\/\/kapitalis.com\/tunisie\/#organization\",\"name\":\"Kapitalis\",\"url\":\"https:\/\/kapitalis.com\/tunisie\/\",\"logo\":{\"@type\":\"ImageObject\",\"inLanguage\":\"fr-FR\",\"@id\":\"https:\/\/kapitalis.com\/tunisie\/#\/schema\/logo\/image\/\",\"url\":\"https:\/\/kapitalis.com\/tunisie\/wp-content\/uploads\/2022\/05\/Kapitalis-big-size.png\",\"contentUrl\":\"https:\/\/kapitalis.com\/tunisie\/wp-content\/uploads\/2022\/05\/Kapitalis-big-size.png\",\"width\":5000,\"height\":1500,\"caption\":\"Kapitalis\"},\"image\":{\"@id\":\"https:\/\/kapitalis.com\/tunisie\/#\/schema\/logo\/image\/\"},\"sameAs\":[\"https:\/\/www.facebook.com\/KapitalisInfo\/\",\"https:\/\/x.com\/KapitalisInfo\",\"https:\/\/www.youtube.com\/channel\/UC-yDYrHyfFBWWZaOw3FPg9Q\"]},{\"@type\":\"Person\",\"@id\":\"https:\/\/kapitalis.com\/tunisie\/#\/schema\/person\/74bbde0154d49d790a92aaeac5bc01d5\",\"name\":\"Yusra NY\",\"url\":\"https:\/\/kapitalis.com\/tunisie\/author\/yuza_adam\/\"}]}<\/script>\n<!-- \/ Yoast SEO plugin. -->","yoast_head_json":{"title":"Date du lancement des soldes d'\u00e9t\u00e9 2023 en Tunisie - Kapitalis","description":"Le minist\u00e8re du Commerce a annonc\u00e9, aujourd'hui mercredi 26 juillet 2023, la date du lancement des soldes d\u2019\u00e9t\u00e9 pour cette saison en Tunisie.","robots":{"index":"index","follow":"follow","max-snippet":"max-snippet:-1","max-image-preview":"max-image-preview:large","max-video-preview":"max-video-preview:-1"},"canonical":"https:\/\/kapitalis.com\/tunisie\/2023\/07\/26\/date-du-lancement-des-soldes-dete-2023-en-tunisie\/","og_locale":"fr_FR","og_type":"article","og_title":"Date du lancement des soldes d'\u00e9t\u00e9 2023 en Tunisie - Kapitalis","og_description":"Le minist\u00e8re du Commerce a annonc\u00e9, aujourd'hui mercredi 26 juillet 2023, la date du lancement des soldes d\u2019\u00e9t\u00e9 pour cette saison en Tunisie.","og_url":"https:\/\/kapitalis.com\/tunisie\/2023\/07\/26\/date-du-lancement-des-soldes-dete-2023-en-tunisie\/","og_site_name":"Kapitalis","article_publisher":"https:\/\/www.facebook.com\/KapitalisInfo\/","article_published_time":"2023-07-26T15:48:35+00:00","article_modified_time":"2023-07-26T16:00:08+00:00","og_image":[{"width":1200,"height":630,"url":"https:\/\/kapitalis.com\/tunisie\/wp-content\/uploads\/2022\/07\/soldes-ete.jpg","type":"image\/jpeg"}],"author":"Yusra NY","twitter_card":"summary_large_image","twitter_creator":"@KapitalisInfo","twitter_site":"@KapitalisInfo","twitter_misc":{"\u00c9crit par":"Yusra NY","Dur\u00e9e de lecture estim\u00e9e":"1 minute"},"schema":{"@context":"https:\/\/schema.org","@graph":[{"@type":"Article","@id":"https:\/\/kapitalis.com\/tunisie\/2023\/07\/26\/date-du-lancement-des-soldes-dete-2023-en-tunisie\/#article","isPartOf":{"@id":"https:\/\/kapitalis.com\/tunisie\/2023\/07\/26\/date-du-lancement-des-soldes-dete-2023-en-tunisie\/"},"author":{"name":"Yusra NY","@id":"https:\/\/kapitalis.com\/tunisie\/#\/schema\/person\/74bbde0154d49d790a92aaeac5bc01d5"},"headline":"Date du lancement des soldes d&rsquo;\u00e9t\u00e9 2023 en Tunisie","datePublished":"2023-07-26T15:48:35+00:00","dateModified":"2023-07-26T16:00:08+00:00","mainEntityOfPage":{"@id":"https:\/\/kapitalis.com\/tunisie\/2023\/07\/26\/date-du-lancement-des-soldes-dete-2023-en-tunisie\/"},"wordCount":118,"commentCount":0,"publisher":{"@id":"https:\/\/kapitalis.com\/tunisie\/#organization"},"image":{"@id":"https:\/\/kapitalis.com\/tunisie\/2023\/07\/26\/date-du-lancement-des-soldes-dete-2023-en-tunisie\/#primaryimage"},"thumbnailUrl":"https:\/\/kapitalis.com\/tunisie\/wp-content\/uploads\/2022\/07\/soldes-ete.jpg","keywords":["commer\u00e7ants","commerces","pouvoir d\u2019achat","soldes","Tunisie"],"articleSection":["CONSO","SOCIETE","Tunisie"],"inLanguage":"fr-FR","potentialAction":[{"@type":"CommentAction","name":"Comment","target":["https:\/\/kapitalis.com\/tunisie\/2023\/07\/26\/date-du-lancement-des-soldes-dete-2023-en-tunisie\/#respond"]}]},{"@type":"WebPage","@id":"https:\/\/kapitalis.com\/tunisie\/2023\/07\/26\/date-du-lancement-des-soldes-dete-2023-en-tunisie\/","url":"https:\/\/kapitalis.com\/tunisie\/2023\/07\/26\/date-du-lancement-des-soldes-dete-2023-en-tunisie\/","name":"Date du lancement des soldes d'\u00e9t\u00e9 2023 en Tunisie - Kapitalis","isPartOf":{"@id":"https:\/\/kapitalis.com\/tunisie\/#website"},"primaryImageOfPage":{"@id":"https:\/\/kapitalis.com\/tunisie\/2023\/07\/26\/date-du-lancement-des-soldes-dete-2023-en-tunisie\/#primaryimage"},"image":{"@id":"https:\/\/kapitalis.com\/tunisie\/2023\/07\/26\/date-du-lancement-des-soldes-dete-2023-en-tunisie\/#primaryimage"},"thumbnailUrl":"https:\/\/kapitalis.com\/tunisie\/wp-content\/uploads\/2022\/07\/soldes-ete.jpg","datePublished":"2023-07-26T15:48:35+00:00","dateModified":"2023-07-26T16:00:08+00:00","description":"Le minist\u00e8re du Commerce a annonc\u00e9, aujourd'hui mercredi 26 juillet 2023, la date du lancement des soldes d\u2019\u00e9t\u00e9 pour cette saison en Tunisie.","breadcrumb":{"@id":"https:\/\/kapitalis.com\/tunisie\/2023\/07\/26\/date-du-lancement-des-soldes-dete-2023-en-tunisie\/#breadcrumb"},"inLanguage":"fr-FR","potentialAction":[{"@type":"ReadAction","target":["https:\/\/kapitalis.com\/tunisie\/2023\/07\/26\/date-du-lancement-des-soldes-dete-2023-en-tunisie\/"]}]},{"@type":"ImageObject","inLanguage":"fr-FR","@id":"https:\/\/kapitalis.com\/tunisie\/2023\/07\/26\/date-du-lancement-des-soldes-dete-2023-en-tunisie\/#primaryimage","url":"https:\/\/kapitalis.com\/tunisie\/wp-content\/uploads\/2022\/07\/soldes-ete.jpg","contentUrl":"https:\/\/kapitalis.com\/tunisie\/wp-content\/uploads\/2022\/07\/soldes-ete.jpg","width":1200,"height":630},{"@type":"BreadcrumbList","@id":"https:\/\/kapitalis.com\/tunisie\/2023\/07\/26\/date-du-lancement-des-soldes-dete-2023-en-tunisie\/#breadcrumb","itemListElement":[{"@type":"ListItem","position":1,"name":"Accueil","item":"https:\/\/kapitalis.com\/tunisie\/"},{"@type":"ListItem","position":2,"name":"Date du lancement des soldes d&rsquo;\u00e9t\u00e9 2023 en Tunisie"}]},{"@type":"WebSite","@id":"https:\/\/kapitalis.com\/tunisie\/#website","url":"https:\/\/kapitalis.com\/tunisie\/","name":"Kapitalis","description":"L&#039;actualit\u00e9 en Tunisie et dans le monde","publisher":{"@id":"https:\/\/kapitalis.com\/tunisie\/#organization"},"potentialAction":[{"@type":"SearchAction","target":{"@type":"EntryPoint","urlTemplate":"https:\/\/kapitalis.com\/tunisie\/?s={search_term_string}"},"query-input":{"@type":"PropertyValueSpecification","valueRequired":true,"valueName":"search_term_string"}}],"inLanguage":"fr-FR"},{"@type":"Organization","@id":"https:\/\/kapitalis.com\/tunisie\/#organization","name":"Kapitalis","url":"https:\/\/kapitalis.com\/tunisie\/","logo":{"@type":"ImageObject","inLanguage":"fr-FR","@id":"https:\/\/kapitalis.com\/tunisie\/#\/schema\/logo\/image\/","url":"https:\/\/kapitalis.com\/tunisie\/wp-content\/uploads\/2022\/05\/Kapitalis-big-size.png","contentUrl":"https:\/\/kapitalis.com\/tunisie\/wp-content\/uploads\/2022\/05\/Kapitalis-big-size.png","width":5000,"height":1500,"caption":"Kapitalis"},"image":{"@id":"https:\/\/kapitalis.com\/tunisie\/#\/schema\/logo\/image\/"},"sameAs":["https:\/\/www.facebook.com\/KapitalisInfo\/","https:\/\/x.com\/KapitalisInfo","https:\/\/www.youtube.com\/channel\/UC-yDYrHyfFBWWZaOw3FPg9Q"]},{"@type":"Person","@id":"https:\/\/kapitalis.com\/tunisie\/#\/schema\/person\/74bbde0154d49d790a92aaeac5bc01d5","name":"Yusra NY","url":"https:\/\/kapitalis.com\/tunisie\/author\/yuza_adam\/"}]}},"_links":{"self":[{"href":"https:\/\/kapitalis.com\/tunisie\/wp-json\/wp\/v2\/posts\/9061069","targetHints":{"allow":["GET"]}}],"collection":[{"href":"https:\/\/kapitalis.com\/tunisie\/wp-json\/wp\/v2\/posts"}],"about":[{"href":"https:\/\/kapitalis.com\/tunisie\/wp-json\/wp\/v2\/types\/post"}],"author":[{"embeddable":true,"href":"https:\/\/kapitalis.com\/tunisie\/wp-json\/wp\/v2\/users\/6"}],"replies":[{"embeddable":true,"href":"https:\/\/kapitalis.com\/tunisie\/wp-json\/wp\/v2\/comments?post=9061069"}],"version-history":[{"count":2,"href":"https:\/\/kapitalis.com\/tunisie\/wp-json\/wp\/v2\/posts\/9061069\/revisions"}],"predecessor-version":[{"id":9061125,"href":"https:\/\/kapitalis.com\/tunisie\/wp-json\/wp\/v2\/posts\/9061069\/revisions\/9061125"}],"wp:featuredmedia":[{"embeddable":true,"href":"https:\/\/kapitalis.com\/tunisie\/wp-json\/wp\/v2\/media\/2403377"}],"wp:attachment":[{"href":"https:\/\/kapitalis.com\/tunisie\/wp-json\/wp\/v2\/media?parent=9061069"}],"wp:term":[{"taxonomy":"category","embeddable":true,"href":"https:\/\/kapitalis.com\/tunisie\/wp-json\/wp\/v2\/categories?post=9061069"},{"taxonomy":"post_tag","embeddable":true,"href":"https:\/\/kapitalis.com\/tunisie\/wp-json\/wp\/v2\/tags?post=9061069"}],"curies":[{"name":"wp","href":"https:\/\/api.w.org\/{rel}","templated":true}]}}