{"id":90755,"date":"2017-04-11T08:11:13","date_gmt":"2017-04-11T07:11:13","guid":{"rendered":"http:\/\/kapitalis.com\/tunisie\/?p=90755"},"modified":"2017-04-11T08:11:13","modified_gmt":"2017-04-11T07:11:13","slug":"lugtt-soutient-les-mouvements-sociaux-dans-les-regions","status":"publish","type":"post","link":"https:\/\/kapitalis.com\/tunisie\/2017\/04\/11\/lugtt-soutient-les-mouvements-sociaux-dans-les-regions\/","title":{"rendered":"L\u2019UGTT soutient les mouvements sociaux dans les r\u00e9gions"},"content":{"rendered":"<p style=\"text-align: center;\"><img loading=\"lazy\" decoding=\"async\" class=\"alignnone size-full wp-image-90070\" src=\"http:\/\/kapitalis.com\/tunisie\/wp-content\/uploads\/2017\/04\/Kef-greve-1.jpg\" alt=\"\" width=\"626\" height=\"380\" \/><\/p>\n<p><em><strong>Le bureau ex\u00e9cutif de l\u2019Union g\u00e9n\u00e9rale tunisienne du travail (UGTT) soutient les mouvements de protestation dans les diff\u00e9rentes r\u00e9gions du pays, notamment le Kef et Tataouine.<\/strong><\/em><\/p>\n<p><!--more--><\/p>\n<p>Dans un communiqu\u00e9 rendu public lundi 10 avril 2017, le bureau ex\u00e9cutif de la centrale syndicale a appel\u00e9 \u00e0 l\u2019\u00e9tablissement d\u2019un dialogue s\u00e9rieux avec les jeunes ch\u00f4meurs et les composantes de la soci\u00e9t\u00e9 civile dans les r\u00e9gions <em>\u00abdans le but d\u2019\u00e9laborer des programmes en mesure de sauver ces r\u00e9gions de la marginalisation et de l\u2019exclusion auxquelles elles font face\u00bb.<\/em><\/p>\n<p>Le bureau ex\u00e9cutif de l\u2019UGTT a exprim\u00e9, par ailleurs, son refus de toute \u00ab<em>instrumentalisation des souffrances et de la mis\u00e8re de ces r\u00e9gions, sans aider \u00e0 trouver les r\u00e9ponses ad\u00e9quates \u00e0 leurs revendications en mati\u00e8res de d\u00e9veloppement et de cr\u00e9ation d\u2019emplois<\/em>\u00bb, par allusion aux partis qui font des mouvements sociaux un fonds de commerce politique.<\/p>\n<p>Le bureau ex\u00e9cutif de l\u2019UGTT a propos\u00e9, dans le m\u00eame communiqu\u00e9, la cr\u00e9ation de zones de libre-\u00e9change dans ces r\u00e9gions, estimant que cela repr\u00e9sente \u00ab<em>l\u2019une des solutions les plus efficaces pour r\u00e9soudre les probl\u00e8mes de d\u00e9veloppement de ces r\u00e9gions frontali\u00e8res, int\u00e9grer le commerce parall\u00e8le dans le circuit \u00e9conomique formel, lutter contre la contrebande et aider \u00e0 la cr\u00e9ation d\u2019emplois<\/em>\u00bb.<\/p>\n<p style=\"text-align: center;\"><img loading=\"lazy\" decoding=\"async\" class=\"alignnone wp-image-84659\" src=\"http:\/\/kapitalis.com\/tunisie\/wp-content\/uploads\/2017\/02\/Bureau-executif-UGTT.jpg\" alt=\"Bureau ex\u00e9cutif de l'UGTT\" width=\"500\" height=\"304\" \/><\/p>\n<p style=\"text-align: center;\"><em>Bureau ex\u00e9cutif de l&rsquo;UGTT.<\/em><\/p>\n<p>Tout en exprimant son soutien aux protestataires dans les r\u00e9gions du Kef et de Tataouine, le bureau ex\u00e9cutif de l\u2019UGTT a r\u00e9clam\u00e9 l\u2019application du \u00ab<em>principe de discrimination positive institu\u00e9 par la constitution<\/em>\u00bb, appelant \u00e0 la mise en place d\u2019une politique nationale permettant aux r\u00e9gions de b\u00e9n\u00e9ficier d\u2019une r\u00e9partition \u00e9quitable des richesses dans un esprit de justice sociale.<\/p>\n<p><em>\u00abL\u2019absence d\u2019un mod\u00e8le de d\u00e9veloppement national \u00e9quitable ne fera qu\u2019aggraver la discrimination, l\u2019exclusion et la marginalisation, alimenter les mouvements de protestation et amplifier les tensions sociales\u00bb,<\/em> a soulign\u00e9 l\u2019UGTT, qui a appel\u00e9 l\u2019Etat \u00e0 assumer sa responsabilit\u00e9 dans la mise en place de politiques capables de sauver l\u2019\u00e9conomie du pays et de garantir un d\u00e9veloppement durable.<\/p>\n<p style=\"text-align: right;\"><strong>Abderrazek Krimi<\/strong><\/p>\n","protected":false},"excerpt":{"rendered":"<p>Le bureau ex\u00e9cutif de l\u2019Union g\u00e9n\u00e9rale tunisienne du travail (UGTT) soutient les mouvements de protestation dans les diff\u00e9rentes r\u00e9gions du pays, notamment le Kef et Tataouine.<\/p>\n","protected":false},"author":8,"featured_media":0,"comment_status":"open","ping_status":"open","sticky":false,"template":"","format":"standard","meta":{"footnotes":""},"categories":[998,2433],"tags":[1868,275,527,643,1126],"class_list":["post-90755","post","type-post","status-publish","format-standard","hentry","category-societe","category-tunisie","tag-chomage","tag-developpement","tag-kef","tag-mouvements-sociaux","tag-tataouine"],"yoast_head":"<!-- This site is optimized with the Yoast SEO plugin v26.6 - https:\/\/yoast.com\/wordpress\/plugins\/seo\/ -->\n<title>L\u2019UGTT soutient les mouvements sociaux dans les r\u00e9gions - Kapitalis<\/title>\n<meta name=\"robots\" content=\"index, follow, max-snippet:-1, max-image-preview:large, max-video-preview:-1\" \/>\n<link rel=\"canonical\" href=\"https:\/\/kapitalis.com\/tunisie\/2017\/04\/11\/lugtt-soutient-les-mouvements-sociaux-dans-les-regions\/\" \/>\n<meta property=\"og:locale\" content=\"fr_FR\" \/>\n<meta property=\"og:type\" content=\"article\" \/>\n<meta property=\"og:title\" content=\"L\u2019UGTT soutient les mouvements sociaux dans les r\u00e9gions - Kapitalis\" \/>\n<meta property=\"og:description\" content=\"Le bureau ex\u00e9cutif de l\u2019Union g\u00e9n\u00e9rale tunisienne du travail (UGTT) soutient les mouvements de protestation dans les diff\u00e9rentes r\u00e9gions du pays, notamment le Kef et Tataouine.\" \/>\n<meta property=\"og:url\" content=\"https:\/\/kapitalis.com\/tunisie\/2017\/04\/11\/lugtt-soutient-les-mouvements-sociaux-dans-les-regions\/\" \/>\n<meta property=\"og:site_name\" content=\"Kapitalis\" \/>\n<meta property=\"article:publisher\" content=\"https:\/\/www.facebook.com\/KapitalisInfo\/\" \/>\n<meta property=\"article:published_time\" content=\"2017-04-11T07:11:13+00:00\" \/>\n<meta property=\"og:image\" content=\"http:\/\/kapitalis.com\/tunisie\/wp-content\/uploads\/2017\/04\/Kef-greve-1.jpg\" \/>\n<meta name=\"author\" content=\"webmaster kapitalis\" \/>\n<meta name=\"twitter:card\" content=\"summary_large_image\" \/>\n<meta name=\"twitter:creator\" content=\"@KapitalisInfo\" \/>\n<meta name=\"twitter:site\" content=\"@KapitalisInfo\" \/>\n<meta name=\"twitter:label1\" content=\"\u00c9crit par\" \/>\n\t<meta name=\"twitter:data1\" content=\"webmaster kapitalis\" \/>\n\t<meta name=\"twitter:label2\" content=\"Dur\u00e9e de lecture estim\u00e9e\" \/>\n\t<meta name=\"twitter:data2\" content=\"2 minutes\" \/>\n<script type=\"application\/ld+json\" class=\"yoast-schema-graph\">{\"@context\":\"https:\/\/schema.org\",\"@graph\":[{\"@type\":\"Article\",\"@id\":\"https:\/\/kapitalis.com\/tunisie\/2017\/04\/11\/lugtt-soutient-les-mouvements-sociaux-dans-les-regions\/#article\",\"isPartOf\":{\"@id\":\"https:\/\/kapitalis.com\/tunisie\/2017\/04\/11\/lugtt-soutient-les-mouvements-sociaux-dans-les-regions\/\"},\"author\":{\"name\":\"webmaster kapitalis\",\"@id\":\"https:\/\/kapitalis.com\/tunisie\/#\/schema\/person\/d71f33a9ca44f7bad4698210b480c8e9\"},\"headline\":\"L\u2019UGTT soutient les mouvements sociaux dans les r\u00e9gions\",\"datePublished\":\"2017-04-11T07:11:13+00:00\",\"mainEntityOfPage\":{\"@id\":\"https:\/\/kapitalis.com\/tunisie\/2017\/04\/11\/lugtt-soutient-les-mouvements-sociaux-dans-les-regions\/\"},\"wordCount\":385,\"commentCount\":0,\"publisher\":{\"@id\":\"https:\/\/kapitalis.com\/tunisie\/#organization\"},\"image\":{\"@id\":\"https:\/\/kapitalis.com\/tunisie\/2017\/04\/11\/lugtt-soutient-les-mouvements-sociaux-dans-les-regions\/#primaryimage\"},\"thumbnailUrl\":\"http:\/\/kapitalis.com\/tunisie\/wp-content\/uploads\/2017\/04\/Kef-greve-1.jpg\",\"keywords\":[\"ch\u00f4mage\",\"d\u00e9veloppement\",\"Kef\",\"mouvements sociaux\",\"Tataouine\"],\"articleSection\":[\"SOCIETE\",\"Tunisie\"],\"inLanguage\":\"fr-FR\",\"potentialAction\":[{\"@type\":\"CommentAction\",\"name\":\"Comment\",\"target\":[\"https:\/\/kapitalis.com\/tunisie\/2017\/04\/11\/lugtt-soutient-les-mouvements-sociaux-dans-les-regions\/#respond\"]}]},{\"@type\":\"WebPage\",\"@id\":\"https:\/\/kapitalis.com\/tunisie\/2017\/04\/11\/lugtt-soutient-les-mouvements-sociaux-dans-les-regions\/\",\"url\":\"https:\/\/kapitalis.com\/tunisie\/2017\/04\/11\/lugtt-soutient-les-mouvements-sociaux-dans-les-regions\/\",\"name\":\"L\u2019UGTT soutient les mouvements sociaux dans les r\u00e9gions - Kapitalis\",\"isPartOf\":{\"@id\":\"https:\/\/kapitalis.com\/tunisie\/#website\"},\"primaryImageOfPage\":{\"@id\":\"https:\/\/kapitalis.com\/tunisie\/2017\/04\/11\/lugtt-soutient-les-mouvements-sociaux-dans-les-regions\/#primaryimage\"},\"image\":{\"@id\":\"https:\/\/kapitalis.com\/tunisie\/2017\/04\/11\/lugtt-soutient-les-mouvements-sociaux-dans-les-regions\/#primaryimage\"},\"thumbnailUrl\":\"http:\/\/kapitalis.com\/tunisie\/wp-content\/uploads\/2017\/04\/Kef-greve-1.jpg\",\"datePublished\":\"2017-04-11T07:11:13+00:00\",\"breadcrumb\":{\"@id\":\"https:\/\/kapitalis.com\/tunisie\/2017\/04\/11\/lugtt-soutient-les-mouvements-sociaux-dans-les-regions\/#breadcrumb\"},\"inLanguage\":\"fr-FR\",\"potentialAction\":[{\"@type\":\"ReadAction\",\"target\":[\"https:\/\/kapitalis.com\/tunisie\/2017\/04\/11\/lugtt-soutient-les-mouvements-sociaux-dans-les-regions\/\"]}]},{\"@type\":\"ImageObject\",\"inLanguage\":\"fr-FR\",\"@id\":\"https:\/\/kapitalis.com\/tunisie\/2017\/04\/11\/lugtt-soutient-les-mouvements-sociaux-dans-les-regions\/#primaryimage\",\"url\":\"http:\/\/kapitalis.com\/tunisie\/wp-content\/uploads\/2017\/04\/Kef-greve-1.jpg\",\"contentUrl\":\"http:\/\/kapitalis.com\/tunisie\/wp-content\/uploads\/2017\/04\/Kef-greve-1.jpg\"},{\"@type\":\"BreadcrumbList\",\"@id\":\"https:\/\/kapitalis.com\/tunisie\/2017\/04\/11\/lugtt-soutient-les-mouvements-sociaux-dans-les-regions\/#breadcrumb\",\"itemListElement\":[{\"@type\":\"ListItem\",\"position\":1,\"name\":\"Accueil\",\"item\":\"https:\/\/kapitalis.com\/tunisie\/\"},{\"@type\":\"ListItem\",\"position\":2,\"name\":\"L\u2019UGTT soutient les mouvements sociaux dans les r\u00e9gions\"}]},{\"@type\":\"WebSite\",\"@id\":\"https:\/\/kapitalis.com\/tunisie\/#website\",\"url\":\"https:\/\/kapitalis.com\/tunisie\/\",\"name\":\"Kapitalis\",\"description\":\"L&#039;actualit\u00e9 en Tunisie et dans le monde\",\"publisher\":{\"@id\":\"https:\/\/kapitalis.com\/tunisie\/#organization\"},\"potentialAction\":[{\"@type\":\"SearchAction\",\"target\":{\"@type\":\"EntryPoint\",\"urlTemplate\":\"https:\/\/kapitalis.com\/tunisie\/?s={search_term_string}\"},\"query-input\":{\"@type\":\"PropertyValueSpecification\",\"valueRequired\":true,\"valueName\":\"search_term_string\"}}],\"inLanguage\":\"fr-FR\"},{\"@type\":\"Organization\",\"@id\":\"https:\/\/kapitalis.com\/tunisie\/#organization\",\"name\":\"Kapitalis\",\"url\":\"https:\/\/kapitalis.com\/tunisie\/\",\"logo\":{\"@type\":\"ImageObject\",\"inLanguage\":\"fr-FR\",\"@id\":\"https:\/\/kapitalis.com\/tunisie\/#\/schema\/logo\/image\/\",\"url\":\"https:\/\/kapitalis.com\/tunisie\/wp-content\/uploads\/2022\/05\/Kapitalis-big-size.png\",\"contentUrl\":\"https:\/\/kapitalis.com\/tunisie\/wp-content\/uploads\/2022\/05\/Kapitalis-big-size.png\",\"width\":5000,\"height\":1500,\"caption\":\"Kapitalis\"},\"image\":{\"@id\":\"https:\/\/kapitalis.com\/tunisie\/#\/schema\/logo\/image\/\"},\"sameAs\":[\"https:\/\/www.facebook.com\/KapitalisInfo\/\",\"https:\/\/x.com\/KapitalisInfo\",\"https:\/\/www.youtube.com\/channel\/UC-yDYrHyfFBWWZaOw3FPg9Q\"]},{\"@type\":\"Person\",\"@id\":\"https:\/\/kapitalis.com\/tunisie\/#\/schema\/person\/d71f33a9ca44f7bad4698210b480c8e9\",\"name\":\"webmaster kapitalis\",\"url\":\"https:\/\/kapitalis.com\/tunisie\/author\/webmaster-kapitalis\/\"}]}<\/script>\n<!-- \/ Yoast SEO plugin. -->","yoast_head_json":{"title":"L\u2019UGTT soutient les mouvements sociaux dans les r\u00e9gions - Kapitalis","robots":{"index":"index","follow":"follow","max-snippet":"max-snippet:-1","max-image-preview":"max-image-preview:large","max-video-preview":"max-video-preview:-1"},"canonical":"https:\/\/kapitalis.com\/tunisie\/2017\/04\/11\/lugtt-soutient-les-mouvements-sociaux-dans-les-regions\/","og_locale":"fr_FR","og_type":"article","og_title":"L\u2019UGTT soutient les mouvements sociaux dans les r\u00e9gions - Kapitalis","og_description":"Le bureau ex\u00e9cutif de l\u2019Union g\u00e9n\u00e9rale tunisienne du travail (UGTT) soutient les mouvements de protestation dans les diff\u00e9rentes r\u00e9gions du pays, notamment le Kef et Tataouine.","og_url":"https:\/\/kapitalis.com\/tunisie\/2017\/04\/11\/lugtt-soutient-les-mouvements-sociaux-dans-les-regions\/","og_site_name":"Kapitalis","article_publisher":"https:\/\/www.facebook.com\/KapitalisInfo\/","article_published_time":"2017-04-11T07:11:13+00:00","og_image":[{"url":"http:\/\/kapitalis.com\/tunisie\/wp-content\/uploads\/2017\/04\/Kef-greve-1.jpg","type":"","width":"","height":""}],"author":"webmaster kapitalis","twitter_card":"summary_large_image","twitter_creator":"@KapitalisInfo","twitter_site":"@KapitalisInfo","twitter_misc":{"\u00c9crit par":"webmaster kapitalis","Dur\u00e9e de lecture estim\u00e9e":"2 minutes"},"schema":{"@context":"https:\/\/schema.org","@graph":[{"@type":"Article","@id":"https:\/\/kapitalis.com\/tunisie\/2017\/04\/11\/lugtt-soutient-les-mouvements-sociaux-dans-les-regions\/#article","isPartOf":{"@id":"https:\/\/kapitalis.com\/tunisie\/2017\/04\/11\/lugtt-soutient-les-mouvements-sociaux-dans-les-regions\/"},"author":{"name":"webmaster kapitalis","@id":"https:\/\/kapitalis.com\/tunisie\/#\/schema\/person\/d71f33a9ca44f7bad4698210b480c8e9"},"headline":"L\u2019UGTT soutient les mouvements sociaux dans les r\u00e9gions","datePublished":"2017-04-11T07:11:13+00:00","mainEntityOfPage":{"@id":"https:\/\/kapitalis.com\/tunisie\/2017\/04\/11\/lugtt-soutient-les-mouvements-sociaux-dans-les-regions\/"},"wordCount":385,"commentCount":0,"publisher":{"@id":"https:\/\/kapitalis.com\/tunisie\/#organization"},"image":{"@id":"https:\/\/kapitalis.com\/tunisie\/2017\/04\/11\/lugtt-soutient-les-mouvements-sociaux-dans-les-regions\/#primaryimage"},"thumbnailUrl":"http:\/\/kapitalis.com\/tunisie\/wp-content\/uploads\/2017\/04\/Kef-greve-1.jpg","keywords":["ch\u00f4mage","d\u00e9veloppement","Kef","mouvements sociaux","Tataouine"],"articleSection":["SOCIETE","Tunisie"],"inLanguage":"fr-FR","potentialAction":[{"@type":"CommentAction","name":"Comment","target":["https:\/\/kapitalis.com\/tunisie\/2017\/04\/11\/lugtt-soutient-les-mouvements-sociaux-dans-les-regions\/#respond"]}]},{"@type":"WebPage","@id":"https:\/\/kapitalis.com\/tunisie\/2017\/04\/11\/lugtt-soutient-les-mouvements-sociaux-dans-les-regions\/","url":"https:\/\/kapitalis.com\/tunisie\/2017\/04\/11\/lugtt-soutient-les-mouvements-sociaux-dans-les-regions\/","name":"L\u2019UGTT soutient les mouvements sociaux dans les r\u00e9gions - Kapitalis","isPartOf":{"@id":"https:\/\/kapitalis.com\/tunisie\/#website"},"primaryImageOfPage":{"@id":"https:\/\/kapitalis.com\/tunisie\/2017\/04\/11\/lugtt-soutient-les-mouvements-sociaux-dans-les-regions\/#primaryimage"},"image":{"@id":"https:\/\/kapitalis.com\/tunisie\/2017\/04\/11\/lugtt-soutient-les-mouvements-sociaux-dans-les-regions\/#primaryimage"},"thumbnailUrl":"http:\/\/kapitalis.com\/tunisie\/wp-content\/uploads\/2017\/04\/Kef-greve-1.jpg","datePublished":"2017-04-11T07:11:13+00:00","breadcrumb":{"@id":"https:\/\/kapitalis.com\/tunisie\/2017\/04\/11\/lugtt-soutient-les-mouvements-sociaux-dans-les-regions\/#breadcrumb"},"inLanguage":"fr-FR","potentialAction":[{"@type":"ReadAction","target":["https:\/\/kapitalis.com\/tunisie\/2017\/04\/11\/lugtt-soutient-les-mouvements-sociaux-dans-les-regions\/"]}]},{"@type":"ImageObject","inLanguage":"fr-FR","@id":"https:\/\/kapitalis.com\/tunisie\/2017\/04\/11\/lugtt-soutient-les-mouvements-sociaux-dans-les-regions\/#primaryimage","url":"http:\/\/kapitalis.com\/tunisie\/wp-content\/uploads\/2017\/04\/Kef-greve-1.jpg","contentUrl":"http:\/\/kapitalis.com\/tunisie\/wp-content\/uploads\/2017\/04\/Kef-greve-1.jpg"},{"@type":"BreadcrumbList","@id":"https:\/\/kapitalis.com\/tunisie\/2017\/04\/11\/lugtt-soutient-les-mouvements-sociaux-dans-les-regions\/#breadcrumb","itemListElement":[{"@type":"ListItem","position":1,"name":"Accueil","item":"https:\/\/kapitalis.com\/tunisie\/"},{"@type":"ListItem","position":2,"name":"L\u2019UGTT soutient les mouvements sociaux dans les r\u00e9gions"}]},{"@type":"WebSite","@id":"https:\/\/kapitalis.com\/tunisie\/#website","url":"https:\/\/kapitalis.com\/tunisie\/","name":"Kapitalis","description":"L&#039;actualit\u00e9 en Tunisie et dans le monde","publisher":{"@id":"https:\/\/kapitalis.com\/tunisie\/#organization"},"potentialAction":[{"@type":"SearchAction","target":{"@type":"EntryPoint","urlTemplate":"https:\/\/kapitalis.com\/tunisie\/?s={search_term_string}"},"query-input":{"@type":"PropertyValueSpecification","valueRequired":true,"valueName":"search_term_string"}}],"inLanguage":"fr-FR"},{"@type":"Organization","@id":"https:\/\/kapitalis.com\/tunisie\/#organization","name":"Kapitalis","url":"https:\/\/kapitalis.com\/tunisie\/","logo":{"@type":"ImageObject","inLanguage":"fr-FR","@id":"https:\/\/kapitalis.com\/tunisie\/#\/schema\/logo\/image\/","url":"https:\/\/kapitalis.com\/tunisie\/wp-content\/uploads\/2022\/05\/Kapitalis-big-size.png","contentUrl":"https:\/\/kapitalis.com\/tunisie\/wp-content\/uploads\/2022\/05\/Kapitalis-big-size.png","width":5000,"height":1500,"caption":"Kapitalis"},"image":{"@id":"https:\/\/kapitalis.com\/tunisie\/#\/schema\/logo\/image\/"},"sameAs":["https:\/\/www.facebook.com\/KapitalisInfo\/","https:\/\/x.com\/KapitalisInfo","https:\/\/www.youtube.com\/channel\/UC-yDYrHyfFBWWZaOw3FPg9Q"]},{"@type":"Person","@id":"https:\/\/kapitalis.com\/tunisie\/#\/schema\/person\/d71f33a9ca44f7bad4698210b480c8e9","name":"webmaster kapitalis","url":"https:\/\/kapitalis.com\/tunisie\/author\/webmaster-kapitalis\/"}]}},"_links":{"self":[{"href":"https:\/\/kapitalis.com\/tunisie\/wp-json\/wp\/v2\/posts\/90755","targetHints":{"allow":["GET"]}}],"collection":[{"href":"https:\/\/kapitalis.com\/tunisie\/wp-json\/wp\/v2\/posts"}],"about":[{"href":"https:\/\/kapitalis.com\/tunisie\/wp-json\/wp\/v2\/types\/post"}],"author":[{"embeddable":true,"href":"https:\/\/kapitalis.com\/tunisie\/wp-json\/wp\/v2\/users\/8"}],"replies":[{"embeddable":true,"href":"https:\/\/kapitalis.com\/tunisie\/wp-json\/wp\/v2\/comments?post=90755"}],"version-history":[{"count":0,"href":"https:\/\/kapitalis.com\/tunisie\/wp-json\/wp\/v2\/posts\/90755\/revisions"}],"wp:attachment":[{"href":"https:\/\/kapitalis.com\/tunisie\/wp-json\/wp\/v2\/media?parent=90755"}],"wp:term":[{"taxonomy":"category","embeddable":true,"href":"https:\/\/kapitalis.com\/tunisie\/wp-json\/wp\/v2\/categories?post=90755"},{"taxonomy":"post_tag","embeddable":true,"href":"https:\/\/kapitalis.com\/tunisie\/wp-json\/wp\/v2\/tags?post=90755"}],"curies":[{"name":"wp","href":"https:\/\/api.w.org\/{rel}","templated":true}]}}