{"id":9085942,"date":"2023-07-28T10:49:30","date_gmt":"2023-07-28T09:49:30","guid":{"rendered":"https:\/\/kapitalis.com\/tunisie\/?p=9085942"},"modified":"2023-07-28T10:49:32","modified_gmt":"2023-07-28T09:49:32","slug":"cinema-tunisien-les-filles-dolfa-selectionne-au-festival-international-de-toronto","status":"publish","type":"post","link":"https:\/\/kapitalis.com\/tunisie\/2023\/07\/28\/cinema-tunisien-les-filles-dolfa-selectionne-au-festival-international-de-toronto\/","title":{"rendered":"Cin\u00e9ma tunisien\u00a0: \u00ab\u00a0Les filles d\u2019Olfa\u00a0\u00bb s\u00e9lectionn\u00e9 au Festival international de Toronto"},"content":{"rendered":"\n<p><strong><em>Le film tunisien \u00ab\u00a0Les filles d\u2019Olfa\u00a0\u00bb de Kaouther Ben Hania fera partie de la prochaine \u00e9dition du Festival international du Film de Toronto (TIFF) o\u00f9 il sera sa premi\u00e8re nord-africaine.<\/em><\/strong><\/p>\n\n\n\n<!--more-->\n\n\n\n<p>Apr\u00e8s une premi\u00e8re mondiale \u00e0 Cannes et des s\u00e9lections dans des Festivals internationaux comme le Festival d\u2019Australie, Le dernier film de Kaouther Ben Hania \u00ab<em>&nbsp;Les filles d\u2019Olfa&nbsp;<\/em>\u00bb vient d\u2019\u00eatre s\u00e9lectionn\u00e9 au Festival international de Toronto dont la 48<sup>e<\/sup> \u00e9dition aura lieu du 7 au 17 septembre 2023.<\/p>\n\n\n\n<p>\u00ab\u00a0<em>Les filles d\u2019Olfa<\/em>\u00a0\u00bb est le cinqui\u00e8me long-m\u00e9trage de la cin\u00e9aste tunisienne qui a choisi de m\u00ealer documentaire et fiction pour raconter l\u2019histoire d\u2019Olfa, une m\u00e8re tunisienne qui a perdu deux de ses filles, parties rejoindre une organisation islamiste et ne sont toujours pas revenues. Le film r\u00e9unit des acteurs professionnels comme Hend Sabri, ainsi que les personnages r\u00e9els de l\u2019histoire.<\/p>\n\n\n\n<p class=\"has-text-align-right\"><strong>F.B<\/strong><\/p>\n","protected":false},"excerpt":{"rendered":"<p>Le film tunisien \u00ab\u00a0Les filles d\u2019Olfa\u00a0\u00bb de Kaouther Ben Hania fera partie de la prochaine \u00e9dition du Festival international du Film de Toronto (TIFF) o\u00f9 il sera sa premi\u00e8re nord-africaine.<\/p>\n","protected":false},"author":26,"featured_media":8011886,"comment_status":"open","ping_status":"open","sticky":false,"template":"","format":"standard","meta":{"footnotes":""},"categories":[994,2433],"tags":[9668,110158,22952,104544,62643],"class_list":["post-9085942","post","type-post","status-publish","format-standard","has-post-thumbnail","hentry","category-culture","category-tunisie","tag-cinema-tunisien","tag-festival-de-toronto","tag-kaouther-ben-hania","tag-les-filles-dolfa","tag-tunisie"],"yoast_head":"<!-- This site is optimized with the Yoast SEO plugin v26.6 - https:\/\/yoast.com\/wordpress\/plugins\/seo\/ -->\n<title>Cin\u00e9ma tunisien\u00a0: \u00ab\u00a0Les filles d\u2019Olfa\u00a0\u00bb s\u00e9lectionn\u00e9 au Festival international de Toronto - Kapitalis<\/title>\n<meta name=\"robots\" content=\"index, follow, max-snippet:-1, max-image-preview:large, max-video-preview:-1\" \/>\n<link rel=\"canonical\" href=\"https:\/\/kapitalis.com\/tunisie\/2023\/07\/28\/cinema-tunisien-les-filles-dolfa-selectionne-au-festival-international-de-toronto\/\" \/>\n<meta property=\"og:locale\" content=\"fr_FR\" \/>\n<meta property=\"og:type\" content=\"article\" \/>\n<meta property=\"og:title\" content=\"Cin\u00e9ma tunisien\u00a0: \u00ab\u00a0Les filles d\u2019Olfa\u00a0\u00bb s\u00e9lectionn\u00e9 au Festival international de Toronto - Kapitalis\" \/>\n<meta property=\"og:description\" content=\"Le film tunisien \u00ab\u00a0Les filles d\u2019Olfa\u00a0\u00bb de Kaouther Ben Hania fera partie de la prochaine \u00e9dition du Festival international du Film de Toronto (TIFF) o\u00f9 il sera sa premi\u00e8re nord-africaine.\" \/>\n<meta property=\"og:url\" content=\"https:\/\/kapitalis.com\/tunisie\/2023\/07\/28\/cinema-tunisien-les-filles-dolfa-selectionne-au-festival-international-de-toronto\/\" \/>\n<meta property=\"og:site_name\" content=\"Kapitalis\" \/>\n<meta property=\"article:publisher\" content=\"https:\/\/www.facebook.com\/KapitalisInfo\/\" \/>\n<meta property=\"article:published_time\" content=\"2023-07-28T09:49:30+00:00\" \/>\n<meta property=\"article:modified_time\" content=\"2023-07-28T09:49:32+00:00\" \/>\n<meta property=\"og:image\" content=\"https:\/\/kapitalis.com\/tunisie\/wp-content\/uploads\/2023\/05\/Kaouther-Ben-Hania-_-Les-filles-dOlfa.jpg\" \/>\n\t<meta property=\"og:image:width\" content=\"1200\" \/>\n\t<meta property=\"og:image:height\" content=\"630\" \/>\n\t<meta property=\"og:image:type\" content=\"image\/jpeg\" \/>\n<meta name=\"author\" content=\"Fawz BenAli\" \/>\n<meta name=\"twitter:card\" content=\"summary_large_image\" \/>\n<meta name=\"twitter:creator\" content=\"@KapitalisInfo\" \/>\n<meta name=\"twitter:site\" content=\"@KapitalisInfo\" \/>\n<meta name=\"twitter:label1\" content=\"\u00c9crit par\" \/>\n\t<meta name=\"twitter:data1\" content=\"Fawz BenAli\" \/>\n\t<meta name=\"twitter:label2\" content=\"Dur\u00e9e de lecture estim\u00e9e\" \/>\n\t<meta name=\"twitter:data2\" content=\"1 minute\" \/>\n<script type=\"application\/ld+json\" class=\"yoast-schema-graph\">{\"@context\":\"https:\/\/schema.org\",\"@graph\":[{\"@type\":\"Article\",\"@id\":\"https:\/\/kapitalis.com\/tunisie\/2023\/07\/28\/cinema-tunisien-les-filles-dolfa-selectionne-au-festival-international-de-toronto\/#article\",\"isPartOf\":{\"@id\":\"https:\/\/kapitalis.com\/tunisie\/2023\/07\/28\/cinema-tunisien-les-filles-dolfa-selectionne-au-festival-international-de-toronto\/\"},\"author\":{\"name\":\"Fawz BenAli\",\"@id\":\"https:\/\/kapitalis.com\/tunisie\/#\/schema\/person\/73a5ecc1f6ae540c6ed91342eadca948\"},\"headline\":\"Cin\u00e9ma tunisien\u00a0: \u00ab\u00a0Les filles d\u2019Olfa\u00a0\u00bb s\u00e9lectionn\u00e9 au Festival international de Toronto\",\"datePublished\":\"2023-07-28T09:49:30+00:00\",\"dateModified\":\"2023-07-28T09:49:32+00:00\",\"mainEntityOfPage\":{\"@id\":\"https:\/\/kapitalis.com\/tunisie\/2023\/07\/28\/cinema-tunisien-les-filles-dolfa-selectionne-au-festival-international-de-toronto\/\"},\"wordCount\":171,\"commentCount\":0,\"publisher\":{\"@id\":\"https:\/\/kapitalis.com\/tunisie\/#organization\"},\"image\":{\"@id\":\"https:\/\/kapitalis.com\/tunisie\/2023\/07\/28\/cinema-tunisien-les-filles-dolfa-selectionne-au-festival-international-de-toronto\/#primaryimage\"},\"thumbnailUrl\":\"https:\/\/kapitalis.com\/tunisie\/wp-content\/uploads\/2023\/05\/Kaouther-Ben-Hania-_-Les-filles-dOlfa.jpg\",\"keywords\":[\"cin\u00e9ma tunisien\",\"Festival de Toronto\",\"Kaouther Ben Hania\",\"Les filles d&#039;Olfa\",\"Tunisie\"],\"articleSection\":[\"CULTURE\",\"Tunisie\"],\"inLanguage\":\"fr-FR\",\"potentialAction\":[{\"@type\":\"CommentAction\",\"name\":\"Comment\",\"target\":[\"https:\/\/kapitalis.com\/tunisie\/2023\/07\/28\/cinema-tunisien-les-filles-dolfa-selectionne-au-festival-international-de-toronto\/#respond\"]}]},{\"@type\":\"WebPage\",\"@id\":\"https:\/\/kapitalis.com\/tunisie\/2023\/07\/28\/cinema-tunisien-les-filles-dolfa-selectionne-au-festival-international-de-toronto\/\",\"url\":\"https:\/\/kapitalis.com\/tunisie\/2023\/07\/28\/cinema-tunisien-les-filles-dolfa-selectionne-au-festival-international-de-toronto\/\",\"name\":\"Cin\u00e9ma tunisien\u00a0: \u00ab\u00a0Les filles d\u2019Olfa\u00a0\u00bb s\u00e9lectionn\u00e9 au Festival international de Toronto - Kapitalis\",\"isPartOf\":{\"@id\":\"https:\/\/kapitalis.com\/tunisie\/#website\"},\"primaryImageOfPage\":{\"@id\":\"https:\/\/kapitalis.com\/tunisie\/2023\/07\/28\/cinema-tunisien-les-filles-dolfa-selectionne-au-festival-international-de-toronto\/#primaryimage\"},\"image\":{\"@id\":\"https:\/\/kapitalis.com\/tunisie\/2023\/07\/28\/cinema-tunisien-les-filles-dolfa-selectionne-au-festival-international-de-toronto\/#primaryimage\"},\"thumbnailUrl\":\"https:\/\/kapitalis.com\/tunisie\/wp-content\/uploads\/2023\/05\/Kaouther-Ben-Hania-_-Les-filles-dOlfa.jpg\",\"datePublished\":\"2023-07-28T09:49:30+00:00\",\"dateModified\":\"2023-07-28T09:49:32+00:00\",\"breadcrumb\":{\"@id\":\"https:\/\/kapitalis.com\/tunisie\/2023\/07\/28\/cinema-tunisien-les-filles-dolfa-selectionne-au-festival-international-de-toronto\/#breadcrumb\"},\"inLanguage\":\"fr-FR\",\"potentialAction\":[{\"@type\":\"ReadAction\",\"target\":[\"https:\/\/kapitalis.com\/tunisie\/2023\/07\/28\/cinema-tunisien-les-filles-dolfa-selectionne-au-festival-international-de-toronto\/\"]}]},{\"@type\":\"ImageObject\",\"inLanguage\":\"fr-FR\",\"@id\":\"https:\/\/kapitalis.com\/tunisie\/2023\/07\/28\/cinema-tunisien-les-filles-dolfa-selectionne-au-festival-international-de-toronto\/#primaryimage\",\"url\":\"https:\/\/kapitalis.com\/tunisie\/wp-content\/uploads\/2023\/05\/Kaouther-Ben-Hania-_-Les-filles-dOlfa.jpg\",\"contentUrl\":\"https:\/\/kapitalis.com\/tunisie\/wp-content\/uploads\/2023\/05\/Kaouther-Ben-Hania-_-Les-filles-dOlfa.jpg\",\"width\":1200,\"height\":630},{\"@type\":\"BreadcrumbList\",\"@id\":\"https:\/\/kapitalis.com\/tunisie\/2023\/07\/28\/cinema-tunisien-les-filles-dolfa-selectionne-au-festival-international-de-toronto\/#breadcrumb\",\"itemListElement\":[{\"@type\":\"ListItem\",\"position\":1,\"name\":\"Accueil\",\"item\":\"https:\/\/kapitalis.com\/tunisie\/\"},{\"@type\":\"ListItem\",\"position\":2,\"name\":\"Cin\u00e9ma tunisien\u00a0: \u00ab\u00a0Les filles d\u2019Olfa\u00a0\u00bb s\u00e9lectionn\u00e9 au Festival international de Toronto\"}]},{\"@type\":\"WebSite\",\"@id\":\"https:\/\/kapitalis.com\/tunisie\/#website\",\"url\":\"https:\/\/kapitalis.com\/tunisie\/\",\"name\":\"Kapitalis\",\"description\":\"L&#039;actualit\u00e9 en Tunisie et dans le monde\",\"publisher\":{\"@id\":\"https:\/\/kapitalis.com\/tunisie\/#organization\"},\"potentialAction\":[{\"@type\":\"SearchAction\",\"target\":{\"@type\":\"EntryPoint\",\"urlTemplate\":\"https:\/\/kapitalis.com\/tunisie\/?s={search_term_string}\"},\"query-input\":{\"@type\":\"PropertyValueSpecification\",\"valueRequired\":true,\"valueName\":\"search_term_string\"}}],\"inLanguage\":\"fr-FR\"},{\"@type\":\"Organization\",\"@id\":\"https:\/\/kapitalis.com\/tunisie\/#organization\",\"name\":\"Kapitalis\",\"url\":\"https:\/\/kapitalis.com\/tunisie\/\",\"logo\":{\"@type\":\"ImageObject\",\"inLanguage\":\"fr-FR\",\"@id\":\"https:\/\/kapitalis.com\/tunisie\/#\/schema\/logo\/image\/\",\"url\":\"https:\/\/kapitalis.com\/tunisie\/wp-content\/uploads\/2022\/05\/Kapitalis-big-size.png\",\"contentUrl\":\"https:\/\/kapitalis.com\/tunisie\/wp-content\/uploads\/2022\/05\/Kapitalis-big-size.png\",\"width\":5000,\"height\":1500,\"caption\":\"Kapitalis\"},\"image\":{\"@id\":\"https:\/\/kapitalis.com\/tunisie\/#\/schema\/logo\/image\/\"},\"sameAs\":[\"https:\/\/www.facebook.com\/KapitalisInfo\/\",\"https:\/\/x.com\/KapitalisInfo\",\"https:\/\/www.youtube.com\/channel\/UC-yDYrHyfFBWWZaOw3FPg9Q\"]},{\"@type\":\"Person\",\"@id\":\"https:\/\/kapitalis.com\/tunisie\/#\/schema\/person\/73a5ecc1f6ae540c6ed91342eadca948\",\"name\":\"Fawz BenAli\",\"url\":\"https:\/\/kapitalis.com\/tunisie\/author\/fawz\/\"}]}<\/script>\n<!-- \/ Yoast SEO plugin. -->","yoast_head_json":{"title":"Cin\u00e9ma tunisien\u00a0: \u00ab\u00a0Les filles d\u2019Olfa\u00a0\u00bb s\u00e9lectionn\u00e9 au Festival international de Toronto - Kapitalis","robots":{"index":"index","follow":"follow","max-snippet":"max-snippet:-1","max-image-preview":"max-image-preview:large","max-video-preview":"max-video-preview:-1"},"canonical":"https:\/\/kapitalis.com\/tunisie\/2023\/07\/28\/cinema-tunisien-les-filles-dolfa-selectionne-au-festival-international-de-toronto\/","og_locale":"fr_FR","og_type":"article","og_title":"Cin\u00e9ma tunisien\u00a0: \u00ab\u00a0Les filles d\u2019Olfa\u00a0\u00bb s\u00e9lectionn\u00e9 au Festival international de Toronto - Kapitalis","og_description":"Le film tunisien \u00ab\u00a0Les filles d\u2019Olfa\u00a0\u00bb de Kaouther Ben Hania fera partie de la prochaine \u00e9dition du Festival international du Film de Toronto (TIFF) o\u00f9 il sera sa premi\u00e8re nord-africaine.","og_url":"https:\/\/kapitalis.com\/tunisie\/2023\/07\/28\/cinema-tunisien-les-filles-dolfa-selectionne-au-festival-international-de-toronto\/","og_site_name":"Kapitalis","article_publisher":"https:\/\/www.facebook.com\/KapitalisInfo\/","article_published_time":"2023-07-28T09:49:30+00:00","article_modified_time":"2023-07-28T09:49:32+00:00","og_image":[{"width":1200,"height":630,"url":"https:\/\/kapitalis.com\/tunisie\/wp-content\/uploads\/2023\/05\/Kaouther-Ben-Hania-_-Les-filles-dOlfa.jpg","type":"image\/jpeg"}],"author":"Fawz BenAli","twitter_card":"summary_large_image","twitter_creator":"@KapitalisInfo","twitter_site":"@KapitalisInfo","twitter_misc":{"\u00c9crit par":"Fawz BenAli","Dur\u00e9e de lecture estim\u00e9e":"1 minute"},"schema":{"@context":"https:\/\/schema.org","@graph":[{"@type":"Article","@id":"https:\/\/kapitalis.com\/tunisie\/2023\/07\/28\/cinema-tunisien-les-filles-dolfa-selectionne-au-festival-international-de-toronto\/#article","isPartOf":{"@id":"https:\/\/kapitalis.com\/tunisie\/2023\/07\/28\/cinema-tunisien-les-filles-dolfa-selectionne-au-festival-international-de-toronto\/"},"author":{"name":"Fawz BenAli","@id":"https:\/\/kapitalis.com\/tunisie\/#\/schema\/person\/73a5ecc1f6ae540c6ed91342eadca948"},"headline":"Cin\u00e9ma tunisien\u00a0: \u00ab\u00a0Les filles d\u2019Olfa\u00a0\u00bb s\u00e9lectionn\u00e9 au Festival international de Toronto","datePublished":"2023-07-28T09:49:30+00:00","dateModified":"2023-07-28T09:49:32+00:00","mainEntityOfPage":{"@id":"https:\/\/kapitalis.com\/tunisie\/2023\/07\/28\/cinema-tunisien-les-filles-dolfa-selectionne-au-festival-international-de-toronto\/"},"wordCount":171,"commentCount":0,"publisher":{"@id":"https:\/\/kapitalis.com\/tunisie\/#organization"},"image":{"@id":"https:\/\/kapitalis.com\/tunisie\/2023\/07\/28\/cinema-tunisien-les-filles-dolfa-selectionne-au-festival-international-de-toronto\/#primaryimage"},"thumbnailUrl":"https:\/\/kapitalis.com\/tunisie\/wp-content\/uploads\/2023\/05\/Kaouther-Ben-Hania-_-Les-filles-dOlfa.jpg","keywords":["cin\u00e9ma tunisien","Festival de Toronto","Kaouther Ben Hania","Les filles d&#039;Olfa","Tunisie"],"articleSection":["CULTURE","Tunisie"],"inLanguage":"fr-FR","potentialAction":[{"@type":"CommentAction","name":"Comment","target":["https:\/\/kapitalis.com\/tunisie\/2023\/07\/28\/cinema-tunisien-les-filles-dolfa-selectionne-au-festival-international-de-toronto\/#respond"]}]},{"@type":"WebPage","@id":"https:\/\/kapitalis.com\/tunisie\/2023\/07\/28\/cinema-tunisien-les-filles-dolfa-selectionne-au-festival-international-de-toronto\/","url":"https:\/\/kapitalis.com\/tunisie\/2023\/07\/28\/cinema-tunisien-les-filles-dolfa-selectionne-au-festival-international-de-toronto\/","name":"Cin\u00e9ma tunisien\u00a0: \u00ab\u00a0Les filles d\u2019Olfa\u00a0\u00bb s\u00e9lectionn\u00e9 au Festival international de Toronto - Kapitalis","isPartOf":{"@id":"https:\/\/kapitalis.com\/tunisie\/#website"},"primaryImageOfPage":{"@id":"https:\/\/kapitalis.com\/tunisie\/2023\/07\/28\/cinema-tunisien-les-filles-dolfa-selectionne-au-festival-international-de-toronto\/#primaryimage"},"image":{"@id":"https:\/\/kapitalis.com\/tunisie\/2023\/07\/28\/cinema-tunisien-les-filles-dolfa-selectionne-au-festival-international-de-toronto\/#primaryimage"},"thumbnailUrl":"https:\/\/kapitalis.com\/tunisie\/wp-content\/uploads\/2023\/05\/Kaouther-Ben-Hania-_-Les-filles-dOlfa.jpg","datePublished":"2023-07-28T09:49:30+00:00","dateModified":"2023-07-28T09:49:32+00:00","breadcrumb":{"@id":"https:\/\/kapitalis.com\/tunisie\/2023\/07\/28\/cinema-tunisien-les-filles-dolfa-selectionne-au-festival-international-de-toronto\/#breadcrumb"},"inLanguage":"fr-FR","potentialAction":[{"@type":"ReadAction","target":["https:\/\/kapitalis.com\/tunisie\/2023\/07\/28\/cinema-tunisien-les-filles-dolfa-selectionne-au-festival-international-de-toronto\/"]}]},{"@type":"ImageObject","inLanguage":"fr-FR","@id":"https:\/\/kapitalis.com\/tunisie\/2023\/07\/28\/cinema-tunisien-les-filles-dolfa-selectionne-au-festival-international-de-toronto\/#primaryimage","url":"https:\/\/kapitalis.com\/tunisie\/wp-content\/uploads\/2023\/05\/Kaouther-Ben-Hania-_-Les-filles-dOlfa.jpg","contentUrl":"https:\/\/kapitalis.com\/tunisie\/wp-content\/uploads\/2023\/05\/Kaouther-Ben-Hania-_-Les-filles-dOlfa.jpg","width":1200,"height":630},{"@type":"BreadcrumbList","@id":"https:\/\/kapitalis.com\/tunisie\/2023\/07\/28\/cinema-tunisien-les-filles-dolfa-selectionne-au-festival-international-de-toronto\/#breadcrumb","itemListElement":[{"@type":"ListItem","position":1,"name":"Accueil","item":"https:\/\/kapitalis.com\/tunisie\/"},{"@type":"ListItem","position":2,"name":"Cin\u00e9ma tunisien\u00a0: \u00ab\u00a0Les filles d\u2019Olfa\u00a0\u00bb s\u00e9lectionn\u00e9 au Festival international de Toronto"}]},{"@type":"WebSite","@id":"https:\/\/kapitalis.com\/tunisie\/#website","url":"https:\/\/kapitalis.com\/tunisie\/","name":"Kapitalis","description":"L&#039;actualit\u00e9 en Tunisie et dans le monde","publisher":{"@id":"https:\/\/kapitalis.com\/tunisie\/#organization"},"potentialAction":[{"@type":"SearchAction","target":{"@type":"EntryPoint","urlTemplate":"https:\/\/kapitalis.com\/tunisie\/?s={search_term_string}"},"query-input":{"@type":"PropertyValueSpecification","valueRequired":true,"valueName":"search_term_string"}}],"inLanguage":"fr-FR"},{"@type":"Organization","@id":"https:\/\/kapitalis.com\/tunisie\/#organization","name":"Kapitalis","url":"https:\/\/kapitalis.com\/tunisie\/","logo":{"@type":"ImageObject","inLanguage":"fr-FR","@id":"https:\/\/kapitalis.com\/tunisie\/#\/schema\/logo\/image\/","url":"https:\/\/kapitalis.com\/tunisie\/wp-content\/uploads\/2022\/05\/Kapitalis-big-size.png","contentUrl":"https:\/\/kapitalis.com\/tunisie\/wp-content\/uploads\/2022\/05\/Kapitalis-big-size.png","width":5000,"height":1500,"caption":"Kapitalis"},"image":{"@id":"https:\/\/kapitalis.com\/tunisie\/#\/schema\/logo\/image\/"},"sameAs":["https:\/\/www.facebook.com\/KapitalisInfo\/","https:\/\/x.com\/KapitalisInfo","https:\/\/www.youtube.com\/channel\/UC-yDYrHyfFBWWZaOw3FPg9Q"]},{"@type":"Person","@id":"https:\/\/kapitalis.com\/tunisie\/#\/schema\/person\/73a5ecc1f6ae540c6ed91342eadca948","name":"Fawz BenAli","url":"https:\/\/kapitalis.com\/tunisie\/author\/fawz\/"}]}},"_links":{"self":[{"href":"https:\/\/kapitalis.com\/tunisie\/wp-json\/wp\/v2\/posts\/9085942","targetHints":{"allow":["GET"]}}],"collection":[{"href":"https:\/\/kapitalis.com\/tunisie\/wp-json\/wp\/v2\/posts"}],"about":[{"href":"https:\/\/kapitalis.com\/tunisie\/wp-json\/wp\/v2\/types\/post"}],"author":[{"embeddable":true,"href":"https:\/\/kapitalis.com\/tunisie\/wp-json\/wp\/v2\/users\/26"}],"replies":[{"embeddable":true,"href":"https:\/\/kapitalis.com\/tunisie\/wp-json\/wp\/v2\/comments?post=9085942"}],"version-history":[{"count":1,"href":"https:\/\/kapitalis.com\/tunisie\/wp-json\/wp\/v2\/posts\/9085942\/revisions"}],"predecessor-version":[{"id":9086367,"href":"https:\/\/kapitalis.com\/tunisie\/wp-json\/wp\/v2\/posts\/9085942\/revisions\/9086367"}],"wp:featuredmedia":[{"embeddable":true,"href":"https:\/\/kapitalis.com\/tunisie\/wp-json\/wp\/v2\/media\/8011886"}],"wp:attachment":[{"href":"https:\/\/kapitalis.com\/tunisie\/wp-json\/wp\/v2\/media?parent=9085942"}],"wp:term":[{"taxonomy":"category","embeddable":true,"href":"https:\/\/kapitalis.com\/tunisie\/wp-json\/wp\/v2\/categories?post=9085942"},{"taxonomy":"post_tag","embeddable":true,"href":"https:\/\/kapitalis.com\/tunisie\/wp-json\/wp\/v2\/tags?post=9085942"}],"curies":[{"name":"wp","href":"https:\/\/api.w.org\/{rel}","templated":true}]}}