{"id":9090304,"date":"2023-07-28T14:08:31","date_gmt":"2023-07-28T13:08:31","guid":{"rendered":"https:\/\/kapitalis.com\/tunisie\/?p=9090304"},"modified":"2023-07-28T14:08:32","modified_gmt":"2023-07-28T13:08:32","slug":"tarak-ben-ammar-va-creer-une-ecole-pour-les-travailleurs-du-cinema-a-rome","status":"publish","type":"post","link":"https:\/\/kapitalis.com\/tunisie\/2023\/07\/28\/tarak-ben-ammar-va-creer-une-ecole-pour-les-travailleurs-du-cinema-a-rome\/","title":{"rendered":"Tarak Ben Ammar va cr\u00e9er une \u00e9cole pour les travailleurs du cin\u00e9ma \u00e0 Rome"},"content":{"rendered":"\n<p><strong><em>Tarak Ben Ammar projette de cr\u00e9er, via Eagle Pictures, dont il est le principal actionnaire, une \u00e9cole de formation cin\u00e9matographique \u00e0 Rome pour former une nouvelle g\u00e9n\u00e9ration de travailleurs du cin\u00e9ma.<\/em><\/strong><\/p>\n\n\n\n<!--more-->\n\n\n\n<p>Eagle Pictures S.p.A. est une soci\u00e9t\u00e9 de distribution et production cin\u00e9matographique italienne, fond\u00e9e par les fr\u00e8res Stefano et Ciro Dammicco en 1986.<\/p>\n\n\n\n<p><em>\u00abLa production cin\u00e9matographique en Italie, m\u00eame avec de grandes productions internationales, se passe tr\u00e8s bien, ce qui manque, c\u2019est d\u2019avoir beaucoup de nouveaux jeunes form\u00e9s pour le d\u00e9cor. J\u2019esp\u00e8re que ce projet dont je parle ces jours-ci avec la R\u00e9gion prendra son envol.\u00bb<\/em>, a d\u00e9clar\u00e9 l\u2019entrepreneur et producteur de films tunisien au festival Marateale o\u00f9 il a \u00e9t\u00e9 r\u00e9compens\u00e9, jeudi soir, 27 juillet 2023. <em>\u00abIl conviendrait d\u2019inclure un nouveau jeune dans chaque production et dans chaque d\u00e9partement, si nous n\u2019avons pas de roulement parmi les ouvriers, si nous ne passons pas le relais entre les anciens et les nouveaux artisans, le cin\u00e9ma dispara\u00eetra\u00bb<\/em>, a-t-il poursuivi.<\/p>\n\n\n\n<p>Ces derni\u00e8res semaines, le principal actionnaire d\u2019Eagle Pictures a \u00e9galement annonc\u00e9 un plan d\u2019investissement d\u2019environ 40 \u00e0 50 millions pour la cr\u00e9ation de nouveaux studios de production \u00e0 Rome, <em>\u00aben raison de l\u2019\u00e9norme demande de studios, il n\u2019y a pas assez pour les grosses productions internationales en cours de r\u00e9alisation\u00bb<\/em>.<\/p>\n\n\n\n<p>La strat\u00e9gie internationale de la soci\u00e9t\u00e9 se poursuit, avec des accords avec des majors, comme Sony, non seulement pour la distribution exclusive de films en Italie, mais aussi pour des coproductions. Exemple, <em>The Equalizer 3<\/em> d\u2019Antoine Fuqua avec Denzel Washington, tourn\u00e9 en Italie en 2022, notamment \u00e0 Sorrente, Naples et la c\u00f4te amalfitaine.<\/p>\n\n\n\n<p><em>\u00abCela n\u2019a pas \u00e9t\u00e9 difficile de convaincre les Am\u00e9ricains de tourner en Italie\u00bb<\/em>, a d\u00e9clar\u00e9 Tarak Ben Ammar, soulignant sa gratitude envers le pays qui a r\u00e9alis\u00e9 son r\u00eave de cin\u00e9ma il y a plusieurs d\u00e9cennies, depuis <em>L\u2019Affaire Mattei<\/em> de Rosi et <em>Le Messie<\/em> de Rossellini, ses premi\u00e8res exp\u00e9riences de pont entre l\u2019Italie et la Tunisie (les deux films y ont \u00e9t\u00e9 tourn\u00e9s).<\/p>\n\n\n\n<p>Lors de la remise des prix au festival dirig\u00e9 par Nicola Timpone, il a rendu hommage \u00e0 Silvio Berlusconi avec qui il est li\u00e9 depuis le milieu des ann\u00e9es 1980 par une grande complicit\u00e9 professionnelle et amicale.<\/p>\n\n\n\n<p class=\"has-text-align-right\"><em>Traduit de l&rsquo;italien.<\/em><\/p>\n\n\n\n<p><strong><em>Source<\/em><\/strong>\u00a0: <a href=\"https:\/\/www.ansa.it\/ansamed\/it\/notizie\/rubriche\/nazioni\/2023\/07\/27\/tarak-ben-ammar-progetto-una-scuola-di-cinema-per-le-maestranze_3d757b44-309d-469c-9ee6-0c0ce803c034.html\" target=\"_blank\" rel=\"noreferrer noopener\">Ansamed<\/a>. <\/p>\n","protected":false},"excerpt":{"rendered":"<p>Tarak Ben Ammar projette de cr\u00e9er une \u00e9cole de formation cin\u00e9matographique \u00e0 Rome. <\/p>\n","protected":false},"author":8,"featured_media":9090371,"comment_status":"open","ping_status":"open","sticky":false,"template":"","format":"standard","meta":{"footnotes":""},"categories":[994,2433],"tags":[110165,110167,110166,64214,19354,62643],"class_list":["post-9090304","post","type-post","status-publish","format-standard","has-post-thumbnail","hentry","category-culture","category-tunisie","tag-eagle-pictures","tag-ecole-de-cinema","tag-marateale","tag-silvio-berlusconi","tag-tarak-ben-ammar","tag-tunisie"],"yoast_head":"<!-- This site is optimized with the Yoast SEO plugin v26.6 - https:\/\/yoast.com\/wordpress\/plugins\/seo\/ -->\n<title>Tarak Ben Ammar va cr\u00e9er une \u00e9cole pour les travailleurs du cin\u00e9ma \u00e0 Rome - Kapitalis<\/title>\n<meta name=\"robots\" content=\"index, follow, max-snippet:-1, max-image-preview:large, max-video-preview:-1\" \/>\n<link rel=\"canonical\" href=\"https:\/\/kapitalis.com\/tunisie\/2023\/07\/28\/tarak-ben-ammar-va-creer-une-ecole-pour-les-travailleurs-du-cinema-a-rome\/\" \/>\n<meta property=\"og:locale\" content=\"fr_FR\" \/>\n<meta property=\"og:type\" content=\"article\" \/>\n<meta property=\"og:title\" content=\"Tarak Ben Ammar va cr\u00e9er une \u00e9cole pour les travailleurs du cin\u00e9ma \u00e0 Rome - Kapitalis\" \/>\n<meta property=\"og:description\" content=\"Tarak Ben Ammar projette de cr\u00e9er une \u00e9cole de formation cin\u00e9matographique \u00e0 Rome.\" \/>\n<meta property=\"og:url\" content=\"https:\/\/kapitalis.com\/tunisie\/2023\/07\/28\/tarak-ben-ammar-va-creer-une-ecole-pour-les-travailleurs-du-cinema-a-rome\/\" \/>\n<meta property=\"og:site_name\" content=\"Kapitalis\" \/>\n<meta property=\"article:publisher\" content=\"https:\/\/www.facebook.com\/KapitalisInfo\/\" \/>\n<meta property=\"article:published_time\" content=\"2023-07-28T13:08:31+00:00\" \/>\n<meta property=\"article:modified_time\" content=\"2023-07-28T13:08:32+00:00\" \/>\n<meta property=\"og:image\" content=\"https:\/\/kapitalis.com\/tunisie\/wp-content\/uploads\/2023\/07\/Tarak-Ben-Ammar.jpg\" \/>\n\t<meta property=\"og:image:width\" content=\"1200\" \/>\n\t<meta property=\"og:image:height\" content=\"630\" \/>\n\t<meta property=\"og:image:type\" content=\"image\/jpeg\" \/>\n<meta name=\"author\" content=\"webmaster kapitalis\" \/>\n<meta name=\"twitter:card\" content=\"summary_large_image\" \/>\n<meta name=\"twitter:creator\" content=\"@KapitalisInfo\" \/>\n<meta name=\"twitter:site\" content=\"@KapitalisInfo\" \/>\n<meta name=\"twitter:label1\" content=\"\u00c9crit par\" \/>\n\t<meta name=\"twitter:data1\" content=\"webmaster kapitalis\" \/>\n\t<meta name=\"twitter:label2\" content=\"Dur\u00e9e de lecture estim\u00e9e\" \/>\n\t<meta name=\"twitter:data2\" content=\"2 minutes\" \/>\n<script type=\"application\/ld+json\" class=\"yoast-schema-graph\">{\"@context\":\"https:\/\/schema.org\",\"@graph\":[{\"@type\":\"Article\",\"@id\":\"https:\/\/kapitalis.com\/tunisie\/2023\/07\/28\/tarak-ben-ammar-va-creer-une-ecole-pour-les-travailleurs-du-cinema-a-rome\/#article\",\"isPartOf\":{\"@id\":\"https:\/\/kapitalis.com\/tunisie\/2023\/07\/28\/tarak-ben-ammar-va-creer-une-ecole-pour-les-travailleurs-du-cinema-a-rome\/\"},\"author\":{\"name\":\"webmaster kapitalis\",\"@id\":\"https:\/\/kapitalis.com\/tunisie\/#\/schema\/person\/d71f33a9ca44f7bad4698210b480c8e9\"},\"headline\":\"Tarak Ben Ammar va cr\u00e9er une \u00e9cole pour les travailleurs du cin\u00e9ma \u00e0 Rome\",\"datePublished\":\"2023-07-28T13:08:31+00:00\",\"dateModified\":\"2023-07-28T13:08:32+00:00\",\"mainEntityOfPage\":{\"@id\":\"https:\/\/kapitalis.com\/tunisie\/2023\/07\/28\/tarak-ben-ammar-va-creer-une-ecole-pour-les-travailleurs-du-cinema-a-rome\/\"},\"wordCount\":422,\"commentCount\":4,\"publisher\":{\"@id\":\"https:\/\/kapitalis.com\/tunisie\/#organization\"},\"image\":{\"@id\":\"https:\/\/kapitalis.com\/tunisie\/2023\/07\/28\/tarak-ben-ammar-va-creer-une-ecole-pour-les-travailleurs-du-cinema-a-rome\/#primaryimage\"},\"thumbnailUrl\":\"https:\/\/kapitalis.com\/tunisie\/wp-content\/uploads\/2023\/07\/Tarak-Ben-Ammar.jpg\",\"keywords\":[\"Eagle Pictures\",\"\u00e9cole de cin\u00e9ma\",\"Marateale\",\"Silvio Berlusconi\",\"Tarak Ben Ammar\",\"Tunisie\"],\"articleSection\":[\"CULTURE\",\"Tunisie\"],\"inLanguage\":\"fr-FR\",\"potentialAction\":[{\"@type\":\"CommentAction\",\"name\":\"Comment\",\"target\":[\"https:\/\/kapitalis.com\/tunisie\/2023\/07\/28\/tarak-ben-ammar-va-creer-une-ecole-pour-les-travailleurs-du-cinema-a-rome\/#respond\"]}]},{\"@type\":\"WebPage\",\"@id\":\"https:\/\/kapitalis.com\/tunisie\/2023\/07\/28\/tarak-ben-ammar-va-creer-une-ecole-pour-les-travailleurs-du-cinema-a-rome\/\",\"url\":\"https:\/\/kapitalis.com\/tunisie\/2023\/07\/28\/tarak-ben-ammar-va-creer-une-ecole-pour-les-travailleurs-du-cinema-a-rome\/\",\"name\":\"Tarak Ben Ammar va cr\u00e9er une \u00e9cole pour les travailleurs du cin\u00e9ma \u00e0 Rome - Kapitalis\",\"isPartOf\":{\"@id\":\"https:\/\/kapitalis.com\/tunisie\/#website\"},\"primaryImageOfPage\":{\"@id\":\"https:\/\/kapitalis.com\/tunisie\/2023\/07\/28\/tarak-ben-ammar-va-creer-une-ecole-pour-les-travailleurs-du-cinema-a-rome\/#primaryimage\"},\"image\":{\"@id\":\"https:\/\/kapitalis.com\/tunisie\/2023\/07\/28\/tarak-ben-ammar-va-creer-une-ecole-pour-les-travailleurs-du-cinema-a-rome\/#primaryimage\"},\"thumbnailUrl\":\"https:\/\/kapitalis.com\/tunisie\/wp-content\/uploads\/2023\/07\/Tarak-Ben-Ammar.jpg\",\"datePublished\":\"2023-07-28T13:08:31+00:00\",\"dateModified\":\"2023-07-28T13:08:32+00:00\",\"breadcrumb\":{\"@id\":\"https:\/\/kapitalis.com\/tunisie\/2023\/07\/28\/tarak-ben-ammar-va-creer-une-ecole-pour-les-travailleurs-du-cinema-a-rome\/#breadcrumb\"},\"inLanguage\":\"fr-FR\",\"potentialAction\":[{\"@type\":\"ReadAction\",\"target\":[\"https:\/\/kapitalis.com\/tunisie\/2023\/07\/28\/tarak-ben-ammar-va-creer-une-ecole-pour-les-travailleurs-du-cinema-a-rome\/\"]}]},{\"@type\":\"ImageObject\",\"inLanguage\":\"fr-FR\",\"@id\":\"https:\/\/kapitalis.com\/tunisie\/2023\/07\/28\/tarak-ben-ammar-va-creer-une-ecole-pour-les-travailleurs-du-cinema-a-rome\/#primaryimage\",\"url\":\"https:\/\/kapitalis.com\/tunisie\/wp-content\/uploads\/2023\/07\/Tarak-Ben-Ammar.jpg\",\"contentUrl\":\"https:\/\/kapitalis.com\/tunisie\/wp-content\/uploads\/2023\/07\/Tarak-Ben-Ammar.jpg\",\"width\":1200,\"height\":630},{\"@type\":\"BreadcrumbList\",\"@id\":\"https:\/\/kapitalis.com\/tunisie\/2023\/07\/28\/tarak-ben-ammar-va-creer-une-ecole-pour-les-travailleurs-du-cinema-a-rome\/#breadcrumb\",\"itemListElement\":[{\"@type\":\"ListItem\",\"position\":1,\"name\":\"Accueil\",\"item\":\"https:\/\/kapitalis.com\/tunisie\/\"},{\"@type\":\"ListItem\",\"position\":2,\"name\":\"Tarak Ben Ammar va cr\u00e9er une \u00e9cole pour les travailleurs du cin\u00e9ma \u00e0 Rome\"}]},{\"@type\":\"WebSite\",\"@id\":\"https:\/\/kapitalis.com\/tunisie\/#website\",\"url\":\"https:\/\/kapitalis.com\/tunisie\/\",\"name\":\"Kapitalis\",\"description\":\"L&#039;actualit\u00e9 en Tunisie et dans le monde\",\"publisher\":{\"@id\":\"https:\/\/kapitalis.com\/tunisie\/#organization\"},\"potentialAction\":[{\"@type\":\"SearchAction\",\"target\":{\"@type\":\"EntryPoint\",\"urlTemplate\":\"https:\/\/kapitalis.com\/tunisie\/?s={search_term_string}\"},\"query-input\":{\"@type\":\"PropertyValueSpecification\",\"valueRequired\":true,\"valueName\":\"search_term_string\"}}],\"inLanguage\":\"fr-FR\"},{\"@type\":\"Organization\",\"@id\":\"https:\/\/kapitalis.com\/tunisie\/#organization\",\"name\":\"Kapitalis\",\"url\":\"https:\/\/kapitalis.com\/tunisie\/\",\"logo\":{\"@type\":\"ImageObject\",\"inLanguage\":\"fr-FR\",\"@id\":\"https:\/\/kapitalis.com\/tunisie\/#\/schema\/logo\/image\/\",\"url\":\"https:\/\/kapitalis.com\/tunisie\/wp-content\/uploads\/2022\/05\/Kapitalis-big-size.png\",\"contentUrl\":\"https:\/\/kapitalis.com\/tunisie\/wp-content\/uploads\/2022\/05\/Kapitalis-big-size.png\",\"width\":5000,\"height\":1500,\"caption\":\"Kapitalis\"},\"image\":{\"@id\":\"https:\/\/kapitalis.com\/tunisie\/#\/schema\/logo\/image\/\"},\"sameAs\":[\"https:\/\/www.facebook.com\/KapitalisInfo\/\",\"https:\/\/x.com\/KapitalisInfo\",\"https:\/\/www.youtube.com\/channel\/UC-yDYrHyfFBWWZaOw3FPg9Q\"]},{\"@type\":\"Person\",\"@id\":\"https:\/\/kapitalis.com\/tunisie\/#\/schema\/person\/d71f33a9ca44f7bad4698210b480c8e9\",\"name\":\"webmaster kapitalis\",\"url\":\"https:\/\/kapitalis.com\/tunisie\/author\/webmaster-kapitalis\/\"}]}<\/script>\n<!-- \/ Yoast SEO plugin. -->","yoast_head_json":{"title":"Tarak Ben Ammar va cr\u00e9er une \u00e9cole pour les travailleurs du cin\u00e9ma \u00e0 Rome - Kapitalis","robots":{"index":"index","follow":"follow","max-snippet":"max-snippet:-1","max-image-preview":"max-image-preview:large","max-video-preview":"max-video-preview:-1"},"canonical":"https:\/\/kapitalis.com\/tunisie\/2023\/07\/28\/tarak-ben-ammar-va-creer-une-ecole-pour-les-travailleurs-du-cinema-a-rome\/","og_locale":"fr_FR","og_type":"article","og_title":"Tarak Ben Ammar va cr\u00e9er une \u00e9cole pour les travailleurs du cin\u00e9ma \u00e0 Rome - Kapitalis","og_description":"Tarak Ben Ammar projette de cr\u00e9er une \u00e9cole de formation cin\u00e9matographique \u00e0 Rome.","og_url":"https:\/\/kapitalis.com\/tunisie\/2023\/07\/28\/tarak-ben-ammar-va-creer-une-ecole-pour-les-travailleurs-du-cinema-a-rome\/","og_site_name":"Kapitalis","article_publisher":"https:\/\/www.facebook.com\/KapitalisInfo\/","article_published_time":"2023-07-28T13:08:31+00:00","article_modified_time":"2023-07-28T13:08:32+00:00","og_image":[{"width":1200,"height":630,"url":"https:\/\/kapitalis.com\/tunisie\/wp-content\/uploads\/2023\/07\/Tarak-Ben-Ammar.jpg","type":"image\/jpeg"}],"author":"webmaster kapitalis","twitter_card":"summary_large_image","twitter_creator":"@KapitalisInfo","twitter_site":"@KapitalisInfo","twitter_misc":{"\u00c9crit par":"webmaster kapitalis","Dur\u00e9e de lecture estim\u00e9e":"2 minutes"},"schema":{"@context":"https:\/\/schema.org","@graph":[{"@type":"Article","@id":"https:\/\/kapitalis.com\/tunisie\/2023\/07\/28\/tarak-ben-ammar-va-creer-une-ecole-pour-les-travailleurs-du-cinema-a-rome\/#article","isPartOf":{"@id":"https:\/\/kapitalis.com\/tunisie\/2023\/07\/28\/tarak-ben-ammar-va-creer-une-ecole-pour-les-travailleurs-du-cinema-a-rome\/"},"author":{"name":"webmaster kapitalis","@id":"https:\/\/kapitalis.com\/tunisie\/#\/schema\/person\/d71f33a9ca44f7bad4698210b480c8e9"},"headline":"Tarak Ben Ammar va cr\u00e9er une \u00e9cole pour les travailleurs du cin\u00e9ma \u00e0 Rome","datePublished":"2023-07-28T13:08:31+00:00","dateModified":"2023-07-28T13:08:32+00:00","mainEntityOfPage":{"@id":"https:\/\/kapitalis.com\/tunisie\/2023\/07\/28\/tarak-ben-ammar-va-creer-une-ecole-pour-les-travailleurs-du-cinema-a-rome\/"},"wordCount":422,"commentCount":4,"publisher":{"@id":"https:\/\/kapitalis.com\/tunisie\/#organization"},"image":{"@id":"https:\/\/kapitalis.com\/tunisie\/2023\/07\/28\/tarak-ben-ammar-va-creer-une-ecole-pour-les-travailleurs-du-cinema-a-rome\/#primaryimage"},"thumbnailUrl":"https:\/\/kapitalis.com\/tunisie\/wp-content\/uploads\/2023\/07\/Tarak-Ben-Ammar.jpg","keywords":["Eagle Pictures","\u00e9cole de cin\u00e9ma","Marateale","Silvio Berlusconi","Tarak Ben Ammar","Tunisie"],"articleSection":["CULTURE","Tunisie"],"inLanguage":"fr-FR","potentialAction":[{"@type":"CommentAction","name":"Comment","target":["https:\/\/kapitalis.com\/tunisie\/2023\/07\/28\/tarak-ben-ammar-va-creer-une-ecole-pour-les-travailleurs-du-cinema-a-rome\/#respond"]}]},{"@type":"WebPage","@id":"https:\/\/kapitalis.com\/tunisie\/2023\/07\/28\/tarak-ben-ammar-va-creer-une-ecole-pour-les-travailleurs-du-cinema-a-rome\/","url":"https:\/\/kapitalis.com\/tunisie\/2023\/07\/28\/tarak-ben-ammar-va-creer-une-ecole-pour-les-travailleurs-du-cinema-a-rome\/","name":"Tarak Ben Ammar va cr\u00e9er une \u00e9cole pour les travailleurs du cin\u00e9ma \u00e0 Rome - Kapitalis","isPartOf":{"@id":"https:\/\/kapitalis.com\/tunisie\/#website"},"primaryImageOfPage":{"@id":"https:\/\/kapitalis.com\/tunisie\/2023\/07\/28\/tarak-ben-ammar-va-creer-une-ecole-pour-les-travailleurs-du-cinema-a-rome\/#primaryimage"},"image":{"@id":"https:\/\/kapitalis.com\/tunisie\/2023\/07\/28\/tarak-ben-ammar-va-creer-une-ecole-pour-les-travailleurs-du-cinema-a-rome\/#primaryimage"},"thumbnailUrl":"https:\/\/kapitalis.com\/tunisie\/wp-content\/uploads\/2023\/07\/Tarak-Ben-Ammar.jpg","datePublished":"2023-07-28T13:08:31+00:00","dateModified":"2023-07-28T13:08:32+00:00","breadcrumb":{"@id":"https:\/\/kapitalis.com\/tunisie\/2023\/07\/28\/tarak-ben-ammar-va-creer-une-ecole-pour-les-travailleurs-du-cinema-a-rome\/#breadcrumb"},"inLanguage":"fr-FR","potentialAction":[{"@type":"ReadAction","target":["https:\/\/kapitalis.com\/tunisie\/2023\/07\/28\/tarak-ben-ammar-va-creer-une-ecole-pour-les-travailleurs-du-cinema-a-rome\/"]}]},{"@type":"ImageObject","inLanguage":"fr-FR","@id":"https:\/\/kapitalis.com\/tunisie\/2023\/07\/28\/tarak-ben-ammar-va-creer-une-ecole-pour-les-travailleurs-du-cinema-a-rome\/#primaryimage","url":"https:\/\/kapitalis.com\/tunisie\/wp-content\/uploads\/2023\/07\/Tarak-Ben-Ammar.jpg","contentUrl":"https:\/\/kapitalis.com\/tunisie\/wp-content\/uploads\/2023\/07\/Tarak-Ben-Ammar.jpg","width":1200,"height":630},{"@type":"BreadcrumbList","@id":"https:\/\/kapitalis.com\/tunisie\/2023\/07\/28\/tarak-ben-ammar-va-creer-une-ecole-pour-les-travailleurs-du-cinema-a-rome\/#breadcrumb","itemListElement":[{"@type":"ListItem","position":1,"name":"Accueil","item":"https:\/\/kapitalis.com\/tunisie\/"},{"@type":"ListItem","position":2,"name":"Tarak Ben Ammar va cr\u00e9er une \u00e9cole pour les travailleurs du cin\u00e9ma \u00e0 Rome"}]},{"@type":"WebSite","@id":"https:\/\/kapitalis.com\/tunisie\/#website","url":"https:\/\/kapitalis.com\/tunisie\/","name":"Kapitalis","description":"L&#039;actualit\u00e9 en Tunisie et dans le monde","publisher":{"@id":"https:\/\/kapitalis.com\/tunisie\/#organization"},"potentialAction":[{"@type":"SearchAction","target":{"@type":"EntryPoint","urlTemplate":"https:\/\/kapitalis.com\/tunisie\/?s={search_term_string}"},"query-input":{"@type":"PropertyValueSpecification","valueRequired":true,"valueName":"search_term_string"}}],"inLanguage":"fr-FR"},{"@type":"Organization","@id":"https:\/\/kapitalis.com\/tunisie\/#organization","name":"Kapitalis","url":"https:\/\/kapitalis.com\/tunisie\/","logo":{"@type":"ImageObject","inLanguage":"fr-FR","@id":"https:\/\/kapitalis.com\/tunisie\/#\/schema\/logo\/image\/","url":"https:\/\/kapitalis.com\/tunisie\/wp-content\/uploads\/2022\/05\/Kapitalis-big-size.png","contentUrl":"https:\/\/kapitalis.com\/tunisie\/wp-content\/uploads\/2022\/05\/Kapitalis-big-size.png","width":5000,"height":1500,"caption":"Kapitalis"},"image":{"@id":"https:\/\/kapitalis.com\/tunisie\/#\/schema\/logo\/image\/"},"sameAs":["https:\/\/www.facebook.com\/KapitalisInfo\/","https:\/\/x.com\/KapitalisInfo","https:\/\/www.youtube.com\/channel\/UC-yDYrHyfFBWWZaOw3FPg9Q"]},{"@type":"Person","@id":"https:\/\/kapitalis.com\/tunisie\/#\/schema\/person\/d71f33a9ca44f7bad4698210b480c8e9","name":"webmaster kapitalis","url":"https:\/\/kapitalis.com\/tunisie\/author\/webmaster-kapitalis\/"}]}},"_links":{"self":[{"href":"https:\/\/kapitalis.com\/tunisie\/wp-json\/wp\/v2\/posts\/9090304","targetHints":{"allow":["GET"]}}],"collection":[{"href":"https:\/\/kapitalis.com\/tunisie\/wp-json\/wp\/v2\/posts"}],"about":[{"href":"https:\/\/kapitalis.com\/tunisie\/wp-json\/wp\/v2\/types\/post"}],"author":[{"embeddable":true,"href":"https:\/\/kapitalis.com\/tunisie\/wp-json\/wp\/v2\/users\/8"}],"replies":[{"embeddable":true,"href":"https:\/\/kapitalis.com\/tunisie\/wp-json\/wp\/v2\/comments?post=9090304"}],"version-history":[{"count":1,"href":"https:\/\/kapitalis.com\/tunisie\/wp-json\/wp\/v2\/posts\/9090304\/revisions"}],"predecessor-version":[{"id":9090402,"href":"https:\/\/kapitalis.com\/tunisie\/wp-json\/wp\/v2\/posts\/9090304\/revisions\/9090402"}],"wp:featuredmedia":[{"embeddable":true,"href":"https:\/\/kapitalis.com\/tunisie\/wp-json\/wp\/v2\/media\/9090371"}],"wp:attachment":[{"href":"https:\/\/kapitalis.com\/tunisie\/wp-json\/wp\/v2\/media?parent=9090304"}],"wp:term":[{"taxonomy":"category","embeddable":true,"href":"https:\/\/kapitalis.com\/tunisie\/wp-json\/wp\/v2\/categories?post=9090304"},{"taxonomy":"post_tag","embeddable":true,"href":"https:\/\/kapitalis.com\/tunisie\/wp-json\/wp\/v2\/tags?post=9090304"}],"curies":[{"name":"wp","href":"https:\/\/api.w.org\/{rel}","templated":true}]}}