{"id":9115,"date":"2015-08-10T19:23:32","date_gmt":"2015-08-10T18:23:32","guid":{"rendered":"http:\/\/kapitalis.com\/tunisie\/?p=9115"},"modified":"2015-08-10T19:23:32","modified_gmt":"2015-08-10T18:23:32","slug":"un-ancien-fonctionnaire-de-la-securite-a-rejoint-ansar-charia","status":"publish","type":"post","link":"https:\/\/kapitalis.com\/tunisie\/2015\/08\/10\/un-ancien-fonctionnaire-de-la-securite-a-rejoint-ansar-charia\/","title":{"rendered":"Un ancien fonctionnaire de la s\u00e9curit\u00e9 a rejoint Ansar charia"},"content":{"rendered":"<p><img loading=\"lazy\" decoding=\"async\" class=\" size-full wp-image-9116 aligncenter\" src=\"http:\/\/kapitalis.com\/tunisie\/wp-content\/uploads\/2015\/08\/Ansar-Charia-Tunisie.jpg\" alt=\"Ansar-Charia-Tunisie\" width=\"626\" height=\"380\" \/><\/p>\n<p><em><strong>Un ancien agent de s\u00e9curit\u00e9 avoue avoir connu des jihadistes poursuivis dans des affaires d\u2019assassinat et s\u2019\u00eatre entra\u00een\u00e9 en Libye avec Ansar Charia.\u00a0<\/strong> <\/em><\/p>\n<p><!--more--><\/p>\n<p>Cet ancien fonctionnaire de l\u2019Etat, qui a quitt\u00e9 le minist\u00e8re de l\u2019Int\u00e9rieur en 2000, a \u00e9t\u00e9 condamn\u00e9, en 2005, \u00e0 12 ans de prison pour activit\u00e9s terroristes.<\/p>\n<p>Au lendemain de la r\u00e9volution, en janvier 2011, il a b\u00e9n\u00e9fici\u00e9 de l\u2019amnistie g\u00e9n\u00e9rale et r\u00e9int\u00e9gr\u00e9 les rangs des groupes salafistes jihadistes, et notamment Ansar Charia. C\u2019est ainsi qu\u2019il s\u2019est rapproch\u00e9 des chefs de cette organisation terroriste tunisienne et a fait all\u00e9geance \u00e0 son chef Abou Iyadh lors du fameux meeting de la Soukra, en 2012.<\/p>\n<p>Depuis, l\u2019ancien fonctionnaire de la s\u00e9curit\u00e9 a lou\u00e9 ses services \u00e0 des associations caritatives islamistes et particip\u00e9 \u00e0 la propagation de l\u2019id\u00e9ologie salafiste jihadiste \u00e0 travers des <em>\u00abkhaymat daaouia\u00bb<\/em> (camps de pr\u00e9dication) dans diverses r\u00e9gions du pays.<\/p>\n<p>L\u2019homme a avou\u00e9, lors de son interrogatoire par les unit\u00e9s antiterroristes, avoir assist\u00e9 aux pr\u00eaches des dirigeants d\u2019Ansar Charia et c\u00f4toy\u00e9 la plupart des membres de cette organisation, dont Kamel Gadhgadhi, Abou Bakr Al-Hakim, Lotfi Ezzine, Adel Sa\u00efdi, Mohamed Amine Guesmi, Marouane Haj Salah et autres Salmane Marrakchi, suspect\u00e9s d\u2019avoir pris part \u00e0 l\u2019assassinat des dirigeants de gauche Chokri Bela\u00efd et Mohamed Brahmi, en mars et juillet 2013.<\/p>\n<p>Selon <a href=\"http:\/\/akherkhabaronline.com\/?p=95035\" target=\"_blank\"><em>\u2018\u2018Akherkhabaronline\u2019\u2019<\/em><\/a>, le pr\u00e9venu a aussi avou\u00e9 avoir s\u00e9journ\u00e9 dans les camps d\u2019Ansar Charia \u00e0 Derna, en Libye, o\u00f9 il s\u2019est entra\u00een\u00e9 au maniement des diff\u00e9rentes armes de guerre, pr\u00e9cisant que la majorit\u00e9 gens qu\u2019il a c\u00f4toy\u00e9s dans ces camps sont partis pour le jihad en Syrie.<\/p>\n<p style=\"text-align: right;\"><strong>Z. A.<\/strong><\/p>\n","protected":false},"excerpt":{"rendered":"<p>Un ancien agent de s\u00e9curit\u00e9 avoue avoir connu des jihadistes poursuivis dans des affaires d\u2019assassinat et s\u2019\u00eatre entra\u00een\u00e9 en Libye avec Ansar Charia.\u00a0<\/p>\n","protected":false},"author":8,"featured_media":9116,"comment_status":"open","ping_status":"open","sticky":false,"template":"","format":"standard","meta":{"footnotes":""},"categories":[998,2433],"tags":[1937,4328,4326,4327,4325],"class_list":["post-9115","post","type-post","status-publish","format-standard","has-post-thumbnail","hentry","category-societe","category-tunisie","tag-ansar-charia","tag-assassinats","tag-camps","tag-derna","tag-salafistes-jihadistes"],"yoast_head":"<!-- This site is optimized with the Yoast SEO plugin v26.6 - https:\/\/yoast.com\/wordpress\/plugins\/seo\/ -->\n<title>Un ancien fonctionnaire de la s\u00e9curit\u00e9 a rejoint Ansar charia - Kapitalis<\/title>\n<meta name=\"robots\" content=\"index, follow, max-snippet:-1, max-image-preview:large, max-video-preview:-1\" \/>\n<link rel=\"canonical\" href=\"https:\/\/kapitalis.com\/tunisie\/2015\/08\/10\/un-ancien-fonctionnaire-de-la-securite-a-rejoint-ansar-charia\/\" \/>\n<meta property=\"og:locale\" content=\"fr_FR\" \/>\n<meta property=\"og:type\" content=\"article\" \/>\n<meta property=\"og:title\" content=\"Un ancien fonctionnaire de la s\u00e9curit\u00e9 a rejoint Ansar charia - Kapitalis\" \/>\n<meta property=\"og:description\" content=\"Un ancien agent de s\u00e9curit\u00e9 avoue avoir connu des jihadistes poursuivis dans des affaires d\u2019assassinat et s\u2019\u00eatre entra\u00een\u00e9 en Libye avec Ansar Charia.\u00a0\" \/>\n<meta property=\"og:url\" content=\"https:\/\/kapitalis.com\/tunisie\/2015\/08\/10\/un-ancien-fonctionnaire-de-la-securite-a-rejoint-ansar-charia\/\" \/>\n<meta property=\"og:site_name\" content=\"Kapitalis\" \/>\n<meta property=\"article:publisher\" content=\"https:\/\/www.facebook.com\/KapitalisInfo\/\" \/>\n<meta property=\"article:published_time\" content=\"2015-08-10T18:23:32+00:00\" \/>\n<meta property=\"og:image\" content=\"https:\/\/kapitalis.com\/tunisie\/wp-content\/uploads\/2022\/05\/kapitalis-logo-fb.png\" \/>\n\t<meta property=\"og:image:width\" content=\"1200\" \/>\n\t<meta property=\"og:image:height\" content=\"630\" \/>\n\t<meta property=\"og:image:type\" content=\"image\/png\" \/>\n<meta name=\"author\" content=\"webmaster kapitalis\" \/>\n<meta name=\"twitter:card\" content=\"summary_large_image\" \/>\n<meta name=\"twitter:creator\" content=\"@KapitalisInfo\" \/>\n<meta name=\"twitter:site\" content=\"@KapitalisInfo\" \/>\n<meta name=\"twitter:label1\" content=\"\u00c9crit par\" \/>\n\t<meta name=\"twitter:data1\" content=\"webmaster kapitalis\" \/>\n\t<meta name=\"twitter:label2\" content=\"Dur\u00e9e de lecture estim\u00e9e\" \/>\n\t<meta name=\"twitter:data2\" content=\"1 minute\" \/>\n<script type=\"application\/ld+json\" class=\"yoast-schema-graph\">{\"@context\":\"https:\/\/schema.org\",\"@graph\":[{\"@type\":\"Article\",\"@id\":\"https:\/\/kapitalis.com\/tunisie\/2015\/08\/10\/un-ancien-fonctionnaire-de-la-securite-a-rejoint-ansar-charia\/#article\",\"isPartOf\":{\"@id\":\"https:\/\/kapitalis.com\/tunisie\/2015\/08\/10\/un-ancien-fonctionnaire-de-la-securite-a-rejoint-ansar-charia\/\"},\"author\":{\"name\":\"webmaster kapitalis\",\"@id\":\"https:\/\/kapitalis.com\/tunisie\/#\/schema\/person\/d71f33a9ca44f7bad4698210b480c8e9\"},\"headline\":\"Un ancien fonctionnaire de la s\u00e9curit\u00e9 a rejoint Ansar charia\",\"datePublished\":\"2015-08-10T18:23:32+00:00\",\"mainEntityOfPage\":{\"@id\":\"https:\/\/kapitalis.com\/tunisie\/2015\/08\/10\/un-ancien-fonctionnaire-de-la-securite-a-rejoint-ansar-charia\/\"},\"wordCount\":305,\"commentCount\":1,\"publisher\":{\"@id\":\"https:\/\/kapitalis.com\/tunisie\/#organization\"},\"image\":{\"@id\":\"https:\/\/kapitalis.com\/tunisie\/2015\/08\/10\/un-ancien-fonctionnaire-de-la-securite-a-rejoint-ansar-charia\/#primaryimage\"},\"thumbnailUrl\":\"\",\"keywords\":[\"Ansar Charia\",\"assassinats\",\"camps\",\"Derna\",\"salafistes jihadistes\"],\"articleSection\":[\"SOCIETE\",\"Tunisie\"],\"inLanguage\":\"fr-FR\",\"potentialAction\":[{\"@type\":\"CommentAction\",\"name\":\"Comment\",\"target\":[\"https:\/\/kapitalis.com\/tunisie\/2015\/08\/10\/un-ancien-fonctionnaire-de-la-securite-a-rejoint-ansar-charia\/#respond\"]}]},{\"@type\":\"WebPage\",\"@id\":\"https:\/\/kapitalis.com\/tunisie\/2015\/08\/10\/un-ancien-fonctionnaire-de-la-securite-a-rejoint-ansar-charia\/\",\"url\":\"https:\/\/kapitalis.com\/tunisie\/2015\/08\/10\/un-ancien-fonctionnaire-de-la-securite-a-rejoint-ansar-charia\/\",\"name\":\"Un ancien fonctionnaire de la s\u00e9curit\u00e9 a rejoint Ansar charia - Kapitalis\",\"isPartOf\":{\"@id\":\"https:\/\/kapitalis.com\/tunisie\/#website\"},\"primaryImageOfPage\":{\"@id\":\"https:\/\/kapitalis.com\/tunisie\/2015\/08\/10\/un-ancien-fonctionnaire-de-la-securite-a-rejoint-ansar-charia\/#primaryimage\"},\"image\":{\"@id\":\"https:\/\/kapitalis.com\/tunisie\/2015\/08\/10\/un-ancien-fonctionnaire-de-la-securite-a-rejoint-ansar-charia\/#primaryimage\"},\"thumbnailUrl\":\"\",\"datePublished\":\"2015-08-10T18:23:32+00:00\",\"breadcrumb\":{\"@id\":\"https:\/\/kapitalis.com\/tunisie\/2015\/08\/10\/un-ancien-fonctionnaire-de-la-securite-a-rejoint-ansar-charia\/#breadcrumb\"},\"inLanguage\":\"fr-FR\",\"potentialAction\":[{\"@type\":\"ReadAction\",\"target\":[\"https:\/\/kapitalis.com\/tunisie\/2015\/08\/10\/un-ancien-fonctionnaire-de-la-securite-a-rejoint-ansar-charia\/\"]}]},{\"@type\":\"ImageObject\",\"inLanguage\":\"fr-FR\",\"@id\":\"https:\/\/kapitalis.com\/tunisie\/2015\/08\/10\/un-ancien-fonctionnaire-de-la-securite-a-rejoint-ansar-charia\/#primaryimage\",\"url\":\"\",\"contentUrl\":\"\"},{\"@type\":\"BreadcrumbList\",\"@id\":\"https:\/\/kapitalis.com\/tunisie\/2015\/08\/10\/un-ancien-fonctionnaire-de-la-securite-a-rejoint-ansar-charia\/#breadcrumb\",\"itemListElement\":[{\"@type\":\"ListItem\",\"position\":1,\"name\":\"Accueil\",\"item\":\"https:\/\/kapitalis.com\/tunisie\/\"},{\"@type\":\"ListItem\",\"position\":2,\"name\":\"Un ancien fonctionnaire de la s\u00e9curit\u00e9 a rejoint Ansar charia\"}]},{\"@type\":\"WebSite\",\"@id\":\"https:\/\/kapitalis.com\/tunisie\/#website\",\"url\":\"https:\/\/kapitalis.com\/tunisie\/\",\"name\":\"Kapitalis\",\"description\":\"L&#039;actualit\u00e9 en Tunisie et dans le monde\",\"publisher\":{\"@id\":\"https:\/\/kapitalis.com\/tunisie\/#organization\"},\"potentialAction\":[{\"@type\":\"SearchAction\",\"target\":{\"@type\":\"EntryPoint\",\"urlTemplate\":\"https:\/\/kapitalis.com\/tunisie\/?s={search_term_string}\"},\"query-input\":{\"@type\":\"PropertyValueSpecification\",\"valueRequired\":true,\"valueName\":\"search_term_string\"}}],\"inLanguage\":\"fr-FR\"},{\"@type\":\"Organization\",\"@id\":\"https:\/\/kapitalis.com\/tunisie\/#organization\",\"name\":\"Kapitalis\",\"url\":\"https:\/\/kapitalis.com\/tunisie\/\",\"logo\":{\"@type\":\"ImageObject\",\"inLanguage\":\"fr-FR\",\"@id\":\"https:\/\/kapitalis.com\/tunisie\/#\/schema\/logo\/image\/\",\"url\":\"https:\/\/kapitalis.com\/tunisie\/wp-content\/uploads\/2022\/05\/Kapitalis-big-size.png\",\"contentUrl\":\"https:\/\/kapitalis.com\/tunisie\/wp-content\/uploads\/2022\/05\/Kapitalis-big-size.png\",\"width\":5000,\"height\":1500,\"caption\":\"Kapitalis\"},\"image\":{\"@id\":\"https:\/\/kapitalis.com\/tunisie\/#\/schema\/logo\/image\/\"},\"sameAs\":[\"https:\/\/www.facebook.com\/KapitalisInfo\/\",\"https:\/\/x.com\/KapitalisInfo\",\"https:\/\/www.youtube.com\/channel\/UC-yDYrHyfFBWWZaOw3FPg9Q\"]},{\"@type\":\"Person\",\"@id\":\"https:\/\/kapitalis.com\/tunisie\/#\/schema\/person\/d71f33a9ca44f7bad4698210b480c8e9\",\"name\":\"webmaster kapitalis\",\"url\":\"https:\/\/kapitalis.com\/tunisie\/author\/webmaster-kapitalis\/\"}]}<\/script>\n<!-- \/ Yoast SEO plugin. -->","yoast_head_json":{"title":"Un ancien fonctionnaire de la s\u00e9curit\u00e9 a rejoint Ansar charia - Kapitalis","robots":{"index":"index","follow":"follow","max-snippet":"max-snippet:-1","max-image-preview":"max-image-preview:large","max-video-preview":"max-video-preview:-1"},"canonical":"https:\/\/kapitalis.com\/tunisie\/2015\/08\/10\/un-ancien-fonctionnaire-de-la-securite-a-rejoint-ansar-charia\/","og_locale":"fr_FR","og_type":"article","og_title":"Un ancien fonctionnaire de la s\u00e9curit\u00e9 a rejoint Ansar charia - Kapitalis","og_description":"Un ancien agent de s\u00e9curit\u00e9 avoue avoir connu des jihadistes poursuivis dans des affaires d\u2019assassinat et s\u2019\u00eatre entra\u00een\u00e9 en Libye avec Ansar Charia.\u00a0","og_url":"https:\/\/kapitalis.com\/tunisie\/2015\/08\/10\/un-ancien-fonctionnaire-de-la-securite-a-rejoint-ansar-charia\/","og_site_name":"Kapitalis","article_publisher":"https:\/\/www.facebook.com\/KapitalisInfo\/","article_published_time":"2015-08-10T18:23:32+00:00","og_image":[{"width":1200,"height":630,"url":"https:\/\/kapitalis.com\/tunisie\/wp-content\/uploads\/2022\/05\/kapitalis-logo-fb.png","type":"image\/png"}],"author":"webmaster kapitalis","twitter_card":"summary_large_image","twitter_creator":"@KapitalisInfo","twitter_site":"@KapitalisInfo","twitter_misc":{"\u00c9crit par":"webmaster kapitalis","Dur\u00e9e de lecture estim\u00e9e":"1 minute"},"schema":{"@context":"https:\/\/schema.org","@graph":[{"@type":"Article","@id":"https:\/\/kapitalis.com\/tunisie\/2015\/08\/10\/un-ancien-fonctionnaire-de-la-securite-a-rejoint-ansar-charia\/#article","isPartOf":{"@id":"https:\/\/kapitalis.com\/tunisie\/2015\/08\/10\/un-ancien-fonctionnaire-de-la-securite-a-rejoint-ansar-charia\/"},"author":{"name":"webmaster kapitalis","@id":"https:\/\/kapitalis.com\/tunisie\/#\/schema\/person\/d71f33a9ca44f7bad4698210b480c8e9"},"headline":"Un ancien fonctionnaire de la s\u00e9curit\u00e9 a rejoint Ansar charia","datePublished":"2015-08-10T18:23:32+00:00","mainEntityOfPage":{"@id":"https:\/\/kapitalis.com\/tunisie\/2015\/08\/10\/un-ancien-fonctionnaire-de-la-securite-a-rejoint-ansar-charia\/"},"wordCount":305,"commentCount":1,"publisher":{"@id":"https:\/\/kapitalis.com\/tunisie\/#organization"},"image":{"@id":"https:\/\/kapitalis.com\/tunisie\/2015\/08\/10\/un-ancien-fonctionnaire-de-la-securite-a-rejoint-ansar-charia\/#primaryimage"},"thumbnailUrl":"","keywords":["Ansar Charia","assassinats","camps","Derna","salafistes jihadistes"],"articleSection":["SOCIETE","Tunisie"],"inLanguage":"fr-FR","potentialAction":[{"@type":"CommentAction","name":"Comment","target":["https:\/\/kapitalis.com\/tunisie\/2015\/08\/10\/un-ancien-fonctionnaire-de-la-securite-a-rejoint-ansar-charia\/#respond"]}]},{"@type":"WebPage","@id":"https:\/\/kapitalis.com\/tunisie\/2015\/08\/10\/un-ancien-fonctionnaire-de-la-securite-a-rejoint-ansar-charia\/","url":"https:\/\/kapitalis.com\/tunisie\/2015\/08\/10\/un-ancien-fonctionnaire-de-la-securite-a-rejoint-ansar-charia\/","name":"Un ancien fonctionnaire de la s\u00e9curit\u00e9 a rejoint Ansar charia - Kapitalis","isPartOf":{"@id":"https:\/\/kapitalis.com\/tunisie\/#website"},"primaryImageOfPage":{"@id":"https:\/\/kapitalis.com\/tunisie\/2015\/08\/10\/un-ancien-fonctionnaire-de-la-securite-a-rejoint-ansar-charia\/#primaryimage"},"image":{"@id":"https:\/\/kapitalis.com\/tunisie\/2015\/08\/10\/un-ancien-fonctionnaire-de-la-securite-a-rejoint-ansar-charia\/#primaryimage"},"thumbnailUrl":"","datePublished":"2015-08-10T18:23:32+00:00","breadcrumb":{"@id":"https:\/\/kapitalis.com\/tunisie\/2015\/08\/10\/un-ancien-fonctionnaire-de-la-securite-a-rejoint-ansar-charia\/#breadcrumb"},"inLanguage":"fr-FR","potentialAction":[{"@type":"ReadAction","target":["https:\/\/kapitalis.com\/tunisie\/2015\/08\/10\/un-ancien-fonctionnaire-de-la-securite-a-rejoint-ansar-charia\/"]}]},{"@type":"ImageObject","inLanguage":"fr-FR","@id":"https:\/\/kapitalis.com\/tunisie\/2015\/08\/10\/un-ancien-fonctionnaire-de-la-securite-a-rejoint-ansar-charia\/#primaryimage","url":"","contentUrl":""},{"@type":"BreadcrumbList","@id":"https:\/\/kapitalis.com\/tunisie\/2015\/08\/10\/un-ancien-fonctionnaire-de-la-securite-a-rejoint-ansar-charia\/#breadcrumb","itemListElement":[{"@type":"ListItem","position":1,"name":"Accueil","item":"https:\/\/kapitalis.com\/tunisie\/"},{"@type":"ListItem","position":2,"name":"Un ancien fonctionnaire de la s\u00e9curit\u00e9 a rejoint Ansar charia"}]},{"@type":"WebSite","@id":"https:\/\/kapitalis.com\/tunisie\/#website","url":"https:\/\/kapitalis.com\/tunisie\/","name":"Kapitalis","description":"L&#039;actualit\u00e9 en Tunisie et dans le monde","publisher":{"@id":"https:\/\/kapitalis.com\/tunisie\/#organization"},"potentialAction":[{"@type":"SearchAction","target":{"@type":"EntryPoint","urlTemplate":"https:\/\/kapitalis.com\/tunisie\/?s={search_term_string}"},"query-input":{"@type":"PropertyValueSpecification","valueRequired":true,"valueName":"search_term_string"}}],"inLanguage":"fr-FR"},{"@type":"Organization","@id":"https:\/\/kapitalis.com\/tunisie\/#organization","name":"Kapitalis","url":"https:\/\/kapitalis.com\/tunisie\/","logo":{"@type":"ImageObject","inLanguage":"fr-FR","@id":"https:\/\/kapitalis.com\/tunisie\/#\/schema\/logo\/image\/","url":"https:\/\/kapitalis.com\/tunisie\/wp-content\/uploads\/2022\/05\/Kapitalis-big-size.png","contentUrl":"https:\/\/kapitalis.com\/tunisie\/wp-content\/uploads\/2022\/05\/Kapitalis-big-size.png","width":5000,"height":1500,"caption":"Kapitalis"},"image":{"@id":"https:\/\/kapitalis.com\/tunisie\/#\/schema\/logo\/image\/"},"sameAs":["https:\/\/www.facebook.com\/KapitalisInfo\/","https:\/\/x.com\/KapitalisInfo","https:\/\/www.youtube.com\/channel\/UC-yDYrHyfFBWWZaOw3FPg9Q"]},{"@type":"Person","@id":"https:\/\/kapitalis.com\/tunisie\/#\/schema\/person\/d71f33a9ca44f7bad4698210b480c8e9","name":"webmaster kapitalis","url":"https:\/\/kapitalis.com\/tunisie\/author\/webmaster-kapitalis\/"}]}},"_links":{"self":[{"href":"https:\/\/kapitalis.com\/tunisie\/wp-json\/wp\/v2\/posts\/9115","targetHints":{"allow":["GET"]}}],"collection":[{"href":"https:\/\/kapitalis.com\/tunisie\/wp-json\/wp\/v2\/posts"}],"about":[{"href":"https:\/\/kapitalis.com\/tunisie\/wp-json\/wp\/v2\/types\/post"}],"author":[{"embeddable":true,"href":"https:\/\/kapitalis.com\/tunisie\/wp-json\/wp\/v2\/users\/8"}],"replies":[{"embeddable":true,"href":"https:\/\/kapitalis.com\/tunisie\/wp-json\/wp\/v2\/comments?post=9115"}],"version-history":[{"count":0,"href":"https:\/\/kapitalis.com\/tunisie\/wp-json\/wp\/v2\/posts\/9115\/revisions"}],"wp:featuredmedia":[{"embeddable":true,"href":"https:\/\/kapitalis.com\/tunisie\/wp-json\/wp\/v2\/media\/9116"}],"wp:attachment":[{"href":"https:\/\/kapitalis.com\/tunisie\/wp-json\/wp\/v2\/media?parent=9115"}],"wp:term":[{"taxonomy":"category","embeddable":true,"href":"https:\/\/kapitalis.com\/tunisie\/wp-json\/wp\/v2\/categories?post=9115"},{"taxonomy":"post_tag","embeddable":true,"href":"https:\/\/kapitalis.com\/tunisie\/wp-json\/wp\/v2\/tags?post=9115"}],"curies":[{"name":"wp","href":"https:\/\/api.w.org\/{rel}","templated":true}]}}