{"id":91346,"date":"2017-04-13T12:29:32","date_gmt":"2017-04-13T11:29:32","guid":{"rendered":"http:\/\/kapitalis.com\/tunisie\/?p=91346"},"modified":"2017-04-13T15:10:48","modified_gmt":"2017-04-13T14:10:48","slug":"cinema-zizou-de-boughedir-selectionne-a-new-york","status":"publish","type":"post","link":"https:\/\/kapitalis.com\/tunisie\/2017\/04\/13\/cinema-zizou-de-boughedir-selectionne-a-new-york\/","title":{"rendered":"Cin\u00e9ma : \u2018\u2018Zizou\u2019\u2019 de Boughedir s\u00e9lectionn\u00e9 \u00e0 New York"},"content":{"rendered":"<p style=\"text-align: center;\"><img loading=\"lazy\" decoding=\"async\" class=\"alignnone size-full wp-image-91348\" src=\"http:\/\/kapitalis.com\/tunisie\/wp-content\/uploads\/2017\/04\/Zizou-Boughedir.jpg\" alt=\"\" width=\"626\" height=\"380\" \/><\/p>\n<p><em><strong>Le film Cin\u00e9ma : \u2018\u2018Zizou\u2019\u2019 de Ferid Boughedir repr\u00e9sentera la Tunisie au New York african film festival, qui se d\u00e9roulera du 3 au 29 mai 2017.<\/strong><\/em><\/p>\n<p><!--more--><\/p>\n<p>Le dernier long-m\u00e9trage de Boughedir a \u00e9t\u00e9 s\u00e9lectionn\u00e9 pour la\u00a024<sup>e<\/sup> \u00e9dition de ce\u00a0festival dont le th\u00e8me porte sur <em>\u00ables R\u00e9volutions du Peuple\u00a0\u00bb<\/em>. Il est le seul fil maghr\u00e9bin retenu pour cette session.<\/p>\n<p>Sorti en France en avril 2016, sous le titre de <em>\u2018\u2018Parfum de printemps<strong>\u2019\u2019<\/strong><\/em>, <em>\u2018\u2018Zizou\u2019\u2019<\/em>\u00a0a \u00e9t\u00e9 projet\u00e9 en Tunisie en septembre de la m\u00eame ann\u00e9e. Il a, en novembre, le prix du meilleur film arabe lors de la 38e \u00e9dition du Festival international du film du Caire.<\/p>\n<div class=\"embed\">\n<div class=\"video\">\n<iframe loading=\"lazy\" width=\"560\" height=\"315\" src=\"https:\/\/www.youtube.com\/embed\/qG9vi6XEDLA?rel=0&amp;controls=0&amp;showinfo=0\" frameborder=\"0\" allowfullscreen><\/iframe>\n<\/div>\n<\/div>\n<p>&nbsp;<br \/>\nZizou est le surnom d\u2019Azizi, le personnage principal de cette com\u00e9die sociale et politique. Un jeune dipl\u00f4m\u00e9 qui a quitt\u00e9 son village natal, peu avant la r\u00e9volution (janvier 2011) pour Tunis, o\u00f9 il va chercher du travail.\u00a0Il va \u00eatre confront\u00e9 \u00e0 des aventures auxquelles il ne s\u2019attendait pas, rencontrant au passage les islamistes, les mafieux et les candides.<\/p>\n<p style=\"text-align: right;\"><strong>Y. N.<\/strong><\/p>\n","protected":false},"excerpt":{"rendered":"<p>Le film Cin\u00e9ma : \u2018\u2018Zizou\u2019\u2019 de Ferid Boughedir repr\u00e9sentera la Tunisie au New York african film festival, qui se d\u00e9roulera du 3 au 29 mai 2017.<\/p>\n","protected":false},"author":6,"featured_media":91348,"comment_status":"open","ping_status":"open","sticky":false,"template":"","format":"standard","meta":{"footnotes":""},"categories":[994,2433,4806],"tags":[15789,2806,7336,15790],"class_list":["post-91346","post","type-post","status-publish","format-standard","has-post-thumbnail","hentry","category-culture","category-tunisie","category-videos","tag-ferid-boughedir","tag-new-york","tag-revolution-tunisienne","tag-zizou"],"yoast_head":"<!-- This site is optimized with the Yoast SEO plugin v26.6 - https:\/\/yoast.com\/wordpress\/plugins\/seo\/ -->\n<title>Cin\u00e9ma : \u2018\u2018Zizou\u2019\u2019 de Boughedir s\u00e9lectionn\u00e9 \u00e0 New York - Kapitalis<\/title>\n<meta name=\"robots\" content=\"index, follow, max-snippet:-1, max-image-preview:large, max-video-preview:-1\" \/>\n<link rel=\"canonical\" href=\"https:\/\/kapitalis.com\/tunisie\/2017\/04\/13\/cinema-zizou-de-boughedir-selectionne-a-new-york\/\" \/>\n<meta property=\"og:locale\" content=\"fr_FR\" \/>\n<meta property=\"og:type\" content=\"article\" \/>\n<meta property=\"og:title\" content=\"Cin\u00e9ma : \u2018\u2018Zizou\u2019\u2019 de Boughedir s\u00e9lectionn\u00e9 \u00e0 New York - Kapitalis\" \/>\n<meta property=\"og:description\" content=\"Le film Cin\u00e9ma : \u2018\u2018Zizou\u2019\u2019 de Ferid Boughedir repr\u00e9sentera la Tunisie au New York african film festival, qui se d\u00e9roulera du 3 au 29 mai 2017.\" \/>\n<meta property=\"og:url\" content=\"https:\/\/kapitalis.com\/tunisie\/2017\/04\/13\/cinema-zizou-de-boughedir-selectionne-a-new-york\/\" \/>\n<meta property=\"og:site_name\" content=\"Kapitalis\" \/>\n<meta property=\"article:publisher\" content=\"https:\/\/www.facebook.com\/KapitalisInfo\/\" \/>\n<meta property=\"article:published_time\" content=\"2017-04-13T11:29:32+00:00\" \/>\n<meta property=\"article:modified_time\" content=\"2017-04-13T14:10:48+00:00\" \/>\n<meta property=\"og:image\" content=\"https:\/\/kapitalis.com\/tunisie\/wp-content\/uploads\/2022\/05\/kapitalis-logo-fb.png\" \/>\n\t<meta property=\"og:image:width\" content=\"1200\" \/>\n\t<meta property=\"og:image:height\" content=\"630\" \/>\n\t<meta property=\"og:image:type\" content=\"image\/png\" \/>\n<meta name=\"author\" content=\"Yusra NY\" \/>\n<meta name=\"twitter:card\" content=\"summary_large_image\" \/>\n<meta name=\"twitter:creator\" content=\"@KapitalisInfo\" \/>\n<meta name=\"twitter:site\" content=\"@KapitalisInfo\" \/>\n<meta name=\"twitter:label1\" content=\"\u00c9crit par\" \/>\n\t<meta name=\"twitter:data1\" content=\"Yusra NY\" \/>\n\t<meta name=\"twitter:label2\" content=\"Dur\u00e9e de lecture estim\u00e9e\" \/>\n\t<meta name=\"twitter:data2\" content=\"1 minute\" \/>\n<script type=\"application\/ld+json\" class=\"yoast-schema-graph\">{\"@context\":\"https:\/\/schema.org\",\"@graph\":[{\"@type\":\"Article\",\"@id\":\"https:\/\/kapitalis.com\/tunisie\/2017\/04\/13\/cinema-zizou-de-boughedir-selectionne-a-new-york\/#article\",\"isPartOf\":{\"@id\":\"https:\/\/kapitalis.com\/tunisie\/2017\/04\/13\/cinema-zizou-de-boughedir-selectionne-a-new-york\/\"},\"author\":{\"name\":\"Yusra NY\",\"@id\":\"https:\/\/kapitalis.com\/tunisie\/#\/schema\/person\/74bbde0154d49d790a92aaeac5bc01d5\"},\"headline\":\"Cin\u00e9ma : \u2018\u2018Zizou\u2019\u2019 de Boughedir s\u00e9lectionn\u00e9 \u00e0 New York\",\"datePublished\":\"2017-04-13T11:29:32+00:00\",\"dateModified\":\"2017-04-13T14:10:48+00:00\",\"mainEntityOfPage\":{\"@id\":\"https:\/\/kapitalis.com\/tunisie\/2017\/04\/13\/cinema-zizou-de-boughedir-selectionne-a-new-york\/\"},\"wordCount\":186,\"commentCount\":0,\"publisher\":{\"@id\":\"https:\/\/kapitalis.com\/tunisie\/#organization\"},\"image\":{\"@id\":\"https:\/\/kapitalis.com\/tunisie\/2017\/04\/13\/cinema-zizou-de-boughedir-selectionne-a-new-york\/#primaryimage\"},\"thumbnailUrl\":\"\",\"keywords\":[\"F\u00e9rid Boughedir\",\"New York\",\"R\u00e9volution tunisienne\",\"Zizou\"],\"articleSection\":[\"CULTURE\",\"Tunisie\",\"VIDEOS\"],\"inLanguage\":\"fr-FR\",\"potentialAction\":[{\"@type\":\"CommentAction\",\"name\":\"Comment\",\"target\":[\"https:\/\/kapitalis.com\/tunisie\/2017\/04\/13\/cinema-zizou-de-boughedir-selectionne-a-new-york\/#respond\"]}]},{\"@type\":\"WebPage\",\"@id\":\"https:\/\/kapitalis.com\/tunisie\/2017\/04\/13\/cinema-zizou-de-boughedir-selectionne-a-new-york\/\",\"url\":\"https:\/\/kapitalis.com\/tunisie\/2017\/04\/13\/cinema-zizou-de-boughedir-selectionne-a-new-york\/\",\"name\":\"Cin\u00e9ma : \u2018\u2018Zizou\u2019\u2019 de Boughedir s\u00e9lectionn\u00e9 \u00e0 New York - Kapitalis\",\"isPartOf\":{\"@id\":\"https:\/\/kapitalis.com\/tunisie\/#website\"},\"primaryImageOfPage\":{\"@id\":\"https:\/\/kapitalis.com\/tunisie\/2017\/04\/13\/cinema-zizou-de-boughedir-selectionne-a-new-york\/#primaryimage\"},\"image\":{\"@id\":\"https:\/\/kapitalis.com\/tunisie\/2017\/04\/13\/cinema-zizou-de-boughedir-selectionne-a-new-york\/#primaryimage\"},\"thumbnailUrl\":\"\",\"datePublished\":\"2017-04-13T11:29:32+00:00\",\"dateModified\":\"2017-04-13T14:10:48+00:00\",\"breadcrumb\":{\"@id\":\"https:\/\/kapitalis.com\/tunisie\/2017\/04\/13\/cinema-zizou-de-boughedir-selectionne-a-new-york\/#breadcrumb\"},\"inLanguage\":\"fr-FR\",\"potentialAction\":[{\"@type\":\"ReadAction\",\"target\":[\"https:\/\/kapitalis.com\/tunisie\/2017\/04\/13\/cinema-zizou-de-boughedir-selectionne-a-new-york\/\"]}]},{\"@type\":\"ImageObject\",\"inLanguage\":\"fr-FR\",\"@id\":\"https:\/\/kapitalis.com\/tunisie\/2017\/04\/13\/cinema-zizou-de-boughedir-selectionne-a-new-york\/#primaryimage\",\"url\":\"\",\"contentUrl\":\"\"},{\"@type\":\"BreadcrumbList\",\"@id\":\"https:\/\/kapitalis.com\/tunisie\/2017\/04\/13\/cinema-zizou-de-boughedir-selectionne-a-new-york\/#breadcrumb\",\"itemListElement\":[{\"@type\":\"ListItem\",\"position\":1,\"name\":\"Accueil\",\"item\":\"https:\/\/kapitalis.com\/tunisie\/\"},{\"@type\":\"ListItem\",\"position\":2,\"name\":\"Cin\u00e9ma : \u2018\u2018Zizou\u2019\u2019 de Boughedir s\u00e9lectionn\u00e9 \u00e0 New York\"}]},{\"@type\":\"WebSite\",\"@id\":\"https:\/\/kapitalis.com\/tunisie\/#website\",\"url\":\"https:\/\/kapitalis.com\/tunisie\/\",\"name\":\"Kapitalis\",\"description\":\"L&#039;actualit\u00e9 en Tunisie et dans le monde\",\"publisher\":{\"@id\":\"https:\/\/kapitalis.com\/tunisie\/#organization\"},\"potentialAction\":[{\"@type\":\"SearchAction\",\"target\":{\"@type\":\"EntryPoint\",\"urlTemplate\":\"https:\/\/kapitalis.com\/tunisie\/?s={search_term_string}\"},\"query-input\":{\"@type\":\"PropertyValueSpecification\",\"valueRequired\":true,\"valueName\":\"search_term_string\"}}],\"inLanguage\":\"fr-FR\"},{\"@type\":\"Organization\",\"@id\":\"https:\/\/kapitalis.com\/tunisie\/#organization\",\"name\":\"Kapitalis\",\"url\":\"https:\/\/kapitalis.com\/tunisie\/\",\"logo\":{\"@type\":\"ImageObject\",\"inLanguage\":\"fr-FR\",\"@id\":\"https:\/\/kapitalis.com\/tunisie\/#\/schema\/logo\/image\/\",\"url\":\"https:\/\/kapitalis.com\/tunisie\/wp-content\/uploads\/2022\/05\/Kapitalis-big-size.png\",\"contentUrl\":\"https:\/\/kapitalis.com\/tunisie\/wp-content\/uploads\/2022\/05\/Kapitalis-big-size.png\",\"width\":5000,\"height\":1500,\"caption\":\"Kapitalis\"},\"image\":{\"@id\":\"https:\/\/kapitalis.com\/tunisie\/#\/schema\/logo\/image\/\"},\"sameAs\":[\"https:\/\/www.facebook.com\/KapitalisInfo\/\",\"https:\/\/x.com\/KapitalisInfo\",\"https:\/\/www.youtube.com\/channel\/UC-yDYrHyfFBWWZaOw3FPg9Q\"]},{\"@type\":\"Person\",\"@id\":\"https:\/\/kapitalis.com\/tunisie\/#\/schema\/person\/74bbde0154d49d790a92aaeac5bc01d5\",\"name\":\"Yusra NY\",\"url\":\"https:\/\/kapitalis.com\/tunisie\/author\/yuza_adam\/\"}]}<\/script>\n<!-- \/ Yoast SEO plugin. -->","yoast_head_json":{"title":"Cin\u00e9ma : \u2018\u2018Zizou\u2019\u2019 de Boughedir s\u00e9lectionn\u00e9 \u00e0 New York - Kapitalis","robots":{"index":"index","follow":"follow","max-snippet":"max-snippet:-1","max-image-preview":"max-image-preview:large","max-video-preview":"max-video-preview:-1"},"canonical":"https:\/\/kapitalis.com\/tunisie\/2017\/04\/13\/cinema-zizou-de-boughedir-selectionne-a-new-york\/","og_locale":"fr_FR","og_type":"article","og_title":"Cin\u00e9ma : \u2018\u2018Zizou\u2019\u2019 de Boughedir s\u00e9lectionn\u00e9 \u00e0 New York - Kapitalis","og_description":"Le film Cin\u00e9ma : \u2018\u2018Zizou\u2019\u2019 de Ferid Boughedir repr\u00e9sentera la Tunisie au New York african film festival, qui se d\u00e9roulera du 3 au 29 mai 2017.","og_url":"https:\/\/kapitalis.com\/tunisie\/2017\/04\/13\/cinema-zizou-de-boughedir-selectionne-a-new-york\/","og_site_name":"Kapitalis","article_publisher":"https:\/\/www.facebook.com\/KapitalisInfo\/","article_published_time":"2017-04-13T11:29:32+00:00","article_modified_time":"2017-04-13T14:10:48+00:00","og_image":[{"width":1200,"height":630,"url":"https:\/\/kapitalis.com\/tunisie\/wp-content\/uploads\/2022\/05\/kapitalis-logo-fb.png","type":"image\/png"}],"author":"Yusra NY","twitter_card":"summary_large_image","twitter_creator":"@KapitalisInfo","twitter_site":"@KapitalisInfo","twitter_misc":{"\u00c9crit par":"Yusra NY","Dur\u00e9e de lecture estim\u00e9e":"1 minute"},"schema":{"@context":"https:\/\/schema.org","@graph":[{"@type":"Article","@id":"https:\/\/kapitalis.com\/tunisie\/2017\/04\/13\/cinema-zizou-de-boughedir-selectionne-a-new-york\/#article","isPartOf":{"@id":"https:\/\/kapitalis.com\/tunisie\/2017\/04\/13\/cinema-zizou-de-boughedir-selectionne-a-new-york\/"},"author":{"name":"Yusra NY","@id":"https:\/\/kapitalis.com\/tunisie\/#\/schema\/person\/74bbde0154d49d790a92aaeac5bc01d5"},"headline":"Cin\u00e9ma : \u2018\u2018Zizou\u2019\u2019 de Boughedir s\u00e9lectionn\u00e9 \u00e0 New York","datePublished":"2017-04-13T11:29:32+00:00","dateModified":"2017-04-13T14:10:48+00:00","mainEntityOfPage":{"@id":"https:\/\/kapitalis.com\/tunisie\/2017\/04\/13\/cinema-zizou-de-boughedir-selectionne-a-new-york\/"},"wordCount":186,"commentCount":0,"publisher":{"@id":"https:\/\/kapitalis.com\/tunisie\/#organization"},"image":{"@id":"https:\/\/kapitalis.com\/tunisie\/2017\/04\/13\/cinema-zizou-de-boughedir-selectionne-a-new-york\/#primaryimage"},"thumbnailUrl":"","keywords":["F\u00e9rid Boughedir","New York","R\u00e9volution tunisienne","Zizou"],"articleSection":["CULTURE","Tunisie","VIDEOS"],"inLanguage":"fr-FR","potentialAction":[{"@type":"CommentAction","name":"Comment","target":["https:\/\/kapitalis.com\/tunisie\/2017\/04\/13\/cinema-zizou-de-boughedir-selectionne-a-new-york\/#respond"]}]},{"@type":"WebPage","@id":"https:\/\/kapitalis.com\/tunisie\/2017\/04\/13\/cinema-zizou-de-boughedir-selectionne-a-new-york\/","url":"https:\/\/kapitalis.com\/tunisie\/2017\/04\/13\/cinema-zizou-de-boughedir-selectionne-a-new-york\/","name":"Cin\u00e9ma : \u2018\u2018Zizou\u2019\u2019 de Boughedir s\u00e9lectionn\u00e9 \u00e0 New York - Kapitalis","isPartOf":{"@id":"https:\/\/kapitalis.com\/tunisie\/#website"},"primaryImageOfPage":{"@id":"https:\/\/kapitalis.com\/tunisie\/2017\/04\/13\/cinema-zizou-de-boughedir-selectionne-a-new-york\/#primaryimage"},"image":{"@id":"https:\/\/kapitalis.com\/tunisie\/2017\/04\/13\/cinema-zizou-de-boughedir-selectionne-a-new-york\/#primaryimage"},"thumbnailUrl":"","datePublished":"2017-04-13T11:29:32+00:00","dateModified":"2017-04-13T14:10:48+00:00","breadcrumb":{"@id":"https:\/\/kapitalis.com\/tunisie\/2017\/04\/13\/cinema-zizou-de-boughedir-selectionne-a-new-york\/#breadcrumb"},"inLanguage":"fr-FR","potentialAction":[{"@type":"ReadAction","target":["https:\/\/kapitalis.com\/tunisie\/2017\/04\/13\/cinema-zizou-de-boughedir-selectionne-a-new-york\/"]}]},{"@type":"ImageObject","inLanguage":"fr-FR","@id":"https:\/\/kapitalis.com\/tunisie\/2017\/04\/13\/cinema-zizou-de-boughedir-selectionne-a-new-york\/#primaryimage","url":"","contentUrl":""},{"@type":"BreadcrumbList","@id":"https:\/\/kapitalis.com\/tunisie\/2017\/04\/13\/cinema-zizou-de-boughedir-selectionne-a-new-york\/#breadcrumb","itemListElement":[{"@type":"ListItem","position":1,"name":"Accueil","item":"https:\/\/kapitalis.com\/tunisie\/"},{"@type":"ListItem","position":2,"name":"Cin\u00e9ma : \u2018\u2018Zizou\u2019\u2019 de Boughedir s\u00e9lectionn\u00e9 \u00e0 New York"}]},{"@type":"WebSite","@id":"https:\/\/kapitalis.com\/tunisie\/#website","url":"https:\/\/kapitalis.com\/tunisie\/","name":"Kapitalis","description":"L&#039;actualit\u00e9 en Tunisie et dans le monde","publisher":{"@id":"https:\/\/kapitalis.com\/tunisie\/#organization"},"potentialAction":[{"@type":"SearchAction","target":{"@type":"EntryPoint","urlTemplate":"https:\/\/kapitalis.com\/tunisie\/?s={search_term_string}"},"query-input":{"@type":"PropertyValueSpecification","valueRequired":true,"valueName":"search_term_string"}}],"inLanguage":"fr-FR"},{"@type":"Organization","@id":"https:\/\/kapitalis.com\/tunisie\/#organization","name":"Kapitalis","url":"https:\/\/kapitalis.com\/tunisie\/","logo":{"@type":"ImageObject","inLanguage":"fr-FR","@id":"https:\/\/kapitalis.com\/tunisie\/#\/schema\/logo\/image\/","url":"https:\/\/kapitalis.com\/tunisie\/wp-content\/uploads\/2022\/05\/Kapitalis-big-size.png","contentUrl":"https:\/\/kapitalis.com\/tunisie\/wp-content\/uploads\/2022\/05\/Kapitalis-big-size.png","width":5000,"height":1500,"caption":"Kapitalis"},"image":{"@id":"https:\/\/kapitalis.com\/tunisie\/#\/schema\/logo\/image\/"},"sameAs":["https:\/\/www.facebook.com\/KapitalisInfo\/","https:\/\/x.com\/KapitalisInfo","https:\/\/www.youtube.com\/channel\/UC-yDYrHyfFBWWZaOw3FPg9Q"]},{"@type":"Person","@id":"https:\/\/kapitalis.com\/tunisie\/#\/schema\/person\/74bbde0154d49d790a92aaeac5bc01d5","name":"Yusra NY","url":"https:\/\/kapitalis.com\/tunisie\/author\/yuza_adam\/"}]}},"_links":{"self":[{"href":"https:\/\/kapitalis.com\/tunisie\/wp-json\/wp\/v2\/posts\/91346","targetHints":{"allow":["GET"]}}],"collection":[{"href":"https:\/\/kapitalis.com\/tunisie\/wp-json\/wp\/v2\/posts"}],"about":[{"href":"https:\/\/kapitalis.com\/tunisie\/wp-json\/wp\/v2\/types\/post"}],"author":[{"embeddable":true,"href":"https:\/\/kapitalis.com\/tunisie\/wp-json\/wp\/v2\/users\/6"}],"replies":[{"embeddable":true,"href":"https:\/\/kapitalis.com\/tunisie\/wp-json\/wp\/v2\/comments?post=91346"}],"version-history":[{"count":0,"href":"https:\/\/kapitalis.com\/tunisie\/wp-json\/wp\/v2\/posts\/91346\/revisions"}],"wp:featuredmedia":[{"embeddable":true,"href":"https:\/\/kapitalis.com\/tunisie\/wp-json\/wp\/v2\/media\/91348"}],"wp:attachment":[{"href":"https:\/\/kapitalis.com\/tunisie\/wp-json\/wp\/v2\/media?parent=91346"}],"wp:term":[{"taxonomy":"category","embeddable":true,"href":"https:\/\/kapitalis.com\/tunisie\/wp-json\/wp\/v2\/categories?post=91346"},{"taxonomy":"post_tag","embeddable":true,"href":"https:\/\/kapitalis.com\/tunisie\/wp-json\/wp\/v2\/tags?post=91346"}],"curies":[{"name":"wp","href":"https:\/\/api.w.org\/{rel}","templated":true}]}}