{"id":9163073,"date":"2023-07-31T20:34:54","date_gmt":"2023-07-31T19:34:54","guid":{"rendered":"https:\/\/kapitalis.com\/tunisie\/?p=9163073"},"modified":"2023-07-31T20:34:56","modified_gmt":"2023-07-31T19:34:56","slug":"tunisie-le-poete-sami-dhibi-devant-la-justice-a-cause-dun-statut-facebook","status":"publish","type":"post","link":"https:\/\/kapitalis.com\/tunisie\/2023\/07\/31\/tunisie-le-poete-sami-dhibi-devant-la-justice-a-cause-dun-statut-facebook\/","title":{"rendered":"Tunisie : Le po\u00e8te Sami Dhibi devant la justice \u00e0 cause d&rsquo;un statut Facebook"},"content":{"rendered":"\n<p><em><strong>La ministre des Affaires culturelles aurait port\u00e9 plainte contre le po\u00e8te et universitaire tunisien Sami Dhibi qui comparait devant la justice \u00e0 cause d&rsquo;un statut Facebook.<\/strong><\/em><\/p>\n\n\n\n<!--more-->\n\n\n\n<p>Des universitaires, \u00e9crivains, artistes et diff\u00e9rents acteurs de la sc\u00e8ne culturelle ont exprim\u00e9 leur solidarit\u00e9 \u00e0 Sami Dhibi et leur indignation face \u00e0 la d\u00e9cision du ministre des Affaires culturelles de le poursuivre en justice. \u00ab\u00a0<em>Il ne nous manque plus que de mettre un po\u00e8te et chercheur en prison dans ce pays. Combien a-t-on perdu \u00e0 emprisonner Sami Dhibi en prison et combien on en a gagn\u00e9 ?<\/em>\u00ab\u00a0, a \u00e9crit l&rsquo;\u00e9crivain et ancien directeur de la Foire du Livre de Tunis Chokri Mabkhout.<\/p>\n\n\n\n<p class=\"has-text-align-right\"><strong>F.B<\/strong><\/p>\n","protected":false},"excerpt":{"rendered":"<p>La ministre des Affaires culturelles aurait port\u00e9 plainte contre le po\u00e8te et universitaire tunisien Sami Dhibi qui comparait devant la justice \u00e0 cause d&rsquo;un statut Facebook.<\/p>\n","protected":false},"author":26,"featured_media":9164111,"comment_status":"open","ping_status":"open","sticky":false,"template":"","format":"standard","meta":{"footnotes":""},"categories":[994,2433],"tags":[15550,71685,1314,110223,62643],"class_list":["post-9163073","post","type-post","status-publish","format-standard","has-post-thumbnail","hentry","category-culture","category-tunisie","tag-censure","tag-ministre-des-affaires-culturelles","tag-prison","tag-sami-dhibi","tag-tunisie"],"yoast_head":"<!-- This site is optimized with the Yoast SEO plugin v26.6 - https:\/\/yoast.com\/wordpress\/plugins\/seo\/ -->\n<title>Tunisie : Le po\u00e8te Sami Dhibi devant la justice \u00e0 cause d&#039;un statut Facebook - Kapitalis<\/title>\n<meta name=\"robots\" content=\"index, follow, max-snippet:-1, max-image-preview:large, max-video-preview:-1\" \/>\n<link rel=\"canonical\" href=\"https:\/\/kapitalis.com\/tunisie\/2023\/07\/31\/tunisie-le-poete-sami-dhibi-devant-la-justice-a-cause-dun-statut-facebook\/\" \/>\n<meta property=\"og:locale\" content=\"fr_FR\" \/>\n<meta property=\"og:type\" content=\"article\" \/>\n<meta property=\"og:title\" content=\"Tunisie : Le po\u00e8te Sami Dhibi devant la justice \u00e0 cause d&#039;un statut Facebook - Kapitalis\" \/>\n<meta property=\"og:description\" content=\"La ministre des Affaires culturelles aurait port\u00e9 plainte contre le po\u00e8te et universitaire tunisien Sami Dhibi qui comparait devant la justice \u00e0 cause d&rsquo;un statut Facebook.\" \/>\n<meta property=\"og:url\" content=\"https:\/\/kapitalis.com\/tunisie\/2023\/07\/31\/tunisie-le-poete-sami-dhibi-devant-la-justice-a-cause-dun-statut-facebook\/\" \/>\n<meta property=\"og:site_name\" content=\"Kapitalis\" \/>\n<meta property=\"article:publisher\" content=\"https:\/\/www.facebook.com\/KapitalisInfo\/\" \/>\n<meta property=\"article:published_time\" content=\"2023-07-31T19:34:54+00:00\" \/>\n<meta property=\"article:modified_time\" content=\"2023-07-31T19:34:56+00:00\" \/>\n<meta property=\"og:image\" content=\"https:\/\/kapitalis.com\/tunisie\/wp-content\/uploads\/2023\/07\/Sami-Dhibi-poete.jpg\" \/>\n\t<meta property=\"og:image:width\" content=\"1200\" \/>\n\t<meta property=\"og:image:height\" content=\"630\" \/>\n\t<meta property=\"og:image:type\" content=\"image\/jpeg\" \/>\n<meta name=\"author\" content=\"Fawz BenAli\" \/>\n<meta name=\"twitter:card\" content=\"summary_large_image\" \/>\n<meta name=\"twitter:creator\" content=\"@KapitalisInfo\" \/>\n<meta name=\"twitter:site\" content=\"@KapitalisInfo\" \/>\n<meta name=\"twitter:label1\" content=\"\u00c9crit par\" \/>\n\t<meta name=\"twitter:data1\" content=\"Fawz BenAli\" \/>\n\t<meta name=\"twitter:label2\" content=\"Dur\u00e9e de lecture estim\u00e9e\" \/>\n\t<meta name=\"twitter:data2\" content=\"1 minute\" \/>\n<script type=\"application\/ld+json\" class=\"yoast-schema-graph\">{\"@context\":\"https:\/\/schema.org\",\"@graph\":[{\"@type\":\"Article\",\"@id\":\"https:\/\/kapitalis.com\/tunisie\/2023\/07\/31\/tunisie-le-poete-sami-dhibi-devant-la-justice-a-cause-dun-statut-facebook\/#article\",\"isPartOf\":{\"@id\":\"https:\/\/kapitalis.com\/tunisie\/2023\/07\/31\/tunisie-le-poete-sami-dhibi-devant-la-justice-a-cause-dun-statut-facebook\/\"},\"author\":{\"name\":\"Fawz BenAli\",\"@id\":\"https:\/\/kapitalis.com\/tunisie\/#\/schema\/person\/73a5ecc1f6ae540c6ed91342eadca948\"},\"headline\":\"Tunisie : Le po\u00e8te Sami Dhibi devant la justice \u00e0 cause d&rsquo;un statut Facebook\",\"datePublished\":\"2023-07-31T19:34:54+00:00\",\"dateModified\":\"2023-07-31T19:34:56+00:00\",\"mainEntityOfPage\":{\"@id\":\"https:\/\/kapitalis.com\/tunisie\/2023\/07\/31\/tunisie-le-poete-sami-dhibi-devant-la-justice-a-cause-dun-statut-facebook\/\"},\"wordCount\":125,\"commentCount\":1,\"publisher\":{\"@id\":\"https:\/\/kapitalis.com\/tunisie\/#organization\"},\"image\":{\"@id\":\"https:\/\/kapitalis.com\/tunisie\/2023\/07\/31\/tunisie-le-poete-sami-dhibi-devant-la-justice-a-cause-dun-statut-facebook\/#primaryimage\"},\"thumbnailUrl\":\"https:\/\/kapitalis.com\/tunisie\/wp-content\/uploads\/2023\/07\/Sami-Dhibi-poete.jpg\",\"keywords\":[\"censure\",\"ministre des Affaires culturelles\",\"prison\",\"Sami Dhibi\",\"Tunisie\"],\"articleSection\":[\"CULTURE\",\"Tunisie\"],\"inLanguage\":\"fr-FR\",\"potentialAction\":[{\"@type\":\"CommentAction\",\"name\":\"Comment\",\"target\":[\"https:\/\/kapitalis.com\/tunisie\/2023\/07\/31\/tunisie-le-poete-sami-dhibi-devant-la-justice-a-cause-dun-statut-facebook\/#respond\"]}]},{\"@type\":\"WebPage\",\"@id\":\"https:\/\/kapitalis.com\/tunisie\/2023\/07\/31\/tunisie-le-poete-sami-dhibi-devant-la-justice-a-cause-dun-statut-facebook\/\",\"url\":\"https:\/\/kapitalis.com\/tunisie\/2023\/07\/31\/tunisie-le-poete-sami-dhibi-devant-la-justice-a-cause-dun-statut-facebook\/\",\"name\":\"Tunisie : Le po\u00e8te Sami Dhibi devant la justice \u00e0 cause d'un statut Facebook - Kapitalis\",\"isPartOf\":{\"@id\":\"https:\/\/kapitalis.com\/tunisie\/#website\"},\"primaryImageOfPage\":{\"@id\":\"https:\/\/kapitalis.com\/tunisie\/2023\/07\/31\/tunisie-le-poete-sami-dhibi-devant-la-justice-a-cause-dun-statut-facebook\/#primaryimage\"},\"image\":{\"@id\":\"https:\/\/kapitalis.com\/tunisie\/2023\/07\/31\/tunisie-le-poete-sami-dhibi-devant-la-justice-a-cause-dun-statut-facebook\/#primaryimage\"},\"thumbnailUrl\":\"https:\/\/kapitalis.com\/tunisie\/wp-content\/uploads\/2023\/07\/Sami-Dhibi-poete.jpg\",\"datePublished\":\"2023-07-31T19:34:54+00:00\",\"dateModified\":\"2023-07-31T19:34:56+00:00\",\"breadcrumb\":{\"@id\":\"https:\/\/kapitalis.com\/tunisie\/2023\/07\/31\/tunisie-le-poete-sami-dhibi-devant-la-justice-a-cause-dun-statut-facebook\/#breadcrumb\"},\"inLanguage\":\"fr-FR\",\"potentialAction\":[{\"@type\":\"ReadAction\",\"target\":[\"https:\/\/kapitalis.com\/tunisie\/2023\/07\/31\/tunisie-le-poete-sami-dhibi-devant-la-justice-a-cause-dun-statut-facebook\/\"]}]},{\"@type\":\"ImageObject\",\"inLanguage\":\"fr-FR\",\"@id\":\"https:\/\/kapitalis.com\/tunisie\/2023\/07\/31\/tunisie-le-poete-sami-dhibi-devant-la-justice-a-cause-dun-statut-facebook\/#primaryimage\",\"url\":\"https:\/\/kapitalis.com\/tunisie\/wp-content\/uploads\/2023\/07\/Sami-Dhibi-poete.jpg\",\"contentUrl\":\"https:\/\/kapitalis.com\/tunisie\/wp-content\/uploads\/2023\/07\/Sami-Dhibi-poete.jpg\",\"width\":1200,\"height\":630},{\"@type\":\"BreadcrumbList\",\"@id\":\"https:\/\/kapitalis.com\/tunisie\/2023\/07\/31\/tunisie-le-poete-sami-dhibi-devant-la-justice-a-cause-dun-statut-facebook\/#breadcrumb\",\"itemListElement\":[{\"@type\":\"ListItem\",\"position\":1,\"name\":\"Accueil\",\"item\":\"https:\/\/kapitalis.com\/tunisie\/\"},{\"@type\":\"ListItem\",\"position\":2,\"name\":\"Tunisie : Le po\u00e8te Sami Dhibi devant la justice \u00e0 cause d&rsquo;un statut Facebook\"}]},{\"@type\":\"WebSite\",\"@id\":\"https:\/\/kapitalis.com\/tunisie\/#website\",\"url\":\"https:\/\/kapitalis.com\/tunisie\/\",\"name\":\"Kapitalis\",\"description\":\"L&#039;actualit\u00e9 en Tunisie et dans le monde\",\"publisher\":{\"@id\":\"https:\/\/kapitalis.com\/tunisie\/#organization\"},\"potentialAction\":[{\"@type\":\"SearchAction\",\"target\":{\"@type\":\"EntryPoint\",\"urlTemplate\":\"https:\/\/kapitalis.com\/tunisie\/?s={search_term_string}\"},\"query-input\":{\"@type\":\"PropertyValueSpecification\",\"valueRequired\":true,\"valueName\":\"search_term_string\"}}],\"inLanguage\":\"fr-FR\"},{\"@type\":\"Organization\",\"@id\":\"https:\/\/kapitalis.com\/tunisie\/#organization\",\"name\":\"Kapitalis\",\"url\":\"https:\/\/kapitalis.com\/tunisie\/\",\"logo\":{\"@type\":\"ImageObject\",\"inLanguage\":\"fr-FR\",\"@id\":\"https:\/\/kapitalis.com\/tunisie\/#\/schema\/logo\/image\/\",\"url\":\"https:\/\/kapitalis.com\/tunisie\/wp-content\/uploads\/2022\/05\/Kapitalis-big-size.png\",\"contentUrl\":\"https:\/\/kapitalis.com\/tunisie\/wp-content\/uploads\/2022\/05\/Kapitalis-big-size.png\",\"width\":5000,\"height\":1500,\"caption\":\"Kapitalis\"},\"image\":{\"@id\":\"https:\/\/kapitalis.com\/tunisie\/#\/schema\/logo\/image\/\"},\"sameAs\":[\"https:\/\/www.facebook.com\/KapitalisInfo\/\",\"https:\/\/x.com\/KapitalisInfo\",\"https:\/\/www.youtube.com\/channel\/UC-yDYrHyfFBWWZaOw3FPg9Q\"]},{\"@type\":\"Person\",\"@id\":\"https:\/\/kapitalis.com\/tunisie\/#\/schema\/person\/73a5ecc1f6ae540c6ed91342eadca948\",\"name\":\"Fawz BenAli\",\"url\":\"https:\/\/kapitalis.com\/tunisie\/author\/fawz\/\"}]}<\/script>\n<!-- \/ Yoast SEO plugin. -->","yoast_head_json":{"title":"Tunisie : Le po\u00e8te Sami Dhibi devant la justice \u00e0 cause d'un statut Facebook - Kapitalis","robots":{"index":"index","follow":"follow","max-snippet":"max-snippet:-1","max-image-preview":"max-image-preview:large","max-video-preview":"max-video-preview:-1"},"canonical":"https:\/\/kapitalis.com\/tunisie\/2023\/07\/31\/tunisie-le-poete-sami-dhibi-devant-la-justice-a-cause-dun-statut-facebook\/","og_locale":"fr_FR","og_type":"article","og_title":"Tunisie : Le po\u00e8te Sami Dhibi devant la justice \u00e0 cause d'un statut Facebook - Kapitalis","og_description":"La ministre des Affaires culturelles aurait port\u00e9 plainte contre le po\u00e8te et universitaire tunisien Sami Dhibi qui comparait devant la justice \u00e0 cause d&rsquo;un statut Facebook.","og_url":"https:\/\/kapitalis.com\/tunisie\/2023\/07\/31\/tunisie-le-poete-sami-dhibi-devant-la-justice-a-cause-dun-statut-facebook\/","og_site_name":"Kapitalis","article_publisher":"https:\/\/www.facebook.com\/KapitalisInfo\/","article_published_time":"2023-07-31T19:34:54+00:00","article_modified_time":"2023-07-31T19:34:56+00:00","og_image":[{"width":1200,"height":630,"url":"https:\/\/kapitalis.com\/tunisie\/wp-content\/uploads\/2023\/07\/Sami-Dhibi-poete.jpg","type":"image\/jpeg"}],"author":"Fawz BenAli","twitter_card":"summary_large_image","twitter_creator":"@KapitalisInfo","twitter_site":"@KapitalisInfo","twitter_misc":{"\u00c9crit par":"Fawz BenAli","Dur\u00e9e de lecture estim\u00e9e":"1 minute"},"schema":{"@context":"https:\/\/schema.org","@graph":[{"@type":"Article","@id":"https:\/\/kapitalis.com\/tunisie\/2023\/07\/31\/tunisie-le-poete-sami-dhibi-devant-la-justice-a-cause-dun-statut-facebook\/#article","isPartOf":{"@id":"https:\/\/kapitalis.com\/tunisie\/2023\/07\/31\/tunisie-le-poete-sami-dhibi-devant-la-justice-a-cause-dun-statut-facebook\/"},"author":{"name":"Fawz BenAli","@id":"https:\/\/kapitalis.com\/tunisie\/#\/schema\/person\/73a5ecc1f6ae540c6ed91342eadca948"},"headline":"Tunisie : Le po\u00e8te Sami Dhibi devant la justice \u00e0 cause d&rsquo;un statut Facebook","datePublished":"2023-07-31T19:34:54+00:00","dateModified":"2023-07-31T19:34:56+00:00","mainEntityOfPage":{"@id":"https:\/\/kapitalis.com\/tunisie\/2023\/07\/31\/tunisie-le-poete-sami-dhibi-devant-la-justice-a-cause-dun-statut-facebook\/"},"wordCount":125,"commentCount":1,"publisher":{"@id":"https:\/\/kapitalis.com\/tunisie\/#organization"},"image":{"@id":"https:\/\/kapitalis.com\/tunisie\/2023\/07\/31\/tunisie-le-poete-sami-dhibi-devant-la-justice-a-cause-dun-statut-facebook\/#primaryimage"},"thumbnailUrl":"https:\/\/kapitalis.com\/tunisie\/wp-content\/uploads\/2023\/07\/Sami-Dhibi-poete.jpg","keywords":["censure","ministre des Affaires culturelles","prison","Sami Dhibi","Tunisie"],"articleSection":["CULTURE","Tunisie"],"inLanguage":"fr-FR","potentialAction":[{"@type":"CommentAction","name":"Comment","target":["https:\/\/kapitalis.com\/tunisie\/2023\/07\/31\/tunisie-le-poete-sami-dhibi-devant-la-justice-a-cause-dun-statut-facebook\/#respond"]}]},{"@type":"WebPage","@id":"https:\/\/kapitalis.com\/tunisie\/2023\/07\/31\/tunisie-le-poete-sami-dhibi-devant-la-justice-a-cause-dun-statut-facebook\/","url":"https:\/\/kapitalis.com\/tunisie\/2023\/07\/31\/tunisie-le-poete-sami-dhibi-devant-la-justice-a-cause-dun-statut-facebook\/","name":"Tunisie : Le po\u00e8te Sami Dhibi devant la justice \u00e0 cause d'un statut Facebook - Kapitalis","isPartOf":{"@id":"https:\/\/kapitalis.com\/tunisie\/#website"},"primaryImageOfPage":{"@id":"https:\/\/kapitalis.com\/tunisie\/2023\/07\/31\/tunisie-le-poete-sami-dhibi-devant-la-justice-a-cause-dun-statut-facebook\/#primaryimage"},"image":{"@id":"https:\/\/kapitalis.com\/tunisie\/2023\/07\/31\/tunisie-le-poete-sami-dhibi-devant-la-justice-a-cause-dun-statut-facebook\/#primaryimage"},"thumbnailUrl":"https:\/\/kapitalis.com\/tunisie\/wp-content\/uploads\/2023\/07\/Sami-Dhibi-poete.jpg","datePublished":"2023-07-31T19:34:54+00:00","dateModified":"2023-07-31T19:34:56+00:00","breadcrumb":{"@id":"https:\/\/kapitalis.com\/tunisie\/2023\/07\/31\/tunisie-le-poete-sami-dhibi-devant-la-justice-a-cause-dun-statut-facebook\/#breadcrumb"},"inLanguage":"fr-FR","potentialAction":[{"@type":"ReadAction","target":["https:\/\/kapitalis.com\/tunisie\/2023\/07\/31\/tunisie-le-poete-sami-dhibi-devant-la-justice-a-cause-dun-statut-facebook\/"]}]},{"@type":"ImageObject","inLanguage":"fr-FR","@id":"https:\/\/kapitalis.com\/tunisie\/2023\/07\/31\/tunisie-le-poete-sami-dhibi-devant-la-justice-a-cause-dun-statut-facebook\/#primaryimage","url":"https:\/\/kapitalis.com\/tunisie\/wp-content\/uploads\/2023\/07\/Sami-Dhibi-poete.jpg","contentUrl":"https:\/\/kapitalis.com\/tunisie\/wp-content\/uploads\/2023\/07\/Sami-Dhibi-poete.jpg","width":1200,"height":630},{"@type":"BreadcrumbList","@id":"https:\/\/kapitalis.com\/tunisie\/2023\/07\/31\/tunisie-le-poete-sami-dhibi-devant-la-justice-a-cause-dun-statut-facebook\/#breadcrumb","itemListElement":[{"@type":"ListItem","position":1,"name":"Accueil","item":"https:\/\/kapitalis.com\/tunisie\/"},{"@type":"ListItem","position":2,"name":"Tunisie : Le po\u00e8te Sami Dhibi devant la justice \u00e0 cause d&rsquo;un statut Facebook"}]},{"@type":"WebSite","@id":"https:\/\/kapitalis.com\/tunisie\/#website","url":"https:\/\/kapitalis.com\/tunisie\/","name":"Kapitalis","description":"L&#039;actualit\u00e9 en Tunisie et dans le monde","publisher":{"@id":"https:\/\/kapitalis.com\/tunisie\/#organization"},"potentialAction":[{"@type":"SearchAction","target":{"@type":"EntryPoint","urlTemplate":"https:\/\/kapitalis.com\/tunisie\/?s={search_term_string}"},"query-input":{"@type":"PropertyValueSpecification","valueRequired":true,"valueName":"search_term_string"}}],"inLanguage":"fr-FR"},{"@type":"Organization","@id":"https:\/\/kapitalis.com\/tunisie\/#organization","name":"Kapitalis","url":"https:\/\/kapitalis.com\/tunisie\/","logo":{"@type":"ImageObject","inLanguage":"fr-FR","@id":"https:\/\/kapitalis.com\/tunisie\/#\/schema\/logo\/image\/","url":"https:\/\/kapitalis.com\/tunisie\/wp-content\/uploads\/2022\/05\/Kapitalis-big-size.png","contentUrl":"https:\/\/kapitalis.com\/tunisie\/wp-content\/uploads\/2022\/05\/Kapitalis-big-size.png","width":5000,"height":1500,"caption":"Kapitalis"},"image":{"@id":"https:\/\/kapitalis.com\/tunisie\/#\/schema\/logo\/image\/"},"sameAs":["https:\/\/www.facebook.com\/KapitalisInfo\/","https:\/\/x.com\/KapitalisInfo","https:\/\/www.youtube.com\/channel\/UC-yDYrHyfFBWWZaOw3FPg9Q"]},{"@type":"Person","@id":"https:\/\/kapitalis.com\/tunisie\/#\/schema\/person\/73a5ecc1f6ae540c6ed91342eadca948","name":"Fawz BenAli","url":"https:\/\/kapitalis.com\/tunisie\/author\/fawz\/"}]}},"_links":{"self":[{"href":"https:\/\/kapitalis.com\/tunisie\/wp-json\/wp\/v2\/posts\/9163073","targetHints":{"allow":["GET"]}}],"collection":[{"href":"https:\/\/kapitalis.com\/tunisie\/wp-json\/wp\/v2\/posts"}],"about":[{"href":"https:\/\/kapitalis.com\/tunisie\/wp-json\/wp\/v2\/types\/post"}],"author":[{"embeddable":true,"href":"https:\/\/kapitalis.com\/tunisie\/wp-json\/wp\/v2\/users\/26"}],"replies":[{"embeddable":true,"href":"https:\/\/kapitalis.com\/tunisie\/wp-json\/wp\/v2\/comments?post=9163073"}],"version-history":[{"count":1,"href":"https:\/\/kapitalis.com\/tunisie\/wp-json\/wp\/v2\/posts\/9163073\/revisions"}],"predecessor-version":[{"id":9164269,"href":"https:\/\/kapitalis.com\/tunisie\/wp-json\/wp\/v2\/posts\/9163073\/revisions\/9164269"}],"wp:featuredmedia":[{"embeddable":true,"href":"https:\/\/kapitalis.com\/tunisie\/wp-json\/wp\/v2\/media\/9164111"}],"wp:attachment":[{"href":"https:\/\/kapitalis.com\/tunisie\/wp-json\/wp\/v2\/media?parent=9163073"}],"wp:term":[{"taxonomy":"category","embeddable":true,"href":"https:\/\/kapitalis.com\/tunisie\/wp-json\/wp\/v2\/categories?post=9163073"},{"taxonomy":"post_tag","embeddable":true,"href":"https:\/\/kapitalis.com\/tunisie\/wp-json\/wp\/v2\/tags?post=9163073"}],"curies":[{"name":"wp","href":"https:\/\/api.w.org\/{rel}","templated":true}]}}