{"id":9171304,"date":"2023-08-01T09:44:29","date_gmt":"2023-08-01T08:44:29","guid":{"rendered":"https:\/\/kapitalis.com\/tunisie\/?p=9171304"},"modified":"2023-08-01T09:52:17","modified_gmt":"2023-08-01T08:52:17","slug":"tunisie-fmi-saied-contre-saied","status":"publish","type":"post","link":"https:\/\/kapitalis.com\/tunisie\/2023\/08\/01\/tunisie-fmi-saied-contre-saied\/","title":{"rendered":"Tunisie-FMI\u00a0: Sa\u00efed contre Sa\u00efed !"},"content":{"rendered":"\n<p><strong><em>En Tunisie, le pr\u00e9sident de la r\u00e9publique accapare tous les pouvoirs, tout en \u00e9tant le principal opposant au gouvernement qu\u2019il a lui-m\u00eame nomm\u00e9. Une situation assez in\u00e9dite dans l\u2019histoire politique de l\u2019humanit\u00e9. Et qui cr\u00e9e des fritures sur les plans int\u00e9rieur et ext\u00e9rieur\u2026 \u00a0<\/em><\/strong>\u00a0\u00a0<\/p>\n\n\n\n<p>Par <strong>Hssan Briki<\/strong><\/p>\n\n\n\n<!--more-->\n\n\n\n<p>Malgr\u00e9 un accord pr\u00e9liminaire obtenu au niveau des experts en octobre dernier, les n\u00e9gociations de la Tunisie et le Fonds mon\u00e9taire international (FMI) pour un nouveau cr\u00e9dit de 1,9 milliard de dollars pi\u00e9tinent toujours. Et pour cause\u00a0: l\u2019incompr\u00e9hension reste totale entre les deux parties.<\/p>\n\n\n\n<p>La Premi\u00e8re ministre italienne, Georgia Meloni, a d\u00e9clar\u00e9 lors d\u2019une conf\u00e9rence de presse \u00e0 l\u2019ambassade d\u2019Italie \u00e0 Washington, \u00e0 la suite d\u2019une r\u00e9union bilat\u00e9rale qu\u2019elle a eue \u00e0 la Maison Blanche avec le pr\u00e9sident am\u00e9ricain Joe Biden, jeudi 27 juillet 2023, que les \u00c9tats-Unis ont montr\u00e9 une position <em>\u00abtr\u00e8s ouverte\u00bb<\/em> concernant les initiatives italiennes au sujet de la situation en Tunisie. Elle affirme avoir constat\u00e9 un grand int\u00e9r\u00eat et un soutien pour les initiatives que prend l\u2019Italie en particulier celles mises en \u0153uvre en coop\u00e9ration avec la Commission europ\u00e9enne.<\/p>\n\n\n\n<p>C\u2019est ce que rapporte l\u2019agence de presse Nova, qui ajoute que la cheffe du gouvernement italienne a soulign\u00e9 que la Tunisie traverse une p\u00e9riode difficile et risque un d\u00e9faut financier. <em>\u00abLe dialogue qui a permis de parvenir \u00e0 un accord entre les autorit\u00e9s tunisiennes et le FMI n\u2019a pas \u00e9t\u00e9 facile, en raison de l&rsquo;approche adopt\u00e9e par les deux parties\u00bb<\/em>, a-t-elle ajout\u00e9.\u00a0Elle ne croyait pas si bien dire&#8230;  <\/p>\n\n\n\n<figure class=\"wp-block-embed is-type-wp-embed is-provider-kapitalis wp-block-embed-kapitalis\"><div class=\"wp-block-embed__wrapper\">\n<blockquote class=\"wp-embedded-content\" data-secret=\"oBI63xcwRX\"><a href=\"https:\/\/kapitalis.com\/tunisie\/2023\/04\/06\/kais-saied-a-propos-du-pret-fmi-je-refuse-les-diktats-imposes-par-letranger\/\">Ka\u00efs Sa\u00efed\u00a0\u00e0 propos du pr\u00eat FMI : \u00abJe refuse les diktats impos\u00e9s par l\u2019\u00e9tranger\u00bb.\u00bb<\/a><\/blockquote><iframe loading=\"lazy\" class=\"wp-embedded-content\" sandbox=\"allow-scripts\" security=\"restricted\" style=\"position: absolute; clip: rect(1px, 1px, 1px, 1px);\" title=\"\u00ab\u00a0Ka\u00efs Sa\u00efed\u00a0\u00e0 propos du pr\u00eat FMI : \u00abJe refuse les diktats impos\u00e9s par l\u2019\u00e9tranger\u00bb.\u00bb\u00a0\u00bb &#8212; Kapitalis\" src=\"https:\/\/kapitalis.com\/tunisie\/2023\/04\/06\/kais-saied-a-propos-du-pret-fmi-je-refuse-les-diktats-imposes-par-letranger\/embed\/#?secret=bAzUAy19y7#?secret=oBI63xcwRX\" data-secret=\"oBI63xcwRX\" width=\"600\" height=\"338\" frameborder=\"0\" marginwidth=\"0\" marginheight=\"0\" scrolling=\"no\"><\/iframe>\n<\/div><\/figure>\n\n\n\n<h2 class=\"wp-block-heading\">Le FMI n\u2019est pas dans le Coran\u00a0<\/h2>\n\n\n\n<p>En effet, le d\u00e9saccord sur les modalit\u00e9s du pr\u00eat du FMI et la Tunisie semble persister. Le pr\u00e9sident Ka\u00efs Sa\u00efed donne l\u2019impression de vouloir mettre l\u2019accord entre parenth\u00e8se et de rejeter les <em>\u00abdiktats\u00bb<\/em> du Fonds, qui conditionne l\u2019octroi du pr\u00eat \u00e0 la mise en place de r\u00e9formes \u00e9conomiques, notamment la lev\u00e9e de certaines subventions \u00e9tatiques et la r\u00e9duction de la masse salariale dans le secteur public. <\/p>\n\n\n\n<p><em>\u00abEn ce qui concerne le FMI, les diktats provenant de l\u2019\u00e9tranger et qui ne m\u00e8nent qu\u2019\u00e0 davantage d\u2019appauvrissement sont inacceptables\u00bb<\/em>, a ainsi d\u00e9clar\u00e9 le pr\u00e9sident,<a href=\"https:\/\/kapitalis.com\/tunisie\/2023\/04\/06\/kais-saied-a-propos-du-pret-fmi-je-refuse-les-diktats-imposes-par-letranger\/\" target=\"_blank\" rel=\"noreferrer noopener\"> le 6 avril dernier<\/a>. Il a fait depuis plusieurs autres d\u00e9clarations dans lesquelles il opposait une fin de non recevoir aux exigences du pr\u00eateur international. Telle que son affirmation lors d\u2019un entretien t\u00e9l\u00e9phonique, <a href=\"https:\/\/kapitalis.com\/tunisie\/2023\/06\/15\/tunisie-fmi-kais-saied-en-remet-une-couche\/\" target=\"_blank\" rel=\"noreferrer noopener\">le 14 juin<\/a>, avec le pr\u00e9sident du Conseil europ\u00e9en, Charles Michel, selon laquelle \u00ab<em>les accords de Bretton Woods ne sont pas une fatalit\u00e9 et ne d\u00e9terminent pas le destin de l\u2019humanit\u00e9<\/em>\u00bb, ainsi que sa d\u00e9claration, <a href=\"https:\/\/kapitalis.com\/tunisie\/2023\/06\/14\/kais-saied-le-fmi-nest-pas-cite-dans-le-coran\/\" target=\"_blank\" rel=\"noreferrer noopener\">le 13 juin<\/a>,\u202f\u00e0 Redeyef, devant l\u2019usine de phosphate : <em>\u00abJe le dis haut et fort, devant le monde entier, on ne se prosternera que devant Dieu tout puissant.\u202fIl n\u2019y a pas une sourate dans le Coran qui s\u2019appelle FMI. Avec nos moyens, on imaginera des solutions o\u00f9 vous serez des acteurs.\u202fC\u2019est votre r\u00f4le, on peut mourir mais on ne tend pas la main aux autres. Il faut qu\u2019ils nous respectent\u00bb.<\/em><\/p>\n\n\n\n<figure class=\"wp-block-embed is-type-wp-embed is-provider-kapitalis wp-block-embed-kapitalis\"><div class=\"wp-block-embed__wrapper\">\n<blockquote class=\"wp-embedded-content\" data-secret=\"aHblxPG4y2\"><a href=\"https:\/\/kapitalis.com\/tunisie\/2023\/06\/14\/kais-saied-le-fmi-nest-pas-cite-dans-le-coran\/\">Ka\u00efs Sa\u00efed\u00a0: \u00abLe FMI n\u2019est pas cit\u00e9 dans le Coran\u00bb \u00a0<\/a><\/blockquote><iframe loading=\"lazy\" class=\"wp-embedded-content\" sandbox=\"allow-scripts\" security=\"restricted\" style=\"position: absolute; clip: rect(1px, 1px, 1px, 1px);\" title=\"\u00ab\u00a0Ka\u00efs Sa\u00efed\u00a0: \u00abLe FMI n\u2019est pas cit\u00e9 dans le Coran\u00bb \u00a0\u00a0\u00bb &#8212; Kapitalis\" src=\"https:\/\/kapitalis.com\/tunisie\/2023\/06\/14\/kais-saied-le-fmi-nest-pas-cite-dans-le-coran\/embed\/#?secret=zZfwn8OHBK#?secret=aHblxPG4y2\" data-secret=\"aHblxPG4y2\" width=\"600\" height=\"338\" frameborder=\"0\" marginwidth=\"0\" marginheight=\"0\" scrolling=\"no\"><\/iframe>\n<\/div><\/figure>\n\n\n\n<p>Le pr\u00e9sident Sa\u00efed ne rate donc aucune occasion pour rappeler qu\u2019il est fermement oppos\u00e9 \u00e0 un accord avec le Fonds selon les conditions de celui-ci.&nbsp;<\/p>\n\n\n\n<h2 class=\"wp-block-heading\">Un seul Etat, deux discours\u00a0<\/h2>\n\n\n\n<p>Les membres du gouvernement, qui continuent d\u2019insister sur la n\u00e9cessit\u00e9 d\u2019obtenir un accord avec le FMI, semblent en d\u00e9saccord total avec le pr\u00e9sident Sa\u00efed sur cette question. C\u2019est le cas notamment du ministre de l\u2019Economie et de la Planification, Samir Sa\u00efed, qui a d\u00e9clar\u00e9 \u00e0 l\u2019Assembl\u00e9e, le 28 juillet, lors de sa participation \u00e0 une s\u00e9ance pl\u00e9ni\u00e8re sur le projet de loi concernant l&rsquo;adh\u00e9sion de la Tunisie \u00e0 l\u2019accord sur la cr\u00e9ation de l\u2019Africa Finance Corporation (AFC)\u00a0: <em>\u00abSi aucun accord n\u2019\u00e9tait conclu, que ce soit avec le FMI ou avec une alternative inexistante \u00e0 ce jour, notre note souveraine serait abaiss\u00e9e\u00bb<\/em>, sachant qu\u2019elle est aujourd\u2019hui au plus bas\u00a0: <a href=\"https:\/\/kapitalis.com\/tunisie\/2023\/06\/10\/fitch-ratings-abaisse-la-notation-se-la-tunisie-a-ccc\/\" target=\"_blank\" rel=\"noreferrer noopener\">CCC- (Fitch Rating)<\/a>. <\/p>\n\n\n\n<p><em>\u00abLa Tunisie ne pourrait pas recourir aux march\u00e9s internationaux pour emprunter. L\u2019accord est n\u00e9cessaire pour disposer des ressources n\u00e9cessaires \u00e0 la mise en \u0153uvre du plan de d\u00e9veloppement\u00bb<\/em>, a insist\u00e9 le ministre. Qui a ajout\u00e9\u00a0: <em>\u00abCelui qui a une alternative au FMI n\u2019a qu\u2019\u00e0 la proposer\u00bb<\/em>, comme s\u2019il s\u2019adressait, de mani\u00e8re implicite, au pr\u00e9sident de la r\u00e9publique qu\u2019il ne parvient visiblement pas \u00e0 convaincre que le FMI reste, de toute mani\u00e8re, un mal n\u00e9cessaire. <\/p>\n\n\n\n<p>Ces discours contradictoires \u00e0 la t\u00eate de l&rsquo;Etat suscitent des interrogations sur les m\u00e9thodes de fonctionnement de l\u2019ex\u00e9cutif en Tunisie o\u00f9 le pr\u00e9sident de la r\u00e9publique accapare tous les pouvoirs, et plus si affinit\u00e9s, tout en \u00e9tant le principal opposant au gouvernement qu\u2019il a lui-m\u00eame nomm\u00e9. Une situation assez in\u00e9dite dans l\u2019histoire politique de l\u2019humanit\u00e9.<\/p>\n\n\n\n<figure class=\"wp-block-embed is-type-wp-embed is-provider-kapitalis wp-block-embed-kapitalis\"><div class=\"wp-block-embed__wrapper\">\n<blockquote class=\"wp-embedded-content\" data-secret=\"q63CmacVle\"><a href=\"https:\/\/kapitalis.com\/tunisie\/2022\/11\/25\/kais-saied-est-il-le-chef-de-lopposition-en-tunisie\/\">Ka\u00efs Sa\u00efed est-il le chef de l\u2019opposition en Tunisie\u00a0?<\/a><\/blockquote><iframe loading=\"lazy\" class=\"wp-embedded-content\" sandbox=\"allow-scripts\" security=\"restricted\" style=\"position: absolute; clip: rect(1px, 1px, 1px, 1px);\" title=\"\u00ab\u00a0Ka\u00efs Sa\u00efed est-il le chef de l\u2019opposition en Tunisie\u00a0?\u00a0\u00bb &#8212; Kapitalis\" src=\"https:\/\/kapitalis.com\/tunisie\/2022\/11\/25\/kais-saied-est-il-le-chef-de-lopposition-en-tunisie\/embed\/#?secret=zf9dSNy9yu#?secret=q63CmacVle\" data-secret=\"q63CmacVle\" width=\"600\" height=\"338\" frameborder=\"0\" marginwidth=\"0\" marginheight=\"0\" scrolling=\"no\"><\/iframe>\n<\/div><\/figure>\n","protected":false},"excerpt":{"rendered":"<p>Samir Sa\u00efed ne parvient pas \u00e0 convaincre Ka\u00efs Sa\u00efed que le FMI reste, de toute mani\u00e8re, un mal n\u00e9cessaire.<\/p>\n","protected":false},"author":8,"featured_media":5457518,"comment_status":"open","ping_status":"open","sticky":false,"template":"","format":"standard","meta":{"footnotes":""},"categories":[992,995,997,2433],"tags":[90831,75918,388,103508,76012,82730,62643],"class_list":["post-9171304","post","type-post","status-publish","format-standard","has-post-thumbnail","hentry","category-a-la-une","category-economie","category-politique","category-tunisie","tag-charles-michel","tag-etats-unis-2","tag-fmi","tag-giorgia-meloni","tag-kais-saied-2","tag-samir-saied-2","tag-tunisie"],"yoast_head":"<!-- This site is optimized with the Yoast SEO plugin v26.6 - https:\/\/yoast.com\/wordpress\/plugins\/seo\/ -->\n<title>Tunisie-FMI\u00a0: Sa\u00efed contre Sa\u00efed ! - Kapitalis<\/title>\n<meta name=\"robots\" content=\"index, follow, max-snippet:-1, max-image-preview:large, max-video-preview:-1\" \/>\n<link rel=\"canonical\" href=\"https:\/\/kapitalis.com\/tunisie\/2023\/08\/01\/tunisie-fmi-saied-contre-saied\/\" \/>\n<meta property=\"og:locale\" content=\"fr_FR\" \/>\n<meta property=\"og:type\" content=\"article\" \/>\n<meta property=\"og:title\" content=\"Tunisie-FMI\u00a0: Sa\u00efed contre Sa\u00efed ! - Kapitalis\" \/>\n<meta property=\"og:description\" content=\"Samir Sa\u00efed ne parvient pas \u00e0 convaincre Ka\u00efs Sa\u00efed que le FMI reste, de toute mani\u00e8re, un mal n\u00e9cessaire.\" \/>\n<meta property=\"og:url\" content=\"https:\/\/kapitalis.com\/tunisie\/2023\/08\/01\/tunisie-fmi-saied-contre-saied\/\" \/>\n<meta property=\"og:site_name\" content=\"Kapitalis\" \/>\n<meta property=\"article:publisher\" content=\"https:\/\/www.facebook.com\/KapitalisInfo\/\" \/>\n<meta property=\"article:published_time\" content=\"2023-08-01T08:44:29+00:00\" \/>\n<meta property=\"article:modified_time\" content=\"2023-08-01T08:52:17+00:00\" \/>\n<meta property=\"og:image\" content=\"https:\/\/kapitalis.com\/tunisie\/wp-content\/uploads\/2022\/12\/Kais-Saied-Samir-Saied.jpg\" \/>\n\t<meta property=\"og:image:width\" content=\"1200\" \/>\n\t<meta property=\"og:image:height\" content=\"630\" \/>\n\t<meta property=\"og:image:type\" content=\"image\/jpeg\" \/>\n<meta name=\"author\" content=\"webmaster kapitalis\" \/>\n<meta name=\"twitter:card\" content=\"summary_large_image\" \/>\n<meta name=\"twitter:creator\" content=\"@KapitalisInfo\" \/>\n<meta name=\"twitter:site\" content=\"@KapitalisInfo\" \/>\n<meta name=\"twitter:label1\" content=\"\u00c9crit par\" \/>\n\t<meta name=\"twitter:data1\" content=\"webmaster kapitalis\" \/>\n\t<meta name=\"twitter:label2\" content=\"Dur\u00e9e de lecture estim\u00e9e\" \/>\n\t<meta name=\"twitter:data2\" content=\"4 minutes\" \/>\n<script type=\"application\/ld+json\" class=\"yoast-schema-graph\">{\"@context\":\"https:\/\/schema.org\",\"@graph\":[{\"@type\":\"Article\",\"@id\":\"https:\/\/kapitalis.com\/tunisie\/2023\/08\/01\/tunisie-fmi-saied-contre-saied\/#article\",\"isPartOf\":{\"@id\":\"https:\/\/kapitalis.com\/tunisie\/2023\/08\/01\/tunisie-fmi-saied-contre-saied\/\"},\"author\":{\"name\":\"webmaster kapitalis\",\"@id\":\"https:\/\/kapitalis.com\/tunisie\/#\/schema\/person\/d71f33a9ca44f7bad4698210b480c8e9\"},\"headline\":\"Tunisie-FMI\u00a0: Sa\u00efed contre Sa\u00efed !\",\"datePublished\":\"2023-08-01T08:44:29+00:00\",\"dateModified\":\"2023-08-01T08:52:17+00:00\",\"mainEntityOfPage\":{\"@id\":\"https:\/\/kapitalis.com\/tunisie\/2023\/08\/01\/tunisie-fmi-saied-contre-saied\/\"},\"wordCount\":886,\"commentCount\":4,\"publisher\":{\"@id\":\"https:\/\/kapitalis.com\/tunisie\/#organization\"},\"image\":{\"@id\":\"https:\/\/kapitalis.com\/tunisie\/2023\/08\/01\/tunisie-fmi-saied-contre-saied\/#primaryimage\"},\"thumbnailUrl\":\"https:\/\/kapitalis.com\/tunisie\/wp-content\/uploads\/2022\/12\/Kais-Saied-Samir-Saied.jpg\",\"keywords\":[\"Charles Michel\",\"Etats-Unis\",\"FMI\",\"Giorgia Meloni\",\"Ka\u00efs Sa\u00efed\",\"Samir Sa\u00efed\",\"Tunisie\"],\"articleSection\":[\"A LA UNE\",\"ECONOMIE\",\"POLITIQUE\",\"Tunisie\"],\"inLanguage\":\"fr-FR\",\"potentialAction\":[{\"@type\":\"CommentAction\",\"name\":\"Comment\",\"target\":[\"https:\/\/kapitalis.com\/tunisie\/2023\/08\/01\/tunisie-fmi-saied-contre-saied\/#respond\"]}]},{\"@type\":\"WebPage\",\"@id\":\"https:\/\/kapitalis.com\/tunisie\/2023\/08\/01\/tunisie-fmi-saied-contre-saied\/\",\"url\":\"https:\/\/kapitalis.com\/tunisie\/2023\/08\/01\/tunisie-fmi-saied-contre-saied\/\",\"name\":\"Tunisie-FMI\u00a0: Sa\u00efed contre Sa\u00efed ! - Kapitalis\",\"isPartOf\":{\"@id\":\"https:\/\/kapitalis.com\/tunisie\/#website\"},\"primaryImageOfPage\":{\"@id\":\"https:\/\/kapitalis.com\/tunisie\/2023\/08\/01\/tunisie-fmi-saied-contre-saied\/#primaryimage\"},\"image\":{\"@id\":\"https:\/\/kapitalis.com\/tunisie\/2023\/08\/01\/tunisie-fmi-saied-contre-saied\/#primaryimage\"},\"thumbnailUrl\":\"https:\/\/kapitalis.com\/tunisie\/wp-content\/uploads\/2022\/12\/Kais-Saied-Samir-Saied.jpg\",\"datePublished\":\"2023-08-01T08:44:29+00:00\",\"dateModified\":\"2023-08-01T08:52:17+00:00\",\"breadcrumb\":{\"@id\":\"https:\/\/kapitalis.com\/tunisie\/2023\/08\/01\/tunisie-fmi-saied-contre-saied\/#breadcrumb\"},\"inLanguage\":\"fr-FR\",\"potentialAction\":[{\"@type\":\"ReadAction\",\"target\":[\"https:\/\/kapitalis.com\/tunisie\/2023\/08\/01\/tunisie-fmi-saied-contre-saied\/\"]}]},{\"@type\":\"ImageObject\",\"inLanguage\":\"fr-FR\",\"@id\":\"https:\/\/kapitalis.com\/tunisie\/2023\/08\/01\/tunisie-fmi-saied-contre-saied\/#primaryimage\",\"url\":\"https:\/\/kapitalis.com\/tunisie\/wp-content\/uploads\/2022\/12\/Kais-Saied-Samir-Saied.jpg\",\"contentUrl\":\"https:\/\/kapitalis.com\/tunisie\/wp-content\/uploads\/2022\/12\/Kais-Saied-Samir-Saied.jpg\",\"width\":1200,\"height\":630},{\"@type\":\"BreadcrumbList\",\"@id\":\"https:\/\/kapitalis.com\/tunisie\/2023\/08\/01\/tunisie-fmi-saied-contre-saied\/#breadcrumb\",\"itemListElement\":[{\"@type\":\"ListItem\",\"position\":1,\"name\":\"Accueil\",\"item\":\"https:\/\/kapitalis.com\/tunisie\/\"},{\"@type\":\"ListItem\",\"position\":2,\"name\":\"Tunisie-FMI\u00a0: Sa\u00efed contre Sa\u00efed !\"}]},{\"@type\":\"WebSite\",\"@id\":\"https:\/\/kapitalis.com\/tunisie\/#website\",\"url\":\"https:\/\/kapitalis.com\/tunisie\/\",\"name\":\"Kapitalis\",\"description\":\"L&#039;actualit\u00e9 en Tunisie et dans le monde\",\"publisher\":{\"@id\":\"https:\/\/kapitalis.com\/tunisie\/#organization\"},\"potentialAction\":[{\"@type\":\"SearchAction\",\"target\":{\"@type\":\"EntryPoint\",\"urlTemplate\":\"https:\/\/kapitalis.com\/tunisie\/?s={search_term_string}\"},\"query-input\":{\"@type\":\"PropertyValueSpecification\",\"valueRequired\":true,\"valueName\":\"search_term_string\"}}],\"inLanguage\":\"fr-FR\"},{\"@type\":\"Organization\",\"@id\":\"https:\/\/kapitalis.com\/tunisie\/#organization\",\"name\":\"Kapitalis\",\"url\":\"https:\/\/kapitalis.com\/tunisie\/\",\"logo\":{\"@type\":\"ImageObject\",\"inLanguage\":\"fr-FR\",\"@id\":\"https:\/\/kapitalis.com\/tunisie\/#\/schema\/logo\/image\/\",\"url\":\"https:\/\/kapitalis.com\/tunisie\/wp-content\/uploads\/2022\/05\/Kapitalis-big-size.png\",\"contentUrl\":\"https:\/\/kapitalis.com\/tunisie\/wp-content\/uploads\/2022\/05\/Kapitalis-big-size.png\",\"width\":5000,\"height\":1500,\"caption\":\"Kapitalis\"},\"image\":{\"@id\":\"https:\/\/kapitalis.com\/tunisie\/#\/schema\/logo\/image\/\"},\"sameAs\":[\"https:\/\/www.facebook.com\/KapitalisInfo\/\",\"https:\/\/x.com\/KapitalisInfo\",\"https:\/\/www.youtube.com\/channel\/UC-yDYrHyfFBWWZaOw3FPg9Q\"]},{\"@type\":\"Person\",\"@id\":\"https:\/\/kapitalis.com\/tunisie\/#\/schema\/person\/d71f33a9ca44f7bad4698210b480c8e9\",\"name\":\"webmaster kapitalis\",\"url\":\"https:\/\/kapitalis.com\/tunisie\/author\/webmaster-kapitalis\/\"}]}<\/script>\n<!-- \/ Yoast SEO plugin. -->","yoast_head_json":{"title":"Tunisie-FMI\u00a0: Sa\u00efed contre Sa\u00efed ! - Kapitalis","robots":{"index":"index","follow":"follow","max-snippet":"max-snippet:-1","max-image-preview":"max-image-preview:large","max-video-preview":"max-video-preview:-1"},"canonical":"https:\/\/kapitalis.com\/tunisie\/2023\/08\/01\/tunisie-fmi-saied-contre-saied\/","og_locale":"fr_FR","og_type":"article","og_title":"Tunisie-FMI\u00a0: Sa\u00efed contre Sa\u00efed ! - Kapitalis","og_description":"Samir Sa\u00efed ne parvient pas \u00e0 convaincre Ka\u00efs Sa\u00efed que le FMI reste, de toute mani\u00e8re, un mal n\u00e9cessaire.","og_url":"https:\/\/kapitalis.com\/tunisie\/2023\/08\/01\/tunisie-fmi-saied-contre-saied\/","og_site_name":"Kapitalis","article_publisher":"https:\/\/www.facebook.com\/KapitalisInfo\/","article_published_time":"2023-08-01T08:44:29+00:00","article_modified_time":"2023-08-01T08:52:17+00:00","og_image":[{"width":1200,"height":630,"url":"https:\/\/kapitalis.com\/tunisie\/wp-content\/uploads\/2022\/12\/Kais-Saied-Samir-Saied.jpg","type":"image\/jpeg"}],"author":"webmaster kapitalis","twitter_card":"summary_large_image","twitter_creator":"@KapitalisInfo","twitter_site":"@KapitalisInfo","twitter_misc":{"\u00c9crit par":"webmaster kapitalis","Dur\u00e9e de lecture estim\u00e9e":"4 minutes"},"schema":{"@context":"https:\/\/schema.org","@graph":[{"@type":"Article","@id":"https:\/\/kapitalis.com\/tunisie\/2023\/08\/01\/tunisie-fmi-saied-contre-saied\/#article","isPartOf":{"@id":"https:\/\/kapitalis.com\/tunisie\/2023\/08\/01\/tunisie-fmi-saied-contre-saied\/"},"author":{"name":"webmaster kapitalis","@id":"https:\/\/kapitalis.com\/tunisie\/#\/schema\/person\/d71f33a9ca44f7bad4698210b480c8e9"},"headline":"Tunisie-FMI\u00a0: Sa\u00efed contre Sa\u00efed !","datePublished":"2023-08-01T08:44:29+00:00","dateModified":"2023-08-01T08:52:17+00:00","mainEntityOfPage":{"@id":"https:\/\/kapitalis.com\/tunisie\/2023\/08\/01\/tunisie-fmi-saied-contre-saied\/"},"wordCount":886,"commentCount":4,"publisher":{"@id":"https:\/\/kapitalis.com\/tunisie\/#organization"},"image":{"@id":"https:\/\/kapitalis.com\/tunisie\/2023\/08\/01\/tunisie-fmi-saied-contre-saied\/#primaryimage"},"thumbnailUrl":"https:\/\/kapitalis.com\/tunisie\/wp-content\/uploads\/2022\/12\/Kais-Saied-Samir-Saied.jpg","keywords":["Charles Michel","Etats-Unis","FMI","Giorgia Meloni","Ka\u00efs Sa\u00efed","Samir Sa\u00efed","Tunisie"],"articleSection":["A LA UNE","ECONOMIE","POLITIQUE","Tunisie"],"inLanguage":"fr-FR","potentialAction":[{"@type":"CommentAction","name":"Comment","target":["https:\/\/kapitalis.com\/tunisie\/2023\/08\/01\/tunisie-fmi-saied-contre-saied\/#respond"]}]},{"@type":"WebPage","@id":"https:\/\/kapitalis.com\/tunisie\/2023\/08\/01\/tunisie-fmi-saied-contre-saied\/","url":"https:\/\/kapitalis.com\/tunisie\/2023\/08\/01\/tunisie-fmi-saied-contre-saied\/","name":"Tunisie-FMI\u00a0: Sa\u00efed contre Sa\u00efed ! - Kapitalis","isPartOf":{"@id":"https:\/\/kapitalis.com\/tunisie\/#website"},"primaryImageOfPage":{"@id":"https:\/\/kapitalis.com\/tunisie\/2023\/08\/01\/tunisie-fmi-saied-contre-saied\/#primaryimage"},"image":{"@id":"https:\/\/kapitalis.com\/tunisie\/2023\/08\/01\/tunisie-fmi-saied-contre-saied\/#primaryimage"},"thumbnailUrl":"https:\/\/kapitalis.com\/tunisie\/wp-content\/uploads\/2022\/12\/Kais-Saied-Samir-Saied.jpg","datePublished":"2023-08-01T08:44:29+00:00","dateModified":"2023-08-01T08:52:17+00:00","breadcrumb":{"@id":"https:\/\/kapitalis.com\/tunisie\/2023\/08\/01\/tunisie-fmi-saied-contre-saied\/#breadcrumb"},"inLanguage":"fr-FR","potentialAction":[{"@type":"ReadAction","target":["https:\/\/kapitalis.com\/tunisie\/2023\/08\/01\/tunisie-fmi-saied-contre-saied\/"]}]},{"@type":"ImageObject","inLanguage":"fr-FR","@id":"https:\/\/kapitalis.com\/tunisie\/2023\/08\/01\/tunisie-fmi-saied-contre-saied\/#primaryimage","url":"https:\/\/kapitalis.com\/tunisie\/wp-content\/uploads\/2022\/12\/Kais-Saied-Samir-Saied.jpg","contentUrl":"https:\/\/kapitalis.com\/tunisie\/wp-content\/uploads\/2022\/12\/Kais-Saied-Samir-Saied.jpg","width":1200,"height":630},{"@type":"BreadcrumbList","@id":"https:\/\/kapitalis.com\/tunisie\/2023\/08\/01\/tunisie-fmi-saied-contre-saied\/#breadcrumb","itemListElement":[{"@type":"ListItem","position":1,"name":"Accueil","item":"https:\/\/kapitalis.com\/tunisie\/"},{"@type":"ListItem","position":2,"name":"Tunisie-FMI\u00a0: Sa\u00efed contre Sa\u00efed !"}]},{"@type":"WebSite","@id":"https:\/\/kapitalis.com\/tunisie\/#website","url":"https:\/\/kapitalis.com\/tunisie\/","name":"Kapitalis","description":"L&#039;actualit\u00e9 en Tunisie et dans le monde","publisher":{"@id":"https:\/\/kapitalis.com\/tunisie\/#organization"},"potentialAction":[{"@type":"SearchAction","target":{"@type":"EntryPoint","urlTemplate":"https:\/\/kapitalis.com\/tunisie\/?s={search_term_string}"},"query-input":{"@type":"PropertyValueSpecification","valueRequired":true,"valueName":"search_term_string"}}],"inLanguage":"fr-FR"},{"@type":"Organization","@id":"https:\/\/kapitalis.com\/tunisie\/#organization","name":"Kapitalis","url":"https:\/\/kapitalis.com\/tunisie\/","logo":{"@type":"ImageObject","inLanguage":"fr-FR","@id":"https:\/\/kapitalis.com\/tunisie\/#\/schema\/logo\/image\/","url":"https:\/\/kapitalis.com\/tunisie\/wp-content\/uploads\/2022\/05\/Kapitalis-big-size.png","contentUrl":"https:\/\/kapitalis.com\/tunisie\/wp-content\/uploads\/2022\/05\/Kapitalis-big-size.png","width":5000,"height":1500,"caption":"Kapitalis"},"image":{"@id":"https:\/\/kapitalis.com\/tunisie\/#\/schema\/logo\/image\/"},"sameAs":["https:\/\/www.facebook.com\/KapitalisInfo\/","https:\/\/x.com\/KapitalisInfo","https:\/\/www.youtube.com\/channel\/UC-yDYrHyfFBWWZaOw3FPg9Q"]},{"@type":"Person","@id":"https:\/\/kapitalis.com\/tunisie\/#\/schema\/person\/d71f33a9ca44f7bad4698210b480c8e9","name":"webmaster kapitalis","url":"https:\/\/kapitalis.com\/tunisie\/author\/webmaster-kapitalis\/"}]}},"_links":{"self":[{"href":"https:\/\/kapitalis.com\/tunisie\/wp-json\/wp\/v2\/posts\/9171304","targetHints":{"allow":["GET"]}}],"collection":[{"href":"https:\/\/kapitalis.com\/tunisie\/wp-json\/wp\/v2\/posts"}],"about":[{"href":"https:\/\/kapitalis.com\/tunisie\/wp-json\/wp\/v2\/types\/post"}],"author":[{"embeddable":true,"href":"https:\/\/kapitalis.com\/tunisie\/wp-json\/wp\/v2\/users\/8"}],"replies":[{"embeddable":true,"href":"https:\/\/kapitalis.com\/tunisie\/wp-json\/wp\/v2\/comments?post=9171304"}],"version-history":[{"count":3,"href":"https:\/\/kapitalis.com\/tunisie\/wp-json\/wp\/v2\/posts\/9171304\/revisions"}],"predecessor-version":[{"id":9171481,"href":"https:\/\/kapitalis.com\/tunisie\/wp-json\/wp\/v2\/posts\/9171304\/revisions\/9171481"}],"wp:featuredmedia":[{"embeddable":true,"href":"https:\/\/kapitalis.com\/tunisie\/wp-json\/wp\/v2\/media\/5457518"}],"wp:attachment":[{"href":"https:\/\/kapitalis.com\/tunisie\/wp-json\/wp\/v2\/media?parent=9171304"}],"wp:term":[{"taxonomy":"category","embeddable":true,"href":"https:\/\/kapitalis.com\/tunisie\/wp-json\/wp\/v2\/categories?post=9171304"},{"taxonomy":"post_tag","embeddable":true,"href":"https:\/\/kapitalis.com\/tunisie\/wp-json\/wp\/v2\/tags?post=9171304"}],"curies":[{"name":"wp","href":"https:\/\/api.w.org\/{rel}","templated":true}]}}