{"id":9174021,"date":"2023-08-01T14:06:56","date_gmt":"2023-08-01T13:06:56","guid":{"rendered":"https:\/\/kapitalis.com\/tunisie\/?p=9174021"},"modified":"2023-08-01T14:06:58","modified_gmt":"2023-08-01T13:06:58","slug":"echos-de-la-tunisie-dans-la-politique-des-etats-unis","status":"publish","type":"post","link":"https:\/\/kapitalis.com\/tunisie\/2023\/08\/01\/echos-de-la-tunisie-dans-la-politique-des-etats-unis\/","title":{"rendered":"Echos de la Tunisie dans la politique des Etats-Unis"},"content":{"rendered":"\n<p><strong>La situation en Tunisie a \u00e9t\u00e9 cette semaine au centre de discussions politiques \u00e0 la Maison Blanche et \u00e0 la Chambre des repr\u00e9sentants \u00e0 Washington.<\/strong><\/p>\n\n\n\n<!--more-->\n\n\n\n<p>Deux \u00e9minents parlementaires am\u00e9ricains, Joe Wilson et Dean Phillips, ont pr\u00e9sent\u00e9, le 25 juillet 2023, une r\u00e9solution soutenant la d\u00e9mocratie tunisienne, mise en danger, selon eux, par le pr\u00e9sident de la r\u00e9publique Ka\u00efs Sa\u00efed.<\/p>\n\n\n\n<p>Respectivement pr\u00e9sident et membre de la sous-commission Moyen-Orient et Afrique du Nord ai sein de la commission des affaires \u00e9trang\u00e8res de la Chambre des repr\u00e9sentants, les deux parlementaires ont pr\u00e9sent\u00e9 une r\u00e9solution reconnaissant le leadership de la Tunisie dans le printemps arabe et exprimant le soutien des Etats-Unis au respect de ses principes et normes d\u00e9mocratiques.<\/p>\n\n\n\n<p><em>\u00abLa r\u00e9solution, si elle est adopt\u00e9e, condamnerait l\u2019atteinte \u00e0 la d\u00e9mocratie par le pr\u00e9sident tunisien Ka\u00efs Sa\u00efed et exhorterait le gouvernement tunisien \u00e0 lib\u00e9rer les prisonniers politiques et \u00e0 soutenir des \u00e9lections ouvertes et transparentes en 2024\u00bb<\/em>, lit-on dans une notre intitul\u00e9e <em>\u00abWashington Policy Weekly\u00bb<\/em> publi\u00e9e le 31 juillet par l\u2019<a href=\"https:\/\/arabcenterdc.org\/resource\/cu-07-31-23\/\" target=\"_blank\" rel=\"noreferrer noopener\">Arab Center Washington DC<\/a>. <\/p>\n\n\n\n<p>A propos de la r\u00e9cente rencontre \u00e0 la Maison Blanche, le 27 juillet, entre le pr\u00e9sident Joe Biden et le Premier ministre italien <a href=\"https:\/\/kapitalis.com\/tunisie\/2023\/07\/29\/giorgia-meloni-aux-petits-soins-de-la-tunisie-aupres-du-fmi\/\" target=\"_blank\" rel=\"noreferrer noopener\">Giorgia Meloni<\/a>, o\u00f9 il a \u00e9t\u00e9 question de <em>\u00abl\u2019immigration tunisienne\u00bb<\/em>, la m\u00eame note rapporte\u00a0: <em>\u00abEn plus de discuter de l\u2019Ukraine et de Ta\u00efwan avec le Premier ministre Meloni, le pr\u00e9sident Biden a exprim\u00e9 son soutien aux r\u00e9cents efforts de l\u2019Italie pour freiner les flux migratoires irr\u00e9guliers en provenance de Tunisie. Dans une d\u00e9claration conjointe, le pr\u00e9sident Biden et le Premier ministre Meloni ont soulign\u00e9 \u2018\u2018l\u2019importance vitale des efforts partag\u00e9s pour promouvoir la stabilit\u00e9 et la prosp\u00e9rit\u00e9 dans la r\u00e9gion m\u00e9diterran\u00e9enne au sens large, notamment en s\u2019attaquant aux causes profondes de l\u2019instabilit\u00e9, du terrorisme et des flux migratoires irr\u00e9guliers\u2019\u2019<\/em>\u00bb. <\/p>\n\n\n\n<p class=\"has-text-align-right\"><strong>I. B.<\/strong><\/p>\n\n\n\n<figure class=\"wp-block-embed is-type-wp-embed is-provider-kapitalis wp-block-embed-kapitalis\"><div class=\"wp-block-embed__wrapper\">\n<blockquote class=\"wp-embedded-content\" data-secret=\"IeqLOyMiVt\"><a href=\"https:\/\/kapitalis.com\/tunisie\/2023\/07\/29\/giorgia-meloni-aux-petits-soins-de-la-tunisie-aupres-du-fmi\/\">Giorgia Meloni aux petits soins de la Tunisie aupr\u00e8s du FMI<\/a><\/blockquote><iframe loading=\"lazy\" class=\"wp-embedded-content\" sandbox=\"allow-scripts\" security=\"restricted\" style=\"position: absolute; clip: rect(1px, 1px, 1px, 1px);\" title=\"\u00ab\u00a0Giorgia Meloni aux petits soins de la Tunisie aupr\u00e8s du FMI\u00a0\u00bb &#8212; Kapitalis\" src=\"https:\/\/kapitalis.com\/tunisie\/2023\/07\/29\/giorgia-meloni-aux-petits-soins-de-la-tunisie-aupres-du-fmi\/embed\/#?secret=qYEIMsQ2l1#?secret=IeqLOyMiVt\" data-secret=\"IeqLOyMiVt\" width=\"600\" height=\"338\" frameborder=\"0\" marginwidth=\"0\" marginheight=\"0\" scrolling=\"no\"><\/iframe>\n<\/div><\/figure>\n","protected":false},"excerpt":{"rendered":"<p>La Tunisie a \u00e9t\u00e9 cette semaine au centre de discussions \u00e0 la Maison Blanche et \u00e0 la Chambre des repr\u00e9sentants \u00e0 Washington.  <\/p>\n","protected":false},"author":8,"featured_media":9174188,"comment_status":"open","ping_status":"open","sticky":false,"template":"","format":"standard","meta":{"footnotes":""},"categories":[997,2433],"tags":[110241,110240,75918,103508,72144,76358,76012,1514,62643],"class_list":["post-9174021","post","type-post","status-publish","format-standard","has-post-thumbnail","hentry","category-politique","category-tunisie","tag-arab-center-washington-dc","tag-dean-phillips","tag-etats-unis-2","tag-giorgia-meloni","tag-joe-biden","tag-joe-wilson","tag-kais-saied-2","tag-printemps-arabe","tag-tunisie"],"yoast_head":"<!-- This site is optimized with the Yoast SEO plugin v26.6 - https:\/\/yoast.com\/wordpress\/plugins\/seo\/ -->\n<title>Echos de la Tunisie dans la politique des Etats-Unis - Kapitalis<\/title>\n<meta name=\"robots\" content=\"index, follow, max-snippet:-1, max-image-preview:large, max-video-preview:-1\" \/>\n<link rel=\"canonical\" href=\"https:\/\/kapitalis.com\/tunisie\/2023\/08\/01\/echos-de-la-tunisie-dans-la-politique-des-etats-unis\/\" \/>\n<meta property=\"og:locale\" content=\"fr_FR\" \/>\n<meta property=\"og:type\" content=\"article\" \/>\n<meta property=\"og:title\" content=\"Echos de la Tunisie dans la politique des Etats-Unis - Kapitalis\" \/>\n<meta property=\"og:description\" content=\"La Tunisie a \u00e9t\u00e9 cette semaine au centre de discussions \u00e0 la Maison Blanche et \u00e0 la Chambre des repr\u00e9sentants \u00e0 Washington.\" \/>\n<meta property=\"og:url\" content=\"https:\/\/kapitalis.com\/tunisie\/2023\/08\/01\/echos-de-la-tunisie-dans-la-politique-des-etats-unis\/\" \/>\n<meta property=\"og:site_name\" content=\"Kapitalis\" \/>\n<meta property=\"article:publisher\" content=\"https:\/\/www.facebook.com\/KapitalisInfo\/\" \/>\n<meta property=\"article:published_time\" content=\"2023-08-01T13:06:56+00:00\" \/>\n<meta property=\"article:modified_time\" content=\"2023-08-01T13:06:58+00:00\" \/>\n<meta property=\"og:image\" content=\"https:\/\/kapitalis.com\/tunisie\/wp-content\/uploads\/2023\/08\/Etats-Unis-Tunisie.jpg\" \/>\n\t<meta property=\"og:image:width\" content=\"1200\" \/>\n\t<meta property=\"og:image:height\" content=\"630\" \/>\n\t<meta property=\"og:image:type\" content=\"image\/jpeg\" \/>\n<meta name=\"author\" content=\"webmaster kapitalis\" \/>\n<meta name=\"twitter:card\" content=\"summary_large_image\" \/>\n<meta name=\"twitter:creator\" content=\"@KapitalisInfo\" \/>\n<meta name=\"twitter:site\" content=\"@KapitalisInfo\" \/>\n<meta name=\"twitter:label1\" content=\"\u00c9crit par\" \/>\n\t<meta name=\"twitter:data1\" content=\"webmaster kapitalis\" \/>\n\t<meta name=\"twitter:label2\" content=\"Dur\u00e9e de lecture estim\u00e9e\" \/>\n\t<meta name=\"twitter:data2\" content=\"2 minutes\" \/>\n<script type=\"application\/ld+json\" class=\"yoast-schema-graph\">{\"@context\":\"https:\/\/schema.org\",\"@graph\":[{\"@type\":\"Article\",\"@id\":\"https:\/\/kapitalis.com\/tunisie\/2023\/08\/01\/echos-de-la-tunisie-dans-la-politique-des-etats-unis\/#article\",\"isPartOf\":{\"@id\":\"https:\/\/kapitalis.com\/tunisie\/2023\/08\/01\/echos-de-la-tunisie-dans-la-politique-des-etats-unis\/\"},\"author\":{\"name\":\"webmaster kapitalis\",\"@id\":\"https:\/\/kapitalis.com\/tunisie\/#\/schema\/person\/d71f33a9ca44f7bad4698210b480c8e9\"},\"headline\":\"Echos de la Tunisie dans la politique des Etats-Unis\",\"datePublished\":\"2023-08-01T13:06:56+00:00\",\"dateModified\":\"2023-08-01T13:06:58+00:00\",\"mainEntityOfPage\":{\"@id\":\"https:\/\/kapitalis.com\/tunisie\/2023\/08\/01\/echos-de-la-tunisie-dans-la-politique-des-etats-unis\/\"},\"wordCount\":341,\"commentCount\":3,\"publisher\":{\"@id\":\"https:\/\/kapitalis.com\/tunisie\/#organization\"},\"image\":{\"@id\":\"https:\/\/kapitalis.com\/tunisie\/2023\/08\/01\/echos-de-la-tunisie-dans-la-politique-des-etats-unis\/#primaryimage\"},\"thumbnailUrl\":\"https:\/\/kapitalis.com\/tunisie\/wp-content\/uploads\/2023\/08\/Etats-Unis-Tunisie.jpg\",\"keywords\":[\"Arab Center Washington DC\",\"Dean Phillips\",\"Etats-Unis\",\"Giorgia Meloni\",\"Joe Biden\",\"Joe Wilson\",\"Ka\u00efs Sa\u00efed\",\"printemps arabe\",\"Tunisie\"],\"articleSection\":[\"POLITIQUE\",\"Tunisie\"],\"inLanguage\":\"fr-FR\",\"potentialAction\":[{\"@type\":\"CommentAction\",\"name\":\"Comment\",\"target\":[\"https:\/\/kapitalis.com\/tunisie\/2023\/08\/01\/echos-de-la-tunisie-dans-la-politique-des-etats-unis\/#respond\"]}]},{\"@type\":\"WebPage\",\"@id\":\"https:\/\/kapitalis.com\/tunisie\/2023\/08\/01\/echos-de-la-tunisie-dans-la-politique-des-etats-unis\/\",\"url\":\"https:\/\/kapitalis.com\/tunisie\/2023\/08\/01\/echos-de-la-tunisie-dans-la-politique-des-etats-unis\/\",\"name\":\"Echos de la Tunisie dans la politique des Etats-Unis - Kapitalis\",\"isPartOf\":{\"@id\":\"https:\/\/kapitalis.com\/tunisie\/#website\"},\"primaryImageOfPage\":{\"@id\":\"https:\/\/kapitalis.com\/tunisie\/2023\/08\/01\/echos-de-la-tunisie-dans-la-politique-des-etats-unis\/#primaryimage\"},\"image\":{\"@id\":\"https:\/\/kapitalis.com\/tunisie\/2023\/08\/01\/echos-de-la-tunisie-dans-la-politique-des-etats-unis\/#primaryimage\"},\"thumbnailUrl\":\"https:\/\/kapitalis.com\/tunisie\/wp-content\/uploads\/2023\/08\/Etats-Unis-Tunisie.jpg\",\"datePublished\":\"2023-08-01T13:06:56+00:00\",\"dateModified\":\"2023-08-01T13:06:58+00:00\",\"breadcrumb\":{\"@id\":\"https:\/\/kapitalis.com\/tunisie\/2023\/08\/01\/echos-de-la-tunisie-dans-la-politique-des-etats-unis\/#breadcrumb\"},\"inLanguage\":\"fr-FR\",\"potentialAction\":[{\"@type\":\"ReadAction\",\"target\":[\"https:\/\/kapitalis.com\/tunisie\/2023\/08\/01\/echos-de-la-tunisie-dans-la-politique-des-etats-unis\/\"]}]},{\"@type\":\"ImageObject\",\"inLanguage\":\"fr-FR\",\"@id\":\"https:\/\/kapitalis.com\/tunisie\/2023\/08\/01\/echos-de-la-tunisie-dans-la-politique-des-etats-unis\/#primaryimage\",\"url\":\"https:\/\/kapitalis.com\/tunisie\/wp-content\/uploads\/2023\/08\/Etats-Unis-Tunisie.jpg\",\"contentUrl\":\"https:\/\/kapitalis.com\/tunisie\/wp-content\/uploads\/2023\/08\/Etats-Unis-Tunisie.jpg\",\"width\":1200,\"height\":630},{\"@type\":\"BreadcrumbList\",\"@id\":\"https:\/\/kapitalis.com\/tunisie\/2023\/08\/01\/echos-de-la-tunisie-dans-la-politique-des-etats-unis\/#breadcrumb\",\"itemListElement\":[{\"@type\":\"ListItem\",\"position\":1,\"name\":\"Accueil\",\"item\":\"https:\/\/kapitalis.com\/tunisie\/\"},{\"@type\":\"ListItem\",\"position\":2,\"name\":\"Echos de la Tunisie dans la politique des Etats-Unis\"}]},{\"@type\":\"WebSite\",\"@id\":\"https:\/\/kapitalis.com\/tunisie\/#website\",\"url\":\"https:\/\/kapitalis.com\/tunisie\/\",\"name\":\"Kapitalis\",\"description\":\"L&#039;actualit\u00e9 en Tunisie et dans le monde\",\"publisher\":{\"@id\":\"https:\/\/kapitalis.com\/tunisie\/#organization\"},\"potentialAction\":[{\"@type\":\"SearchAction\",\"target\":{\"@type\":\"EntryPoint\",\"urlTemplate\":\"https:\/\/kapitalis.com\/tunisie\/?s={search_term_string}\"},\"query-input\":{\"@type\":\"PropertyValueSpecification\",\"valueRequired\":true,\"valueName\":\"search_term_string\"}}],\"inLanguage\":\"fr-FR\"},{\"@type\":\"Organization\",\"@id\":\"https:\/\/kapitalis.com\/tunisie\/#organization\",\"name\":\"Kapitalis\",\"url\":\"https:\/\/kapitalis.com\/tunisie\/\",\"logo\":{\"@type\":\"ImageObject\",\"inLanguage\":\"fr-FR\",\"@id\":\"https:\/\/kapitalis.com\/tunisie\/#\/schema\/logo\/image\/\",\"url\":\"https:\/\/kapitalis.com\/tunisie\/wp-content\/uploads\/2022\/05\/Kapitalis-big-size.png\",\"contentUrl\":\"https:\/\/kapitalis.com\/tunisie\/wp-content\/uploads\/2022\/05\/Kapitalis-big-size.png\",\"width\":5000,\"height\":1500,\"caption\":\"Kapitalis\"},\"image\":{\"@id\":\"https:\/\/kapitalis.com\/tunisie\/#\/schema\/logo\/image\/\"},\"sameAs\":[\"https:\/\/www.facebook.com\/KapitalisInfo\/\",\"https:\/\/x.com\/KapitalisInfo\",\"https:\/\/www.youtube.com\/channel\/UC-yDYrHyfFBWWZaOw3FPg9Q\"]},{\"@type\":\"Person\",\"@id\":\"https:\/\/kapitalis.com\/tunisie\/#\/schema\/person\/d71f33a9ca44f7bad4698210b480c8e9\",\"name\":\"webmaster kapitalis\",\"url\":\"https:\/\/kapitalis.com\/tunisie\/author\/webmaster-kapitalis\/\"}]}<\/script>\n<!-- \/ Yoast SEO plugin. -->","yoast_head_json":{"title":"Echos de la Tunisie dans la politique des Etats-Unis - Kapitalis","robots":{"index":"index","follow":"follow","max-snippet":"max-snippet:-1","max-image-preview":"max-image-preview:large","max-video-preview":"max-video-preview:-1"},"canonical":"https:\/\/kapitalis.com\/tunisie\/2023\/08\/01\/echos-de-la-tunisie-dans-la-politique-des-etats-unis\/","og_locale":"fr_FR","og_type":"article","og_title":"Echos de la Tunisie dans la politique des Etats-Unis - Kapitalis","og_description":"La Tunisie a \u00e9t\u00e9 cette semaine au centre de discussions \u00e0 la Maison Blanche et \u00e0 la Chambre des repr\u00e9sentants \u00e0 Washington.","og_url":"https:\/\/kapitalis.com\/tunisie\/2023\/08\/01\/echos-de-la-tunisie-dans-la-politique-des-etats-unis\/","og_site_name":"Kapitalis","article_publisher":"https:\/\/www.facebook.com\/KapitalisInfo\/","article_published_time":"2023-08-01T13:06:56+00:00","article_modified_time":"2023-08-01T13:06:58+00:00","og_image":[{"width":1200,"height":630,"url":"https:\/\/kapitalis.com\/tunisie\/wp-content\/uploads\/2023\/08\/Etats-Unis-Tunisie.jpg","type":"image\/jpeg"}],"author":"webmaster kapitalis","twitter_card":"summary_large_image","twitter_creator":"@KapitalisInfo","twitter_site":"@KapitalisInfo","twitter_misc":{"\u00c9crit par":"webmaster kapitalis","Dur\u00e9e de lecture estim\u00e9e":"2 minutes"},"schema":{"@context":"https:\/\/schema.org","@graph":[{"@type":"Article","@id":"https:\/\/kapitalis.com\/tunisie\/2023\/08\/01\/echos-de-la-tunisie-dans-la-politique-des-etats-unis\/#article","isPartOf":{"@id":"https:\/\/kapitalis.com\/tunisie\/2023\/08\/01\/echos-de-la-tunisie-dans-la-politique-des-etats-unis\/"},"author":{"name":"webmaster kapitalis","@id":"https:\/\/kapitalis.com\/tunisie\/#\/schema\/person\/d71f33a9ca44f7bad4698210b480c8e9"},"headline":"Echos de la Tunisie dans la politique des Etats-Unis","datePublished":"2023-08-01T13:06:56+00:00","dateModified":"2023-08-01T13:06:58+00:00","mainEntityOfPage":{"@id":"https:\/\/kapitalis.com\/tunisie\/2023\/08\/01\/echos-de-la-tunisie-dans-la-politique-des-etats-unis\/"},"wordCount":341,"commentCount":3,"publisher":{"@id":"https:\/\/kapitalis.com\/tunisie\/#organization"},"image":{"@id":"https:\/\/kapitalis.com\/tunisie\/2023\/08\/01\/echos-de-la-tunisie-dans-la-politique-des-etats-unis\/#primaryimage"},"thumbnailUrl":"https:\/\/kapitalis.com\/tunisie\/wp-content\/uploads\/2023\/08\/Etats-Unis-Tunisie.jpg","keywords":["Arab Center Washington DC","Dean Phillips","Etats-Unis","Giorgia Meloni","Joe Biden","Joe Wilson","Ka\u00efs Sa\u00efed","printemps arabe","Tunisie"],"articleSection":["POLITIQUE","Tunisie"],"inLanguage":"fr-FR","potentialAction":[{"@type":"CommentAction","name":"Comment","target":["https:\/\/kapitalis.com\/tunisie\/2023\/08\/01\/echos-de-la-tunisie-dans-la-politique-des-etats-unis\/#respond"]}]},{"@type":"WebPage","@id":"https:\/\/kapitalis.com\/tunisie\/2023\/08\/01\/echos-de-la-tunisie-dans-la-politique-des-etats-unis\/","url":"https:\/\/kapitalis.com\/tunisie\/2023\/08\/01\/echos-de-la-tunisie-dans-la-politique-des-etats-unis\/","name":"Echos de la Tunisie dans la politique des Etats-Unis - Kapitalis","isPartOf":{"@id":"https:\/\/kapitalis.com\/tunisie\/#website"},"primaryImageOfPage":{"@id":"https:\/\/kapitalis.com\/tunisie\/2023\/08\/01\/echos-de-la-tunisie-dans-la-politique-des-etats-unis\/#primaryimage"},"image":{"@id":"https:\/\/kapitalis.com\/tunisie\/2023\/08\/01\/echos-de-la-tunisie-dans-la-politique-des-etats-unis\/#primaryimage"},"thumbnailUrl":"https:\/\/kapitalis.com\/tunisie\/wp-content\/uploads\/2023\/08\/Etats-Unis-Tunisie.jpg","datePublished":"2023-08-01T13:06:56+00:00","dateModified":"2023-08-01T13:06:58+00:00","breadcrumb":{"@id":"https:\/\/kapitalis.com\/tunisie\/2023\/08\/01\/echos-de-la-tunisie-dans-la-politique-des-etats-unis\/#breadcrumb"},"inLanguage":"fr-FR","potentialAction":[{"@type":"ReadAction","target":["https:\/\/kapitalis.com\/tunisie\/2023\/08\/01\/echos-de-la-tunisie-dans-la-politique-des-etats-unis\/"]}]},{"@type":"ImageObject","inLanguage":"fr-FR","@id":"https:\/\/kapitalis.com\/tunisie\/2023\/08\/01\/echos-de-la-tunisie-dans-la-politique-des-etats-unis\/#primaryimage","url":"https:\/\/kapitalis.com\/tunisie\/wp-content\/uploads\/2023\/08\/Etats-Unis-Tunisie.jpg","contentUrl":"https:\/\/kapitalis.com\/tunisie\/wp-content\/uploads\/2023\/08\/Etats-Unis-Tunisie.jpg","width":1200,"height":630},{"@type":"BreadcrumbList","@id":"https:\/\/kapitalis.com\/tunisie\/2023\/08\/01\/echos-de-la-tunisie-dans-la-politique-des-etats-unis\/#breadcrumb","itemListElement":[{"@type":"ListItem","position":1,"name":"Accueil","item":"https:\/\/kapitalis.com\/tunisie\/"},{"@type":"ListItem","position":2,"name":"Echos de la Tunisie dans la politique des Etats-Unis"}]},{"@type":"WebSite","@id":"https:\/\/kapitalis.com\/tunisie\/#website","url":"https:\/\/kapitalis.com\/tunisie\/","name":"Kapitalis","description":"L&#039;actualit\u00e9 en Tunisie et dans le monde","publisher":{"@id":"https:\/\/kapitalis.com\/tunisie\/#organization"},"potentialAction":[{"@type":"SearchAction","target":{"@type":"EntryPoint","urlTemplate":"https:\/\/kapitalis.com\/tunisie\/?s={search_term_string}"},"query-input":{"@type":"PropertyValueSpecification","valueRequired":true,"valueName":"search_term_string"}}],"inLanguage":"fr-FR"},{"@type":"Organization","@id":"https:\/\/kapitalis.com\/tunisie\/#organization","name":"Kapitalis","url":"https:\/\/kapitalis.com\/tunisie\/","logo":{"@type":"ImageObject","inLanguage":"fr-FR","@id":"https:\/\/kapitalis.com\/tunisie\/#\/schema\/logo\/image\/","url":"https:\/\/kapitalis.com\/tunisie\/wp-content\/uploads\/2022\/05\/Kapitalis-big-size.png","contentUrl":"https:\/\/kapitalis.com\/tunisie\/wp-content\/uploads\/2022\/05\/Kapitalis-big-size.png","width":5000,"height":1500,"caption":"Kapitalis"},"image":{"@id":"https:\/\/kapitalis.com\/tunisie\/#\/schema\/logo\/image\/"},"sameAs":["https:\/\/www.facebook.com\/KapitalisInfo\/","https:\/\/x.com\/KapitalisInfo","https:\/\/www.youtube.com\/channel\/UC-yDYrHyfFBWWZaOw3FPg9Q"]},{"@type":"Person","@id":"https:\/\/kapitalis.com\/tunisie\/#\/schema\/person\/d71f33a9ca44f7bad4698210b480c8e9","name":"webmaster kapitalis","url":"https:\/\/kapitalis.com\/tunisie\/author\/webmaster-kapitalis\/"}]}},"_links":{"self":[{"href":"https:\/\/kapitalis.com\/tunisie\/wp-json\/wp\/v2\/posts\/9174021","targetHints":{"allow":["GET"]}}],"collection":[{"href":"https:\/\/kapitalis.com\/tunisie\/wp-json\/wp\/v2\/posts"}],"about":[{"href":"https:\/\/kapitalis.com\/tunisie\/wp-json\/wp\/v2\/types\/post"}],"author":[{"embeddable":true,"href":"https:\/\/kapitalis.com\/tunisie\/wp-json\/wp\/v2\/users\/8"}],"replies":[{"embeddable":true,"href":"https:\/\/kapitalis.com\/tunisie\/wp-json\/wp\/v2\/comments?post=9174021"}],"version-history":[{"count":1,"href":"https:\/\/kapitalis.com\/tunisie\/wp-json\/wp\/v2\/posts\/9174021\/revisions"}],"predecessor-version":[{"id":9174205,"href":"https:\/\/kapitalis.com\/tunisie\/wp-json\/wp\/v2\/posts\/9174021\/revisions\/9174205"}],"wp:featuredmedia":[{"embeddable":true,"href":"https:\/\/kapitalis.com\/tunisie\/wp-json\/wp\/v2\/media\/9174188"}],"wp:attachment":[{"href":"https:\/\/kapitalis.com\/tunisie\/wp-json\/wp\/v2\/media?parent=9174021"}],"wp:term":[{"taxonomy":"category","embeddable":true,"href":"https:\/\/kapitalis.com\/tunisie\/wp-json\/wp\/v2\/categories?post=9174021"},{"taxonomy":"post_tag","embeddable":true,"href":"https:\/\/kapitalis.com\/tunisie\/wp-json\/wp\/v2\/tags?post=9174021"}],"curies":[{"name":"wp","href":"https:\/\/api.w.org\/{rel}","templated":true}]}}