{"id":9183621,"date":"2023-08-02T08:37:10","date_gmt":"2023-08-02T07:37:10","guid":{"rendered":"https:\/\/kapitalis.com\/tunisie\/?p=9183621"},"modified":"2023-08-02T08:37:11","modified_gmt":"2023-08-02T07:37:11","slug":"hammamet-annulation-arbitraire-du-concert-demel-mathlouthi","status":"publish","type":"post","link":"https:\/\/kapitalis.com\/tunisie\/2023\/08\/02\/hammamet-annulation-arbitraire-du-concert-demel-mathlouthi\/","title":{"rendered":"Hammamet\u00a0: \u00abannulation arbitraire\u00bb du concert d\u2019Emel Mathlouthi \u00a0"},"content":{"rendered":"\n<p><strong><em>L\u2019annulation du concert d&rsquo;Emel Mathlouthi par la direction du Festival international de Hammamet (FIH), pratiquement en derni\u00e8re minute, sans explication et sans en informer la premi\u00e8re int\u00e9ress\u00e9e, traduit l\u2019esprit d\u2019improvisation avec lequel les affaires culturelles sont g\u00e9r\u00e9es par l\u2019actuelle ministre, Hayet Ketat Guermazi.<\/em><\/strong><\/p>\n\n\n\n<!--more-->\n\n\n\n<p>Le concert de la chanteuse tunisienne devait avoir lieu dans la soir\u00e9e du mercredi 9 ao\u00fbt courant au th\u00e9\u00e2tre de plein-air de Hammamet et c\u2019est dans un communiqu\u00e9 publi\u00e9, dans la soir\u00e9e du mardi 1er ao\u00fbt, que le comit\u00e9 directeur a annonc\u00e9 qu\u2019il <em>\u00abn\u2019aura pas lieu\u00bb<\/em> sans pr\u00e9ciser les raisons derri\u00e8re cette d\u00e9cision, qui n\u2019aurait pu \u00eatre prise sans l\u2019accord de la ministre. On pourrait aussi deviner, sachant comment fonctionnent les choses au sein de la fonction publique, que celle-ci en est la principale instigatrice.<\/p>\n\n\n\n<p>En r\u00e9action \u00e0 la d\u00e9cision du festival, Emel Mathlouthi a d\u00e9nonc\u00e9 une d\u00e9cision unilat\u00e9rale disant qu\u2019elle n&rsquo;a pas \u00e9t\u00e9 avis\u00e9e par la direction du festival, ni elle ni son \u00e9quipe.<\/p>\n\n\n\n<p>Dans un post sur sa page officielle du r\u00e9seau social Facebook, elle a parl\u00e9 d\u2019<em>\u00abune annulation arbitraire\u00bb<\/em> qui intervient <em>\u00absuite \u00e0 la campagne diffamatoire men\u00e9e par des personnes se proclamant BDS Tunisie qui n\u2019ont aucune affiliation avec BDS Palestine\u00bb<\/em>. Cette derni\u00e8re <em>\u00abn\u2019a aucune objection \u00e0 ma pr\u00e9sence en Palestine\u00bb<\/em>, affirme l\u2019artiste qui est accus\u00e9e de normalisation avec Isra\u00ebl pour avoir donn\u00e9, il y a une semaine, des concerts en Palestine (Al Qods, Bethl\u00e9em et Ramallah).<\/p>\n\n\n\n<p>Afin de mettre fin \u00e0 la controverse ayant entour\u00e9 la tenue de son concert \u00e0 Bethl\u00e9em, dans les territoires occup\u00e9es, l\u2019artiste avait d\u00e9cid\u00e9 de l\u2019annuler.<\/p>\n\n\n\n<p>Le mouvement Boycott, D\u00e9sinvestissement et Sanctions (BDS) s\u2019efforce de mettre fin au soutien international \u00e0 l\u2019oppression des Palestiniens par Isra\u00ebl et de faire pression sur Isra\u00ebl pour qu\u2019il se conforme au droit international.<\/p>\n\n\n\n<p>Emel Mathlouthi pr\u00e9cise avoir \u00e9t\u00e9 invit\u00e9e par Edward Said National Conservatory of music dans le cadre d\u2019un festival culturel palestinien qui invite les artistes arabes depuis plus de 30 ans. Elle affirm\u00e9 aussi que son <em>\u00absoutien infaillible pour la Palestine et les droits humains n&rsquo;est plus \u00e0 d\u00e9montrer\u00bb<\/em>.<\/p>\n\n\n\n<p>Emel Mathlouthi d\u00e9nonce <em>\u00abdes agressions\u00bb<\/em> qu\u2019elle subit en tant qu\u2019<em>\u00abartiste femme et libre qui a port\u00e9 haut le drapeau de la langue et de la culture tunisienne dans le monde.\u00bb<\/em><\/p>\n\n\n\n<p>S\u2019agissant de la d\u00e9cision du festival de Hammamet, elle l\u2019a qualifi\u00e9e de <em>\u00abmalentendu\u00bb<\/em>, tout en pr\u00e9cisant qu\u2019un contrat a \u00e9t\u00e9 sign\u00e9 avec le festival, ce qui implique le respect du cadre juridique r\u00e8glementant la relation entre les parties contractantes (le festival et l\u2019artiste) en cas d\u2019annulation, laissant ainsi entendre qu\u2019elle exigera d\u2019\u00eatre pay\u00e9e conform\u00e9ment aux engagements contractuels pris par le festival.<\/p>\n\n\n\n<p>Elle a estim\u00e9 cette annulation comme une mise \u00e0 l&rsquo;\u00e9cart envers elle, rappelant son concert \u00e0 Carthage en 2017, le premier, qui avait \u00e9t\u00e9 \u00e9galement annul\u00e9, puis maintenu. Apr\u00e8s avoir \u00e9voqu\u00e9 des raisons financi\u00e8res en lien avec le budget, les organisateurs du festival international de Carthage avaient chang\u00e9 d&rsquo;avis et le concert avait finalement eu lieu le 9 ao\u00fbt 2017.<\/p>\n\n\n\n<p>Interpr\u00e8te, auteure, compositrice et productrice, Emel Methlouthi s\u2019est fait connaitre durant les \u00e9v\u00e8nements de la r\u00e9volution de 2011 par sa chanson \u00e0 succ\u00e8s <em>\u2018\u2018Kelmti Horra<\/em>\u2019\u2019 qu\u2019elle chantait sur les places publiques. Ce tube, d\u2019apr\u00e8s les paroles du po\u00e8te et \u00e9crivain Amin El Ghozzi, a fait sa notori\u00e9t\u00e9 en Tunisie et lors de la c\u00e9r\u00e9monie du prix Nobel de la Paix, \u00e0 Oslo (Norv\u00e8ge) d\u00e9cern\u00e9 au Quartet du dialogue national en d\u00e9cembre 2015.<\/p>\n\n\n\n<p>Selon son site officiel, l\u2019artiste install\u00e9e aux Etats-Unis est en tourn\u00e9e estivale dans divers festivals qui a commenc\u00e9 par la Palestine (les 27 et 29 juillet) et la m\u00e8nera \u00e9galement en France (le 4 ao\u00fbt) puis en Tunisie avec deux concerts dont celui de Hammamet (le 9 ao\u00fbt) et un autre \u00e0 Monastir (le 10 ao\u00fbt).<\/p>\n\n\n\n<p>Sur un autre plan, le FIH a pr\u00e9sent\u00e9 ses excuses aux spectateurs ayant achet\u00e9 leurs billets. Pour se faire rembourser, il les invite \u00e0 contacter l\u2019administration du Centre culturel international de Hammamet, \u00e0 partir du vendredi 4 ao\u00fbt de 9h \u00e0 17h. <\/p>\n\n\n\n<p><strong><em>Avec Tap.<\/em><\/strong><\/p>\n","protected":false},"excerpt":{"rendered":"<p>Emel Mathlouthi a d\u00e9nonc\u00e9 une d\u00e9cision unilat\u00e9rale du Festival de Hammamet d&rsquo;annuler son concert du 9 ao\u00fbt.   <\/p>\n","protected":false},"author":8,"featured_media":9183785,"comment_status":"open","ping_status":"open","sticky":false,"template":"","format":"standard","meta":{"footnotes":""},"categories":[994,2433],"tags":[110247,110246,24522,439,96708,34126,4026,62643],"class_list":["post-9183621","post","type-post","status-publish","format-standard","has-post-thumbnail","hentry","category-culture","category-tunisie","tag-amin-el-ghozzi","tag-bds-palestine","tag-emel-mathlouthi","tag-hammamet","tag-hayet-ketat-guermazi","tag-normalisation","tag-palestine","tag-tunisie"],"yoast_head":"<!-- This site is optimized with the Yoast SEO plugin v26.6 - https:\/\/yoast.com\/wordpress\/plugins\/seo\/ -->\n<title>Hammamet\u00a0: \u00abannulation arbitraire\u00bb du concert d\u2019Emel Mathlouthi \u00a0 - Kapitalis<\/title>\n<meta name=\"robots\" content=\"index, follow, max-snippet:-1, max-image-preview:large, max-video-preview:-1\" \/>\n<link rel=\"canonical\" href=\"https:\/\/kapitalis.com\/tunisie\/2023\/08\/02\/hammamet-annulation-arbitraire-du-concert-demel-mathlouthi\/\" \/>\n<meta property=\"og:locale\" content=\"fr_FR\" \/>\n<meta property=\"og:type\" content=\"article\" \/>\n<meta property=\"og:title\" content=\"Hammamet\u00a0: \u00abannulation arbitraire\u00bb du concert d\u2019Emel Mathlouthi \u00a0 - Kapitalis\" \/>\n<meta property=\"og:description\" content=\"Emel Mathlouthi a d\u00e9nonc\u00e9 une d\u00e9cision unilat\u00e9rale du Festival de Hammamet d&#039;annuler son concert du 9 ao\u00fbt.\" \/>\n<meta property=\"og:url\" content=\"https:\/\/kapitalis.com\/tunisie\/2023\/08\/02\/hammamet-annulation-arbitraire-du-concert-demel-mathlouthi\/\" \/>\n<meta property=\"og:site_name\" content=\"Kapitalis\" \/>\n<meta property=\"article:publisher\" content=\"https:\/\/www.facebook.com\/KapitalisInfo\/\" \/>\n<meta property=\"article:published_time\" content=\"2023-08-02T07:37:10+00:00\" \/>\n<meta property=\"article:modified_time\" content=\"2023-08-02T07:37:11+00:00\" \/>\n<meta property=\"og:image\" content=\"https:\/\/kapitalis.com\/tunisie\/wp-content\/uploads\/2023\/08\/Emel-Mathlouthi-Hammamet.jpg\" \/>\n\t<meta property=\"og:image:width\" content=\"1200\" \/>\n\t<meta property=\"og:image:height\" content=\"630\" \/>\n\t<meta property=\"og:image:type\" content=\"image\/jpeg\" \/>\n<meta name=\"author\" content=\"webmaster kapitalis\" \/>\n<meta name=\"twitter:card\" content=\"summary_large_image\" \/>\n<meta name=\"twitter:creator\" content=\"@KapitalisInfo\" \/>\n<meta name=\"twitter:site\" content=\"@KapitalisInfo\" \/>\n<meta name=\"twitter:label1\" content=\"\u00c9crit par\" \/>\n\t<meta name=\"twitter:data1\" content=\"webmaster kapitalis\" \/>\n\t<meta name=\"twitter:label2\" content=\"Dur\u00e9e de lecture estim\u00e9e\" \/>\n\t<meta name=\"twitter:data2\" content=\"4 minutes\" \/>\n<script type=\"application\/ld+json\" class=\"yoast-schema-graph\">{\"@context\":\"https:\/\/schema.org\",\"@graph\":[{\"@type\":\"Article\",\"@id\":\"https:\/\/kapitalis.com\/tunisie\/2023\/08\/02\/hammamet-annulation-arbitraire-du-concert-demel-mathlouthi\/#article\",\"isPartOf\":{\"@id\":\"https:\/\/kapitalis.com\/tunisie\/2023\/08\/02\/hammamet-annulation-arbitraire-du-concert-demel-mathlouthi\/\"},\"author\":{\"name\":\"webmaster kapitalis\",\"@id\":\"https:\/\/kapitalis.com\/tunisie\/#\/schema\/person\/d71f33a9ca44f7bad4698210b480c8e9\"},\"headline\":\"Hammamet\u00a0: \u00abannulation arbitraire\u00bb du concert d\u2019Emel Mathlouthi \u00a0\",\"datePublished\":\"2023-08-02T07:37:10+00:00\",\"dateModified\":\"2023-08-02T07:37:11+00:00\",\"mainEntityOfPage\":{\"@id\":\"https:\/\/kapitalis.com\/tunisie\/2023\/08\/02\/hammamet-annulation-arbitraire-du-concert-demel-mathlouthi\/\"},\"wordCount\":743,\"commentCount\":0,\"publisher\":{\"@id\":\"https:\/\/kapitalis.com\/tunisie\/#organization\"},\"image\":{\"@id\":\"https:\/\/kapitalis.com\/tunisie\/2023\/08\/02\/hammamet-annulation-arbitraire-du-concert-demel-mathlouthi\/#primaryimage\"},\"thumbnailUrl\":\"https:\/\/kapitalis.com\/tunisie\/wp-content\/uploads\/2023\/08\/Emel-Mathlouthi-Hammamet.jpg\",\"keywords\":[\"Amin El Ghozzi\",\"BDS Palestine\",\"Emel Mathlouthi\",\"Hammamet\",\"Hayet Ketat Guermazi\",\"normalisation\",\"Palestine\",\"Tunisie\"],\"articleSection\":[\"CULTURE\",\"Tunisie\"],\"inLanguage\":\"fr-FR\",\"potentialAction\":[{\"@type\":\"CommentAction\",\"name\":\"Comment\",\"target\":[\"https:\/\/kapitalis.com\/tunisie\/2023\/08\/02\/hammamet-annulation-arbitraire-du-concert-demel-mathlouthi\/#respond\"]}]},{\"@type\":\"WebPage\",\"@id\":\"https:\/\/kapitalis.com\/tunisie\/2023\/08\/02\/hammamet-annulation-arbitraire-du-concert-demel-mathlouthi\/\",\"url\":\"https:\/\/kapitalis.com\/tunisie\/2023\/08\/02\/hammamet-annulation-arbitraire-du-concert-demel-mathlouthi\/\",\"name\":\"Hammamet\u00a0: \u00abannulation arbitraire\u00bb du concert d\u2019Emel Mathlouthi \u00a0 - Kapitalis\",\"isPartOf\":{\"@id\":\"https:\/\/kapitalis.com\/tunisie\/#website\"},\"primaryImageOfPage\":{\"@id\":\"https:\/\/kapitalis.com\/tunisie\/2023\/08\/02\/hammamet-annulation-arbitraire-du-concert-demel-mathlouthi\/#primaryimage\"},\"image\":{\"@id\":\"https:\/\/kapitalis.com\/tunisie\/2023\/08\/02\/hammamet-annulation-arbitraire-du-concert-demel-mathlouthi\/#primaryimage\"},\"thumbnailUrl\":\"https:\/\/kapitalis.com\/tunisie\/wp-content\/uploads\/2023\/08\/Emel-Mathlouthi-Hammamet.jpg\",\"datePublished\":\"2023-08-02T07:37:10+00:00\",\"dateModified\":\"2023-08-02T07:37:11+00:00\",\"breadcrumb\":{\"@id\":\"https:\/\/kapitalis.com\/tunisie\/2023\/08\/02\/hammamet-annulation-arbitraire-du-concert-demel-mathlouthi\/#breadcrumb\"},\"inLanguage\":\"fr-FR\",\"potentialAction\":[{\"@type\":\"ReadAction\",\"target\":[\"https:\/\/kapitalis.com\/tunisie\/2023\/08\/02\/hammamet-annulation-arbitraire-du-concert-demel-mathlouthi\/\"]}]},{\"@type\":\"ImageObject\",\"inLanguage\":\"fr-FR\",\"@id\":\"https:\/\/kapitalis.com\/tunisie\/2023\/08\/02\/hammamet-annulation-arbitraire-du-concert-demel-mathlouthi\/#primaryimage\",\"url\":\"https:\/\/kapitalis.com\/tunisie\/wp-content\/uploads\/2023\/08\/Emel-Mathlouthi-Hammamet.jpg\",\"contentUrl\":\"https:\/\/kapitalis.com\/tunisie\/wp-content\/uploads\/2023\/08\/Emel-Mathlouthi-Hammamet.jpg\",\"width\":1200,\"height\":630},{\"@type\":\"BreadcrumbList\",\"@id\":\"https:\/\/kapitalis.com\/tunisie\/2023\/08\/02\/hammamet-annulation-arbitraire-du-concert-demel-mathlouthi\/#breadcrumb\",\"itemListElement\":[{\"@type\":\"ListItem\",\"position\":1,\"name\":\"Accueil\",\"item\":\"https:\/\/kapitalis.com\/tunisie\/\"},{\"@type\":\"ListItem\",\"position\":2,\"name\":\"Hammamet\u00a0: \u00abannulation arbitraire\u00bb du concert d\u2019Emel Mathlouthi \u00a0\"}]},{\"@type\":\"WebSite\",\"@id\":\"https:\/\/kapitalis.com\/tunisie\/#website\",\"url\":\"https:\/\/kapitalis.com\/tunisie\/\",\"name\":\"Kapitalis\",\"description\":\"L&#039;actualit\u00e9 en Tunisie et dans le monde\",\"publisher\":{\"@id\":\"https:\/\/kapitalis.com\/tunisie\/#organization\"},\"potentialAction\":[{\"@type\":\"SearchAction\",\"target\":{\"@type\":\"EntryPoint\",\"urlTemplate\":\"https:\/\/kapitalis.com\/tunisie\/?s={search_term_string}\"},\"query-input\":{\"@type\":\"PropertyValueSpecification\",\"valueRequired\":true,\"valueName\":\"search_term_string\"}}],\"inLanguage\":\"fr-FR\"},{\"@type\":\"Organization\",\"@id\":\"https:\/\/kapitalis.com\/tunisie\/#organization\",\"name\":\"Kapitalis\",\"url\":\"https:\/\/kapitalis.com\/tunisie\/\",\"logo\":{\"@type\":\"ImageObject\",\"inLanguage\":\"fr-FR\",\"@id\":\"https:\/\/kapitalis.com\/tunisie\/#\/schema\/logo\/image\/\",\"url\":\"https:\/\/kapitalis.com\/tunisie\/wp-content\/uploads\/2022\/05\/Kapitalis-big-size.png\",\"contentUrl\":\"https:\/\/kapitalis.com\/tunisie\/wp-content\/uploads\/2022\/05\/Kapitalis-big-size.png\",\"width\":5000,\"height\":1500,\"caption\":\"Kapitalis\"},\"image\":{\"@id\":\"https:\/\/kapitalis.com\/tunisie\/#\/schema\/logo\/image\/\"},\"sameAs\":[\"https:\/\/www.facebook.com\/KapitalisInfo\/\",\"https:\/\/x.com\/KapitalisInfo\",\"https:\/\/www.youtube.com\/channel\/UC-yDYrHyfFBWWZaOw3FPg9Q\"]},{\"@type\":\"Person\",\"@id\":\"https:\/\/kapitalis.com\/tunisie\/#\/schema\/person\/d71f33a9ca44f7bad4698210b480c8e9\",\"name\":\"webmaster kapitalis\",\"url\":\"https:\/\/kapitalis.com\/tunisie\/author\/webmaster-kapitalis\/\"}]}<\/script>\n<!-- \/ Yoast SEO plugin. -->","yoast_head_json":{"title":"Hammamet\u00a0: \u00abannulation arbitraire\u00bb du concert d\u2019Emel Mathlouthi \u00a0 - Kapitalis","robots":{"index":"index","follow":"follow","max-snippet":"max-snippet:-1","max-image-preview":"max-image-preview:large","max-video-preview":"max-video-preview:-1"},"canonical":"https:\/\/kapitalis.com\/tunisie\/2023\/08\/02\/hammamet-annulation-arbitraire-du-concert-demel-mathlouthi\/","og_locale":"fr_FR","og_type":"article","og_title":"Hammamet\u00a0: \u00abannulation arbitraire\u00bb du concert d\u2019Emel Mathlouthi \u00a0 - Kapitalis","og_description":"Emel Mathlouthi a d\u00e9nonc\u00e9 une d\u00e9cision unilat\u00e9rale du Festival de Hammamet d'annuler son concert du 9 ao\u00fbt.","og_url":"https:\/\/kapitalis.com\/tunisie\/2023\/08\/02\/hammamet-annulation-arbitraire-du-concert-demel-mathlouthi\/","og_site_name":"Kapitalis","article_publisher":"https:\/\/www.facebook.com\/KapitalisInfo\/","article_published_time":"2023-08-02T07:37:10+00:00","article_modified_time":"2023-08-02T07:37:11+00:00","og_image":[{"width":1200,"height":630,"url":"https:\/\/kapitalis.com\/tunisie\/wp-content\/uploads\/2023\/08\/Emel-Mathlouthi-Hammamet.jpg","type":"image\/jpeg"}],"author":"webmaster kapitalis","twitter_card":"summary_large_image","twitter_creator":"@KapitalisInfo","twitter_site":"@KapitalisInfo","twitter_misc":{"\u00c9crit par":"webmaster kapitalis","Dur\u00e9e de lecture estim\u00e9e":"4 minutes"},"schema":{"@context":"https:\/\/schema.org","@graph":[{"@type":"Article","@id":"https:\/\/kapitalis.com\/tunisie\/2023\/08\/02\/hammamet-annulation-arbitraire-du-concert-demel-mathlouthi\/#article","isPartOf":{"@id":"https:\/\/kapitalis.com\/tunisie\/2023\/08\/02\/hammamet-annulation-arbitraire-du-concert-demel-mathlouthi\/"},"author":{"name":"webmaster kapitalis","@id":"https:\/\/kapitalis.com\/tunisie\/#\/schema\/person\/d71f33a9ca44f7bad4698210b480c8e9"},"headline":"Hammamet\u00a0: \u00abannulation arbitraire\u00bb du concert d\u2019Emel Mathlouthi \u00a0","datePublished":"2023-08-02T07:37:10+00:00","dateModified":"2023-08-02T07:37:11+00:00","mainEntityOfPage":{"@id":"https:\/\/kapitalis.com\/tunisie\/2023\/08\/02\/hammamet-annulation-arbitraire-du-concert-demel-mathlouthi\/"},"wordCount":743,"commentCount":0,"publisher":{"@id":"https:\/\/kapitalis.com\/tunisie\/#organization"},"image":{"@id":"https:\/\/kapitalis.com\/tunisie\/2023\/08\/02\/hammamet-annulation-arbitraire-du-concert-demel-mathlouthi\/#primaryimage"},"thumbnailUrl":"https:\/\/kapitalis.com\/tunisie\/wp-content\/uploads\/2023\/08\/Emel-Mathlouthi-Hammamet.jpg","keywords":["Amin El Ghozzi","BDS Palestine","Emel Mathlouthi","Hammamet","Hayet Ketat Guermazi","normalisation","Palestine","Tunisie"],"articleSection":["CULTURE","Tunisie"],"inLanguage":"fr-FR","potentialAction":[{"@type":"CommentAction","name":"Comment","target":["https:\/\/kapitalis.com\/tunisie\/2023\/08\/02\/hammamet-annulation-arbitraire-du-concert-demel-mathlouthi\/#respond"]}]},{"@type":"WebPage","@id":"https:\/\/kapitalis.com\/tunisie\/2023\/08\/02\/hammamet-annulation-arbitraire-du-concert-demel-mathlouthi\/","url":"https:\/\/kapitalis.com\/tunisie\/2023\/08\/02\/hammamet-annulation-arbitraire-du-concert-demel-mathlouthi\/","name":"Hammamet\u00a0: \u00abannulation arbitraire\u00bb du concert d\u2019Emel Mathlouthi \u00a0 - Kapitalis","isPartOf":{"@id":"https:\/\/kapitalis.com\/tunisie\/#website"},"primaryImageOfPage":{"@id":"https:\/\/kapitalis.com\/tunisie\/2023\/08\/02\/hammamet-annulation-arbitraire-du-concert-demel-mathlouthi\/#primaryimage"},"image":{"@id":"https:\/\/kapitalis.com\/tunisie\/2023\/08\/02\/hammamet-annulation-arbitraire-du-concert-demel-mathlouthi\/#primaryimage"},"thumbnailUrl":"https:\/\/kapitalis.com\/tunisie\/wp-content\/uploads\/2023\/08\/Emel-Mathlouthi-Hammamet.jpg","datePublished":"2023-08-02T07:37:10+00:00","dateModified":"2023-08-02T07:37:11+00:00","breadcrumb":{"@id":"https:\/\/kapitalis.com\/tunisie\/2023\/08\/02\/hammamet-annulation-arbitraire-du-concert-demel-mathlouthi\/#breadcrumb"},"inLanguage":"fr-FR","potentialAction":[{"@type":"ReadAction","target":["https:\/\/kapitalis.com\/tunisie\/2023\/08\/02\/hammamet-annulation-arbitraire-du-concert-demel-mathlouthi\/"]}]},{"@type":"ImageObject","inLanguage":"fr-FR","@id":"https:\/\/kapitalis.com\/tunisie\/2023\/08\/02\/hammamet-annulation-arbitraire-du-concert-demel-mathlouthi\/#primaryimage","url":"https:\/\/kapitalis.com\/tunisie\/wp-content\/uploads\/2023\/08\/Emel-Mathlouthi-Hammamet.jpg","contentUrl":"https:\/\/kapitalis.com\/tunisie\/wp-content\/uploads\/2023\/08\/Emel-Mathlouthi-Hammamet.jpg","width":1200,"height":630},{"@type":"BreadcrumbList","@id":"https:\/\/kapitalis.com\/tunisie\/2023\/08\/02\/hammamet-annulation-arbitraire-du-concert-demel-mathlouthi\/#breadcrumb","itemListElement":[{"@type":"ListItem","position":1,"name":"Accueil","item":"https:\/\/kapitalis.com\/tunisie\/"},{"@type":"ListItem","position":2,"name":"Hammamet\u00a0: \u00abannulation arbitraire\u00bb du concert d\u2019Emel Mathlouthi \u00a0"}]},{"@type":"WebSite","@id":"https:\/\/kapitalis.com\/tunisie\/#website","url":"https:\/\/kapitalis.com\/tunisie\/","name":"Kapitalis","description":"L&#039;actualit\u00e9 en Tunisie et dans le monde","publisher":{"@id":"https:\/\/kapitalis.com\/tunisie\/#organization"},"potentialAction":[{"@type":"SearchAction","target":{"@type":"EntryPoint","urlTemplate":"https:\/\/kapitalis.com\/tunisie\/?s={search_term_string}"},"query-input":{"@type":"PropertyValueSpecification","valueRequired":true,"valueName":"search_term_string"}}],"inLanguage":"fr-FR"},{"@type":"Organization","@id":"https:\/\/kapitalis.com\/tunisie\/#organization","name":"Kapitalis","url":"https:\/\/kapitalis.com\/tunisie\/","logo":{"@type":"ImageObject","inLanguage":"fr-FR","@id":"https:\/\/kapitalis.com\/tunisie\/#\/schema\/logo\/image\/","url":"https:\/\/kapitalis.com\/tunisie\/wp-content\/uploads\/2022\/05\/Kapitalis-big-size.png","contentUrl":"https:\/\/kapitalis.com\/tunisie\/wp-content\/uploads\/2022\/05\/Kapitalis-big-size.png","width":5000,"height":1500,"caption":"Kapitalis"},"image":{"@id":"https:\/\/kapitalis.com\/tunisie\/#\/schema\/logo\/image\/"},"sameAs":["https:\/\/www.facebook.com\/KapitalisInfo\/","https:\/\/x.com\/KapitalisInfo","https:\/\/www.youtube.com\/channel\/UC-yDYrHyfFBWWZaOw3FPg9Q"]},{"@type":"Person","@id":"https:\/\/kapitalis.com\/tunisie\/#\/schema\/person\/d71f33a9ca44f7bad4698210b480c8e9","name":"webmaster kapitalis","url":"https:\/\/kapitalis.com\/tunisie\/author\/webmaster-kapitalis\/"}]}},"_links":{"self":[{"href":"https:\/\/kapitalis.com\/tunisie\/wp-json\/wp\/v2\/posts\/9183621","targetHints":{"allow":["GET"]}}],"collection":[{"href":"https:\/\/kapitalis.com\/tunisie\/wp-json\/wp\/v2\/posts"}],"about":[{"href":"https:\/\/kapitalis.com\/tunisie\/wp-json\/wp\/v2\/types\/post"}],"author":[{"embeddable":true,"href":"https:\/\/kapitalis.com\/tunisie\/wp-json\/wp\/v2\/users\/8"}],"replies":[{"embeddable":true,"href":"https:\/\/kapitalis.com\/tunisie\/wp-json\/wp\/v2\/comments?post=9183621"}],"version-history":[{"count":1,"href":"https:\/\/kapitalis.com\/tunisie\/wp-json\/wp\/v2\/posts\/9183621\/revisions"}],"predecessor-version":[{"id":9183846,"href":"https:\/\/kapitalis.com\/tunisie\/wp-json\/wp\/v2\/posts\/9183621\/revisions\/9183846"}],"wp:featuredmedia":[{"embeddable":true,"href":"https:\/\/kapitalis.com\/tunisie\/wp-json\/wp\/v2\/media\/9183785"}],"wp:attachment":[{"href":"https:\/\/kapitalis.com\/tunisie\/wp-json\/wp\/v2\/media?parent=9183621"}],"wp:term":[{"taxonomy":"category","embeddable":true,"href":"https:\/\/kapitalis.com\/tunisie\/wp-json\/wp\/v2\/categories?post=9183621"},{"taxonomy":"post_tag","embeddable":true,"href":"https:\/\/kapitalis.com\/tunisie\/wp-json\/wp\/v2\/tags?post=9183621"}],"curies":[{"name":"wp","href":"https:\/\/api.w.org\/{rel}","templated":true}]}}