{"id":9198412,"date":"2023-08-02T23:33:36","date_gmt":"2023-08-02T22:33:36","guid":{"rendered":"https:\/\/kapitalis.com\/tunisie\/?p=9198412"},"modified":"2023-08-02T23:38:59","modified_gmt":"2023-08-02T22:38:59","slug":"festival-de-hammamet-fatoumata-diawara-annule-son-concert-pour-raisons-de-sante","status":"publish","type":"post","link":"https:\/\/kapitalis.com\/tunisie\/2023\/08\/02\/festival-de-hammamet-fatoumata-diawara-annule-son-concert-pour-raisons-de-sante\/","title":{"rendered":"Festival de Hammamet : Fatoumata Diawara annule son concert pour raisons de sant\u00e9"},"content":{"rendered":"\n<p><em><strong>En mettant en place les derniers pr\u00e9paratifs du spectacle de l\u2019artiste malienne Fatoumata Diawara, pr\u00e9vu pour le jeudi 03 ao\u00fbt 2023, le comit\u00e9 directeur de la 57\u00e8me \u00e9dition du Festival International de Hammamet a re\u00e7u un mail de la part du repr\u00e9sentant l\u00e9gal de l\u2019artiste , accompagn\u00e9 d\u2019un dossier m\u00e9dical mentionnant la d\u00e9gradation subite de l\u2019\u00e9tat de sant\u00e9 de l\u2019artiste qui l\u2019emp\u00eache de voyager.<\/strong><\/em><\/p>\n\n\n\n<!--more-->\n\n\n\n<p>Le FIH souhaite un prompt r\u00e9tablissement \u00e0 l\u2019artiste.<br>De ce fait, le comit\u00e9 directeur du Festival International de Hammamet a le regret de vous informer que le spectacle de l\u2019artiste malienne Fatoumata Diawara, n\u2019aura pas lieu, ce jeudi 03 ao\u00fbt 2023.<\/p>\n\n\n\n<p>Le FIH s\u2019excuse aupr\u00e8s de ses cher(e)s spectateur.ices et les informe que pour le remboursement des billets, il faut s\u2019adresser \u00e0 l\u2019administration du Centre Culturel International de Hammamet (Maison de la M\u00e9diterran\u00e9e pour la Culture et les Arts) \u00e0 partir du vendredi 04 ao\u00fbt 2023 de 9h \u00e0 17h.<\/p>\n\n\n\n<p>Pour plus d\u2019informations, veuillez contacter :<br>98968192<br>97849456<br>52367088<\/p>\n\n\n\n<p class=\"has-text-align-right\"><strong>Communiqu\u00e9<\/strong><\/p>\n","protected":false},"excerpt":{"rendered":"<p>Festival de Hammamet : Fatoumata Diawara annule son concert pour raisons de sant\u00e9<\/p>\n","protected":false},"author":6,"featured_media":9198498,"comment_status":"open","ping_status":"open","sticky":false,"template":"","format":"standard","meta":{"footnotes":""},"categories":[994,2433],"tags":[110255,110254,33829,810,62643],"class_list":["post-9198412","post","type-post","status-publish","format-standard","has-post-thumbnail","hentry","category-culture","category-tunisie","tag-artiste-malienne","tag-fatoumata-diawara","tag-festival-de-hammamet","tag-sante","tag-tunisie"],"yoast_head":"<!-- This site is optimized with the Yoast SEO plugin v26.6 - https:\/\/yoast.com\/wordpress\/plugins\/seo\/ -->\n<title>Festival de Hammamet : Fatoumata Diawara annule son concert pour raisons de sant\u00e9 - Kapitalis<\/title>\n<meta name=\"description\" content=\"Festival de Hammamet : Fatoumata Diawara annule son concert pour raisons de sant\u00e9\" \/>\n<meta name=\"robots\" content=\"index, follow, max-snippet:-1, max-image-preview:large, max-video-preview:-1\" \/>\n<link rel=\"canonical\" href=\"https:\/\/kapitalis.com\/tunisie\/2023\/08\/02\/festival-de-hammamet-fatoumata-diawara-annule-son-concert-pour-raisons-de-sante\/\" \/>\n<meta property=\"og:locale\" content=\"fr_FR\" \/>\n<meta property=\"og:type\" content=\"article\" \/>\n<meta property=\"og:title\" content=\"Festival de Hammamet : Fatoumata Diawara annule son concert pour raisons de sant\u00e9 - Kapitalis\" \/>\n<meta property=\"og:description\" content=\"Festival de Hammamet : Fatoumata Diawara annule son concert pour raisons de sant\u00e9\" \/>\n<meta property=\"og:url\" content=\"https:\/\/kapitalis.com\/tunisie\/2023\/08\/02\/festival-de-hammamet-fatoumata-diawara-annule-son-concert-pour-raisons-de-sante\/\" \/>\n<meta property=\"og:site_name\" content=\"Kapitalis\" \/>\n<meta property=\"article:publisher\" content=\"https:\/\/www.facebook.com\/KapitalisInfo\/\" \/>\n<meta property=\"article:published_time\" content=\"2023-08-02T22:33:36+00:00\" \/>\n<meta property=\"article:modified_time\" content=\"2023-08-02T22:38:59+00:00\" \/>\n<meta property=\"og:image\" content=\"https:\/\/kapitalis.com\/tunisie\/wp-content\/uploads\/2023\/08\/Fatoumata-Diawara.jpg\" \/>\n\t<meta property=\"og:image:width\" content=\"1200\" \/>\n\t<meta property=\"og:image:height\" content=\"630\" \/>\n\t<meta property=\"og:image:type\" content=\"image\/jpeg\" \/>\n<meta name=\"author\" content=\"Yusra NY\" \/>\n<meta name=\"twitter:card\" content=\"summary_large_image\" \/>\n<meta name=\"twitter:creator\" content=\"@KapitalisInfo\" \/>\n<meta name=\"twitter:site\" content=\"@KapitalisInfo\" \/>\n<meta name=\"twitter:label1\" content=\"\u00c9crit par\" \/>\n\t<meta name=\"twitter:data1\" content=\"Yusra NY\" \/>\n\t<meta name=\"twitter:label2\" content=\"Dur\u00e9e de lecture estim\u00e9e\" \/>\n\t<meta name=\"twitter:data2\" content=\"1 minute\" \/>\n<script type=\"application\/ld+json\" class=\"yoast-schema-graph\">{\"@context\":\"https:\/\/schema.org\",\"@graph\":[{\"@type\":\"Article\",\"@id\":\"https:\/\/kapitalis.com\/tunisie\/2023\/08\/02\/festival-de-hammamet-fatoumata-diawara-annule-son-concert-pour-raisons-de-sante\/#article\",\"isPartOf\":{\"@id\":\"https:\/\/kapitalis.com\/tunisie\/2023\/08\/02\/festival-de-hammamet-fatoumata-diawara-annule-son-concert-pour-raisons-de-sante\/\"},\"author\":{\"name\":\"Yusra NY\",\"@id\":\"https:\/\/kapitalis.com\/tunisie\/#\/schema\/person\/74bbde0154d49d790a92aaeac5bc01d5\"},\"headline\":\"Festival de Hammamet : Fatoumata Diawara annule son concert pour raisons de sant\u00e9\",\"datePublished\":\"2023-08-02T22:33:36+00:00\",\"dateModified\":\"2023-08-02T22:38:59+00:00\",\"mainEntityOfPage\":{\"@id\":\"https:\/\/kapitalis.com\/tunisie\/2023\/08\/02\/festival-de-hammamet-fatoumata-diawara-annule-son-concert-pour-raisons-de-sante\/\"},\"wordCount\":192,\"commentCount\":0,\"publisher\":{\"@id\":\"https:\/\/kapitalis.com\/tunisie\/#organization\"},\"image\":{\"@id\":\"https:\/\/kapitalis.com\/tunisie\/2023\/08\/02\/festival-de-hammamet-fatoumata-diawara-annule-son-concert-pour-raisons-de-sante\/#primaryimage\"},\"thumbnailUrl\":\"https:\/\/kapitalis.com\/tunisie\/wp-content\/uploads\/2023\/08\/Fatoumata-Diawara.jpg\",\"keywords\":[\"artiste malienne\",\"Fatoumata Diawara\",\"Festival de Hammamet\",\"Sant\u00e9\",\"Tunisie\"],\"articleSection\":[\"CULTURE\",\"Tunisie\"],\"inLanguage\":\"fr-FR\",\"potentialAction\":[{\"@type\":\"CommentAction\",\"name\":\"Comment\",\"target\":[\"https:\/\/kapitalis.com\/tunisie\/2023\/08\/02\/festival-de-hammamet-fatoumata-diawara-annule-son-concert-pour-raisons-de-sante\/#respond\"]}]},{\"@type\":\"WebPage\",\"@id\":\"https:\/\/kapitalis.com\/tunisie\/2023\/08\/02\/festival-de-hammamet-fatoumata-diawara-annule-son-concert-pour-raisons-de-sante\/\",\"url\":\"https:\/\/kapitalis.com\/tunisie\/2023\/08\/02\/festival-de-hammamet-fatoumata-diawara-annule-son-concert-pour-raisons-de-sante\/\",\"name\":\"Festival de Hammamet : Fatoumata Diawara annule son concert pour raisons de sant\u00e9 - Kapitalis\",\"isPartOf\":{\"@id\":\"https:\/\/kapitalis.com\/tunisie\/#website\"},\"primaryImageOfPage\":{\"@id\":\"https:\/\/kapitalis.com\/tunisie\/2023\/08\/02\/festival-de-hammamet-fatoumata-diawara-annule-son-concert-pour-raisons-de-sante\/#primaryimage\"},\"image\":{\"@id\":\"https:\/\/kapitalis.com\/tunisie\/2023\/08\/02\/festival-de-hammamet-fatoumata-diawara-annule-son-concert-pour-raisons-de-sante\/#primaryimage\"},\"thumbnailUrl\":\"https:\/\/kapitalis.com\/tunisie\/wp-content\/uploads\/2023\/08\/Fatoumata-Diawara.jpg\",\"datePublished\":\"2023-08-02T22:33:36+00:00\",\"dateModified\":\"2023-08-02T22:38:59+00:00\",\"description\":\"Festival de Hammamet : Fatoumata Diawara annule son concert pour raisons de sant\u00e9\",\"breadcrumb\":{\"@id\":\"https:\/\/kapitalis.com\/tunisie\/2023\/08\/02\/festival-de-hammamet-fatoumata-diawara-annule-son-concert-pour-raisons-de-sante\/#breadcrumb\"},\"inLanguage\":\"fr-FR\",\"potentialAction\":[{\"@type\":\"ReadAction\",\"target\":[\"https:\/\/kapitalis.com\/tunisie\/2023\/08\/02\/festival-de-hammamet-fatoumata-diawara-annule-son-concert-pour-raisons-de-sante\/\"]}]},{\"@type\":\"ImageObject\",\"inLanguage\":\"fr-FR\",\"@id\":\"https:\/\/kapitalis.com\/tunisie\/2023\/08\/02\/festival-de-hammamet-fatoumata-diawara-annule-son-concert-pour-raisons-de-sante\/#primaryimage\",\"url\":\"https:\/\/kapitalis.com\/tunisie\/wp-content\/uploads\/2023\/08\/Fatoumata-Diawara.jpg\",\"contentUrl\":\"https:\/\/kapitalis.com\/tunisie\/wp-content\/uploads\/2023\/08\/Fatoumata-Diawara.jpg\",\"width\":1200,\"height\":630},{\"@type\":\"BreadcrumbList\",\"@id\":\"https:\/\/kapitalis.com\/tunisie\/2023\/08\/02\/festival-de-hammamet-fatoumata-diawara-annule-son-concert-pour-raisons-de-sante\/#breadcrumb\",\"itemListElement\":[{\"@type\":\"ListItem\",\"position\":1,\"name\":\"Accueil\",\"item\":\"https:\/\/kapitalis.com\/tunisie\/\"},{\"@type\":\"ListItem\",\"position\":2,\"name\":\"Festival de Hammamet : Fatoumata Diawara annule son concert pour raisons de sant\u00e9\"}]},{\"@type\":\"WebSite\",\"@id\":\"https:\/\/kapitalis.com\/tunisie\/#website\",\"url\":\"https:\/\/kapitalis.com\/tunisie\/\",\"name\":\"Kapitalis\",\"description\":\"L&#039;actualit\u00e9 en Tunisie et dans le monde\",\"publisher\":{\"@id\":\"https:\/\/kapitalis.com\/tunisie\/#organization\"},\"potentialAction\":[{\"@type\":\"SearchAction\",\"target\":{\"@type\":\"EntryPoint\",\"urlTemplate\":\"https:\/\/kapitalis.com\/tunisie\/?s={search_term_string}\"},\"query-input\":{\"@type\":\"PropertyValueSpecification\",\"valueRequired\":true,\"valueName\":\"search_term_string\"}}],\"inLanguage\":\"fr-FR\"},{\"@type\":\"Organization\",\"@id\":\"https:\/\/kapitalis.com\/tunisie\/#organization\",\"name\":\"Kapitalis\",\"url\":\"https:\/\/kapitalis.com\/tunisie\/\",\"logo\":{\"@type\":\"ImageObject\",\"inLanguage\":\"fr-FR\",\"@id\":\"https:\/\/kapitalis.com\/tunisie\/#\/schema\/logo\/image\/\",\"url\":\"https:\/\/kapitalis.com\/tunisie\/wp-content\/uploads\/2022\/05\/Kapitalis-big-size.png\",\"contentUrl\":\"https:\/\/kapitalis.com\/tunisie\/wp-content\/uploads\/2022\/05\/Kapitalis-big-size.png\",\"width\":5000,\"height\":1500,\"caption\":\"Kapitalis\"},\"image\":{\"@id\":\"https:\/\/kapitalis.com\/tunisie\/#\/schema\/logo\/image\/\"},\"sameAs\":[\"https:\/\/www.facebook.com\/KapitalisInfo\/\",\"https:\/\/x.com\/KapitalisInfo\",\"https:\/\/www.youtube.com\/channel\/UC-yDYrHyfFBWWZaOw3FPg9Q\"]},{\"@type\":\"Person\",\"@id\":\"https:\/\/kapitalis.com\/tunisie\/#\/schema\/person\/74bbde0154d49d790a92aaeac5bc01d5\",\"name\":\"Yusra NY\",\"url\":\"https:\/\/kapitalis.com\/tunisie\/author\/yuza_adam\/\"}]}<\/script>\n<!-- \/ Yoast SEO plugin. -->","yoast_head_json":{"title":"Festival de Hammamet : Fatoumata Diawara annule son concert pour raisons de sant\u00e9 - Kapitalis","description":"Festival de Hammamet : Fatoumata Diawara annule son concert pour raisons de sant\u00e9","robots":{"index":"index","follow":"follow","max-snippet":"max-snippet:-1","max-image-preview":"max-image-preview:large","max-video-preview":"max-video-preview:-1"},"canonical":"https:\/\/kapitalis.com\/tunisie\/2023\/08\/02\/festival-de-hammamet-fatoumata-diawara-annule-son-concert-pour-raisons-de-sante\/","og_locale":"fr_FR","og_type":"article","og_title":"Festival de Hammamet : Fatoumata Diawara annule son concert pour raisons de sant\u00e9 - Kapitalis","og_description":"Festival de Hammamet : Fatoumata Diawara annule son concert pour raisons de sant\u00e9","og_url":"https:\/\/kapitalis.com\/tunisie\/2023\/08\/02\/festival-de-hammamet-fatoumata-diawara-annule-son-concert-pour-raisons-de-sante\/","og_site_name":"Kapitalis","article_publisher":"https:\/\/www.facebook.com\/KapitalisInfo\/","article_published_time":"2023-08-02T22:33:36+00:00","article_modified_time":"2023-08-02T22:38:59+00:00","og_image":[{"width":1200,"height":630,"url":"https:\/\/kapitalis.com\/tunisie\/wp-content\/uploads\/2023\/08\/Fatoumata-Diawara.jpg","type":"image\/jpeg"}],"author":"Yusra NY","twitter_card":"summary_large_image","twitter_creator":"@KapitalisInfo","twitter_site":"@KapitalisInfo","twitter_misc":{"\u00c9crit par":"Yusra NY","Dur\u00e9e de lecture estim\u00e9e":"1 minute"},"schema":{"@context":"https:\/\/schema.org","@graph":[{"@type":"Article","@id":"https:\/\/kapitalis.com\/tunisie\/2023\/08\/02\/festival-de-hammamet-fatoumata-diawara-annule-son-concert-pour-raisons-de-sante\/#article","isPartOf":{"@id":"https:\/\/kapitalis.com\/tunisie\/2023\/08\/02\/festival-de-hammamet-fatoumata-diawara-annule-son-concert-pour-raisons-de-sante\/"},"author":{"name":"Yusra NY","@id":"https:\/\/kapitalis.com\/tunisie\/#\/schema\/person\/74bbde0154d49d790a92aaeac5bc01d5"},"headline":"Festival de Hammamet : Fatoumata Diawara annule son concert pour raisons de sant\u00e9","datePublished":"2023-08-02T22:33:36+00:00","dateModified":"2023-08-02T22:38:59+00:00","mainEntityOfPage":{"@id":"https:\/\/kapitalis.com\/tunisie\/2023\/08\/02\/festival-de-hammamet-fatoumata-diawara-annule-son-concert-pour-raisons-de-sante\/"},"wordCount":192,"commentCount":0,"publisher":{"@id":"https:\/\/kapitalis.com\/tunisie\/#organization"},"image":{"@id":"https:\/\/kapitalis.com\/tunisie\/2023\/08\/02\/festival-de-hammamet-fatoumata-diawara-annule-son-concert-pour-raisons-de-sante\/#primaryimage"},"thumbnailUrl":"https:\/\/kapitalis.com\/tunisie\/wp-content\/uploads\/2023\/08\/Fatoumata-Diawara.jpg","keywords":["artiste malienne","Fatoumata Diawara","Festival de Hammamet","Sant\u00e9","Tunisie"],"articleSection":["CULTURE","Tunisie"],"inLanguage":"fr-FR","potentialAction":[{"@type":"CommentAction","name":"Comment","target":["https:\/\/kapitalis.com\/tunisie\/2023\/08\/02\/festival-de-hammamet-fatoumata-diawara-annule-son-concert-pour-raisons-de-sante\/#respond"]}]},{"@type":"WebPage","@id":"https:\/\/kapitalis.com\/tunisie\/2023\/08\/02\/festival-de-hammamet-fatoumata-diawara-annule-son-concert-pour-raisons-de-sante\/","url":"https:\/\/kapitalis.com\/tunisie\/2023\/08\/02\/festival-de-hammamet-fatoumata-diawara-annule-son-concert-pour-raisons-de-sante\/","name":"Festival de Hammamet : Fatoumata Diawara annule son concert pour raisons de sant\u00e9 - Kapitalis","isPartOf":{"@id":"https:\/\/kapitalis.com\/tunisie\/#website"},"primaryImageOfPage":{"@id":"https:\/\/kapitalis.com\/tunisie\/2023\/08\/02\/festival-de-hammamet-fatoumata-diawara-annule-son-concert-pour-raisons-de-sante\/#primaryimage"},"image":{"@id":"https:\/\/kapitalis.com\/tunisie\/2023\/08\/02\/festival-de-hammamet-fatoumata-diawara-annule-son-concert-pour-raisons-de-sante\/#primaryimage"},"thumbnailUrl":"https:\/\/kapitalis.com\/tunisie\/wp-content\/uploads\/2023\/08\/Fatoumata-Diawara.jpg","datePublished":"2023-08-02T22:33:36+00:00","dateModified":"2023-08-02T22:38:59+00:00","description":"Festival de Hammamet : Fatoumata Diawara annule son concert pour raisons de sant\u00e9","breadcrumb":{"@id":"https:\/\/kapitalis.com\/tunisie\/2023\/08\/02\/festival-de-hammamet-fatoumata-diawara-annule-son-concert-pour-raisons-de-sante\/#breadcrumb"},"inLanguage":"fr-FR","potentialAction":[{"@type":"ReadAction","target":["https:\/\/kapitalis.com\/tunisie\/2023\/08\/02\/festival-de-hammamet-fatoumata-diawara-annule-son-concert-pour-raisons-de-sante\/"]}]},{"@type":"ImageObject","inLanguage":"fr-FR","@id":"https:\/\/kapitalis.com\/tunisie\/2023\/08\/02\/festival-de-hammamet-fatoumata-diawara-annule-son-concert-pour-raisons-de-sante\/#primaryimage","url":"https:\/\/kapitalis.com\/tunisie\/wp-content\/uploads\/2023\/08\/Fatoumata-Diawara.jpg","contentUrl":"https:\/\/kapitalis.com\/tunisie\/wp-content\/uploads\/2023\/08\/Fatoumata-Diawara.jpg","width":1200,"height":630},{"@type":"BreadcrumbList","@id":"https:\/\/kapitalis.com\/tunisie\/2023\/08\/02\/festival-de-hammamet-fatoumata-diawara-annule-son-concert-pour-raisons-de-sante\/#breadcrumb","itemListElement":[{"@type":"ListItem","position":1,"name":"Accueil","item":"https:\/\/kapitalis.com\/tunisie\/"},{"@type":"ListItem","position":2,"name":"Festival de Hammamet : Fatoumata Diawara annule son concert pour raisons de sant\u00e9"}]},{"@type":"WebSite","@id":"https:\/\/kapitalis.com\/tunisie\/#website","url":"https:\/\/kapitalis.com\/tunisie\/","name":"Kapitalis","description":"L&#039;actualit\u00e9 en Tunisie et dans le monde","publisher":{"@id":"https:\/\/kapitalis.com\/tunisie\/#organization"},"potentialAction":[{"@type":"SearchAction","target":{"@type":"EntryPoint","urlTemplate":"https:\/\/kapitalis.com\/tunisie\/?s={search_term_string}"},"query-input":{"@type":"PropertyValueSpecification","valueRequired":true,"valueName":"search_term_string"}}],"inLanguage":"fr-FR"},{"@type":"Organization","@id":"https:\/\/kapitalis.com\/tunisie\/#organization","name":"Kapitalis","url":"https:\/\/kapitalis.com\/tunisie\/","logo":{"@type":"ImageObject","inLanguage":"fr-FR","@id":"https:\/\/kapitalis.com\/tunisie\/#\/schema\/logo\/image\/","url":"https:\/\/kapitalis.com\/tunisie\/wp-content\/uploads\/2022\/05\/Kapitalis-big-size.png","contentUrl":"https:\/\/kapitalis.com\/tunisie\/wp-content\/uploads\/2022\/05\/Kapitalis-big-size.png","width":5000,"height":1500,"caption":"Kapitalis"},"image":{"@id":"https:\/\/kapitalis.com\/tunisie\/#\/schema\/logo\/image\/"},"sameAs":["https:\/\/www.facebook.com\/KapitalisInfo\/","https:\/\/x.com\/KapitalisInfo","https:\/\/www.youtube.com\/channel\/UC-yDYrHyfFBWWZaOw3FPg9Q"]},{"@type":"Person","@id":"https:\/\/kapitalis.com\/tunisie\/#\/schema\/person\/74bbde0154d49d790a92aaeac5bc01d5","name":"Yusra NY","url":"https:\/\/kapitalis.com\/tunisie\/author\/yuza_adam\/"}]}},"_links":{"self":[{"href":"https:\/\/kapitalis.com\/tunisie\/wp-json\/wp\/v2\/posts\/9198412","targetHints":{"allow":["GET"]}}],"collection":[{"href":"https:\/\/kapitalis.com\/tunisie\/wp-json\/wp\/v2\/posts"}],"about":[{"href":"https:\/\/kapitalis.com\/tunisie\/wp-json\/wp\/v2\/types\/post"}],"author":[{"embeddable":true,"href":"https:\/\/kapitalis.com\/tunisie\/wp-json\/wp\/v2\/users\/6"}],"replies":[{"embeddable":true,"href":"https:\/\/kapitalis.com\/tunisie\/wp-json\/wp\/v2\/comments?post=9198412"}],"version-history":[{"count":2,"href":"https:\/\/kapitalis.com\/tunisie\/wp-json\/wp\/v2\/posts\/9198412\/revisions"}],"predecessor-version":[{"id":9198522,"href":"https:\/\/kapitalis.com\/tunisie\/wp-json\/wp\/v2\/posts\/9198412\/revisions\/9198522"}],"wp:featuredmedia":[{"embeddable":true,"href":"https:\/\/kapitalis.com\/tunisie\/wp-json\/wp\/v2\/media\/9198498"}],"wp:attachment":[{"href":"https:\/\/kapitalis.com\/tunisie\/wp-json\/wp\/v2\/media?parent=9198412"}],"wp:term":[{"taxonomy":"category","embeddable":true,"href":"https:\/\/kapitalis.com\/tunisie\/wp-json\/wp\/v2\/categories?post=9198412"},{"taxonomy":"post_tag","embeddable":true,"href":"https:\/\/kapitalis.com\/tunisie\/wp-json\/wp\/v2\/tags?post=9198412"}],"curies":[{"name":"wp","href":"https:\/\/api.w.org\/{rel}","templated":true}]}}