{"id":9203828,"date":"2023-08-03T08:36:06","date_gmt":"2023-08-03T07:36:06","guid":{"rendered":"https:\/\/kapitalis.com\/tunisie\/?p=9203828"},"modified":"2023-08-03T08:36:08","modified_gmt":"2023-08-03T07:36:08","slug":"tunisie-les-boulangers-modernes-montent-au-creneau","status":"publish","type":"post","link":"https:\/\/kapitalis.com\/tunisie\/2023\/08\/03\/tunisie-les-boulangers-modernes-montent-au-creneau\/","title":{"rendered":"Tunisie\u00a0: les boulangers modernes montent au cr\u00e9neau"},"content":{"rendered":"\n<p><strong><em>Le Groupement interprofessionnel des boulangeries modernes relevant de la Conf\u00e9d\u00e9ration nationale des entreprises de Tunisie (Conect) a annonc\u00e9 l\u2019observation de sit-in de protestation \u00e0 partir du lundi 7 ao\u00fbt 2023, devant le si\u00e8ge du minist\u00e8re du Commerce et du D\u00e9veloppement des exportations \u00e0 Tunis.<\/em><\/strong><\/p>\n\n\n\n<!--more-->\n\n\n\n<p>Dans un communiqu\u00e9 publi\u00e9 mercredi 2 ao\u00fbt, le groupement a pr\u00e9cis\u00e9 que ces mouvements de protestations, qui se poursuivront pendant 15 jours, interviennent suite \u00e0 la d\u00e9cision prise, mardi 1er ao\u00fbt, par le minist\u00e8re du Commerce, relative \u00e0 la suspension imm\u00e9diate de la vente de la farine PS-7 et de la semoule destin\u00e9e aux boulangeries non-class\u00e9es connues sous le nom de boulangeries modernes.<\/p>\n\n\n\n<p>Le groupement d\u00e9plore, \u00e0 cet effet, cette mesure qui risque d\u2019avoir des r\u00e9percussions n\u00e9fastes sur l\u2019ensemble des travailleurs dans ce secteur.<\/p>\n\n\n\n<p>Il convient de rappeler que le groupement a suspendu les activit\u00e9s de fabrication des diff\u00e9rentes vari\u00e9t\u00e9s de pain dans toutes les boulangeries affili\u00e9es dans toutes les r\u00e9gions de la r\u00e9publique \u00e0 partir du mardi 1<sup>er<\/sup> ao\u00fbt.<\/p>\n\n\n\n<figure class=\"wp-block-embed is-type-wp-embed is-provider-kapitalis wp-block-embed-kapitalis\"><div class=\"wp-block-embed__wrapper\">\n<blockquote class=\"wp-embedded-content\" data-secret=\"EO0KdHdIIn\"><a href=\"https:\/\/kapitalis.com\/tunisie\/2023\/08\/02\/9185661\/\">Tunisie\u00a0: la guerre des boulangeries n\u2019est pas termin\u00e9e<\/a><\/blockquote><iframe loading=\"lazy\" class=\"wp-embedded-content\" sandbox=\"allow-scripts\" security=\"restricted\" style=\"position: absolute; clip: rect(1px, 1px, 1px, 1px);\" title=\"\u00ab\u00a0Tunisie\u00a0: la guerre des boulangeries n\u2019est pas termin\u00e9e\u00a0\u00bb &#8212; Kapitalis\" src=\"https:\/\/kapitalis.com\/tunisie\/2023\/08\/02\/9185661\/embed\/#?secret=4IBLLCFUZm#?secret=EO0KdHdIIn\" data-secret=\"EO0KdHdIIn\" width=\"600\" height=\"338\" frameborder=\"0\" marginwidth=\"0\" marginheight=\"0\" scrolling=\"no\"><\/iframe>\n<\/div><\/figure>\n","protected":false},"excerpt":{"rendered":"<p>Les propri\u00e9taires de boulangeries modernes organisent une s\u00e9rie de mouvements de protestation. <\/p>\n","protected":false},"author":8,"featured_media":9106854,"comment_status":"open","ping_status":"open","sticky":false,"template":"","format":"standard","meta":{"footnotes":""},"categories":[995,2433],"tags":[97524,2144,76768,2174,62643],"class_list":["post-9203828","post","type-post","status-publish","format-standard","has-post-thumbnail","hentry","category-economie","category-tunisie","tag-boulangeries-modernes","tag-conect","tag-farine","tag-pain","tag-tunisie"],"yoast_head":"<!-- This site is optimized with the Yoast SEO plugin v26.6 - https:\/\/yoast.com\/wordpress\/plugins\/seo\/ -->\n<title>Tunisie\u00a0: les boulangers modernes montent au cr\u00e9neau - Kapitalis<\/title>\n<meta name=\"robots\" content=\"index, follow, max-snippet:-1, max-image-preview:large, max-video-preview:-1\" \/>\n<link rel=\"canonical\" href=\"https:\/\/kapitalis.com\/tunisie\/2023\/08\/03\/tunisie-les-boulangers-modernes-montent-au-creneau\/\" \/>\n<meta property=\"og:locale\" content=\"fr_FR\" \/>\n<meta property=\"og:type\" content=\"article\" \/>\n<meta property=\"og:title\" content=\"Tunisie\u00a0: les boulangers modernes montent au cr\u00e9neau - Kapitalis\" \/>\n<meta property=\"og:description\" content=\"Les propri\u00e9taires de boulangeries modernes organisent une s\u00e9rie de mouvements de protestation.\" \/>\n<meta property=\"og:url\" content=\"https:\/\/kapitalis.com\/tunisie\/2023\/08\/03\/tunisie-les-boulangers-modernes-montent-au-creneau\/\" \/>\n<meta property=\"og:site_name\" content=\"Kapitalis\" \/>\n<meta property=\"article:publisher\" content=\"https:\/\/www.facebook.com\/KapitalisInfo\/\" \/>\n<meta property=\"article:published_time\" content=\"2023-08-03T07:36:06+00:00\" \/>\n<meta property=\"article:modified_time\" content=\"2023-08-03T07:36:08+00:00\" \/>\n<meta property=\"og:image\" content=\"https:\/\/kapitalis.com\/tunisie\/wp-content\/uploads\/2023\/07\/Boulangerie-moderne.jpg\" \/>\n\t<meta property=\"og:image:width\" content=\"1200\" \/>\n\t<meta property=\"og:image:height\" content=\"630\" \/>\n\t<meta property=\"og:image:type\" content=\"image\/jpeg\" \/>\n<meta name=\"author\" content=\"webmaster kapitalis\" \/>\n<meta name=\"twitter:card\" content=\"summary_large_image\" \/>\n<meta name=\"twitter:creator\" content=\"@KapitalisInfo\" \/>\n<meta name=\"twitter:site\" content=\"@KapitalisInfo\" \/>\n<meta name=\"twitter:label1\" content=\"\u00c9crit par\" \/>\n\t<meta name=\"twitter:data1\" content=\"webmaster kapitalis\" \/>\n\t<meta name=\"twitter:label2\" content=\"Dur\u00e9e de lecture estim\u00e9e\" \/>\n\t<meta name=\"twitter:data2\" content=\"1 minute\" \/>\n<script type=\"application\/ld+json\" class=\"yoast-schema-graph\">{\"@context\":\"https:\/\/schema.org\",\"@graph\":[{\"@type\":\"Article\",\"@id\":\"https:\/\/kapitalis.com\/tunisie\/2023\/08\/03\/tunisie-les-boulangers-modernes-montent-au-creneau\/#article\",\"isPartOf\":{\"@id\":\"https:\/\/kapitalis.com\/tunisie\/2023\/08\/03\/tunisie-les-boulangers-modernes-montent-au-creneau\/\"},\"author\":{\"name\":\"webmaster kapitalis\",\"@id\":\"https:\/\/kapitalis.com\/tunisie\/#\/schema\/person\/d71f33a9ca44f7bad4698210b480c8e9\"},\"headline\":\"Tunisie\u00a0: les boulangers modernes montent au cr\u00e9neau\",\"datePublished\":\"2023-08-03T07:36:06+00:00\",\"dateModified\":\"2023-08-03T07:36:08+00:00\",\"mainEntityOfPage\":{\"@id\":\"https:\/\/kapitalis.com\/tunisie\/2023\/08\/03\/tunisie-les-boulangers-modernes-montent-au-creneau\/\"},\"wordCount\":194,\"commentCount\":3,\"publisher\":{\"@id\":\"https:\/\/kapitalis.com\/tunisie\/#organization\"},\"image\":{\"@id\":\"https:\/\/kapitalis.com\/tunisie\/2023\/08\/03\/tunisie-les-boulangers-modernes-montent-au-creneau\/#primaryimage\"},\"thumbnailUrl\":\"https:\/\/kapitalis.com\/tunisie\/wp-content\/uploads\/2023\/07\/Boulangerie-moderne.jpg\",\"keywords\":[\"boulangeries modernes\",\"Conect\",\"farine\",\"pain\",\"Tunisie\"],\"articleSection\":[\"ECONOMIE\",\"Tunisie\"],\"inLanguage\":\"fr-FR\",\"potentialAction\":[{\"@type\":\"CommentAction\",\"name\":\"Comment\",\"target\":[\"https:\/\/kapitalis.com\/tunisie\/2023\/08\/03\/tunisie-les-boulangers-modernes-montent-au-creneau\/#respond\"]}]},{\"@type\":\"WebPage\",\"@id\":\"https:\/\/kapitalis.com\/tunisie\/2023\/08\/03\/tunisie-les-boulangers-modernes-montent-au-creneau\/\",\"url\":\"https:\/\/kapitalis.com\/tunisie\/2023\/08\/03\/tunisie-les-boulangers-modernes-montent-au-creneau\/\",\"name\":\"Tunisie\u00a0: les boulangers modernes montent au cr\u00e9neau - Kapitalis\",\"isPartOf\":{\"@id\":\"https:\/\/kapitalis.com\/tunisie\/#website\"},\"primaryImageOfPage\":{\"@id\":\"https:\/\/kapitalis.com\/tunisie\/2023\/08\/03\/tunisie-les-boulangers-modernes-montent-au-creneau\/#primaryimage\"},\"image\":{\"@id\":\"https:\/\/kapitalis.com\/tunisie\/2023\/08\/03\/tunisie-les-boulangers-modernes-montent-au-creneau\/#primaryimage\"},\"thumbnailUrl\":\"https:\/\/kapitalis.com\/tunisie\/wp-content\/uploads\/2023\/07\/Boulangerie-moderne.jpg\",\"datePublished\":\"2023-08-03T07:36:06+00:00\",\"dateModified\":\"2023-08-03T07:36:08+00:00\",\"breadcrumb\":{\"@id\":\"https:\/\/kapitalis.com\/tunisie\/2023\/08\/03\/tunisie-les-boulangers-modernes-montent-au-creneau\/#breadcrumb\"},\"inLanguage\":\"fr-FR\",\"potentialAction\":[{\"@type\":\"ReadAction\",\"target\":[\"https:\/\/kapitalis.com\/tunisie\/2023\/08\/03\/tunisie-les-boulangers-modernes-montent-au-creneau\/\"]}]},{\"@type\":\"ImageObject\",\"inLanguage\":\"fr-FR\",\"@id\":\"https:\/\/kapitalis.com\/tunisie\/2023\/08\/03\/tunisie-les-boulangers-modernes-montent-au-creneau\/#primaryimage\",\"url\":\"https:\/\/kapitalis.com\/tunisie\/wp-content\/uploads\/2023\/07\/Boulangerie-moderne.jpg\",\"contentUrl\":\"https:\/\/kapitalis.com\/tunisie\/wp-content\/uploads\/2023\/07\/Boulangerie-moderne.jpg\",\"width\":1200,\"height\":630},{\"@type\":\"BreadcrumbList\",\"@id\":\"https:\/\/kapitalis.com\/tunisie\/2023\/08\/03\/tunisie-les-boulangers-modernes-montent-au-creneau\/#breadcrumb\",\"itemListElement\":[{\"@type\":\"ListItem\",\"position\":1,\"name\":\"Accueil\",\"item\":\"https:\/\/kapitalis.com\/tunisie\/\"},{\"@type\":\"ListItem\",\"position\":2,\"name\":\"Tunisie\u00a0: les boulangers modernes montent au cr\u00e9neau\"}]},{\"@type\":\"WebSite\",\"@id\":\"https:\/\/kapitalis.com\/tunisie\/#website\",\"url\":\"https:\/\/kapitalis.com\/tunisie\/\",\"name\":\"Kapitalis\",\"description\":\"L&#039;actualit\u00e9 en Tunisie et dans le monde\",\"publisher\":{\"@id\":\"https:\/\/kapitalis.com\/tunisie\/#organization\"},\"potentialAction\":[{\"@type\":\"SearchAction\",\"target\":{\"@type\":\"EntryPoint\",\"urlTemplate\":\"https:\/\/kapitalis.com\/tunisie\/?s={search_term_string}\"},\"query-input\":{\"@type\":\"PropertyValueSpecification\",\"valueRequired\":true,\"valueName\":\"search_term_string\"}}],\"inLanguage\":\"fr-FR\"},{\"@type\":\"Organization\",\"@id\":\"https:\/\/kapitalis.com\/tunisie\/#organization\",\"name\":\"Kapitalis\",\"url\":\"https:\/\/kapitalis.com\/tunisie\/\",\"logo\":{\"@type\":\"ImageObject\",\"inLanguage\":\"fr-FR\",\"@id\":\"https:\/\/kapitalis.com\/tunisie\/#\/schema\/logo\/image\/\",\"url\":\"https:\/\/kapitalis.com\/tunisie\/wp-content\/uploads\/2022\/05\/Kapitalis-big-size.png\",\"contentUrl\":\"https:\/\/kapitalis.com\/tunisie\/wp-content\/uploads\/2022\/05\/Kapitalis-big-size.png\",\"width\":5000,\"height\":1500,\"caption\":\"Kapitalis\"},\"image\":{\"@id\":\"https:\/\/kapitalis.com\/tunisie\/#\/schema\/logo\/image\/\"},\"sameAs\":[\"https:\/\/www.facebook.com\/KapitalisInfo\/\",\"https:\/\/x.com\/KapitalisInfo\",\"https:\/\/www.youtube.com\/channel\/UC-yDYrHyfFBWWZaOw3FPg9Q\"]},{\"@type\":\"Person\",\"@id\":\"https:\/\/kapitalis.com\/tunisie\/#\/schema\/person\/d71f33a9ca44f7bad4698210b480c8e9\",\"name\":\"webmaster kapitalis\",\"url\":\"https:\/\/kapitalis.com\/tunisie\/author\/webmaster-kapitalis\/\"}]}<\/script>\n<!-- \/ Yoast SEO plugin. -->","yoast_head_json":{"title":"Tunisie\u00a0: les boulangers modernes montent au cr\u00e9neau - Kapitalis","robots":{"index":"index","follow":"follow","max-snippet":"max-snippet:-1","max-image-preview":"max-image-preview:large","max-video-preview":"max-video-preview:-1"},"canonical":"https:\/\/kapitalis.com\/tunisie\/2023\/08\/03\/tunisie-les-boulangers-modernes-montent-au-creneau\/","og_locale":"fr_FR","og_type":"article","og_title":"Tunisie\u00a0: les boulangers modernes montent au cr\u00e9neau - Kapitalis","og_description":"Les propri\u00e9taires de boulangeries modernes organisent une s\u00e9rie de mouvements de protestation.","og_url":"https:\/\/kapitalis.com\/tunisie\/2023\/08\/03\/tunisie-les-boulangers-modernes-montent-au-creneau\/","og_site_name":"Kapitalis","article_publisher":"https:\/\/www.facebook.com\/KapitalisInfo\/","article_published_time":"2023-08-03T07:36:06+00:00","article_modified_time":"2023-08-03T07:36:08+00:00","og_image":[{"width":1200,"height":630,"url":"https:\/\/kapitalis.com\/tunisie\/wp-content\/uploads\/2023\/07\/Boulangerie-moderne.jpg","type":"image\/jpeg"}],"author":"webmaster kapitalis","twitter_card":"summary_large_image","twitter_creator":"@KapitalisInfo","twitter_site":"@KapitalisInfo","twitter_misc":{"\u00c9crit par":"webmaster kapitalis","Dur\u00e9e de lecture estim\u00e9e":"1 minute"},"schema":{"@context":"https:\/\/schema.org","@graph":[{"@type":"Article","@id":"https:\/\/kapitalis.com\/tunisie\/2023\/08\/03\/tunisie-les-boulangers-modernes-montent-au-creneau\/#article","isPartOf":{"@id":"https:\/\/kapitalis.com\/tunisie\/2023\/08\/03\/tunisie-les-boulangers-modernes-montent-au-creneau\/"},"author":{"name":"webmaster kapitalis","@id":"https:\/\/kapitalis.com\/tunisie\/#\/schema\/person\/d71f33a9ca44f7bad4698210b480c8e9"},"headline":"Tunisie\u00a0: les boulangers modernes montent au cr\u00e9neau","datePublished":"2023-08-03T07:36:06+00:00","dateModified":"2023-08-03T07:36:08+00:00","mainEntityOfPage":{"@id":"https:\/\/kapitalis.com\/tunisie\/2023\/08\/03\/tunisie-les-boulangers-modernes-montent-au-creneau\/"},"wordCount":194,"commentCount":3,"publisher":{"@id":"https:\/\/kapitalis.com\/tunisie\/#organization"},"image":{"@id":"https:\/\/kapitalis.com\/tunisie\/2023\/08\/03\/tunisie-les-boulangers-modernes-montent-au-creneau\/#primaryimage"},"thumbnailUrl":"https:\/\/kapitalis.com\/tunisie\/wp-content\/uploads\/2023\/07\/Boulangerie-moderne.jpg","keywords":["boulangeries modernes","Conect","farine","pain","Tunisie"],"articleSection":["ECONOMIE","Tunisie"],"inLanguage":"fr-FR","potentialAction":[{"@type":"CommentAction","name":"Comment","target":["https:\/\/kapitalis.com\/tunisie\/2023\/08\/03\/tunisie-les-boulangers-modernes-montent-au-creneau\/#respond"]}]},{"@type":"WebPage","@id":"https:\/\/kapitalis.com\/tunisie\/2023\/08\/03\/tunisie-les-boulangers-modernes-montent-au-creneau\/","url":"https:\/\/kapitalis.com\/tunisie\/2023\/08\/03\/tunisie-les-boulangers-modernes-montent-au-creneau\/","name":"Tunisie\u00a0: les boulangers modernes montent au cr\u00e9neau - Kapitalis","isPartOf":{"@id":"https:\/\/kapitalis.com\/tunisie\/#website"},"primaryImageOfPage":{"@id":"https:\/\/kapitalis.com\/tunisie\/2023\/08\/03\/tunisie-les-boulangers-modernes-montent-au-creneau\/#primaryimage"},"image":{"@id":"https:\/\/kapitalis.com\/tunisie\/2023\/08\/03\/tunisie-les-boulangers-modernes-montent-au-creneau\/#primaryimage"},"thumbnailUrl":"https:\/\/kapitalis.com\/tunisie\/wp-content\/uploads\/2023\/07\/Boulangerie-moderne.jpg","datePublished":"2023-08-03T07:36:06+00:00","dateModified":"2023-08-03T07:36:08+00:00","breadcrumb":{"@id":"https:\/\/kapitalis.com\/tunisie\/2023\/08\/03\/tunisie-les-boulangers-modernes-montent-au-creneau\/#breadcrumb"},"inLanguage":"fr-FR","potentialAction":[{"@type":"ReadAction","target":["https:\/\/kapitalis.com\/tunisie\/2023\/08\/03\/tunisie-les-boulangers-modernes-montent-au-creneau\/"]}]},{"@type":"ImageObject","inLanguage":"fr-FR","@id":"https:\/\/kapitalis.com\/tunisie\/2023\/08\/03\/tunisie-les-boulangers-modernes-montent-au-creneau\/#primaryimage","url":"https:\/\/kapitalis.com\/tunisie\/wp-content\/uploads\/2023\/07\/Boulangerie-moderne.jpg","contentUrl":"https:\/\/kapitalis.com\/tunisie\/wp-content\/uploads\/2023\/07\/Boulangerie-moderne.jpg","width":1200,"height":630},{"@type":"BreadcrumbList","@id":"https:\/\/kapitalis.com\/tunisie\/2023\/08\/03\/tunisie-les-boulangers-modernes-montent-au-creneau\/#breadcrumb","itemListElement":[{"@type":"ListItem","position":1,"name":"Accueil","item":"https:\/\/kapitalis.com\/tunisie\/"},{"@type":"ListItem","position":2,"name":"Tunisie\u00a0: les boulangers modernes montent au cr\u00e9neau"}]},{"@type":"WebSite","@id":"https:\/\/kapitalis.com\/tunisie\/#website","url":"https:\/\/kapitalis.com\/tunisie\/","name":"Kapitalis","description":"L&#039;actualit\u00e9 en Tunisie et dans le monde","publisher":{"@id":"https:\/\/kapitalis.com\/tunisie\/#organization"},"potentialAction":[{"@type":"SearchAction","target":{"@type":"EntryPoint","urlTemplate":"https:\/\/kapitalis.com\/tunisie\/?s={search_term_string}"},"query-input":{"@type":"PropertyValueSpecification","valueRequired":true,"valueName":"search_term_string"}}],"inLanguage":"fr-FR"},{"@type":"Organization","@id":"https:\/\/kapitalis.com\/tunisie\/#organization","name":"Kapitalis","url":"https:\/\/kapitalis.com\/tunisie\/","logo":{"@type":"ImageObject","inLanguage":"fr-FR","@id":"https:\/\/kapitalis.com\/tunisie\/#\/schema\/logo\/image\/","url":"https:\/\/kapitalis.com\/tunisie\/wp-content\/uploads\/2022\/05\/Kapitalis-big-size.png","contentUrl":"https:\/\/kapitalis.com\/tunisie\/wp-content\/uploads\/2022\/05\/Kapitalis-big-size.png","width":5000,"height":1500,"caption":"Kapitalis"},"image":{"@id":"https:\/\/kapitalis.com\/tunisie\/#\/schema\/logo\/image\/"},"sameAs":["https:\/\/www.facebook.com\/KapitalisInfo\/","https:\/\/x.com\/KapitalisInfo","https:\/\/www.youtube.com\/channel\/UC-yDYrHyfFBWWZaOw3FPg9Q"]},{"@type":"Person","@id":"https:\/\/kapitalis.com\/tunisie\/#\/schema\/person\/d71f33a9ca44f7bad4698210b480c8e9","name":"webmaster kapitalis","url":"https:\/\/kapitalis.com\/tunisie\/author\/webmaster-kapitalis\/"}]}},"_links":{"self":[{"href":"https:\/\/kapitalis.com\/tunisie\/wp-json\/wp\/v2\/posts\/9203828","targetHints":{"allow":["GET"]}}],"collection":[{"href":"https:\/\/kapitalis.com\/tunisie\/wp-json\/wp\/v2\/posts"}],"about":[{"href":"https:\/\/kapitalis.com\/tunisie\/wp-json\/wp\/v2\/types\/post"}],"author":[{"embeddable":true,"href":"https:\/\/kapitalis.com\/tunisie\/wp-json\/wp\/v2\/users\/8"}],"replies":[{"embeddable":true,"href":"https:\/\/kapitalis.com\/tunisie\/wp-json\/wp\/v2\/comments?post=9203828"}],"version-history":[{"count":1,"href":"https:\/\/kapitalis.com\/tunisie\/wp-json\/wp\/v2\/posts\/9203828\/revisions"}],"predecessor-version":[{"id":9203901,"href":"https:\/\/kapitalis.com\/tunisie\/wp-json\/wp\/v2\/posts\/9203828\/revisions\/9203901"}],"wp:featuredmedia":[{"embeddable":true,"href":"https:\/\/kapitalis.com\/tunisie\/wp-json\/wp\/v2\/media\/9106854"}],"wp:attachment":[{"href":"https:\/\/kapitalis.com\/tunisie\/wp-json\/wp\/v2\/media?parent=9203828"}],"wp:term":[{"taxonomy":"category","embeddable":true,"href":"https:\/\/kapitalis.com\/tunisie\/wp-json\/wp\/v2\/categories?post=9203828"},{"taxonomy":"post_tag","embeddable":true,"href":"https:\/\/kapitalis.com\/tunisie\/wp-json\/wp\/v2\/tags?post=9203828"}],"curies":[{"name":"wp","href":"https:\/\/api.w.org\/{rel}","templated":true}]}}