{"id":9204166,"date":"2023-08-03T08:59:30","date_gmt":"2023-08-03T07:59:30","guid":{"rendered":"https:\/\/kapitalis.com\/tunisie\/?p=9204166"},"modified":"2023-08-03T08:59:31","modified_gmt":"2023-08-03T07:59:31","slug":"ftdes-des-conflits-dinterets-derriere-la-crise-des-dechets-en-tunisie","status":"publish","type":"post","link":"https:\/\/kapitalis.com\/tunisie\/2023\/08\/03\/ftdes-des-conflits-dinterets-derriere-la-crise-des-dechets-en-tunisie\/","title":{"rendered":"FTDES\u00a0: des conflits d\u2019int\u00e9r\u00eats derri\u00e8re la crise des d\u00e9chets en Tunisie"},"content":{"rendered":"\n<p><strong><em>Les conflits d\u2019int\u00e9r\u00eats et les m\u00e9sententes entre les diff\u00e9rents acteurs impliqu\u00e9s dans le processus de gestion des d\u00e9chets font de la question environnementale \u00abun sujet de conflit qui conduit progressivement \u00e0 la confrontation\u00bb, indique un r\u00e9cent rapport du Forum tunisien des droits \u00e9conomiques et sociaux (FTDES).<\/em><\/strong><\/p>\n\n\n\n<!--more-->\n\n\n\n<p>Dans son rapport semestriel sur la justice environnementale, le FTDES a soulign\u00e9 que les conflits d\u2019int\u00e9r\u00eats et les diff\u00e9rences sont susceptibles d\u2019aggraver la crise environnementale en Tunisie.<\/p>\n\n\n\n<p>Evoquant <em>\u00ables int\u00e9r\u00eats divergents des diff\u00e9rents acteurs\u00bb<\/em>, le Forum a expliqu\u00e9 que les entreprises priv\u00e9es en charge de la gestion des d\u00e9charges contr\u00f4l\u00e9es et semi-contr\u00f4l\u00e9es font pression non seulement pour maintenir les modes d\u2019enfouissement, mais aussi pour retarder la transition vers le recyclage des d\u00e9chets.<\/p>\n\n\n\n<p><em>\u00abLeur objectif est de profiter du transport incontr\u00f4l\u00e9 de tous les d\u00e9chets. Ces entreprises s\u2019efforcent d\u2019amener le maximum de d\u00e9chets dans les d\u00e9charges car leurs revenus sont calcul\u00e9s sur le volume de d\u00e9chets\u00bb<\/em>, a ajout\u00e9 le Forum.<\/p>\n\n\n\n<p>Pour l\u2019association, l\u2019attribution d\u2019une partie des services de gestion des d\u00e9chets \u00e0 ces entreprises au travers de concessions accord\u00e9es par les communes ou l\u2019Agence nationale de gestion des d\u00e9chets (Anged) traduit <em>\u00abla d\u00e9marche progressive de privatisation de ce secteur\u00bb<\/em>.<\/p>\n\n\n\n<p>&nbsp;Selon la m\u00eame source, bien que le processus de privatisation soit r\u00e9gi par des cadres juridiques et un cahier des charges pr\u00e9cis, il reste \u00e0 la source de plusieurs probl\u00e8mes et d\u00e9passements qui ont affect\u00e9 les habitants des zones proches des d\u00e9charges.<\/p>\n\n\n\n<p>Dans son rapport, le Forum a \u00e9galement d\u00e9plor\u00e9 la divergence de vision entre les diff\u00e9rentes parties prenantes, dont les autorit\u00e9s, les victimes de la pollution et la soci\u00e9t\u00e9 civile.<\/p>\n\n\n\n<p>Pour le FTDES, la strat\u00e9gie des autorit\u00e9s repose sur la centralisation de la gestion des d\u00e9chets, l\u2019adoption de technologies d\u2019enfouissement, la construction de d\u00e9charges pour les groupes sociaux les plus vuln\u00e9rables et une pr\u00e9sence polici\u00e8re accrue lors des manifestations sociales environnementales.<\/p>\n\n\n\n<p>D\u2019autre part, les groupes vuln\u00e9rables et la soci\u00e9t\u00e9 civile revendiquent leur droit \u00e0 un environnement sain. Ils ont appel\u00e9 \u00e0 la d\u00e9centralisation de la gestion et du recyclage des d\u00e9chets.<\/p>\n\n\n\n<p>Enfin, le forum a appel\u00e9 les autorit\u00e9s \u00e0 agir sur l\u2019environnement conform\u00e9ment aux slogans qu\u2019elles d\u00e9fendent et \u00e0 se concentrer sur la lutte contre la corruption.<\/p>\n\n\n\n<p>La Tunisie produit environ 2,7 millions de tonnes de d\u00e9chets, selon l\u2019Anged.<\/p>\n\n\n\n<p>Le taux de production de d\u00e9chets par habitant est de plus de 0,815 kg par jour en milieu urbain et de pr\u00e8s de 0,250 kg en milieu rural.<\/p>\n\n\n\n<p>Pour la gestion des d\u00e9chets, les communes y contribuent \u00e0 hauteur de 40 %. <\/p>\n\n\n\n<p><strong><em>D\u2019apr\u00e8s Tap.<\/em><\/strong><\/p>\n\n\n\n<figure class=\"wp-block-embed is-type-wp-embed is-provider-kapitalis wp-block-embed-kapitalis\"><div class=\"wp-block-embed__wrapper\">\n<blockquote class=\"wp-embedded-content\" data-secret=\"DsyX5mXyMH\"><a href=\"https:\/\/kapitalis.com\/tunisie\/2022\/11\/18\/le-tri-selectif-une-urgence-pour-le-traitement-des-dechets-en-tunisie\/\">Le tri s\u00e9lectif, une urgence pour le traitement des d\u00e9chets en Tunisie<\/a><\/blockquote><iframe loading=\"lazy\" class=\"wp-embedded-content\" sandbox=\"allow-scripts\" security=\"restricted\" style=\"position: absolute; clip: rect(1px, 1px, 1px, 1px);\" title=\"\u00ab\u00a0Le tri s\u00e9lectif, une urgence pour le traitement des d\u00e9chets en Tunisie\u00a0\u00bb &#8212; Kapitalis\" src=\"https:\/\/kapitalis.com\/tunisie\/2022\/11\/18\/le-tri-selectif-une-urgence-pour-le-traitement-des-dechets-en-tunisie\/embed\/#?secret=LYGjzCbEW4#?secret=DsyX5mXyMH\" data-secret=\"DsyX5mXyMH\" width=\"600\" height=\"338\" frameborder=\"0\" marginwidth=\"0\" marginheight=\"0\" scrolling=\"no\"><\/iframe>\n<\/div><\/figure>\n","protected":false},"excerpt":{"rendered":"<p>Les conflits d\u2019int\u00e9r\u00eats et les m\u00e9sententes entre les diff\u00e9rents acteurs provoquent des conflit dans le secteur de la gestion des d\u00e9chets en Tunisie. <\/p>\n","protected":false},"author":8,"featured_media":1451859,"comment_status":"open","ping_status":"open","sticky":false,"template":"","format":"standard","meta":{"footnotes":""},"categories":[995,2433],"tags":[9356,110259,110260,401,81030,732,1052,62643],"class_list":["post-9204166","post","type-post","status-publish","format-standard","has-post-thumbnail","hentry","category-economie","category-tunisie","tag-anged","tag-conflits-dinterets","tag-decharges-controlees","tag-ftdes","tag-gestion-des-dechets","tag-pollution","tag-recyclage","tag-tunisie"],"yoast_head":"<!-- This site is optimized with the Yoast SEO plugin v26.6 - https:\/\/yoast.com\/wordpress\/plugins\/seo\/ -->\n<title>FTDES\u00a0: des conflits d\u2019int\u00e9r\u00eats derri\u00e8re la crise des d\u00e9chets en Tunisie - Kapitalis<\/title>\n<meta name=\"robots\" content=\"index, follow, max-snippet:-1, max-image-preview:large, max-video-preview:-1\" \/>\n<link rel=\"canonical\" href=\"https:\/\/kapitalis.com\/tunisie\/2023\/08\/03\/ftdes-des-conflits-dinterets-derriere-la-crise-des-dechets-en-tunisie\/\" \/>\n<meta property=\"og:locale\" content=\"fr_FR\" \/>\n<meta property=\"og:type\" content=\"article\" \/>\n<meta property=\"og:title\" content=\"FTDES\u00a0: des conflits d\u2019int\u00e9r\u00eats derri\u00e8re la crise des d\u00e9chets en Tunisie - Kapitalis\" \/>\n<meta property=\"og:description\" content=\"Les conflits d\u2019int\u00e9r\u00eats et les m\u00e9sententes entre les diff\u00e9rents acteurs provoquent des conflit dans le secteur de la gestion des d\u00e9chets en Tunisie.\" \/>\n<meta property=\"og:url\" content=\"https:\/\/kapitalis.com\/tunisie\/2023\/08\/03\/ftdes-des-conflits-dinterets-derriere-la-crise-des-dechets-en-tunisie\/\" \/>\n<meta property=\"og:site_name\" content=\"Kapitalis\" \/>\n<meta property=\"article:publisher\" content=\"https:\/\/www.facebook.com\/KapitalisInfo\/\" \/>\n<meta property=\"article:published_time\" content=\"2023-08-03T07:59:30+00:00\" \/>\n<meta property=\"article:modified_time\" content=\"2023-08-03T07:59:31+00:00\" \/>\n<meta property=\"og:image\" content=\"https:\/\/kapitalis.com\/tunisie\/wp-content\/uploads\/2022\/06\/dechets-sfax.jpg\" \/>\n\t<meta property=\"og:image:width\" content=\"1200\" \/>\n\t<meta property=\"og:image:height\" content=\"630\" \/>\n\t<meta property=\"og:image:type\" content=\"image\/jpeg\" \/>\n<meta name=\"author\" content=\"webmaster kapitalis\" \/>\n<meta name=\"twitter:card\" content=\"summary_large_image\" \/>\n<meta name=\"twitter:creator\" content=\"@KapitalisInfo\" \/>\n<meta name=\"twitter:site\" content=\"@KapitalisInfo\" \/>\n<meta name=\"twitter:label1\" content=\"\u00c9crit par\" \/>\n\t<meta name=\"twitter:data1\" content=\"webmaster kapitalis\" \/>\n\t<meta name=\"twitter:label2\" content=\"Dur\u00e9e de lecture estim\u00e9e\" \/>\n\t<meta name=\"twitter:data2\" content=\"3 minutes\" \/>\n<script type=\"application\/ld+json\" class=\"yoast-schema-graph\">{\"@context\":\"https:\/\/schema.org\",\"@graph\":[{\"@type\":\"Article\",\"@id\":\"https:\/\/kapitalis.com\/tunisie\/2023\/08\/03\/ftdes-des-conflits-dinterets-derriere-la-crise-des-dechets-en-tunisie\/#article\",\"isPartOf\":{\"@id\":\"https:\/\/kapitalis.com\/tunisie\/2023\/08\/03\/ftdes-des-conflits-dinterets-derriere-la-crise-des-dechets-en-tunisie\/\"},\"author\":{\"name\":\"webmaster kapitalis\",\"@id\":\"https:\/\/kapitalis.com\/tunisie\/#\/schema\/person\/d71f33a9ca44f7bad4698210b480c8e9\"},\"headline\":\"FTDES\u00a0: des conflits d\u2019int\u00e9r\u00eats derri\u00e8re la crise des d\u00e9chets en Tunisie\",\"datePublished\":\"2023-08-03T07:59:30+00:00\",\"dateModified\":\"2023-08-03T07:59:31+00:00\",\"mainEntityOfPage\":{\"@id\":\"https:\/\/kapitalis.com\/tunisie\/2023\/08\/03\/ftdes-des-conflits-dinterets-derriere-la-crise-des-dechets-en-tunisie\/\"},\"wordCount\":503,\"commentCount\":1,\"publisher\":{\"@id\":\"https:\/\/kapitalis.com\/tunisie\/#organization\"},\"image\":{\"@id\":\"https:\/\/kapitalis.com\/tunisie\/2023\/08\/03\/ftdes-des-conflits-dinterets-derriere-la-crise-des-dechets-en-tunisie\/#primaryimage\"},\"thumbnailUrl\":\"https:\/\/kapitalis.com\/tunisie\/wp-content\/uploads\/2022\/06\/dechets-sfax.jpg\",\"keywords\":[\"Anged\",\"conflits d\u2019int\u00e9r\u00eats\",\"d\u00e9charges contr\u00f4l\u00e9es\",\"FTDES\",\"gestion des d\u00e9chets\",\"pollution\",\"recyclage\",\"Tunisie\"],\"articleSection\":[\"ECONOMIE\",\"Tunisie\"],\"inLanguage\":\"fr-FR\",\"potentialAction\":[{\"@type\":\"CommentAction\",\"name\":\"Comment\",\"target\":[\"https:\/\/kapitalis.com\/tunisie\/2023\/08\/03\/ftdes-des-conflits-dinterets-derriere-la-crise-des-dechets-en-tunisie\/#respond\"]}]},{\"@type\":\"WebPage\",\"@id\":\"https:\/\/kapitalis.com\/tunisie\/2023\/08\/03\/ftdes-des-conflits-dinterets-derriere-la-crise-des-dechets-en-tunisie\/\",\"url\":\"https:\/\/kapitalis.com\/tunisie\/2023\/08\/03\/ftdes-des-conflits-dinterets-derriere-la-crise-des-dechets-en-tunisie\/\",\"name\":\"FTDES\u00a0: des conflits d\u2019int\u00e9r\u00eats derri\u00e8re la crise des d\u00e9chets en Tunisie - Kapitalis\",\"isPartOf\":{\"@id\":\"https:\/\/kapitalis.com\/tunisie\/#website\"},\"primaryImageOfPage\":{\"@id\":\"https:\/\/kapitalis.com\/tunisie\/2023\/08\/03\/ftdes-des-conflits-dinterets-derriere-la-crise-des-dechets-en-tunisie\/#primaryimage\"},\"image\":{\"@id\":\"https:\/\/kapitalis.com\/tunisie\/2023\/08\/03\/ftdes-des-conflits-dinterets-derriere-la-crise-des-dechets-en-tunisie\/#primaryimage\"},\"thumbnailUrl\":\"https:\/\/kapitalis.com\/tunisie\/wp-content\/uploads\/2022\/06\/dechets-sfax.jpg\",\"datePublished\":\"2023-08-03T07:59:30+00:00\",\"dateModified\":\"2023-08-03T07:59:31+00:00\",\"breadcrumb\":{\"@id\":\"https:\/\/kapitalis.com\/tunisie\/2023\/08\/03\/ftdes-des-conflits-dinterets-derriere-la-crise-des-dechets-en-tunisie\/#breadcrumb\"},\"inLanguage\":\"fr-FR\",\"potentialAction\":[{\"@type\":\"ReadAction\",\"target\":[\"https:\/\/kapitalis.com\/tunisie\/2023\/08\/03\/ftdes-des-conflits-dinterets-derriere-la-crise-des-dechets-en-tunisie\/\"]}]},{\"@type\":\"ImageObject\",\"inLanguage\":\"fr-FR\",\"@id\":\"https:\/\/kapitalis.com\/tunisie\/2023\/08\/03\/ftdes-des-conflits-dinterets-derriere-la-crise-des-dechets-en-tunisie\/#primaryimage\",\"url\":\"https:\/\/kapitalis.com\/tunisie\/wp-content\/uploads\/2022\/06\/dechets-sfax.jpg\",\"contentUrl\":\"https:\/\/kapitalis.com\/tunisie\/wp-content\/uploads\/2022\/06\/dechets-sfax.jpg\",\"width\":1200,\"height\":630},{\"@type\":\"BreadcrumbList\",\"@id\":\"https:\/\/kapitalis.com\/tunisie\/2023\/08\/03\/ftdes-des-conflits-dinterets-derriere-la-crise-des-dechets-en-tunisie\/#breadcrumb\",\"itemListElement\":[{\"@type\":\"ListItem\",\"position\":1,\"name\":\"Accueil\",\"item\":\"https:\/\/kapitalis.com\/tunisie\/\"},{\"@type\":\"ListItem\",\"position\":2,\"name\":\"FTDES\u00a0: des conflits d\u2019int\u00e9r\u00eats derri\u00e8re la crise des d\u00e9chets en Tunisie\"}]},{\"@type\":\"WebSite\",\"@id\":\"https:\/\/kapitalis.com\/tunisie\/#website\",\"url\":\"https:\/\/kapitalis.com\/tunisie\/\",\"name\":\"Kapitalis\",\"description\":\"L&#039;actualit\u00e9 en Tunisie et dans le monde\",\"publisher\":{\"@id\":\"https:\/\/kapitalis.com\/tunisie\/#organization\"},\"potentialAction\":[{\"@type\":\"SearchAction\",\"target\":{\"@type\":\"EntryPoint\",\"urlTemplate\":\"https:\/\/kapitalis.com\/tunisie\/?s={search_term_string}\"},\"query-input\":{\"@type\":\"PropertyValueSpecification\",\"valueRequired\":true,\"valueName\":\"search_term_string\"}}],\"inLanguage\":\"fr-FR\"},{\"@type\":\"Organization\",\"@id\":\"https:\/\/kapitalis.com\/tunisie\/#organization\",\"name\":\"Kapitalis\",\"url\":\"https:\/\/kapitalis.com\/tunisie\/\",\"logo\":{\"@type\":\"ImageObject\",\"inLanguage\":\"fr-FR\",\"@id\":\"https:\/\/kapitalis.com\/tunisie\/#\/schema\/logo\/image\/\",\"url\":\"https:\/\/kapitalis.com\/tunisie\/wp-content\/uploads\/2022\/05\/Kapitalis-big-size.png\",\"contentUrl\":\"https:\/\/kapitalis.com\/tunisie\/wp-content\/uploads\/2022\/05\/Kapitalis-big-size.png\",\"width\":5000,\"height\":1500,\"caption\":\"Kapitalis\"},\"image\":{\"@id\":\"https:\/\/kapitalis.com\/tunisie\/#\/schema\/logo\/image\/\"},\"sameAs\":[\"https:\/\/www.facebook.com\/KapitalisInfo\/\",\"https:\/\/x.com\/KapitalisInfo\",\"https:\/\/www.youtube.com\/channel\/UC-yDYrHyfFBWWZaOw3FPg9Q\"]},{\"@type\":\"Person\",\"@id\":\"https:\/\/kapitalis.com\/tunisie\/#\/schema\/person\/d71f33a9ca44f7bad4698210b480c8e9\",\"name\":\"webmaster kapitalis\",\"url\":\"https:\/\/kapitalis.com\/tunisie\/author\/webmaster-kapitalis\/\"}]}<\/script>\n<!-- \/ Yoast SEO plugin. -->","yoast_head_json":{"title":"FTDES\u00a0: des conflits d\u2019int\u00e9r\u00eats derri\u00e8re la crise des d\u00e9chets en Tunisie - Kapitalis","robots":{"index":"index","follow":"follow","max-snippet":"max-snippet:-1","max-image-preview":"max-image-preview:large","max-video-preview":"max-video-preview:-1"},"canonical":"https:\/\/kapitalis.com\/tunisie\/2023\/08\/03\/ftdes-des-conflits-dinterets-derriere-la-crise-des-dechets-en-tunisie\/","og_locale":"fr_FR","og_type":"article","og_title":"FTDES\u00a0: des conflits d\u2019int\u00e9r\u00eats derri\u00e8re la crise des d\u00e9chets en Tunisie - Kapitalis","og_description":"Les conflits d\u2019int\u00e9r\u00eats et les m\u00e9sententes entre les diff\u00e9rents acteurs provoquent des conflit dans le secteur de la gestion des d\u00e9chets en Tunisie.","og_url":"https:\/\/kapitalis.com\/tunisie\/2023\/08\/03\/ftdes-des-conflits-dinterets-derriere-la-crise-des-dechets-en-tunisie\/","og_site_name":"Kapitalis","article_publisher":"https:\/\/www.facebook.com\/KapitalisInfo\/","article_published_time":"2023-08-03T07:59:30+00:00","article_modified_time":"2023-08-03T07:59:31+00:00","og_image":[{"width":1200,"height":630,"url":"https:\/\/kapitalis.com\/tunisie\/wp-content\/uploads\/2022\/06\/dechets-sfax.jpg","type":"image\/jpeg"}],"author":"webmaster kapitalis","twitter_card":"summary_large_image","twitter_creator":"@KapitalisInfo","twitter_site":"@KapitalisInfo","twitter_misc":{"\u00c9crit par":"webmaster kapitalis","Dur\u00e9e de lecture estim\u00e9e":"3 minutes"},"schema":{"@context":"https:\/\/schema.org","@graph":[{"@type":"Article","@id":"https:\/\/kapitalis.com\/tunisie\/2023\/08\/03\/ftdes-des-conflits-dinterets-derriere-la-crise-des-dechets-en-tunisie\/#article","isPartOf":{"@id":"https:\/\/kapitalis.com\/tunisie\/2023\/08\/03\/ftdes-des-conflits-dinterets-derriere-la-crise-des-dechets-en-tunisie\/"},"author":{"name":"webmaster kapitalis","@id":"https:\/\/kapitalis.com\/tunisie\/#\/schema\/person\/d71f33a9ca44f7bad4698210b480c8e9"},"headline":"FTDES\u00a0: des conflits d\u2019int\u00e9r\u00eats derri\u00e8re la crise des d\u00e9chets en Tunisie","datePublished":"2023-08-03T07:59:30+00:00","dateModified":"2023-08-03T07:59:31+00:00","mainEntityOfPage":{"@id":"https:\/\/kapitalis.com\/tunisie\/2023\/08\/03\/ftdes-des-conflits-dinterets-derriere-la-crise-des-dechets-en-tunisie\/"},"wordCount":503,"commentCount":1,"publisher":{"@id":"https:\/\/kapitalis.com\/tunisie\/#organization"},"image":{"@id":"https:\/\/kapitalis.com\/tunisie\/2023\/08\/03\/ftdes-des-conflits-dinterets-derriere-la-crise-des-dechets-en-tunisie\/#primaryimage"},"thumbnailUrl":"https:\/\/kapitalis.com\/tunisie\/wp-content\/uploads\/2022\/06\/dechets-sfax.jpg","keywords":["Anged","conflits d\u2019int\u00e9r\u00eats","d\u00e9charges contr\u00f4l\u00e9es","FTDES","gestion des d\u00e9chets","pollution","recyclage","Tunisie"],"articleSection":["ECONOMIE","Tunisie"],"inLanguage":"fr-FR","potentialAction":[{"@type":"CommentAction","name":"Comment","target":["https:\/\/kapitalis.com\/tunisie\/2023\/08\/03\/ftdes-des-conflits-dinterets-derriere-la-crise-des-dechets-en-tunisie\/#respond"]}]},{"@type":"WebPage","@id":"https:\/\/kapitalis.com\/tunisie\/2023\/08\/03\/ftdes-des-conflits-dinterets-derriere-la-crise-des-dechets-en-tunisie\/","url":"https:\/\/kapitalis.com\/tunisie\/2023\/08\/03\/ftdes-des-conflits-dinterets-derriere-la-crise-des-dechets-en-tunisie\/","name":"FTDES\u00a0: des conflits d\u2019int\u00e9r\u00eats derri\u00e8re la crise des d\u00e9chets en Tunisie - Kapitalis","isPartOf":{"@id":"https:\/\/kapitalis.com\/tunisie\/#website"},"primaryImageOfPage":{"@id":"https:\/\/kapitalis.com\/tunisie\/2023\/08\/03\/ftdes-des-conflits-dinterets-derriere-la-crise-des-dechets-en-tunisie\/#primaryimage"},"image":{"@id":"https:\/\/kapitalis.com\/tunisie\/2023\/08\/03\/ftdes-des-conflits-dinterets-derriere-la-crise-des-dechets-en-tunisie\/#primaryimage"},"thumbnailUrl":"https:\/\/kapitalis.com\/tunisie\/wp-content\/uploads\/2022\/06\/dechets-sfax.jpg","datePublished":"2023-08-03T07:59:30+00:00","dateModified":"2023-08-03T07:59:31+00:00","breadcrumb":{"@id":"https:\/\/kapitalis.com\/tunisie\/2023\/08\/03\/ftdes-des-conflits-dinterets-derriere-la-crise-des-dechets-en-tunisie\/#breadcrumb"},"inLanguage":"fr-FR","potentialAction":[{"@type":"ReadAction","target":["https:\/\/kapitalis.com\/tunisie\/2023\/08\/03\/ftdes-des-conflits-dinterets-derriere-la-crise-des-dechets-en-tunisie\/"]}]},{"@type":"ImageObject","inLanguage":"fr-FR","@id":"https:\/\/kapitalis.com\/tunisie\/2023\/08\/03\/ftdes-des-conflits-dinterets-derriere-la-crise-des-dechets-en-tunisie\/#primaryimage","url":"https:\/\/kapitalis.com\/tunisie\/wp-content\/uploads\/2022\/06\/dechets-sfax.jpg","contentUrl":"https:\/\/kapitalis.com\/tunisie\/wp-content\/uploads\/2022\/06\/dechets-sfax.jpg","width":1200,"height":630},{"@type":"BreadcrumbList","@id":"https:\/\/kapitalis.com\/tunisie\/2023\/08\/03\/ftdes-des-conflits-dinterets-derriere-la-crise-des-dechets-en-tunisie\/#breadcrumb","itemListElement":[{"@type":"ListItem","position":1,"name":"Accueil","item":"https:\/\/kapitalis.com\/tunisie\/"},{"@type":"ListItem","position":2,"name":"FTDES\u00a0: des conflits d\u2019int\u00e9r\u00eats derri\u00e8re la crise des d\u00e9chets en Tunisie"}]},{"@type":"WebSite","@id":"https:\/\/kapitalis.com\/tunisie\/#website","url":"https:\/\/kapitalis.com\/tunisie\/","name":"Kapitalis","description":"L&#039;actualit\u00e9 en Tunisie et dans le monde","publisher":{"@id":"https:\/\/kapitalis.com\/tunisie\/#organization"},"potentialAction":[{"@type":"SearchAction","target":{"@type":"EntryPoint","urlTemplate":"https:\/\/kapitalis.com\/tunisie\/?s={search_term_string}"},"query-input":{"@type":"PropertyValueSpecification","valueRequired":true,"valueName":"search_term_string"}}],"inLanguage":"fr-FR"},{"@type":"Organization","@id":"https:\/\/kapitalis.com\/tunisie\/#organization","name":"Kapitalis","url":"https:\/\/kapitalis.com\/tunisie\/","logo":{"@type":"ImageObject","inLanguage":"fr-FR","@id":"https:\/\/kapitalis.com\/tunisie\/#\/schema\/logo\/image\/","url":"https:\/\/kapitalis.com\/tunisie\/wp-content\/uploads\/2022\/05\/Kapitalis-big-size.png","contentUrl":"https:\/\/kapitalis.com\/tunisie\/wp-content\/uploads\/2022\/05\/Kapitalis-big-size.png","width":5000,"height":1500,"caption":"Kapitalis"},"image":{"@id":"https:\/\/kapitalis.com\/tunisie\/#\/schema\/logo\/image\/"},"sameAs":["https:\/\/www.facebook.com\/KapitalisInfo\/","https:\/\/x.com\/KapitalisInfo","https:\/\/www.youtube.com\/channel\/UC-yDYrHyfFBWWZaOw3FPg9Q"]},{"@type":"Person","@id":"https:\/\/kapitalis.com\/tunisie\/#\/schema\/person\/d71f33a9ca44f7bad4698210b480c8e9","name":"webmaster kapitalis","url":"https:\/\/kapitalis.com\/tunisie\/author\/webmaster-kapitalis\/"}]}},"_links":{"self":[{"href":"https:\/\/kapitalis.com\/tunisie\/wp-json\/wp\/v2\/posts\/9204166","targetHints":{"allow":["GET"]}}],"collection":[{"href":"https:\/\/kapitalis.com\/tunisie\/wp-json\/wp\/v2\/posts"}],"about":[{"href":"https:\/\/kapitalis.com\/tunisie\/wp-json\/wp\/v2\/types\/post"}],"author":[{"embeddable":true,"href":"https:\/\/kapitalis.com\/tunisie\/wp-json\/wp\/v2\/users\/8"}],"replies":[{"embeddable":true,"href":"https:\/\/kapitalis.com\/tunisie\/wp-json\/wp\/v2\/comments?post=9204166"}],"version-history":[{"count":1,"href":"https:\/\/kapitalis.com\/tunisie\/wp-json\/wp\/v2\/posts\/9204166\/revisions"}],"predecessor-version":[{"id":9204287,"href":"https:\/\/kapitalis.com\/tunisie\/wp-json\/wp\/v2\/posts\/9204166\/revisions\/9204287"}],"wp:featuredmedia":[{"embeddable":true,"href":"https:\/\/kapitalis.com\/tunisie\/wp-json\/wp\/v2\/media\/1451859"}],"wp:attachment":[{"href":"https:\/\/kapitalis.com\/tunisie\/wp-json\/wp\/v2\/media?parent=9204166"}],"wp:term":[{"taxonomy":"category","embeddable":true,"href":"https:\/\/kapitalis.com\/tunisie\/wp-json\/wp\/v2\/categories?post=9204166"},{"taxonomy":"post_tag","embeddable":true,"href":"https:\/\/kapitalis.com\/tunisie\/wp-json\/wp\/v2\/tags?post=9204166"}],"curies":[{"name":"wp","href":"https:\/\/api.w.org\/{rel}","templated":true}]}}